{"id":1406,"date":"2018-08-30T12:25:03","date_gmt":"2018-08-30T10:25:03","guid":{"rendered":"https:\/\/www.ondernemendvenlo.nl\/derde-grote-brand-op-tradeport\/"},"modified":"2018-08-30T12:25:03","modified_gmt":"2018-08-30T10:25:03","slug":"derde-grote-brand-op-tradeport","status":"publish","type":"post","link":"https:\/\/www.ondernemendvenlo.nl\/de\/derde-grote-brand-op-tradeport\/","title":{"rendered":"Dritter Gro\u00dfbrand im Tradeport"},"content":{"rendered":"<p>Am 28. August kam es zu einem weiteren Gro\u00dfbrand im Tradeport, diesmal bei der Abfallverarbeitungsfirma Renewi in der Amp\u00e8restraat.<\/p>\n<p>Unternehmerisches Venlo hat seine volle Aufmerksamkeit auf diese Br\u00e4nde gerichtet. Wir stehen in engem Kontakt mit der Feuerwehr, der Polizei und der Gemeinde bez\u00fcglich der KVO-B.<\/p>\n<p>Die Analyse von Ereignissen wird in den KVO-B-Sicherheitsarbeitsgruppen zusammen mit Unternehmern durchgef\u00fchrt. \u00dcber Safe Venlo verf\u00fcgen wir auch \u00fcber Kameras in den Gewerbegebieten.<\/p>\n<p>Zun\u00e4chst einmal sind wir sehr froh, dass es keine Verletzten gab. Es wird kein Zusammenhang zwischen den 3 Br\u00e4nden vermutet.<\/p>\n<ul>\n<li>AHC: betrifft einen technischen Defekt<\/li>\n<li>Collin: Brandstiftung wird hier vermutet<\/li>\n<li>Renewi: Die Ursache ist noch unklar, die Sache wird untersucht.<\/li>\n<\/ul>\n<p>Die Ermittlungen zu den Brandursachen liegen bei der Polizei. Das Unternehmerische Venlo hat volles Vertrauen in die Ermittlungen von Feuerwehr und Polizei. Wenn unsere Kamerabilder dabei helfen k\u00f6nnen, werden wir nat\u00fcrlich voll und ganz kooperieren.<\/p>\n<p>In der kommenden Ausgabe der Zeitschrift Ondernemend Venlo (Oktober) wird ein Artikel dar\u00fcber erscheinen, was im Falle eines Brandes zu tun ist.<\/p>","protected":false},"excerpt":{"rendered":"<p>Op 28 augustus was er weer een grote brand op Tradeport, nu bij afvalverwerker Renewi op de Amp\u00e8restraat. Ondernemend Venlo heeft de volle aandacht voor deze branden. Wij staan in nauwe communicatie met brandweer, politie en gemeente inzake het KVO-B. Analyse van de gebeurtenissen gebeurt in de werkgroepen Veiligheid KVO-B samen met ondernemers. Verder hebben [&hellip;]<\/p>","protected":false},"author":1,"featured_media":1407,"comment_status":"closed","ping_status":"open","sticky":false,"template":"","format":"standard","meta":{"_acf_changed":false,"footnotes":""},"categories":[8],"tags":[],"class_list":["post-1406","post","type-post","status-publish","format-standard","has-post-thumbnail","hentry","category-nieuws"],"acf":[],"yoast_head":"<!-- This site is optimized with the Yoast SEO plugin v26.3 - https:\/\/yoast.com\/wordpress\/plugins\/seo\/ -->\n<title>Derde grote brand op Tradeport - Ondernemend Venlo<\/title>\n<meta name=\"robots\" content=\"index, follow, max-snippet:-1, max-image-preview:large, max-video-preview:-1\" \/>\n<link rel=\"canonical\" href=\"https:\/\/www.ondernemendvenlo.nl\/de\/derde-grote-brand-op-tradeport\/\" \/>\n<meta property=\"og:locale\" content=\"de_DE\" \/>\n<meta property=\"og:type\" content=\"article\" \/>\n<meta property=\"og:title\" content=\"Derde grote brand op Tradeport - Ondernemend Venlo\" \/>\n<meta property=\"og:description\" content=\"Op 28 augustus was er weer een grote brand op Tradeport, nu bij afvalverwerker Renewi op de Amp\u00e8restraat. Ondernemend Venlo heeft de volle aandacht voor deze branden. Wij staan in nauwe communicatie met brandweer, politie en gemeente inzake het KVO-B. Analyse van de gebeurtenissen gebeurt in de werkgroepen Veiligheid KVO-B samen met ondernemers. Verder hebben [&hellip;]\" \/>\n<meta property=\"og:url\" content=\"https:\/\/www.ondernemendvenlo.nl\/de\/derde-grote-brand-op-tradeport\/\" \/>\n<meta property=\"og:site_name\" content=\"Ondernemend Venlo\" \/>\n<meta property=\"article:published_time\" content=\"2018-08-30T10:25:03+00:00\" \/>\n<meta property=\"og:image\" content=\"https:\/\/www.ondernemendvenlo.nl\/wp-content\/uploads\/2025\/04\/brand-1.jpg\" \/>\n\t<meta property=\"og:image:width\" content=\"300\" \/>\n\t<meta property=\"og:image:height\" content=\"168\" \/>\n\t<meta property=\"og:image:type\" content=\"image\/jpeg\" \/>\n<meta name=\"author\" content=\"admin\" \/>\n<meta name=\"twitter:card\" content=\"summary_large_image\" \/>\n<meta name=\"twitter:label1\" content=\"Verfasst von\" \/>\n\t<meta name=\"twitter:data1\" content=\"admin\" \/>\n\t<meta name=\"twitter:label2\" content=\"Gesch\u00e4tzte Lesezeit\" \/>\n\t<meta name=\"twitter:data2\" content=\"1\u00a0Minute\" \/>\n<script type=\"application\/ld+json\" class=\"yoast-schema-graph\">{\"@context\":\"https:\/\/schema.org\",\"@graph\":[{\"@type\":\"Article\",\"@id\":\"https:\/\/www.ondernemendvenlo.nl\/derde-grote-brand-op-tradeport\/#article\",\"isPartOf\":{\"@id\":\"https:\/\/www.ondernemendvenlo.nl\/derde-grote-brand-op-tradeport\/\"},\"author\":{\"name\":\"admin\",\"@id\":\"https:\/\/www.ondernemendvenlo.nl\/#\/schema\/person\/347e935f8ad4c7030608ef74bb57aa6e\"},\"headline\":\"Derde grote brand op Tradeport\",\"datePublished\":\"2018-08-30T10:25:03+00:00\",\"mainEntityOfPage\":{\"@id\":\"https:\/\/www.ondernemendvenlo.nl\/derde-grote-brand-op-tradeport\/\"},\"wordCount\":165,\"publisher\":{\"@id\":\"https:\/\/www.ondernemendvenlo.nl\/#organization\"},\"image\":{\"@id\":\"https:\/\/www.ondernemendvenlo.nl\/derde-grote-brand-op-tradeport\/#primaryimage\"},\"thumbnailUrl\":\"https:\/\/www.ondernemendvenlo.nl\/wp-content\/uploads\/2025\/04\/brand-1.jpg\",\"articleSection\":[\"Nieuws\"],\"inLanguage\":\"de\"},{\"@type\":\"WebPage\",\"@id\":\"https:\/\/www.ondernemendvenlo.nl\/derde-grote-brand-op-tradeport\/\",\"url\":\"https:\/\/www.ondernemendvenlo.nl\/derde-grote-brand-op-tradeport\/\",\"name\":\"Derde grote brand op Tradeport - Ondernemend Venlo\",\"isPartOf\":{\"@id\":\"https:\/\/www.ondernemendvenlo.nl\/#website\"},\"primaryImageOfPage\":{\"@id\":\"https:\/\/www.ondernemendvenlo.nl\/derde-grote-brand-op-tradeport\/#primaryimage\"},\"image\":{\"@id\":\"https:\/\/www.ondernemendvenlo.nl\/derde-grote-brand-op-tradeport\/#primaryimage\"},\"thumbnailUrl\":\"https:\/\/www.ondernemendvenlo.nl\/wp-content\/uploads\/2025\/04\/brand-1.jpg\",\"datePublished\":\"2018-08-30T10:25:03+00:00\",\"breadcrumb\":{\"@id\":\"https:\/\/www.ondernemendvenlo.nl\/derde-grote-brand-op-tradeport\/#breadcrumb\"},\"inLanguage\":\"de\",\"potentialAction\":[{\"@type\":\"ReadAction\",\"target\":[\"https:\/\/www.ondernemendvenlo.nl\/derde-grote-brand-op-tradeport\/\"]}]},{\"@type\":\"ImageObject\",\"inLanguage\":\"de\",\"@id\":\"https:\/\/www.ondernemendvenlo.nl\/derde-grote-brand-op-tradeport\/#primaryimage\",\"url\":\"https:\/\/www.ondernemendvenlo.nl\/wp-content\/uploads\/2025\/04\/brand-1.jpg\",\"contentUrl\":\"https:\/\/www.ondernemendvenlo.nl\/wp-content\/uploads\/2025\/04\/brand-1.jpg\",\"width\":300,\"height\":168},{\"@type\":\"BreadcrumbList\",\"@id\":\"https:\/\/www.ondernemendvenlo.nl\/derde-grote-brand-op-tradeport\/#breadcrumb\",\"itemListElement\":[{\"@type\":\"ListItem\",\"position\":1,\"name\":\"Ondernemend Venlo\",\"item\":\"https:\/\/www.ondernemendvenlo.nl\/\"},{\"@type\":\"ListItem\",\"position\":2,\"name\":\"Nieuws\",\"item\":\"https:\/\/www.ondernemendvenlo.nl\/categorie\/nieuws\/\"},{\"@type\":\"ListItem\",\"position\":3,\"name\":\"Derde grote brand op Tradeport\"}]},{\"@type\":\"WebSite\",\"@id\":\"https:\/\/www.ondernemendvenlo.nl\/#website\",\"url\":\"https:\/\/www.ondernemendvenlo.nl\/\",\"name\":\"Ondernemend Venlo\",\"description\":\"Samen succesvol ondernemen\",\"publisher\":{\"@id\":\"https:\/\/www.ondernemendvenlo.nl\/#organization\"},\"potentialAction\":[{\"@type\":\"SearchAction\",\"target\":{\"@type\":\"EntryPoint\",\"urlTemplate\":\"https:\/\/www.ondernemendvenlo.nl\/?s={search_term_string}\"},\"query-input\":{\"@type\":\"PropertyValueSpecification\",\"valueRequired\":true,\"valueName\":\"search_term_string\"}}],\"inLanguage\":\"de\"},{\"@type\":\"Organization\",\"@id\":\"https:\/\/www.ondernemendvenlo.nl\/#organization\",\"name\":\"Ondernemend Venlo\",\"url\":\"https:\/\/www.ondernemendvenlo.nl\/\",\"logo\":{\"@type\":\"ImageObject\",\"inLanguage\":\"de\",\"@id\":\"https:\/\/www.ondernemendvenlo.nl\/#\/schema\/logo\/image\/\",\"url\":\"https:\/\/www.ondernemendvenlo.nl\/wp-content\/uploads\/2025\/02\/Ondernemend-Venlo-logo-scaled.webp\",\"contentUrl\":\"https:\/\/www.ondernemendvenlo.nl\/wp-content\/uploads\/2025\/02\/Ondernemend-Venlo-logo-scaled.webp\",\"width\":2560,\"height\":1010,\"caption\":\"Ondernemend Venlo\"},\"image\":{\"@id\":\"https:\/\/www.ondernemendvenlo.nl\/#\/schema\/logo\/image\/\"},\"sameAs\":[\"https:\/\/www.linkedin.com\/company\/ondernemend-venlo\/\"]},{\"@type\":\"Person\",\"@id\":\"https:\/\/www.ondernemendvenlo.nl\/#\/schema\/person\/347e935f8ad4c7030608ef74bb57aa6e\",\"name\":\"admin\",\"image\":{\"@type\":\"ImageObject\",\"inLanguage\":\"de\",\"@id\":\"https:\/\/www.ondernemendvenlo.nl\/#\/schema\/person\/image\/\",\"url\":\"https:\/\/www.ondernemendvenlo.nl\/wp-content\/litespeed\/avatar\/720af750b037aecf6e33e12833479059.jpg?ver=1777382954\",\"contentUrl\":\"https:\/\/www.ondernemendvenlo.nl\/wp-content\/litespeed\/avatar\/720af750b037aecf6e33e12833479059.jpg?ver=1777382954\",\"caption\":\"admin\"},\"sameAs\":[\"https:\/\/www.ondernemendvenlo.nl\"]}]}<\/script>\n<!-- \/ Yoast SEO plugin. -->","yoast_head_json":{"title":"Derde grote brand op Tradeport - Ondernemend Venlo","robots":{"index":"index","follow":"follow","max-snippet":"max-snippet:-1","max-image-preview":"max-image-preview:large","max-video-preview":"max-video-preview:-1"},"canonical":"https:\/\/www.ondernemendvenlo.nl\/de\/derde-grote-brand-op-tradeport\/","og_locale":"de_DE","og_type":"article","og_title":"Derde grote brand op Tradeport - Ondernemend Venlo","og_description":"Op 28 augustus was er weer een grote brand op Tradeport, nu bij afvalverwerker Renewi op de Amp\u00e8restraat. Ondernemend Venlo heeft de volle aandacht voor deze branden. Wij staan in nauwe communicatie met brandweer, politie en gemeente inzake het KVO-B. Analyse van de gebeurtenissen gebeurt in de werkgroepen Veiligheid KVO-B samen met ondernemers. Verder hebben [&hellip;]","og_url":"https:\/\/www.ondernemendvenlo.nl\/de\/derde-grote-brand-op-tradeport\/","og_site_name":"Ondernemend Venlo","article_published_time":"2018-08-30T10:25:03+00:00","og_image":[{"width":300,"height":168,"url":"https:\/\/www.ondernemendvenlo.nl\/wp-content\/uploads\/2025\/04\/brand-1.jpg","type":"image\/jpeg"}],"author":"admin","twitter_card":"summary_large_image","twitter_misc":{"Verfasst von":"admin","Gesch\u00e4tzte Lesezeit":"1\u00a0Minute"},"schema":{"@context":"https:\/\/schema.org","@graph":[{"@type":"Article","@id":"https:\/\/www.ondernemendvenlo.nl\/derde-grote-brand-op-tradeport\/#article","isPartOf":{"@id":"https:\/\/www.ondernemendvenlo.nl\/derde-grote-brand-op-tradeport\/"},"author":{"name":"admin","@id":"https:\/\/www.ondernemendvenlo.nl\/#\/schema\/person\/347e935f8ad4c7030608ef74bb57aa6e"},"headline":"Derde grote brand op Tradeport","datePublished":"2018-08-30T10:25:03+00:00","mainEntityOfPage":{"@id":"https:\/\/www.ondernemendvenlo.nl\/derde-grote-brand-op-tradeport\/"},"wordCount":165,"publisher":{"@id":"https:\/\/www.ondernemendvenlo.nl\/#organization"},"image":{"@id":"https:\/\/www.ondernemendvenlo.nl\/derde-grote-brand-op-tradeport\/#primaryimage"},"thumbnailUrl":"https:\/\/www.ondernemendvenlo.nl\/wp-content\/uploads\/2025\/04\/brand-1.jpg","articleSection":["Nieuws"],"inLanguage":"de"},{"@type":"WebPage","@id":"https:\/\/www.ondernemendvenlo.nl\/derde-grote-brand-op-tradeport\/","url":"https:\/\/www.ondernemendvenlo.nl\/derde-grote-brand-op-tradeport\/","name":"Derde grote brand op Tradeport - Ondernemend Venlo","isPartOf":{"@id":"https:\/\/www.ondernemendvenlo.nl\/#website"},"primaryImageOfPage":{"@id":"https:\/\/www.ondernemendvenlo.nl\/derde-grote-brand-op-tradeport\/#primaryimage"},"image":{"@id":"https:\/\/www.ondernemendvenlo.nl\/derde-grote-brand-op-tradeport\/#primaryimage"},"thumbnailUrl":"https:\/\/www.ondernemendvenlo.nl\/wp-content\/uploads\/2025\/04\/brand-1.jpg","datePublished":"2018-08-30T10:25:03+00:00","breadcrumb":{"@id":"https:\/\/www.ondernemendvenlo.nl\/derde-grote-brand-op-tradeport\/#breadcrumb"},"inLanguage":"de","potentialAction":[{"@type":"ReadAction","target":["https:\/\/www.ondernemendvenlo.nl\/derde-grote-brand-op-tradeport\/"]}]},{"@type":"ImageObject","inLanguage":"de","@id":"https:\/\/www.ondernemendvenlo.nl\/derde-grote-brand-op-tradeport\/#primaryimage","url":"https:\/\/www.ondernemendvenlo.nl\/wp-content\/uploads\/2025\/04\/brand-1.jpg","contentUrl":"https:\/\/www.ondernemendvenlo.nl\/wp-content\/uploads\/2025\/04\/brand-1.jpg","width":300,"height":168},{"@type":"BreadcrumbList","@id":"https:\/\/www.ondernemendvenlo.nl\/derde-grote-brand-op-tradeport\/#breadcrumb","itemListElement":[{"@type":"ListItem","position":1,"name":"Ondernemend Venlo","item":"https:\/\/www.ondernemendvenlo.nl\/"},{"@type":"ListItem","position":2,"name":"Nieuws","item":"https:\/\/www.ondernemendvenlo.nl\/categorie\/nieuws\/"},{"@type":"ListItem","position":3,"name":"Derde grote brand op Tradeport"}]},{"@type":"WebSite","@id":"https:\/\/www.ondernemendvenlo.nl\/#website","url":"https:\/\/www.ondernemendvenlo.nl\/","name":"Unternehmerisches Venlo","description":"Samen succesvol ondernemen","publisher":{"@id":"https:\/\/www.ondernemendvenlo.nl\/#organization"},"potentialAction":[{"@type":"SearchAction","target":{"@type":"EntryPoint","urlTemplate":"https:\/\/www.ondernemendvenlo.nl\/?s={search_term_string}"},"query-input":{"@type":"PropertyValueSpecification","valueRequired":true,"valueName":"search_term_string"}}],"inLanguage":"de"},{"@type":"Organization","@id":"https:\/\/www.ondernemendvenlo.nl\/#organization","name":"Unternehmerisches Venlo","url":"https:\/\/www.ondernemendvenlo.nl\/","logo":{"@type":"ImageObject","inLanguage":"de","@id":"https:\/\/www.ondernemendvenlo.nl\/#\/schema\/logo\/image\/","url":"https:\/\/www.ondernemendvenlo.nl\/wp-content\/uploads\/2025\/02\/Ondernemend-Venlo-logo-scaled.webp","contentUrl":"https:\/\/www.ondernemendvenlo.nl\/wp-content\/uploads\/2025\/02\/Ondernemend-Venlo-logo-scaled.webp","width":2560,"height":1010,"caption":"Ondernemend Venlo"},"image":{"@id":"https:\/\/www.ondernemendvenlo.nl\/#\/schema\/logo\/image\/"},"sameAs":["https:\/\/www.linkedin.com\/company\/ondernemend-venlo\/"]},{"@type":"Person","@id":"https:\/\/www.ondernemendvenlo.nl\/#\/schema\/person\/347e935f8ad4c7030608ef74bb57aa6e","name":"admin","image":{"@type":"ImageObject","inLanguage":"de","@id":"https:\/\/www.ondernemendvenlo.nl\/#\/schema\/person\/image\/","url":"https:\/\/www.ondernemendvenlo.nl\/wp-content\/litespeed\/avatar\/720af750b037aecf6e33e12833479059.jpg?ver=1777382954","contentUrl":"https:\/\/www.ondernemendvenlo.nl\/wp-content\/litespeed\/avatar\/720af750b037aecf6e33e12833479059.jpg?ver=1777382954","caption":"admin"},"sameAs":["https:\/\/www.ondernemendvenlo.nl"]}]}},"_links":{"self":[{"href":"https:\/\/www.ondernemendvenlo.nl\/de\/wp-json\/wp\/v2\/posts\/1406","targetHints":{"allow":["GET"]}}],"collection":[{"href":"https:\/\/www.ondernemendvenlo.nl\/de\/wp-json\/wp\/v2\/posts"}],"about":[{"href":"https:\/\/www.ondernemendvenlo.nl\/de\/wp-json\/wp\/v2\/types\/post"}],"author":[{"embeddable":true,"href":"https:\/\/www.ondernemendvenlo.nl\/de\/wp-json\/wp\/v2\/users\/1"}],"replies":[{"embeddable":true,"href":"https:\/\/www.ondernemendvenlo.nl\/de\/wp-json\/wp\/v2\/comments?post=1406"}],"version-history":[{"count":0,"href":"https:\/\/www.ondernemendvenlo.nl\/de\/wp-json\/wp\/v2\/posts\/1406\/revisions"}],"wp:featuredmedia":[{"embeddable":true,"href":"https:\/\/www.ondernemendvenlo.nl\/de\/wp-json\/wp\/v2\/media\/1407"}],"wp:attachment":[{"href":"https:\/\/www.ondernemendvenlo.nl\/de\/wp-json\/wp\/v2\/media?parent=1406"}],"wp:term":[{"taxonomy":"category","embeddable":true,"href":"https:\/\/www.ondernemendvenlo.nl\/de\/wp-json\/wp\/v2\/categories?post=1406"},{"taxonomy":"post_tag","embeddable":true,"href":"https:\/\/www.ondernemendvenlo.nl\/de\/wp-json\/wp\/v2\/tags?post=1406"}],"curies":[{"name":"wp","href":"https:\/\/api.w.org\/{rel}","templated":true}]}}