{"id":1467,"date":"2018-11-07T15:07:47","date_gmt":"2018-11-07T14:07:47","guid":{"rendered":"https:\/\/www.ondernemendvenlo.nl\/logistiek-limburg-slaat-opnieuw-handen-ineen\/"},"modified":"2018-11-07T15:07:47","modified_gmt":"2018-11-07T14:07:47","slug":"logistiek-limburg-slaat-opnieuw-handen-ineen","status":"publish","type":"post","link":"https:\/\/www.ondernemendvenlo.nl\/de\/logistiek-limburg-slaat-opnieuw-handen-ineen\/","title":{"rendered":"Logistik Limburg schlie\u00dft sich wieder zusammen"},"content":{"rendered":"<h2>Limburger Logistikunternehmen pr\u00e4sentieren sich gemeinsam auf der internationalen Top-Messe in M\u00fcnchen<\/h2>\n<p><strong>Die Limburger Logistikbranche b\u00fcndelt erneut ihre Kr\u00e4fte, um sich gemeinsam auf der Transport Logistic M\u00fcnchen, der weltweit gr\u00f6\u00dften Messe im Bereich Transport und Logistik, zu pr\u00e4sentieren. ELC Limburg und LIOF organisieren die gemeinsame Messebeteiligung unter anderem auf Wunsch der Provinz Limburg und mit deren finanzieller Unterst\u00fctzung. 16 Limburger Parteien werden sich vom 4. bis 7. Juni 2019 in M\u00fcnchen pr\u00e4sentieren, um zu zeigen, dass Limburg, seit vielen Jahren der Logistik-Hotspot der Niederlande, in Sachen Logistik wirklich alles zu bieten hat.<\/strong><\/p>\n<p>Limburg zeichnet sich seit Jahren durch seine Logistikkompetenzen aus. Dank der Vielzahl von Spediteuren, Logistikdienstleistern, Kettenleitern und spezialisierten Unterst\u00fctzungsdiensten gibt es eine hervorragende Mischung von Partnern in der Logistikkette. Hinzu kommt eine sehr g\u00fcnstige Lage in Bezug auf das europ\u00e4ische Hinterland; von Limburg aus k\u00f6nnen etwa 35 Millionen Verbraucher innerhalb von zwei Stunden erreicht werden. Mit einem Umsatz von rund 5 Milliarden Euro ist die Logistik daher einer der wichtigsten Wirtschaftszweige in Limburg.<\/p>\n<p>Das ist auch die Meinung von Joost van den Akker, Mitglied des Provinzialausschusses f\u00fcr Wirtschaft und Wissensinfrastruktur der Provinz Limburg. \"Die gemeinsame Teilnahme von Logistik Limburg an dieser Messe in M\u00fcnchen tr\u00e4gt dazu bei, Logistik Limburg auf der internationalen Landkarte zu positionieren. Limburg hat eine wachsende logistische Position als Transit-, Distributions- und Produktionsregion, die mit \u00fcber 60.000 Arbeitspl\u00e4tzen bei 12% zu unserer Besch\u00e4ftigung beitr\u00e4gt. Dies wird durch die gro\u00dfe Zahl neuer Niederlassungen und Infrastrukturinvestitionen best\u00e4tigt.\"<\/p>\n<p>VIA Recruitment ist einer der Teilnehmer. Gesch\u00e4ftsf\u00fchrer Paul Custers \u00fcber die \u00dcberlegungen, nach M\u00fcnchen zu gehen. \"Wir sehen die Bedeutung eines Netzwerks, das sich gegenseitig helfen, st\u00e4rken und treffen will. Dabei macht es uns Spa\u00df, uns gemeinsam auf einem internationalen Parkett zu pr\u00e4sentieren.\" Ren\u00e9 Knapen, im Namen von ELC Limburg, erg\u00e4nzt: \"Gemeinsam von Limburg aus auf die M\u00fcnchner Messe zu gehen, um unsere logistische St\u00e4rke und unser Wissen in der Welt bekannt zu machen, ist nicht nur n\u00fctzlich und effizient, sondern auch eine angenehme Zusammenarbeit.\"<\/p>\n<p><strong>Ein vielseitiges Team<\/strong><\/p>\n<p>Die Teilnehmer werden erneut die Vielseitigkeit und Breite der Limburger Logistik mit der Anwesenheit von Transport- und Logistikdiensten, Zoll, Bildung, Personalvermittlung, IKT und Regionalverwaltung pr\u00e4sentieren. Um als ein Team aufzutreten und die St\u00e4rken jedes Einzelnen anzusprechen, wurde die Messeteilnahme gestern offiziell mit einem gemeinsamen Kick-off er\u00f6ffnet. Dabei ging es darum, sich gegenseitig kennenzulernen und Ideen, W\u00fcnsche und Bed\u00fcrfnisse aufzugreifen, damit die Logistik in Limburg und die Limburger Unternehmen so stark wie m\u00f6glich positioniert werden.<\/p>\n<p>\"Nach einer erfolgreichen Limburger Messebeteiligung 2017 starten wir mit Begeisterung in die Vorbereitungen f\u00fcr 2019. Der Input der Teilnehmer ist dabei von gro\u00dfem Wert. Mit Hilfe dieses Kick-offs schaffen wir eine starke gemeinsame Vision, wie wir die Logistik Limburgs in M\u00fcnchen auf die Landkarte bringen k\u00f6nnen\", sagte Kyra Manders, Programm-Managerin bei LIOF und verantwortlich f\u00fcr die Limburger Beteiligung.<\/p>\n<p>Paul f\u00fcgt hinzu: \"Der Auftakt ist der Startschuss f\u00fcr eine erfolgreiche Messe im Jahr 2019. Als erfahrene Messebesucher wollen wir das Gute bewahren, sind aber auch positiv-kritisch, wie wir uns verbessern k\u00f6nnen. Der Kick-Off diente als B\u00fchne daf\u00fcr.\"<\/p>\n<p><strong>Spieler auf der Limburger Trib\u00fcne<\/strong><\/p>\n<p>Folgende Teilnehmer vertreten Logistiek Limburg: Broekman Logistics, Emons Group BV, Fontys Hogescholen\/KennisDC Logistiek Limburg, Gehlen Schols Logistics, KLG Europe, Koopman Automotive Solutions BV, LIOF\/Provincie Limburg, Multitax Transport International, TANS, VIA Recruitment, Welsi BV, Wessem Port Services Group BV, Everest Export B.V., Curfs Logistics, Gaston Schul Group und Cabooter Group.<\/p>\n<p><strong>Transportlogistik M\u00fcnchen<\/strong><\/p>\n<p>Mit mehr als 2.000 Ausstellern und \u00fcber 60.000 Besuchern ist die alle zwei Jahre stattfindende Fachmesse Transport Logistic (www.transportlogistic.de) eine der wichtigsten internationalen Fachmessen f\u00fcr Logistik, Mobilit\u00e4t, IT und Supply-Chain-Management. Im Jahr 2019 findet die Messe vom 4. bis 7. Juni in M\u00fcnchen statt. Neben den derzeit 16 Limburger Teilnehmern ist noch ein begrenztes Platzangebot f\u00fcr weitere Interessenten vorhanden. Es wurden Standfl\u00e4chen reserviert, auf denen sich die Region als Top-Logistikregion pr\u00e4sentiert, aber auch gen\u00fcgend Platz f\u00fcr die Teilnehmer ist, um sich zu profilieren.<\/p>","protected":false},"excerpt":{"rendered":"<p>Limburgse logistieke bedrijven presenteren zich gezamenlijk op internationale topbeurs M\u00fcnchen Het Limburgse logistieke bedrijfsleven slaat wederom de handen ineen om zich gezamenlijk te presenteren op Transport Logistic M\u00fcnchen, de grootste beurs ter wereld op het gebied van transport en logistiek. ELC Limburg en LIOF organiseren mede op verzoek van Provincie Limburg en door hen financieel [&hellip;]<\/p>","protected":false},"author":1,"featured_media":1468,"comment_status":"closed","ping_status":"open","sticky":false,"template":"","format":"standard","meta":{"_acf_changed":false,"footnotes":""},"categories":[8],"tags":[],"class_list":["post-1467","post","type-post","status-publish","format-standard","has-post-thumbnail","hentry","category-nieuws"],"acf":[],"yoast_head":"<!-- This site is optimized with the Yoast SEO plugin v26.3 - https:\/\/yoast.com\/wordpress\/plugins\/seo\/ -->\n<title>Logistiek Limburg slaat opnieuw handen ineen - Ondernemend Venlo<\/title>\n<meta name=\"robots\" content=\"index, follow, max-snippet:-1, max-image-preview:large, max-video-preview:-1\" \/>\n<link rel=\"canonical\" href=\"https:\/\/www.ondernemendvenlo.nl\/de\/logistiek-limburg-slaat-opnieuw-handen-ineen\/\" \/>\n<meta property=\"og:locale\" content=\"de_DE\" \/>\n<meta property=\"og:type\" content=\"article\" \/>\n<meta property=\"og:title\" content=\"Logistiek Limburg slaat opnieuw handen ineen - Ondernemend Venlo\" \/>\n<meta property=\"og:description\" content=\"Limburgse logistieke bedrijven presenteren zich gezamenlijk op internationale topbeurs M\u00fcnchen Het Limburgse logistieke bedrijfsleven slaat wederom de handen ineen om zich gezamenlijk te presenteren op Transport Logistic M\u00fcnchen, de grootste beurs ter wereld op het gebied van transport en logistiek. ELC Limburg en LIOF organiseren mede op verzoek van Provincie Limburg en door hen financieel [&hellip;]\" \/>\n<meta property=\"og:url\" content=\"https:\/\/www.ondernemendvenlo.nl\/de\/logistiek-limburg-slaat-opnieuw-handen-ineen\/\" \/>\n<meta property=\"og:site_name\" content=\"Ondernemend Venlo\" \/>\n<meta property=\"article:published_time\" content=\"2018-11-07T14:07:47+00:00\" \/>\n<meta property=\"og:image\" content=\"https:\/\/www.ondernemendvenlo.nl\/wp-content\/uploads\/2025\/04\/TLM_kick-off-Limburgse-deelname-2018-e1541603233458.jpg\" \/>\n\t<meta property=\"og:image:width\" content=\"800\" \/>\n\t<meta property=\"og:image:height\" content=\"533\" \/>\n\t<meta property=\"og:image:type\" content=\"image\/jpeg\" \/>\n<meta name=\"author\" content=\"admin\" \/>\n<meta name=\"twitter:card\" content=\"summary_large_image\" \/>\n<meta name=\"twitter:label1\" content=\"Verfasst von\" \/>\n\t<meta name=\"twitter:data1\" content=\"admin\" \/>\n\t<meta name=\"twitter:label2\" content=\"Gesch\u00e4tzte Lesezeit\" \/>\n\t<meta name=\"twitter:data2\" content=\"3\u00a0Minuten\" \/>\n<script type=\"application\/ld+json\" class=\"yoast-schema-graph\">{\"@context\":\"https:\/\/schema.org\",\"@graph\":[{\"@type\":\"Article\",\"@id\":\"https:\/\/www.ondernemendvenlo.nl\/logistiek-limburg-slaat-opnieuw-handen-ineen\/#article\",\"isPartOf\":{\"@id\":\"https:\/\/www.ondernemendvenlo.nl\/logistiek-limburg-slaat-opnieuw-handen-ineen\/\"},\"author\":{\"name\":\"admin\",\"@id\":\"https:\/\/www.ondernemendvenlo.nl\/#\/schema\/person\/347e935f8ad4c7030608ef74bb57aa6e\"},\"headline\":\"Logistiek Limburg slaat opnieuw handen ineen\",\"datePublished\":\"2018-11-07T14:07:47+00:00\",\"mainEntityOfPage\":{\"@id\":\"https:\/\/www.ondernemendvenlo.nl\/logistiek-limburg-slaat-opnieuw-handen-ineen\/\"},\"wordCount\":659,\"publisher\":{\"@id\":\"https:\/\/www.ondernemendvenlo.nl\/#organization\"},\"image\":{\"@id\":\"https:\/\/www.ondernemendvenlo.nl\/logistiek-limburg-slaat-opnieuw-handen-ineen\/#primaryimage\"},\"thumbnailUrl\":\"https:\/\/www.ondernemendvenlo.nl\/wp-content\/uploads\/2025\/04\/TLM_kick-off-Limburgse-deelname-2018-e1541603233458.jpg\",\"articleSection\":[\"Nieuws\"],\"inLanguage\":\"de\"},{\"@type\":\"WebPage\",\"@id\":\"https:\/\/www.ondernemendvenlo.nl\/logistiek-limburg-slaat-opnieuw-handen-ineen\/\",\"url\":\"https:\/\/www.ondernemendvenlo.nl\/logistiek-limburg-slaat-opnieuw-handen-ineen\/\",\"name\":\"Logistiek Limburg slaat opnieuw handen ineen - Ondernemend Venlo\",\"isPartOf\":{\"@id\":\"https:\/\/www.ondernemendvenlo.nl\/#website\"},\"primaryImageOfPage\":{\"@id\":\"https:\/\/www.ondernemendvenlo.nl\/logistiek-limburg-slaat-opnieuw-handen-ineen\/#primaryimage\"},\"image\":{\"@id\":\"https:\/\/www.ondernemendvenlo.nl\/logistiek-limburg-slaat-opnieuw-handen-ineen\/#primaryimage\"},\"thumbnailUrl\":\"https:\/\/www.ondernemendvenlo.nl\/wp-content\/uploads\/2025\/04\/TLM_kick-off-Limburgse-deelname-2018-e1541603233458.jpg\",\"datePublished\":\"2018-11-07T14:07:47+00:00\",\"breadcrumb\":{\"@id\":\"https:\/\/www.ondernemendvenlo.nl\/logistiek-limburg-slaat-opnieuw-handen-ineen\/#breadcrumb\"},\"inLanguage\":\"de\",\"potentialAction\":[{\"@type\":\"ReadAction\",\"target\":[\"https:\/\/www.ondernemendvenlo.nl\/logistiek-limburg-slaat-opnieuw-handen-ineen\/\"]}]},{\"@type\":\"ImageObject\",\"inLanguage\":\"de\",\"@id\":\"https:\/\/www.ondernemendvenlo.nl\/logistiek-limburg-slaat-opnieuw-handen-ineen\/#primaryimage\",\"url\":\"https:\/\/www.ondernemendvenlo.nl\/wp-content\/uploads\/2025\/04\/TLM_kick-off-Limburgse-deelname-2018-e1541603233458.jpg\",\"contentUrl\":\"https:\/\/www.ondernemendvenlo.nl\/wp-content\/uploads\/2025\/04\/TLM_kick-off-Limburgse-deelname-2018-e1541603233458.jpg\",\"width\":800,\"height\":533},{\"@type\":\"BreadcrumbList\",\"@id\":\"https:\/\/www.ondernemendvenlo.nl\/logistiek-limburg-slaat-opnieuw-handen-ineen\/#breadcrumb\",\"itemListElement\":[{\"@type\":\"ListItem\",\"position\":1,\"name\":\"Ondernemend Venlo\",\"item\":\"https:\/\/www.ondernemendvenlo.nl\/\"},{\"@type\":\"ListItem\",\"position\":2,\"name\":\"Nieuws\",\"item\":\"https:\/\/www.ondernemendvenlo.nl\/categorie\/nieuws\/\"},{\"@type\":\"ListItem\",\"position\":3,\"name\":\"Logistiek Limburg slaat opnieuw handen ineen\"}]},{\"@type\":\"WebSite\",\"@id\":\"https:\/\/www.ondernemendvenlo.nl\/#website\",\"url\":\"https:\/\/www.ondernemendvenlo.nl\/\",\"name\":\"Ondernemend Venlo\",\"description\":\"Samen succesvol ondernemen\",\"publisher\":{\"@id\":\"https:\/\/www.ondernemendvenlo.nl\/#organization\"},\"potentialAction\":[{\"@type\":\"SearchAction\",\"target\":{\"@type\":\"EntryPoint\",\"urlTemplate\":\"https:\/\/www.ondernemendvenlo.nl\/?s={search_term_string}\"},\"query-input\":{\"@type\":\"PropertyValueSpecification\",\"valueRequired\":true,\"valueName\":\"search_term_string\"}}],\"inLanguage\":\"de\"},{\"@type\":\"Organization\",\"@id\":\"https:\/\/www.ondernemendvenlo.nl\/#organization\",\"name\":\"Ondernemend Venlo\",\"url\":\"https:\/\/www.ondernemendvenlo.nl\/\",\"logo\":{\"@type\":\"ImageObject\",\"inLanguage\":\"de\",\"@id\":\"https:\/\/www.ondernemendvenlo.nl\/#\/schema\/logo\/image\/\",\"url\":\"https:\/\/www.ondernemendvenlo.nl\/wp-content\/uploads\/2025\/02\/Ondernemend-Venlo-logo-scaled.webp\",\"contentUrl\":\"https:\/\/www.ondernemendvenlo.nl\/wp-content\/uploads\/2025\/02\/Ondernemend-Venlo-logo-scaled.webp\",\"width\":2560,\"height\":1010,\"caption\":\"Ondernemend Venlo\"},\"image\":{\"@id\":\"https:\/\/www.ondernemendvenlo.nl\/#\/schema\/logo\/image\/\"},\"sameAs\":[\"https:\/\/www.linkedin.com\/company\/ondernemend-venlo\/\"]},{\"@type\":\"Person\",\"@id\":\"https:\/\/www.ondernemendvenlo.nl\/#\/schema\/person\/347e935f8ad4c7030608ef74bb57aa6e\",\"name\":\"admin\",\"image\":{\"@type\":\"ImageObject\",\"inLanguage\":\"de\",\"@id\":\"https:\/\/www.ondernemendvenlo.nl\/#\/schema\/person\/image\/\",\"url\":\"https:\/\/www.ondernemendvenlo.nl\/wp-content\/litespeed\/avatar\/720af750b037aecf6e33e12833479059.jpg?ver=1777382954\",\"contentUrl\":\"https:\/\/www.ondernemendvenlo.nl\/wp-content\/litespeed\/avatar\/720af750b037aecf6e33e12833479059.jpg?ver=1777382954\",\"caption\":\"admin\"},\"sameAs\":[\"https:\/\/www.ondernemendvenlo.nl\"]}]}<\/script>\n<!-- \/ Yoast SEO plugin. -->","yoast_head_json":{"title":"Logistiek Limburg slaat opnieuw handen ineen - Ondernemend Venlo","robots":{"index":"index","follow":"follow","max-snippet":"max-snippet:-1","max-image-preview":"max-image-preview:large","max-video-preview":"max-video-preview:-1"},"canonical":"https:\/\/www.ondernemendvenlo.nl\/de\/logistiek-limburg-slaat-opnieuw-handen-ineen\/","og_locale":"de_DE","og_type":"article","og_title":"Logistiek Limburg slaat opnieuw handen ineen - Ondernemend Venlo","og_description":"Limburgse logistieke bedrijven presenteren zich gezamenlijk op internationale topbeurs M\u00fcnchen Het Limburgse logistieke bedrijfsleven slaat wederom de handen ineen om zich gezamenlijk te presenteren op Transport Logistic M\u00fcnchen, de grootste beurs ter wereld op het gebied van transport en logistiek. ELC Limburg en LIOF organiseren mede op verzoek van Provincie Limburg en door hen financieel [&hellip;]","og_url":"https:\/\/www.ondernemendvenlo.nl\/de\/logistiek-limburg-slaat-opnieuw-handen-ineen\/","og_site_name":"Ondernemend Venlo","article_published_time":"2018-11-07T14:07:47+00:00","og_image":[{"width":800,"height":533,"url":"https:\/\/www.ondernemendvenlo.nl\/wp-content\/uploads\/2025\/04\/TLM_kick-off-Limburgse-deelname-2018-e1541603233458.jpg","type":"image\/jpeg"}],"author":"admin","twitter_card":"summary_large_image","twitter_misc":{"Verfasst von":"admin","Gesch\u00e4tzte Lesezeit":"3\u00a0Minuten"},"schema":{"@context":"https:\/\/schema.org","@graph":[{"@type":"Article","@id":"https:\/\/www.ondernemendvenlo.nl\/logistiek-limburg-slaat-opnieuw-handen-ineen\/#article","isPartOf":{"@id":"https:\/\/www.ondernemendvenlo.nl\/logistiek-limburg-slaat-opnieuw-handen-ineen\/"},"author":{"name":"admin","@id":"https:\/\/www.ondernemendvenlo.nl\/#\/schema\/person\/347e935f8ad4c7030608ef74bb57aa6e"},"headline":"Logistiek Limburg slaat opnieuw handen ineen","datePublished":"2018-11-07T14:07:47+00:00","mainEntityOfPage":{"@id":"https:\/\/www.ondernemendvenlo.nl\/logistiek-limburg-slaat-opnieuw-handen-ineen\/"},"wordCount":659,"publisher":{"@id":"https:\/\/www.ondernemendvenlo.nl\/#organization"},"image":{"@id":"https:\/\/www.ondernemendvenlo.nl\/logistiek-limburg-slaat-opnieuw-handen-ineen\/#primaryimage"},"thumbnailUrl":"https:\/\/www.ondernemendvenlo.nl\/wp-content\/uploads\/2025\/04\/TLM_kick-off-Limburgse-deelname-2018-e1541603233458.jpg","articleSection":["Nieuws"],"inLanguage":"de"},{"@type":"WebPage","@id":"https:\/\/www.ondernemendvenlo.nl\/logistiek-limburg-slaat-opnieuw-handen-ineen\/","url":"https:\/\/www.ondernemendvenlo.nl\/logistiek-limburg-slaat-opnieuw-handen-ineen\/","name":"Logistiek Limburg slaat opnieuw handen ineen - Ondernemend Venlo","isPartOf":{"@id":"https:\/\/www.ondernemendvenlo.nl\/#website"},"primaryImageOfPage":{"@id":"https:\/\/www.ondernemendvenlo.nl\/logistiek-limburg-slaat-opnieuw-handen-ineen\/#primaryimage"},"image":{"@id":"https:\/\/www.ondernemendvenlo.nl\/logistiek-limburg-slaat-opnieuw-handen-ineen\/#primaryimage"},"thumbnailUrl":"https:\/\/www.ondernemendvenlo.nl\/wp-content\/uploads\/2025\/04\/TLM_kick-off-Limburgse-deelname-2018-e1541603233458.jpg","datePublished":"2018-11-07T14:07:47+00:00","breadcrumb":{"@id":"https:\/\/www.ondernemendvenlo.nl\/logistiek-limburg-slaat-opnieuw-handen-ineen\/#breadcrumb"},"inLanguage":"de","potentialAction":[{"@type":"ReadAction","target":["https:\/\/www.ondernemendvenlo.nl\/logistiek-limburg-slaat-opnieuw-handen-ineen\/"]}]},{"@type":"ImageObject","inLanguage":"de","@id":"https:\/\/www.ondernemendvenlo.nl\/logistiek-limburg-slaat-opnieuw-handen-ineen\/#primaryimage","url":"https:\/\/www.ondernemendvenlo.nl\/wp-content\/uploads\/2025\/04\/TLM_kick-off-Limburgse-deelname-2018-e1541603233458.jpg","contentUrl":"https:\/\/www.ondernemendvenlo.nl\/wp-content\/uploads\/2025\/04\/TLM_kick-off-Limburgse-deelname-2018-e1541603233458.jpg","width":800,"height":533},{"@type":"BreadcrumbList","@id":"https:\/\/www.ondernemendvenlo.nl\/logistiek-limburg-slaat-opnieuw-handen-ineen\/#breadcrumb","itemListElement":[{"@type":"ListItem","position":1,"name":"Ondernemend Venlo","item":"https:\/\/www.ondernemendvenlo.nl\/"},{"@type":"ListItem","position":2,"name":"Nieuws","item":"https:\/\/www.ondernemendvenlo.nl\/categorie\/nieuws\/"},{"@type":"ListItem","position":3,"name":"Logistiek Limburg slaat opnieuw handen ineen"}]},{"@type":"WebSite","@id":"https:\/\/www.ondernemendvenlo.nl\/#website","url":"https:\/\/www.ondernemendvenlo.nl\/","name":"Unternehmerisches Venlo","description":"Samen succesvol ondernemen","publisher":{"@id":"https:\/\/www.ondernemendvenlo.nl\/#organization"},"potentialAction":[{"@type":"SearchAction","target":{"@type":"EntryPoint","urlTemplate":"https:\/\/www.ondernemendvenlo.nl\/?s={search_term_string}"},"query-input":{"@type":"PropertyValueSpecification","valueRequired":true,"valueName":"search_term_string"}}],"inLanguage":"de"},{"@type":"Organization","@id":"https:\/\/www.ondernemendvenlo.nl\/#organization","name":"Unternehmerisches Venlo","url":"https:\/\/www.ondernemendvenlo.nl\/","logo":{"@type":"ImageObject","inLanguage":"de","@id":"https:\/\/www.ondernemendvenlo.nl\/#\/schema\/logo\/image\/","url":"https:\/\/www.ondernemendvenlo.nl\/wp-content\/uploads\/2025\/02\/Ondernemend-Venlo-logo-scaled.webp","contentUrl":"https:\/\/www.ondernemendvenlo.nl\/wp-content\/uploads\/2025\/02\/Ondernemend-Venlo-logo-scaled.webp","width":2560,"height":1010,"caption":"Ondernemend Venlo"},"image":{"@id":"https:\/\/www.ondernemendvenlo.nl\/#\/schema\/logo\/image\/"},"sameAs":["https:\/\/www.linkedin.com\/company\/ondernemend-venlo\/"]},{"@type":"Person","@id":"https:\/\/www.ondernemendvenlo.nl\/#\/schema\/person\/347e935f8ad4c7030608ef74bb57aa6e","name":"admin","image":{"@type":"ImageObject","inLanguage":"de","@id":"https:\/\/www.ondernemendvenlo.nl\/#\/schema\/person\/image\/","url":"https:\/\/www.ondernemendvenlo.nl\/wp-content\/litespeed\/avatar\/720af750b037aecf6e33e12833479059.jpg?ver=1777382954","contentUrl":"https:\/\/www.ondernemendvenlo.nl\/wp-content\/litespeed\/avatar\/720af750b037aecf6e33e12833479059.jpg?ver=1777382954","caption":"admin"},"sameAs":["https:\/\/www.ondernemendvenlo.nl"]}]}},"_links":{"self":[{"href":"https:\/\/www.ondernemendvenlo.nl\/de\/wp-json\/wp\/v2\/posts\/1467","targetHints":{"allow":["GET"]}}],"collection":[{"href":"https:\/\/www.ondernemendvenlo.nl\/de\/wp-json\/wp\/v2\/posts"}],"about":[{"href":"https:\/\/www.ondernemendvenlo.nl\/de\/wp-json\/wp\/v2\/types\/post"}],"author":[{"embeddable":true,"href":"https:\/\/www.ondernemendvenlo.nl\/de\/wp-json\/wp\/v2\/users\/1"}],"replies":[{"embeddable":true,"href":"https:\/\/www.ondernemendvenlo.nl\/de\/wp-json\/wp\/v2\/comments?post=1467"}],"version-history":[{"count":0,"href":"https:\/\/www.ondernemendvenlo.nl\/de\/wp-json\/wp\/v2\/posts\/1467\/revisions"}],"wp:featuredmedia":[{"embeddable":true,"href":"https:\/\/www.ondernemendvenlo.nl\/de\/wp-json\/wp\/v2\/media\/1468"}],"wp:attachment":[{"href":"https:\/\/www.ondernemendvenlo.nl\/de\/wp-json\/wp\/v2\/media?parent=1467"}],"wp:term":[{"taxonomy":"category","embeddable":true,"href":"https:\/\/www.ondernemendvenlo.nl\/de\/wp-json\/wp\/v2\/categories?post=1467"},{"taxonomy":"post_tag","embeddable":true,"href":"https:\/\/www.ondernemendvenlo.nl\/de\/wp-json\/wp\/v2\/tags?post=1467"}],"curies":[{"name":"wp","href":"https:\/\/api.w.org\/{rel}","templated":true}]}}