{"id":1471,"date":"2018-11-07T15:57:12","date_gmt":"2018-11-07T14:57:12","guid":{"rendered":"https:\/\/www.ondernemendvenlo.nl\/eerste-vestiging-op-bedrijventerrein-venete\/"},"modified":"2018-11-07T15:57:12","modified_gmt":"2018-11-07T14:57:12","slug":"eerste-vestiging-op-bedrijventerrein-venete","status":"publish","type":"post","link":"https:\/\/www.ondernemendvenlo.nl\/de\/eerste-vestiging-op-bedrijventerrein-venete\/","title":{"rendered":"Erste Niederlassung im Gewerbegebiet VeNeTe"},"content":{"rendered":"<p>Das Gewerbegebiet VeNeTe, gleich hinter der Grenze in der N\u00e4he von Tegelen, hat im vergangenen Jahr den Besitzer gewechselt. Es ist jetzt im Besitz der Gemeinde Nettetal. Sie hat sich intensiv um die Akquisition bem\u00fcht und vor kurzem das erste positive Ergebnis erzielt.<\/p>\n<p>Ein 6,1 ha gro\u00dfes Industriegrundst\u00fcck wurde an die Habacker Holding verkauft. Dieses Unternehmen wird dort ein Logistiklager f\u00fcr Bad- und K\u00fcchenartikel errichten.<\/p>\n<p><img fetchpriority=\"high\" decoding=\"async\" class=\"alignleft size-full wp-image-1960\" src=\"https:\/\/www.ondernemendvenlo.nl\/wp-content\/uploads\/2025\/04\/nettetal-1e-vestiging-VeNeTe-e1541605997444.png\" alt=\"\" width=\"800\" height=\"766\" \/><\/p>\n<p>&nbsp;<\/p>\n<p>&nbsp;<\/p>\n<p>&nbsp;<\/p>\n<p>&nbsp;<\/p>\n<p>&nbsp;<\/p>\n<p>&nbsp;<\/p>\n<p>&nbsp;<\/p>\n<p>&nbsp;<\/p>\n<p>&nbsp;<\/p>\n<p>&nbsp;<\/p>\n<p>&nbsp;<\/p>\n<p>&nbsp;<\/p>\n<p>&nbsp;<\/p>\n<p>&nbsp;<\/p>\n<p>&nbsp;<\/p>\n<p>&nbsp;<\/p>\n<p>&nbsp;<\/p>\n<p>&nbsp;<\/p>\n<p>F\u00fcr weitere Informationen \u00fcber den VeNeTe Business Park lesen Sie bitte das gesamte digitale Nachrichtenbulletin <strong>\"Wirtschaftsnachrichten Nettetal<\/strong>\" herunterladen \u00fcber: <a href=\"http:\/\/www.nettetal.de\/wirtschaft\" target=\"_blank\" rel=\"noopener\">www.nettetal.de\/wirtschaft<\/a><\/p>","protected":false},"excerpt":{"rendered":"<p>Het bedrijventerrein VeNeTe, net over de grens bij Tegelen is vorig jaar van eigenaar gewijzigd. Het is nu eigendom van gemeente Nettetal. Ze hebben goed ingezet op acquisitie, met onlangs het eerste positieve resultaat. Een stuk van 6,1 ha bedrijfsterrein is verkocht aan de Habacker Holding. Deze onderneming gaat daar een logistiek magazijn voor badkamer- [&hellip;]<\/p>","protected":false},"author":1,"featured_media":1472,"comment_status":"closed","ping_status":"open","sticky":false,"template":"","format":"standard","meta":{"_acf_changed":false,"footnotes":""},"categories":[8],"tags":[],"class_list":["post-1471","post","type-post","status-publish","format-standard","has-post-thumbnail","hentry","category-nieuws"],"acf":[],"yoast_head":"<!-- This site is optimized with the Yoast SEO plugin v26.3 - https:\/\/yoast.com\/wordpress\/plugins\/seo\/ -->\n<title>Eerste vestiging op bedrijventerrein VeNeTe - Ondernemend Venlo<\/title>\n<meta name=\"robots\" content=\"index, follow, max-snippet:-1, max-image-preview:large, max-video-preview:-1\" \/>\n<link rel=\"canonical\" href=\"https:\/\/www.ondernemendvenlo.nl\/de\/eerste-vestiging-op-bedrijventerrein-venete\/\" \/>\n<meta property=\"og:locale\" content=\"de_DE\" \/>\n<meta property=\"og:type\" content=\"article\" \/>\n<meta property=\"og:title\" content=\"Eerste vestiging op bedrijventerrein VeNeTe - Ondernemend Venlo\" \/>\n<meta property=\"og:description\" content=\"Het bedrijventerrein VeNeTe, net over de grens bij Tegelen is vorig jaar van eigenaar gewijzigd. Het is nu eigendom van gemeente Nettetal. Ze hebben goed ingezet op acquisitie, met onlangs het eerste positieve resultaat. Een stuk van 6,1 ha bedrijfsterrein is verkocht aan de Habacker Holding. Deze onderneming gaat daar een logistiek magazijn voor badkamer- [&hellip;]\" \/>\n<meta property=\"og:url\" content=\"https:\/\/www.ondernemendvenlo.nl\/de\/eerste-vestiging-op-bedrijventerrein-venete\/\" \/>\n<meta property=\"og:site_name\" content=\"Ondernemend Venlo\" \/>\n<meta property=\"article:published_time\" content=\"2018-11-07T14:57:12+00:00\" \/>\n<meta property=\"og:image\" content=\"https:\/\/www.ondernemendvenlo.nl\/wp-content\/uploads\/2025\/04\/nettetal-1e-vestiging-VeNeTe-e1541605997444.png\" \/>\n\t<meta property=\"og:image:width\" content=\"800\" \/>\n\t<meta property=\"og:image:height\" content=\"766\" \/>\n\t<meta property=\"og:image:type\" content=\"image\/png\" \/>\n<meta name=\"author\" content=\"admin\" \/>\n<meta name=\"twitter:card\" content=\"summary_large_image\" \/>\n<meta name=\"twitter:label1\" content=\"Verfasst von\" \/>\n\t<meta name=\"twitter:data1\" content=\"admin\" \/>\n<script type=\"application\/ld+json\" class=\"yoast-schema-graph\">{\"@context\":\"https:\/\/schema.org\",\"@graph\":[{\"@type\":\"Article\",\"@id\":\"https:\/\/www.ondernemendvenlo.nl\/eerste-vestiging-op-bedrijventerrein-venete\/#article\",\"isPartOf\":{\"@id\":\"https:\/\/www.ondernemendvenlo.nl\/eerste-vestiging-op-bedrijventerrein-venete\/\"},\"author\":{\"name\":\"admin\",\"@id\":\"https:\/\/www.ondernemendvenlo.nl\/#\/schema\/person\/347e935f8ad4c7030608ef74bb57aa6e\"},\"headline\":\"Eerste vestiging op bedrijventerrein VeNeTe\",\"datePublished\":\"2018-11-07T14:57:12+00:00\",\"mainEntityOfPage\":{\"@id\":\"https:\/\/www.ondernemendvenlo.nl\/eerste-vestiging-op-bedrijventerrein-venete\/\"},\"wordCount\":101,\"publisher\":{\"@id\":\"https:\/\/www.ondernemendvenlo.nl\/#organization\"},\"image\":{\"@id\":\"https:\/\/www.ondernemendvenlo.nl\/eerste-vestiging-op-bedrijventerrein-venete\/#primaryimage\"},\"thumbnailUrl\":\"https:\/\/www.ondernemendvenlo.nl\/wp-content\/uploads\/2025\/04\/nettetal-1e-vestiging-VeNeTe-e1541605997444.png\",\"articleSection\":[\"Nieuws\"],\"inLanguage\":\"de\"},{\"@type\":\"WebPage\",\"@id\":\"https:\/\/www.ondernemendvenlo.nl\/eerste-vestiging-op-bedrijventerrein-venete\/\",\"url\":\"https:\/\/www.ondernemendvenlo.nl\/eerste-vestiging-op-bedrijventerrein-venete\/\",\"name\":\"Eerste vestiging op bedrijventerrein VeNeTe - Ondernemend Venlo\",\"isPartOf\":{\"@id\":\"https:\/\/www.ondernemendvenlo.nl\/#website\"},\"primaryImageOfPage\":{\"@id\":\"https:\/\/www.ondernemendvenlo.nl\/eerste-vestiging-op-bedrijventerrein-venete\/#primaryimage\"},\"image\":{\"@id\":\"https:\/\/www.ondernemendvenlo.nl\/eerste-vestiging-op-bedrijventerrein-venete\/#primaryimage\"},\"thumbnailUrl\":\"https:\/\/www.ondernemendvenlo.nl\/wp-content\/uploads\/2025\/04\/nettetal-1e-vestiging-VeNeTe-e1541605997444.png\",\"datePublished\":\"2018-11-07T14:57:12+00:00\",\"breadcrumb\":{\"@id\":\"https:\/\/www.ondernemendvenlo.nl\/eerste-vestiging-op-bedrijventerrein-venete\/#breadcrumb\"},\"inLanguage\":\"de\",\"potentialAction\":[{\"@type\":\"ReadAction\",\"target\":[\"https:\/\/www.ondernemendvenlo.nl\/eerste-vestiging-op-bedrijventerrein-venete\/\"]}]},{\"@type\":\"ImageObject\",\"inLanguage\":\"de\",\"@id\":\"https:\/\/www.ondernemendvenlo.nl\/eerste-vestiging-op-bedrijventerrein-venete\/#primaryimage\",\"url\":\"https:\/\/www.ondernemendvenlo.nl\/wp-content\/uploads\/2025\/04\/nettetal-1e-vestiging-VeNeTe-e1541605997444.png\",\"contentUrl\":\"https:\/\/www.ondernemendvenlo.nl\/wp-content\/uploads\/2025\/04\/nettetal-1e-vestiging-VeNeTe-e1541605997444.png\",\"width\":800,\"height\":766},{\"@type\":\"BreadcrumbList\",\"@id\":\"https:\/\/www.ondernemendvenlo.nl\/eerste-vestiging-op-bedrijventerrein-venete\/#breadcrumb\",\"itemListElement\":[{\"@type\":\"ListItem\",\"position\":1,\"name\":\"Ondernemend Venlo\",\"item\":\"https:\/\/www.ondernemendvenlo.nl\/\"},{\"@type\":\"ListItem\",\"position\":2,\"name\":\"Nieuws\",\"item\":\"https:\/\/www.ondernemendvenlo.nl\/categorie\/nieuws\/\"},{\"@type\":\"ListItem\",\"position\":3,\"name\":\"Eerste vestiging op bedrijventerrein VeNeTe\"}]},{\"@type\":\"WebSite\",\"@id\":\"https:\/\/www.ondernemendvenlo.nl\/#website\",\"url\":\"https:\/\/www.ondernemendvenlo.nl\/\",\"name\":\"Ondernemend Venlo\",\"description\":\"Samen succesvol ondernemen\",\"publisher\":{\"@id\":\"https:\/\/www.ondernemendvenlo.nl\/#organization\"},\"potentialAction\":[{\"@type\":\"SearchAction\",\"target\":{\"@type\":\"EntryPoint\",\"urlTemplate\":\"https:\/\/www.ondernemendvenlo.nl\/?s={search_term_string}\"},\"query-input\":{\"@type\":\"PropertyValueSpecification\",\"valueRequired\":true,\"valueName\":\"search_term_string\"}}],\"inLanguage\":\"de\"},{\"@type\":\"Organization\",\"@id\":\"https:\/\/www.ondernemendvenlo.nl\/#organization\",\"name\":\"Ondernemend Venlo\",\"url\":\"https:\/\/www.ondernemendvenlo.nl\/\",\"logo\":{\"@type\":\"ImageObject\",\"inLanguage\":\"de\",\"@id\":\"https:\/\/www.ondernemendvenlo.nl\/#\/schema\/logo\/image\/\",\"url\":\"https:\/\/www.ondernemendvenlo.nl\/wp-content\/uploads\/2025\/02\/Ondernemend-Venlo-logo-scaled.webp\",\"contentUrl\":\"https:\/\/www.ondernemendvenlo.nl\/wp-content\/uploads\/2025\/02\/Ondernemend-Venlo-logo-scaled.webp\",\"width\":2560,\"height\":1010,\"caption\":\"Ondernemend Venlo\"},\"image\":{\"@id\":\"https:\/\/www.ondernemendvenlo.nl\/#\/schema\/logo\/image\/\"},\"sameAs\":[\"https:\/\/www.linkedin.com\/company\/ondernemend-venlo\/\"]},{\"@type\":\"Person\",\"@id\":\"https:\/\/www.ondernemendvenlo.nl\/#\/schema\/person\/347e935f8ad4c7030608ef74bb57aa6e\",\"name\":\"admin\",\"image\":{\"@type\":\"ImageObject\",\"inLanguage\":\"de\",\"@id\":\"https:\/\/www.ondernemendvenlo.nl\/#\/schema\/person\/image\/\",\"url\":\"https:\/\/www.ondernemendvenlo.nl\/wp-content\/litespeed\/avatar\/720af750b037aecf6e33e12833479059.jpg?ver=1777382954\",\"contentUrl\":\"https:\/\/www.ondernemendvenlo.nl\/wp-content\/litespeed\/avatar\/720af750b037aecf6e33e12833479059.jpg?ver=1777382954\",\"caption\":\"admin\"},\"sameAs\":[\"https:\/\/www.ondernemendvenlo.nl\"]}]}<\/script>\n<!-- \/ Yoast SEO plugin. -->","yoast_head_json":{"title":"Eerste vestiging op bedrijventerrein VeNeTe - Ondernemend Venlo","robots":{"index":"index","follow":"follow","max-snippet":"max-snippet:-1","max-image-preview":"max-image-preview:large","max-video-preview":"max-video-preview:-1"},"canonical":"https:\/\/www.ondernemendvenlo.nl\/de\/eerste-vestiging-op-bedrijventerrein-venete\/","og_locale":"de_DE","og_type":"article","og_title":"Eerste vestiging op bedrijventerrein VeNeTe - Ondernemend Venlo","og_description":"Het bedrijventerrein VeNeTe, net over de grens bij Tegelen is vorig jaar van eigenaar gewijzigd. Het is nu eigendom van gemeente Nettetal. Ze hebben goed ingezet op acquisitie, met onlangs het eerste positieve resultaat. Een stuk van 6,1 ha bedrijfsterrein is verkocht aan de Habacker Holding. Deze onderneming gaat daar een logistiek magazijn voor badkamer- [&hellip;]","og_url":"https:\/\/www.ondernemendvenlo.nl\/de\/eerste-vestiging-op-bedrijventerrein-venete\/","og_site_name":"Ondernemend Venlo","article_published_time":"2018-11-07T14:57:12+00:00","og_image":[{"width":800,"height":766,"url":"https:\/\/www.ondernemendvenlo.nl\/wp-content\/uploads\/2025\/04\/nettetal-1e-vestiging-VeNeTe-e1541605997444.png","type":"image\/png"}],"author":"admin","twitter_card":"summary_large_image","twitter_misc":{"Verfasst von":"admin"},"schema":{"@context":"https:\/\/schema.org","@graph":[{"@type":"Article","@id":"https:\/\/www.ondernemendvenlo.nl\/eerste-vestiging-op-bedrijventerrein-venete\/#article","isPartOf":{"@id":"https:\/\/www.ondernemendvenlo.nl\/eerste-vestiging-op-bedrijventerrein-venete\/"},"author":{"name":"admin","@id":"https:\/\/www.ondernemendvenlo.nl\/#\/schema\/person\/347e935f8ad4c7030608ef74bb57aa6e"},"headline":"Eerste vestiging op bedrijventerrein VeNeTe","datePublished":"2018-11-07T14:57:12+00:00","mainEntityOfPage":{"@id":"https:\/\/www.ondernemendvenlo.nl\/eerste-vestiging-op-bedrijventerrein-venete\/"},"wordCount":101,"publisher":{"@id":"https:\/\/www.ondernemendvenlo.nl\/#organization"},"image":{"@id":"https:\/\/www.ondernemendvenlo.nl\/eerste-vestiging-op-bedrijventerrein-venete\/#primaryimage"},"thumbnailUrl":"https:\/\/www.ondernemendvenlo.nl\/wp-content\/uploads\/2025\/04\/nettetal-1e-vestiging-VeNeTe-e1541605997444.png","articleSection":["Nieuws"],"inLanguage":"de"},{"@type":"WebPage","@id":"https:\/\/www.ondernemendvenlo.nl\/eerste-vestiging-op-bedrijventerrein-venete\/","url":"https:\/\/www.ondernemendvenlo.nl\/eerste-vestiging-op-bedrijventerrein-venete\/","name":"Eerste vestiging op bedrijventerrein VeNeTe - Ondernemend Venlo","isPartOf":{"@id":"https:\/\/www.ondernemendvenlo.nl\/#website"},"primaryImageOfPage":{"@id":"https:\/\/www.ondernemendvenlo.nl\/eerste-vestiging-op-bedrijventerrein-venete\/#primaryimage"},"image":{"@id":"https:\/\/www.ondernemendvenlo.nl\/eerste-vestiging-op-bedrijventerrein-venete\/#primaryimage"},"thumbnailUrl":"https:\/\/www.ondernemendvenlo.nl\/wp-content\/uploads\/2025\/04\/nettetal-1e-vestiging-VeNeTe-e1541605997444.png","datePublished":"2018-11-07T14:57:12+00:00","breadcrumb":{"@id":"https:\/\/www.ondernemendvenlo.nl\/eerste-vestiging-op-bedrijventerrein-venete\/#breadcrumb"},"inLanguage":"de","potentialAction":[{"@type":"ReadAction","target":["https:\/\/www.ondernemendvenlo.nl\/eerste-vestiging-op-bedrijventerrein-venete\/"]}]},{"@type":"ImageObject","inLanguage":"de","@id":"https:\/\/www.ondernemendvenlo.nl\/eerste-vestiging-op-bedrijventerrein-venete\/#primaryimage","url":"https:\/\/www.ondernemendvenlo.nl\/wp-content\/uploads\/2025\/04\/nettetal-1e-vestiging-VeNeTe-e1541605997444.png","contentUrl":"https:\/\/www.ondernemendvenlo.nl\/wp-content\/uploads\/2025\/04\/nettetal-1e-vestiging-VeNeTe-e1541605997444.png","width":800,"height":766},{"@type":"BreadcrumbList","@id":"https:\/\/www.ondernemendvenlo.nl\/eerste-vestiging-op-bedrijventerrein-venete\/#breadcrumb","itemListElement":[{"@type":"ListItem","position":1,"name":"Ondernemend Venlo","item":"https:\/\/www.ondernemendvenlo.nl\/"},{"@type":"ListItem","position":2,"name":"Nieuws","item":"https:\/\/www.ondernemendvenlo.nl\/categorie\/nieuws\/"},{"@type":"ListItem","position":3,"name":"Eerste vestiging op bedrijventerrein VeNeTe"}]},{"@type":"WebSite","@id":"https:\/\/www.ondernemendvenlo.nl\/#website","url":"https:\/\/www.ondernemendvenlo.nl\/","name":"Unternehmerisches Venlo","description":"Samen succesvol ondernemen","publisher":{"@id":"https:\/\/www.ondernemendvenlo.nl\/#organization"},"potentialAction":[{"@type":"SearchAction","target":{"@type":"EntryPoint","urlTemplate":"https:\/\/www.ondernemendvenlo.nl\/?s={search_term_string}"},"query-input":{"@type":"PropertyValueSpecification","valueRequired":true,"valueName":"search_term_string"}}],"inLanguage":"de"},{"@type":"Organization","@id":"https:\/\/www.ondernemendvenlo.nl\/#organization","name":"Unternehmerisches Venlo","url":"https:\/\/www.ondernemendvenlo.nl\/","logo":{"@type":"ImageObject","inLanguage":"de","@id":"https:\/\/www.ondernemendvenlo.nl\/#\/schema\/logo\/image\/","url":"https:\/\/www.ondernemendvenlo.nl\/wp-content\/uploads\/2025\/02\/Ondernemend-Venlo-logo-scaled.webp","contentUrl":"https:\/\/www.ondernemendvenlo.nl\/wp-content\/uploads\/2025\/02\/Ondernemend-Venlo-logo-scaled.webp","width":2560,"height":1010,"caption":"Ondernemend Venlo"},"image":{"@id":"https:\/\/www.ondernemendvenlo.nl\/#\/schema\/logo\/image\/"},"sameAs":["https:\/\/www.linkedin.com\/company\/ondernemend-venlo\/"]},{"@type":"Person","@id":"https:\/\/www.ondernemendvenlo.nl\/#\/schema\/person\/347e935f8ad4c7030608ef74bb57aa6e","name":"admin","image":{"@type":"ImageObject","inLanguage":"de","@id":"https:\/\/www.ondernemendvenlo.nl\/#\/schema\/person\/image\/","url":"https:\/\/www.ondernemendvenlo.nl\/wp-content\/litespeed\/avatar\/720af750b037aecf6e33e12833479059.jpg?ver=1777382954","contentUrl":"https:\/\/www.ondernemendvenlo.nl\/wp-content\/litespeed\/avatar\/720af750b037aecf6e33e12833479059.jpg?ver=1777382954","caption":"admin"},"sameAs":["https:\/\/www.ondernemendvenlo.nl"]}]}},"_links":{"self":[{"href":"https:\/\/www.ondernemendvenlo.nl\/de\/wp-json\/wp\/v2\/posts\/1471","targetHints":{"allow":["GET"]}}],"collection":[{"href":"https:\/\/www.ondernemendvenlo.nl\/de\/wp-json\/wp\/v2\/posts"}],"about":[{"href":"https:\/\/www.ondernemendvenlo.nl\/de\/wp-json\/wp\/v2\/types\/post"}],"author":[{"embeddable":true,"href":"https:\/\/www.ondernemendvenlo.nl\/de\/wp-json\/wp\/v2\/users\/1"}],"replies":[{"embeddable":true,"href":"https:\/\/www.ondernemendvenlo.nl\/de\/wp-json\/wp\/v2\/comments?post=1471"}],"version-history":[{"count":0,"href":"https:\/\/www.ondernemendvenlo.nl\/de\/wp-json\/wp\/v2\/posts\/1471\/revisions"}],"wp:featuredmedia":[{"embeddable":true,"href":"https:\/\/www.ondernemendvenlo.nl\/de\/wp-json\/wp\/v2\/media\/1472"}],"wp:attachment":[{"href":"https:\/\/www.ondernemendvenlo.nl\/de\/wp-json\/wp\/v2\/media?parent=1471"}],"wp:term":[{"taxonomy":"category","embeddable":true,"href":"https:\/\/www.ondernemendvenlo.nl\/de\/wp-json\/wp\/v2\/categories?post=1471"},{"taxonomy":"post_tag","embeddable":true,"href":"https:\/\/www.ondernemendvenlo.nl\/de\/wp-json\/wp\/v2\/tags?post=1471"}],"curies":[{"name":"wp","href":"https:\/\/api.w.org\/{rel}","templated":true}]}}