{"id":1715,"date":"2019-10-24T14:00:53","date_gmt":"2019-10-24T12:00:53","guid":{"rendered":"https:\/\/www.ondernemendvenlo.nl\/publiek-welkom-bij-opnames-omroep-venlo-wat-maakt-venlo\/"},"modified":"2019-10-24T14:00:53","modified_gmt":"2019-10-24T12:00:53","slug":"publiek-welkom-bij-opnames-omroep-venlo-wat-maakt-venlo","status":"publish","type":"post","link":"https:\/\/www.ondernemendvenlo.nl\/de\/publiek-welkom-bij-opnames-omroep-venlo-wat-maakt-venlo\/","title":{"rendered":"Publikum willkommen zu Aufnahmen Omroep Venlo \"Was macht Venlo....\""},"content":{"rendered":"<p><b><u>Was macht Venlo....<br \/>\n<\/u><\/b><strong>Ein Programm \u00fcber Stolz, Chancen und Zusammenarbeit.<\/strong><\/p>\n<p>Im November und Dezember wird Omroep Venlo eine sechsteilige Business-TV-Serie mit dem Titel What makes Venlo.... ausstrahlen. F\u00fcr diese Sendung hat sich der Sender mit der Fontys International Business School, der Rabobank Venlo e.o., der Gemeinde Venlo und Ondernemend Venlo zusammengetan. Ausgehend von der stolz dargestellten Perspektive, dass die Gemeinde Venlo bereits \u00fcber eine rege Wirtschaftst\u00e4tigkeit verf\u00fcgt und in ihren Gewerbegebieten viele Perlen beherbergt, wird der Zuschauer in spannenden und offenen Gespr\u00e4chen darauf hingewiesen, wo in Zukunft noch mehr M\u00f6glichkeiten liegen.<\/p>\n<p><strong>Von heute auf morgen<\/strong><\/p>\n<p>In kurzen Filmen zeigt der Reporter Kylian Slenter dem Zuschauer, dass die Landschaft der Unternehmen und Organisationen in der Gemeinde Venlo viele Perlen beherbergt; Unternehmen, die in ihrer eigenen Nische f\u00fchrend sind, mit viel Unternehmergeist, Entschlusskraft und Innovationskraft. Perlen, die dem Gros der Bev\u00f6lkerung unbekannt sind und die, wenn man sie vorzeigt, Bewunderung und Anerkennung finden. Ausgehend von dem positiven Bild der Gegenwart schlagen die Programme eine Br\u00fccke in die Zukunft. Ausgehend von dem gemeinsamen Ziel, Spitzenpositionen zu stabilisieren und weiter wachsen zu lassen, wird geschaut, wo die Chancen, M\u00f6glichkeiten, aber auch die zu bew\u00e4ltigenden Herausforderungen liegen, um dies zu erreichen. Dar\u00fcber diskutieren Beteiligte aus Wirtschaft, Politik, Bildung sowie junge Studierende mit Moderator Frans Pollux. Zu diesem Zweck wurden Ende Oktober sechs Sendungen in einer einzigartigen TV-Kulisse in der Villa Flora aufgezeichnet.<\/p>\n<p><strong>Sechs Themen<\/strong><\/p>\n<p>Venlo ist heute der Logistik-Hotspot Europas. Was m\u00fcssen wir tun, um das auch in zehn Jahren noch zu sein? Es ist wunderbar zu sehen, wie viele Perlen wir bereits in der verarbeitenden Industrie haben. Aber haben wir unsere Grenzen erreicht oder gibt es noch viel mehr M\u00f6glichkeiten und wo liegen sie?<\/p>\n<p>Was macht Venlo gesund, nachhaltig und einzigartig? Die Antwort ist ab Montag, dem 4. November, sechs Wochen lang zu sehen, mit Wiederholungen an Sonntagen. Was macht Venlo... wird auch online \u00fcber die Kan\u00e4le der Omroep Venlo und ihrer Partner zu sehen sein.<\/p>\n<p>Sie k\u00f6nnen den Dreharbeiten in der Villa Flora, Sint Jansweg 20, Venlo beiwohnen. Nachstehend finden Sie die Aufnahmezeiten. Sie sind herzlich willkommen!<\/p>\n<p><strong>Episode 1: Was macht Venlo einzigartig?<\/strong> \/ Aufzeichnung Dienstag, 29. Oktober, 14.00-16.00 Uhr<\/p>\n<p><strong>Episode 2: Was macht Venlo gesund?<\/strong> \/ Aufzeichnung Dienstag, 29. Oktober, 11.30-13.30 Uhr.<\/p>\n<p><strong>Episode 3: Was macht Venlo zu einem Hotspot?<\/strong> \/ Aufzeichnung Dienstag, 29. Oktober, 16.30-18.30 Uhr<\/p>\n<p><strong>Episode 4: Was macht Venlo aus?<\/strong> \/ Aufzeichnung Mittwoch, 30. Oktober, 11.30-13.30 Uhr.<\/p>\n<p><strong>Episode 5: Was macht Venlo nachhaltig?<\/strong> \/ Aufzeichnung Mittwoch, 30. Oktober, 14.00-16.00 Uhr<\/p>\n<p><strong>Folge 6: Zusammenarbeit macht Venlo<\/strong> \/ Aufzeichnung Mittwoch, 30. Oktober, 16.30-18.30 Uhr<\/p>\n<div style=\"width: 800px;\" class=\"wp-video\"><!--[if lt IE 9]><script>document.createElement('video');<\/script><![endif]-->\n<video class=\"wp-video-shortcode\" id=\"video-1715-1\" width=\"800\" height=\"450\" preload=\"metadata\" controls=\"controls\"><source type=\"video\/mp4\" src=\"https:\/\/www.ondernemendvenlo.nl\/wp-content\/uploads\/2019\/10\/Promo-Wat-Maakt-Venlo-werkgroep.mp4?_=1\" \/><a href=\"https:\/\/www.ondernemendvenlo.nl\/wp-content\/uploads\/2019\/10\/Promo-Wat-Maakt-Venlo-werkgroep.mp4\">https:\/\/www.ondernemendvenlo.nl\/wp-content\/uploads\/2019\/10\/Promo-Wat-Maakt-Venlo-werkgroep.mp4<\/a><\/video><\/div>","protected":false},"excerpt":{"rendered":"<p>Wat maakt Venlo&#8230;. Een programma over trots, kansen en samenwerking. In november en december zendt Omroep Venlo een zesdelige zakelijke tv-serie uit met als titel Wat maakt Venlo&#8230;. Voor dit programma is de omroep de samenwerking aangegaan met Fontys International Business School, Rabobank Venlo e.o., Gemeente Venlo en Ondernemend Venlo. Vanuit het met gepaste trots [&hellip;]<\/p>","protected":false},"author":1,"featured_media":1716,"comment_status":"closed","ping_status":"open","sticky":false,"template":"","format":"standard","meta":{"_acf_changed":false,"footnotes":""},"categories":[8],"tags":[],"class_list":["post-1715","post","type-post","status-publish","format-standard","has-post-thumbnail","hentry","category-nieuws"],"acf":[],"yoast_head":"<!-- This site is optimized with the Yoast SEO plugin v26.3 - https:\/\/yoast.com\/wordpress\/plugins\/seo\/ -->\n<title>Publiek welkom bij opnames Omroep Venlo &quot;Wat maakt Venlo....&quot; - Ondernemend Venlo<\/title>\n<meta name=\"robots\" content=\"index, follow, max-snippet:-1, max-image-preview:large, max-video-preview:-1\" \/>\n<link rel=\"canonical\" href=\"https:\/\/www.ondernemendvenlo.nl\/de\/publiek-welkom-bij-opnames-omroep-venlo-wat-maakt-venlo\/\" \/>\n<meta property=\"og:locale\" content=\"de_DE\" \/>\n<meta property=\"og:type\" content=\"article\" \/>\n<meta property=\"og:title\" content=\"Publiek welkom bij opnames Omroep Venlo &quot;Wat maakt Venlo....&quot; - Ondernemend Venlo\" \/>\n<meta property=\"og:description\" content=\"Wat maakt Venlo&#8230;. Een programma over trots, kansen en samenwerking. In november en december zendt Omroep Venlo een zesdelige zakelijke tv-serie uit met als titel Wat maakt Venlo&#8230;. Voor dit programma is de omroep de samenwerking aangegaan met Fontys International Business School, Rabobank Venlo e.o., Gemeente Venlo en Ondernemend Venlo. Vanuit het met gepaste trots [&hellip;]\" \/>\n<meta property=\"og:url\" content=\"https:\/\/www.ondernemendvenlo.nl\/de\/publiek-welkom-bij-opnames-omroep-venlo-wat-maakt-venlo\/\" \/>\n<meta property=\"og:site_name\" content=\"Ondernemend Venlo\" \/>\n<meta property=\"article:published_time\" content=\"2019-10-24T12:00:53+00:00\" \/>\n<meta property=\"og:image\" content=\"https:\/\/www.ondernemendvenlo.nl\/wp-content\/uploads\/2025\/04\/omroep-venlo-web.png\" \/>\n\t<meta property=\"og:image:width\" content=\"800\" \/>\n\t<meta property=\"og:image:height\" content=\"573\" \/>\n\t<meta property=\"og:image:type\" content=\"image\/png\" \/>\n<meta name=\"author\" content=\"admin\" \/>\n<meta name=\"twitter:card\" content=\"summary_large_image\" \/>\n<meta name=\"twitter:label1\" content=\"Verfasst von\" \/>\n\t<meta name=\"twitter:data1\" content=\"admin\" \/>\n\t<meta name=\"twitter:label2\" content=\"Gesch\u00e4tzte Lesezeit\" \/>\n\t<meta name=\"twitter:data2\" content=\"2\u00a0Minuten\" \/>\n<script type=\"application\/ld+json\" class=\"yoast-schema-graph\">{\"@context\":\"https:\/\/schema.org\",\"@graph\":[{\"@type\":\"Article\",\"@id\":\"https:\/\/www.ondernemendvenlo.nl\/publiek-welkom-bij-opnames-omroep-venlo-wat-maakt-venlo\/#article\",\"isPartOf\":{\"@id\":\"https:\/\/www.ondernemendvenlo.nl\/publiek-welkom-bij-opnames-omroep-venlo-wat-maakt-venlo\/\"},\"author\":{\"name\":\"admin\",\"@id\":\"https:\/\/www.ondernemendvenlo.nl\/#\/schema\/person\/347e935f8ad4c7030608ef74bb57aa6e\"},\"headline\":\"Publiek welkom bij opnames Omroep Venlo &#8220;Wat maakt Venlo&#8230;.&#8221;\",\"datePublished\":\"2019-10-24T12:00:53+00:00\",\"mainEntityOfPage\":{\"@id\":\"https:\/\/www.ondernemendvenlo.nl\/publiek-welkom-bij-opnames-omroep-venlo-wat-maakt-venlo\/\"},\"wordCount\":436,\"publisher\":{\"@id\":\"https:\/\/www.ondernemendvenlo.nl\/#organization\"},\"image\":{\"@id\":\"https:\/\/www.ondernemendvenlo.nl\/publiek-welkom-bij-opnames-omroep-venlo-wat-maakt-venlo\/#primaryimage\"},\"thumbnailUrl\":\"https:\/\/www.ondernemendvenlo.nl\/wp-content\/uploads\/2025\/04\/omroep-venlo-web.png\",\"articleSection\":[\"Nieuws\"],\"inLanguage\":\"de\"},{\"@type\":\"WebPage\",\"@id\":\"https:\/\/www.ondernemendvenlo.nl\/publiek-welkom-bij-opnames-omroep-venlo-wat-maakt-venlo\/\",\"url\":\"https:\/\/www.ondernemendvenlo.nl\/publiek-welkom-bij-opnames-omroep-venlo-wat-maakt-venlo\/\",\"name\":\"Publiek welkom bij opnames Omroep Venlo \\\"Wat maakt Venlo....\\\" - Ondernemend Venlo\",\"isPartOf\":{\"@id\":\"https:\/\/www.ondernemendvenlo.nl\/#website\"},\"primaryImageOfPage\":{\"@id\":\"https:\/\/www.ondernemendvenlo.nl\/publiek-welkom-bij-opnames-omroep-venlo-wat-maakt-venlo\/#primaryimage\"},\"image\":{\"@id\":\"https:\/\/www.ondernemendvenlo.nl\/publiek-welkom-bij-opnames-omroep-venlo-wat-maakt-venlo\/#primaryimage\"},\"thumbnailUrl\":\"https:\/\/www.ondernemendvenlo.nl\/wp-content\/uploads\/2025\/04\/omroep-venlo-web.png\",\"datePublished\":\"2019-10-24T12:00:53+00:00\",\"breadcrumb\":{\"@id\":\"https:\/\/www.ondernemendvenlo.nl\/publiek-welkom-bij-opnames-omroep-venlo-wat-maakt-venlo\/#breadcrumb\"},\"inLanguage\":\"de\",\"potentialAction\":[{\"@type\":\"ReadAction\",\"target\":[\"https:\/\/www.ondernemendvenlo.nl\/publiek-welkom-bij-opnames-omroep-venlo-wat-maakt-venlo\/\"]}]},{\"@type\":\"ImageObject\",\"inLanguage\":\"de\",\"@id\":\"https:\/\/www.ondernemendvenlo.nl\/publiek-welkom-bij-opnames-omroep-venlo-wat-maakt-venlo\/#primaryimage\",\"url\":\"https:\/\/www.ondernemendvenlo.nl\/wp-content\/uploads\/2025\/04\/omroep-venlo-web.png\",\"contentUrl\":\"https:\/\/www.ondernemendvenlo.nl\/wp-content\/uploads\/2025\/04\/omroep-venlo-web.png\",\"width\":800,\"height\":573},{\"@type\":\"BreadcrumbList\",\"@id\":\"https:\/\/www.ondernemendvenlo.nl\/publiek-welkom-bij-opnames-omroep-venlo-wat-maakt-venlo\/#breadcrumb\",\"itemListElement\":[{\"@type\":\"ListItem\",\"position\":1,\"name\":\"Ondernemend Venlo\",\"item\":\"https:\/\/www.ondernemendvenlo.nl\/\"},{\"@type\":\"ListItem\",\"position\":2,\"name\":\"Nieuws\",\"item\":\"https:\/\/www.ondernemendvenlo.nl\/categorie\/nieuws\/\"},{\"@type\":\"ListItem\",\"position\":3,\"name\":\"Publiek welkom bij opnames Omroep Venlo &#8220;Wat maakt Venlo&#8230;.&#8221;\"}]},{\"@type\":\"WebSite\",\"@id\":\"https:\/\/www.ondernemendvenlo.nl\/#website\",\"url\":\"https:\/\/www.ondernemendvenlo.nl\/\",\"name\":\"Ondernemend Venlo\",\"description\":\"Samen succesvol ondernemen\",\"publisher\":{\"@id\":\"https:\/\/www.ondernemendvenlo.nl\/#organization\"},\"potentialAction\":[{\"@type\":\"SearchAction\",\"target\":{\"@type\":\"EntryPoint\",\"urlTemplate\":\"https:\/\/www.ondernemendvenlo.nl\/?s={search_term_string}\"},\"query-input\":{\"@type\":\"PropertyValueSpecification\",\"valueRequired\":true,\"valueName\":\"search_term_string\"}}],\"inLanguage\":\"de\"},{\"@type\":\"Organization\",\"@id\":\"https:\/\/www.ondernemendvenlo.nl\/#organization\",\"name\":\"Ondernemend Venlo\",\"url\":\"https:\/\/www.ondernemendvenlo.nl\/\",\"logo\":{\"@type\":\"ImageObject\",\"inLanguage\":\"de\",\"@id\":\"https:\/\/www.ondernemendvenlo.nl\/#\/schema\/logo\/image\/\",\"url\":\"https:\/\/www.ondernemendvenlo.nl\/wp-content\/uploads\/2025\/02\/Ondernemend-Venlo-logo-scaled.webp\",\"contentUrl\":\"https:\/\/www.ondernemendvenlo.nl\/wp-content\/uploads\/2025\/02\/Ondernemend-Venlo-logo-scaled.webp\",\"width\":2560,\"height\":1010,\"caption\":\"Ondernemend Venlo\"},\"image\":{\"@id\":\"https:\/\/www.ondernemendvenlo.nl\/#\/schema\/logo\/image\/\"},\"sameAs\":[\"https:\/\/www.linkedin.com\/company\/ondernemend-venlo\/\"]},{\"@type\":\"Person\",\"@id\":\"https:\/\/www.ondernemendvenlo.nl\/#\/schema\/person\/347e935f8ad4c7030608ef74bb57aa6e\",\"name\":\"admin\",\"image\":{\"@type\":\"ImageObject\",\"inLanguage\":\"de\",\"@id\":\"https:\/\/www.ondernemendvenlo.nl\/#\/schema\/person\/image\/\",\"url\":\"https:\/\/www.ondernemendvenlo.nl\/wp-content\/litespeed\/avatar\/720af750b037aecf6e33e12833479059.jpg?ver=1777382954\",\"contentUrl\":\"https:\/\/www.ondernemendvenlo.nl\/wp-content\/litespeed\/avatar\/720af750b037aecf6e33e12833479059.jpg?ver=1777382954\",\"caption\":\"admin\"},\"sameAs\":[\"https:\/\/www.ondernemendvenlo.nl\"]}]}<\/script>\n<!-- \/ Yoast SEO plugin. -->","yoast_head_json":{"title":"Publiek welkom bij opnames Omroep Venlo \"Wat maakt Venlo....\" - Ondernemend Venlo","robots":{"index":"index","follow":"follow","max-snippet":"max-snippet:-1","max-image-preview":"max-image-preview:large","max-video-preview":"max-video-preview:-1"},"canonical":"https:\/\/www.ondernemendvenlo.nl\/de\/publiek-welkom-bij-opnames-omroep-venlo-wat-maakt-venlo\/","og_locale":"de_DE","og_type":"article","og_title":"Publiek welkom bij opnames Omroep Venlo \"Wat maakt Venlo....\" - Ondernemend Venlo","og_description":"Wat maakt Venlo&#8230;. Een programma over trots, kansen en samenwerking. In november en december zendt Omroep Venlo een zesdelige zakelijke tv-serie uit met als titel Wat maakt Venlo&#8230;. Voor dit programma is de omroep de samenwerking aangegaan met Fontys International Business School, Rabobank Venlo e.o., Gemeente Venlo en Ondernemend Venlo. Vanuit het met gepaste trots [&hellip;]","og_url":"https:\/\/www.ondernemendvenlo.nl\/de\/publiek-welkom-bij-opnames-omroep-venlo-wat-maakt-venlo\/","og_site_name":"Ondernemend Venlo","article_published_time":"2019-10-24T12:00:53+00:00","og_image":[{"width":800,"height":573,"url":"https:\/\/www.ondernemendvenlo.nl\/wp-content\/uploads\/2025\/04\/omroep-venlo-web.png","type":"image\/png"}],"author":"admin","twitter_card":"summary_large_image","twitter_misc":{"Verfasst von":"admin","Gesch\u00e4tzte Lesezeit":"2\u00a0Minuten"},"schema":{"@context":"https:\/\/schema.org","@graph":[{"@type":"Article","@id":"https:\/\/www.ondernemendvenlo.nl\/publiek-welkom-bij-opnames-omroep-venlo-wat-maakt-venlo\/#article","isPartOf":{"@id":"https:\/\/www.ondernemendvenlo.nl\/publiek-welkom-bij-opnames-omroep-venlo-wat-maakt-venlo\/"},"author":{"name":"admin","@id":"https:\/\/www.ondernemendvenlo.nl\/#\/schema\/person\/347e935f8ad4c7030608ef74bb57aa6e"},"headline":"Publiek welkom bij opnames Omroep Venlo &#8220;Wat maakt Venlo&#8230;.&#8221;","datePublished":"2019-10-24T12:00:53+00:00","mainEntityOfPage":{"@id":"https:\/\/www.ondernemendvenlo.nl\/publiek-welkom-bij-opnames-omroep-venlo-wat-maakt-venlo\/"},"wordCount":436,"publisher":{"@id":"https:\/\/www.ondernemendvenlo.nl\/#organization"},"image":{"@id":"https:\/\/www.ondernemendvenlo.nl\/publiek-welkom-bij-opnames-omroep-venlo-wat-maakt-venlo\/#primaryimage"},"thumbnailUrl":"https:\/\/www.ondernemendvenlo.nl\/wp-content\/uploads\/2025\/04\/omroep-venlo-web.png","articleSection":["Nieuws"],"inLanguage":"de"},{"@type":"WebPage","@id":"https:\/\/www.ondernemendvenlo.nl\/publiek-welkom-bij-opnames-omroep-venlo-wat-maakt-venlo\/","url":"https:\/\/www.ondernemendvenlo.nl\/publiek-welkom-bij-opnames-omroep-venlo-wat-maakt-venlo\/","name":"Publiek welkom bij opnames Omroep Venlo \"Wat maakt Venlo....\" - Ondernemend Venlo","isPartOf":{"@id":"https:\/\/www.ondernemendvenlo.nl\/#website"},"primaryImageOfPage":{"@id":"https:\/\/www.ondernemendvenlo.nl\/publiek-welkom-bij-opnames-omroep-venlo-wat-maakt-venlo\/#primaryimage"},"image":{"@id":"https:\/\/www.ondernemendvenlo.nl\/publiek-welkom-bij-opnames-omroep-venlo-wat-maakt-venlo\/#primaryimage"},"thumbnailUrl":"https:\/\/www.ondernemendvenlo.nl\/wp-content\/uploads\/2025\/04\/omroep-venlo-web.png","datePublished":"2019-10-24T12:00:53+00:00","breadcrumb":{"@id":"https:\/\/www.ondernemendvenlo.nl\/publiek-welkom-bij-opnames-omroep-venlo-wat-maakt-venlo\/#breadcrumb"},"inLanguage":"de","potentialAction":[{"@type":"ReadAction","target":["https:\/\/www.ondernemendvenlo.nl\/publiek-welkom-bij-opnames-omroep-venlo-wat-maakt-venlo\/"]}]},{"@type":"ImageObject","inLanguage":"de","@id":"https:\/\/www.ondernemendvenlo.nl\/publiek-welkom-bij-opnames-omroep-venlo-wat-maakt-venlo\/#primaryimage","url":"https:\/\/www.ondernemendvenlo.nl\/wp-content\/uploads\/2025\/04\/omroep-venlo-web.png","contentUrl":"https:\/\/www.ondernemendvenlo.nl\/wp-content\/uploads\/2025\/04\/omroep-venlo-web.png","width":800,"height":573},{"@type":"BreadcrumbList","@id":"https:\/\/www.ondernemendvenlo.nl\/publiek-welkom-bij-opnames-omroep-venlo-wat-maakt-venlo\/#breadcrumb","itemListElement":[{"@type":"ListItem","position":1,"name":"Ondernemend Venlo","item":"https:\/\/www.ondernemendvenlo.nl\/"},{"@type":"ListItem","position":2,"name":"Nieuws","item":"https:\/\/www.ondernemendvenlo.nl\/categorie\/nieuws\/"},{"@type":"ListItem","position":3,"name":"Publiek welkom bij opnames Omroep Venlo &#8220;Wat maakt Venlo&#8230;.&#8221;"}]},{"@type":"WebSite","@id":"https:\/\/www.ondernemendvenlo.nl\/#website","url":"https:\/\/www.ondernemendvenlo.nl\/","name":"Unternehmerisches Venlo","description":"Samen succesvol ondernemen","publisher":{"@id":"https:\/\/www.ondernemendvenlo.nl\/#organization"},"potentialAction":[{"@type":"SearchAction","target":{"@type":"EntryPoint","urlTemplate":"https:\/\/www.ondernemendvenlo.nl\/?s={search_term_string}"},"query-input":{"@type":"PropertyValueSpecification","valueRequired":true,"valueName":"search_term_string"}}],"inLanguage":"de"},{"@type":"Organization","@id":"https:\/\/www.ondernemendvenlo.nl\/#organization","name":"Unternehmerisches Venlo","url":"https:\/\/www.ondernemendvenlo.nl\/","logo":{"@type":"ImageObject","inLanguage":"de","@id":"https:\/\/www.ondernemendvenlo.nl\/#\/schema\/logo\/image\/","url":"https:\/\/www.ondernemendvenlo.nl\/wp-content\/uploads\/2025\/02\/Ondernemend-Venlo-logo-scaled.webp","contentUrl":"https:\/\/www.ondernemendvenlo.nl\/wp-content\/uploads\/2025\/02\/Ondernemend-Venlo-logo-scaled.webp","width":2560,"height":1010,"caption":"Ondernemend Venlo"},"image":{"@id":"https:\/\/www.ondernemendvenlo.nl\/#\/schema\/logo\/image\/"},"sameAs":["https:\/\/www.linkedin.com\/company\/ondernemend-venlo\/"]},{"@type":"Person","@id":"https:\/\/www.ondernemendvenlo.nl\/#\/schema\/person\/347e935f8ad4c7030608ef74bb57aa6e","name":"admin","image":{"@type":"ImageObject","inLanguage":"de","@id":"https:\/\/www.ondernemendvenlo.nl\/#\/schema\/person\/image\/","url":"https:\/\/www.ondernemendvenlo.nl\/wp-content\/litespeed\/avatar\/720af750b037aecf6e33e12833479059.jpg?ver=1777382954","contentUrl":"https:\/\/www.ondernemendvenlo.nl\/wp-content\/litespeed\/avatar\/720af750b037aecf6e33e12833479059.jpg?ver=1777382954","caption":"admin"},"sameAs":["https:\/\/www.ondernemendvenlo.nl"]}]}},"_links":{"self":[{"href":"https:\/\/www.ondernemendvenlo.nl\/de\/wp-json\/wp\/v2\/posts\/1715","targetHints":{"allow":["GET"]}}],"collection":[{"href":"https:\/\/www.ondernemendvenlo.nl\/de\/wp-json\/wp\/v2\/posts"}],"about":[{"href":"https:\/\/www.ondernemendvenlo.nl\/de\/wp-json\/wp\/v2\/types\/post"}],"author":[{"embeddable":true,"href":"https:\/\/www.ondernemendvenlo.nl\/de\/wp-json\/wp\/v2\/users\/1"}],"replies":[{"embeddable":true,"href":"https:\/\/www.ondernemendvenlo.nl\/de\/wp-json\/wp\/v2\/comments?post=1715"}],"version-history":[{"count":0,"href":"https:\/\/www.ondernemendvenlo.nl\/de\/wp-json\/wp\/v2\/posts\/1715\/revisions"}],"wp:featuredmedia":[{"embeddable":true,"href":"https:\/\/www.ondernemendvenlo.nl\/de\/wp-json\/wp\/v2\/media\/1716"}],"wp:attachment":[{"href":"https:\/\/www.ondernemendvenlo.nl\/de\/wp-json\/wp\/v2\/media?parent=1715"}],"wp:term":[{"taxonomy":"category","embeddable":true,"href":"https:\/\/www.ondernemendvenlo.nl\/de\/wp-json\/wp\/v2\/categories?post=1715"},{"taxonomy":"post_tag","embeddable":true,"href":"https:\/\/www.ondernemendvenlo.nl\/de\/wp-json\/wp\/v2\/tags?post=1715"}],"curies":[{"name":"wp","href":"https:\/\/api.w.org\/{rel}","templated":true}]}}