{"id":1833,"date":"2019-12-10T14:24:50","date_gmt":"2019-12-10T13:24:50","guid":{"rendered":"https:\/\/www.ondernemendvenlo.nl\/maike-hajjoubi-nieuwe-directeur-euregio-rijn-maas-noord\/"},"modified":"2019-12-10T14:24:50","modified_gmt":"2019-12-10T13:24:50","slug":"maike-hajjoubi-nieuwe-directeur-euregio-rijn-maas-noord","status":"publish","type":"post","link":"https:\/\/www.ondernemendvenlo.nl\/de\/maike-hajjoubi-nieuwe-directeur-euregio-rijn-maas-noord\/","title":{"rendered":"Maike Hajjoubi nieuwe directeur euregio rijn-maas-noord"},"content":{"rendered":"<p><strong>M\u00f6nchengladbach &#8211;\u00a0Maike Hajjoubi is per 1 maart 2020 de nieuwe directeur van de euregio rijn-maas-noord. Ze volgt Andy Dritty op die sinds medio dit jaar gedeputeerde is bij de Provincie Limburg. Momenteel werkt ze als onderwijsmanager bij Fontys Hogeschool Pedagogiek in Sittard.<\/strong><\/p>\n<p>Hajjoubi (35) is Duitse en gaat al bijna 16 jaar iedere dag de grens over voor studie en werk in Nederland. Zij heeft ruime ervaring als leidinggevende van multiculturele teams en een goed gevoel voor de zakelijke en persoonlijke culturele verschillen tussen beide landen. Ook heeft ze ervaring met het Europese subsidieprogramma INTERREG voor grensoverschrijdende Duits-Nederlandse projecten. Als directeur van het kantoor in M\u00f6nchengladbach is zij aanspreekpunt voor alle steden en gemeenten in het gebied, waar steden zoals Venlo, Roermond, M\u00f6nchengladbach, Krefeld, Neuss en D\u00fcsseldorf onder vallen. Hajjoubi is Master of Science (MSc) in International Business en studeerde cum laude af aan de Universiteit Maastricht.<\/p>\n<p><em>De euregio rijn-maas-noord is een grensoverschrijdend samenwerkingsverband dat tot doel heeft de Duits-Nederlandse samenwerking in het grensgebied te versterken. Zo\u2019n 30 gemeenten en overheidsinstanties uit beide landen zijn lid van de euregio, evenals Industrie- und Handelskammer en MKB-Limburg. De algemene activiteiten van de euregio rijn-maas-noord worden mede gefinancierd door subsidies van de provincie Limburg en door de Duitse deelstaat Noordrijn-Westfalen. Projecten in het kader van de het INTERREG V A-programma worden gefinancierd door de Europese Unie, de provincie Limburg en de ministeries van Economische Zaken van Nederland en van Noordrijn-Westfalen. De euregio is ook verantwoordelijk voor het GrensInfoPunt voor mensen die over de grens willen werken alsmede het project euregio-Xperience dat stages, taalcursussen en sollicitatietrainingen voor MBO-studenten verzorgt.<\/em><\/p>","protected":false},"excerpt":{"rendered":"<p>M\u00f6nchengladbach &#8211;\u00a0Maike Hajjoubi is per 1 maart 2020 de nieuwe directeur van de euregio rijn-maas-noord. Ze volgt Andy Dritty op die sinds medio dit jaar gedeputeerde is bij de Provincie Limburg. Momenteel werkt ze als onderwijsmanager bij Fontys Hogeschool Pedagogiek in Sittard. Hajjoubi (35) is Duitse en gaat al bijna 16 jaar iedere dag de [&hellip;]<\/p>","protected":false},"author":1,"featured_media":1834,"comment_status":"closed","ping_status":"open","sticky":false,"template":"","format":"standard","meta":{"_acf_changed":false,"footnotes":""},"categories":[8],"tags":[],"class_list":["post-1833","post","type-post","status-publish","format-standard","has-post-thumbnail","hentry","category-nieuws"],"acf":[],"yoast_head":"<!-- This site is optimized with the Yoast SEO plugin v26.3 - https:\/\/yoast.com\/wordpress\/plugins\/seo\/ -->\n<title>Maike Hajjoubi nieuwe directeur euregio rijn-maas-noord - Ondernemend Venlo<\/title>\n<meta name=\"robots\" content=\"index, follow, max-snippet:-1, max-image-preview:large, max-video-preview:-1\" \/>\n<link rel=\"canonical\" href=\"https:\/\/www.ondernemendvenlo.nl\/de\/maike-hajjoubi-nieuwe-directeur-euregio-rijn-maas-noord\/\" \/>\n<meta property=\"og:locale\" content=\"de_DE\" \/>\n<meta property=\"og:type\" content=\"article\" \/>\n<meta property=\"og:title\" content=\"Maike Hajjoubi nieuwe directeur euregio rijn-maas-noord - Ondernemend Venlo\" \/>\n<meta property=\"og:description\" content=\"M\u00f6nchengladbach &#8211;\u00a0Maike Hajjoubi is per 1 maart 2020 de nieuwe directeur van de euregio rijn-maas-noord. Ze volgt Andy Dritty op die sinds medio dit jaar gedeputeerde is bij de Provincie Limburg. Momenteel werkt ze als onderwijsmanager bij Fontys Hogeschool Pedagogiek in Sittard. Hajjoubi (35) is Duitse en gaat al bijna 16 jaar iedere dag de [&hellip;]\" \/>\n<meta property=\"og:url\" content=\"https:\/\/www.ondernemendvenlo.nl\/de\/maike-hajjoubi-nieuwe-directeur-euregio-rijn-maas-noord\/\" \/>\n<meta property=\"og:site_name\" content=\"Ondernemend Venlo\" \/>\n<meta property=\"article:published_time\" content=\"2019-12-10T13:24:50+00:00\" \/>\n<meta property=\"og:image\" content=\"https:\/\/www.ondernemendvenlo.nl\/wp-content\/uploads\/2025\/04\/Maike-Hajjoubi-euregio-002.jpg\" \/>\n\t<meta property=\"og:image:width\" content=\"2555\" \/>\n\t<meta property=\"og:image:height\" content=\"2026\" \/>\n\t<meta property=\"og:image:type\" content=\"image\/jpeg\" \/>\n<meta name=\"author\" content=\"admin\" \/>\n<meta name=\"twitter:card\" content=\"summary_large_image\" \/>\n<meta name=\"twitter:label1\" content=\"Verfasst von\" \/>\n\t<meta name=\"twitter:data1\" content=\"admin\" \/>\n\t<meta name=\"twitter:label2\" content=\"Gesch\u00e4tzte Lesezeit\" \/>\n\t<meta name=\"twitter:data2\" content=\"1\u00a0Minute\" \/>\n<script type=\"application\/ld+json\" class=\"yoast-schema-graph\">{\"@context\":\"https:\/\/schema.org\",\"@graph\":[{\"@type\":\"Article\",\"@id\":\"https:\/\/www.ondernemendvenlo.nl\/maike-hajjoubi-nieuwe-directeur-euregio-rijn-maas-noord\/#article\",\"isPartOf\":{\"@id\":\"https:\/\/www.ondernemendvenlo.nl\/maike-hajjoubi-nieuwe-directeur-euregio-rijn-maas-noord\/\"},\"author\":{\"name\":\"admin\",\"@id\":\"https:\/\/www.ondernemendvenlo.nl\/#\/schema\/person\/347e935f8ad4c7030608ef74bb57aa6e\"},\"headline\":\"Maike Hajjoubi nieuwe directeur euregio rijn-maas-noord\",\"datePublished\":\"2019-12-10T13:24:50+00:00\",\"mainEntityOfPage\":{\"@id\":\"https:\/\/www.ondernemendvenlo.nl\/maike-hajjoubi-nieuwe-directeur-euregio-rijn-maas-noord\/\"},\"wordCount\":271,\"publisher\":{\"@id\":\"https:\/\/www.ondernemendvenlo.nl\/#organization\"},\"image\":{\"@id\":\"https:\/\/www.ondernemendvenlo.nl\/maike-hajjoubi-nieuwe-directeur-euregio-rijn-maas-noord\/#primaryimage\"},\"thumbnailUrl\":\"https:\/\/www.ondernemendvenlo.nl\/wp-content\/uploads\/2025\/04\/Maike-Hajjoubi-euregio-002.jpg\",\"articleSection\":[\"Nieuws\"],\"inLanguage\":\"de\"},{\"@type\":\"WebPage\",\"@id\":\"https:\/\/www.ondernemendvenlo.nl\/maike-hajjoubi-nieuwe-directeur-euregio-rijn-maas-noord\/\",\"url\":\"https:\/\/www.ondernemendvenlo.nl\/maike-hajjoubi-nieuwe-directeur-euregio-rijn-maas-noord\/\",\"name\":\"Maike Hajjoubi nieuwe directeur euregio rijn-maas-noord - Ondernemend Venlo\",\"isPartOf\":{\"@id\":\"https:\/\/www.ondernemendvenlo.nl\/#website\"},\"primaryImageOfPage\":{\"@id\":\"https:\/\/www.ondernemendvenlo.nl\/maike-hajjoubi-nieuwe-directeur-euregio-rijn-maas-noord\/#primaryimage\"},\"image\":{\"@id\":\"https:\/\/www.ondernemendvenlo.nl\/maike-hajjoubi-nieuwe-directeur-euregio-rijn-maas-noord\/#primaryimage\"},\"thumbnailUrl\":\"https:\/\/www.ondernemendvenlo.nl\/wp-content\/uploads\/2025\/04\/Maike-Hajjoubi-euregio-002.jpg\",\"datePublished\":\"2019-12-10T13:24:50+00:00\",\"breadcrumb\":{\"@id\":\"https:\/\/www.ondernemendvenlo.nl\/maike-hajjoubi-nieuwe-directeur-euregio-rijn-maas-noord\/#breadcrumb\"},\"inLanguage\":\"de\",\"potentialAction\":[{\"@type\":\"ReadAction\",\"target\":[\"https:\/\/www.ondernemendvenlo.nl\/maike-hajjoubi-nieuwe-directeur-euregio-rijn-maas-noord\/\"]}]},{\"@type\":\"ImageObject\",\"inLanguage\":\"de\",\"@id\":\"https:\/\/www.ondernemendvenlo.nl\/maike-hajjoubi-nieuwe-directeur-euregio-rijn-maas-noord\/#primaryimage\",\"url\":\"https:\/\/www.ondernemendvenlo.nl\/wp-content\/uploads\/2025\/04\/Maike-Hajjoubi-euregio-002.jpg\",\"contentUrl\":\"https:\/\/www.ondernemendvenlo.nl\/wp-content\/uploads\/2025\/04\/Maike-Hajjoubi-euregio-002.jpg\",\"width\":2555,\"height\":2026},{\"@type\":\"BreadcrumbList\",\"@id\":\"https:\/\/www.ondernemendvenlo.nl\/maike-hajjoubi-nieuwe-directeur-euregio-rijn-maas-noord\/#breadcrumb\",\"itemListElement\":[{\"@type\":\"ListItem\",\"position\":1,\"name\":\"Ondernemend Venlo\",\"item\":\"https:\/\/www.ondernemendvenlo.nl\/\"},{\"@type\":\"ListItem\",\"position\":2,\"name\":\"Nieuws\",\"item\":\"https:\/\/www.ondernemendvenlo.nl\/categorie\/nieuws\/\"},{\"@type\":\"ListItem\",\"position\":3,\"name\":\"Maike Hajjoubi nieuwe directeur euregio rijn-maas-noord\"}]},{\"@type\":\"WebSite\",\"@id\":\"https:\/\/www.ondernemendvenlo.nl\/#website\",\"url\":\"https:\/\/www.ondernemendvenlo.nl\/\",\"name\":\"Ondernemend Venlo\",\"description\":\"Samen succesvol ondernemen\",\"publisher\":{\"@id\":\"https:\/\/www.ondernemendvenlo.nl\/#organization\"},\"potentialAction\":[{\"@type\":\"SearchAction\",\"target\":{\"@type\":\"EntryPoint\",\"urlTemplate\":\"https:\/\/www.ondernemendvenlo.nl\/?s={search_term_string}\"},\"query-input\":{\"@type\":\"PropertyValueSpecification\",\"valueRequired\":true,\"valueName\":\"search_term_string\"}}],\"inLanguage\":\"de\"},{\"@type\":\"Organization\",\"@id\":\"https:\/\/www.ondernemendvenlo.nl\/#organization\",\"name\":\"Ondernemend Venlo\",\"url\":\"https:\/\/www.ondernemendvenlo.nl\/\",\"logo\":{\"@type\":\"ImageObject\",\"inLanguage\":\"de\",\"@id\":\"https:\/\/www.ondernemendvenlo.nl\/#\/schema\/logo\/image\/\",\"url\":\"https:\/\/www.ondernemendvenlo.nl\/wp-content\/uploads\/2025\/02\/Ondernemend-Venlo-logo-scaled.webp\",\"contentUrl\":\"https:\/\/www.ondernemendvenlo.nl\/wp-content\/uploads\/2025\/02\/Ondernemend-Venlo-logo-scaled.webp\",\"width\":2560,\"height\":1010,\"caption\":\"Ondernemend Venlo\"},\"image\":{\"@id\":\"https:\/\/www.ondernemendvenlo.nl\/#\/schema\/logo\/image\/\"},\"sameAs\":[\"https:\/\/www.linkedin.com\/company\/ondernemend-venlo\/\"]},{\"@type\":\"Person\",\"@id\":\"https:\/\/www.ondernemendvenlo.nl\/#\/schema\/person\/347e935f8ad4c7030608ef74bb57aa6e\",\"name\":\"admin\",\"image\":{\"@type\":\"ImageObject\",\"inLanguage\":\"de\",\"@id\":\"https:\/\/www.ondernemendvenlo.nl\/#\/schema\/person\/image\/\",\"url\":\"https:\/\/www.ondernemendvenlo.nl\/wp-content\/litespeed\/avatar\/720af750b037aecf6e33e12833479059.jpg?ver=1777382954\",\"contentUrl\":\"https:\/\/www.ondernemendvenlo.nl\/wp-content\/litespeed\/avatar\/720af750b037aecf6e33e12833479059.jpg?ver=1777382954\",\"caption\":\"admin\"},\"sameAs\":[\"https:\/\/www.ondernemendvenlo.nl\"]}]}<\/script>\n<!-- \/ Yoast SEO plugin. -->","yoast_head_json":{"title":"Maike Hajjoubi nieuwe directeur euregio rijn-maas-noord - Ondernemend Venlo","robots":{"index":"index","follow":"follow","max-snippet":"max-snippet:-1","max-image-preview":"max-image-preview:large","max-video-preview":"max-video-preview:-1"},"canonical":"https:\/\/www.ondernemendvenlo.nl\/de\/maike-hajjoubi-nieuwe-directeur-euregio-rijn-maas-noord\/","og_locale":"de_DE","og_type":"article","og_title":"Maike Hajjoubi nieuwe directeur euregio rijn-maas-noord - Ondernemend Venlo","og_description":"M\u00f6nchengladbach &#8211;\u00a0Maike Hajjoubi is per 1 maart 2020 de nieuwe directeur van de euregio rijn-maas-noord. Ze volgt Andy Dritty op die sinds medio dit jaar gedeputeerde is bij de Provincie Limburg. Momenteel werkt ze als onderwijsmanager bij Fontys Hogeschool Pedagogiek in Sittard. Hajjoubi (35) is Duitse en gaat al bijna 16 jaar iedere dag de [&hellip;]","og_url":"https:\/\/www.ondernemendvenlo.nl\/de\/maike-hajjoubi-nieuwe-directeur-euregio-rijn-maas-noord\/","og_site_name":"Ondernemend Venlo","article_published_time":"2019-12-10T13:24:50+00:00","og_image":[{"width":2555,"height":2026,"url":"https:\/\/www.ondernemendvenlo.nl\/wp-content\/uploads\/2025\/04\/Maike-Hajjoubi-euregio-002.jpg","type":"image\/jpeg"}],"author":"admin","twitter_card":"summary_large_image","twitter_misc":{"Verfasst von":"admin","Gesch\u00e4tzte Lesezeit":"1\u00a0Minute"},"schema":{"@context":"https:\/\/schema.org","@graph":[{"@type":"Article","@id":"https:\/\/www.ondernemendvenlo.nl\/maike-hajjoubi-nieuwe-directeur-euregio-rijn-maas-noord\/#article","isPartOf":{"@id":"https:\/\/www.ondernemendvenlo.nl\/maike-hajjoubi-nieuwe-directeur-euregio-rijn-maas-noord\/"},"author":{"name":"admin","@id":"https:\/\/www.ondernemendvenlo.nl\/#\/schema\/person\/347e935f8ad4c7030608ef74bb57aa6e"},"headline":"Maike Hajjoubi nieuwe directeur euregio rijn-maas-noord","datePublished":"2019-12-10T13:24:50+00:00","mainEntityOfPage":{"@id":"https:\/\/www.ondernemendvenlo.nl\/maike-hajjoubi-nieuwe-directeur-euregio-rijn-maas-noord\/"},"wordCount":271,"publisher":{"@id":"https:\/\/www.ondernemendvenlo.nl\/#organization"},"image":{"@id":"https:\/\/www.ondernemendvenlo.nl\/maike-hajjoubi-nieuwe-directeur-euregio-rijn-maas-noord\/#primaryimage"},"thumbnailUrl":"https:\/\/www.ondernemendvenlo.nl\/wp-content\/uploads\/2025\/04\/Maike-Hajjoubi-euregio-002.jpg","articleSection":["Nieuws"],"inLanguage":"de"},{"@type":"WebPage","@id":"https:\/\/www.ondernemendvenlo.nl\/maike-hajjoubi-nieuwe-directeur-euregio-rijn-maas-noord\/","url":"https:\/\/www.ondernemendvenlo.nl\/maike-hajjoubi-nieuwe-directeur-euregio-rijn-maas-noord\/","name":"Maike Hajjoubi nieuwe directeur euregio rijn-maas-noord - Ondernemend Venlo","isPartOf":{"@id":"https:\/\/www.ondernemendvenlo.nl\/#website"},"primaryImageOfPage":{"@id":"https:\/\/www.ondernemendvenlo.nl\/maike-hajjoubi-nieuwe-directeur-euregio-rijn-maas-noord\/#primaryimage"},"image":{"@id":"https:\/\/www.ondernemendvenlo.nl\/maike-hajjoubi-nieuwe-directeur-euregio-rijn-maas-noord\/#primaryimage"},"thumbnailUrl":"https:\/\/www.ondernemendvenlo.nl\/wp-content\/uploads\/2025\/04\/Maike-Hajjoubi-euregio-002.jpg","datePublished":"2019-12-10T13:24:50+00:00","breadcrumb":{"@id":"https:\/\/www.ondernemendvenlo.nl\/maike-hajjoubi-nieuwe-directeur-euregio-rijn-maas-noord\/#breadcrumb"},"inLanguage":"de","potentialAction":[{"@type":"ReadAction","target":["https:\/\/www.ondernemendvenlo.nl\/maike-hajjoubi-nieuwe-directeur-euregio-rijn-maas-noord\/"]}]},{"@type":"ImageObject","inLanguage":"de","@id":"https:\/\/www.ondernemendvenlo.nl\/maike-hajjoubi-nieuwe-directeur-euregio-rijn-maas-noord\/#primaryimage","url":"https:\/\/www.ondernemendvenlo.nl\/wp-content\/uploads\/2025\/04\/Maike-Hajjoubi-euregio-002.jpg","contentUrl":"https:\/\/www.ondernemendvenlo.nl\/wp-content\/uploads\/2025\/04\/Maike-Hajjoubi-euregio-002.jpg","width":2555,"height":2026},{"@type":"BreadcrumbList","@id":"https:\/\/www.ondernemendvenlo.nl\/maike-hajjoubi-nieuwe-directeur-euregio-rijn-maas-noord\/#breadcrumb","itemListElement":[{"@type":"ListItem","position":1,"name":"Ondernemend Venlo","item":"https:\/\/www.ondernemendvenlo.nl\/"},{"@type":"ListItem","position":2,"name":"Nieuws","item":"https:\/\/www.ondernemendvenlo.nl\/categorie\/nieuws\/"},{"@type":"ListItem","position":3,"name":"Maike Hajjoubi nieuwe directeur euregio rijn-maas-noord"}]},{"@type":"WebSite","@id":"https:\/\/www.ondernemendvenlo.nl\/#website","url":"https:\/\/www.ondernemendvenlo.nl\/","name":"Unternehmerisches Venlo","description":"Samen succesvol ondernemen","publisher":{"@id":"https:\/\/www.ondernemendvenlo.nl\/#organization"},"potentialAction":[{"@type":"SearchAction","target":{"@type":"EntryPoint","urlTemplate":"https:\/\/www.ondernemendvenlo.nl\/?s={search_term_string}"},"query-input":{"@type":"PropertyValueSpecification","valueRequired":true,"valueName":"search_term_string"}}],"inLanguage":"de"},{"@type":"Organization","@id":"https:\/\/www.ondernemendvenlo.nl\/#organization","name":"Unternehmerisches Venlo","url":"https:\/\/www.ondernemendvenlo.nl\/","logo":{"@type":"ImageObject","inLanguage":"de","@id":"https:\/\/www.ondernemendvenlo.nl\/#\/schema\/logo\/image\/","url":"https:\/\/www.ondernemendvenlo.nl\/wp-content\/uploads\/2025\/02\/Ondernemend-Venlo-logo-scaled.webp","contentUrl":"https:\/\/www.ondernemendvenlo.nl\/wp-content\/uploads\/2025\/02\/Ondernemend-Venlo-logo-scaled.webp","width":2560,"height":1010,"caption":"Ondernemend Venlo"},"image":{"@id":"https:\/\/www.ondernemendvenlo.nl\/#\/schema\/logo\/image\/"},"sameAs":["https:\/\/www.linkedin.com\/company\/ondernemend-venlo\/"]},{"@type":"Person","@id":"https:\/\/www.ondernemendvenlo.nl\/#\/schema\/person\/347e935f8ad4c7030608ef74bb57aa6e","name":"admin","image":{"@type":"ImageObject","inLanguage":"de","@id":"https:\/\/www.ondernemendvenlo.nl\/#\/schema\/person\/image\/","url":"https:\/\/www.ondernemendvenlo.nl\/wp-content\/litespeed\/avatar\/720af750b037aecf6e33e12833479059.jpg?ver=1777382954","contentUrl":"https:\/\/www.ondernemendvenlo.nl\/wp-content\/litespeed\/avatar\/720af750b037aecf6e33e12833479059.jpg?ver=1777382954","caption":"admin"},"sameAs":["https:\/\/www.ondernemendvenlo.nl"]}]}},"_links":{"self":[{"href":"https:\/\/www.ondernemendvenlo.nl\/de\/wp-json\/wp\/v2\/posts\/1833","targetHints":{"allow":["GET"]}}],"collection":[{"href":"https:\/\/www.ondernemendvenlo.nl\/de\/wp-json\/wp\/v2\/posts"}],"about":[{"href":"https:\/\/www.ondernemendvenlo.nl\/de\/wp-json\/wp\/v2\/types\/post"}],"author":[{"embeddable":true,"href":"https:\/\/www.ondernemendvenlo.nl\/de\/wp-json\/wp\/v2\/users\/1"}],"replies":[{"embeddable":true,"href":"https:\/\/www.ondernemendvenlo.nl\/de\/wp-json\/wp\/v2\/comments?post=1833"}],"version-history":[{"count":0,"href":"https:\/\/www.ondernemendvenlo.nl\/de\/wp-json\/wp\/v2\/posts\/1833\/revisions"}],"wp:featuredmedia":[{"embeddable":true,"href":"https:\/\/www.ondernemendvenlo.nl\/de\/wp-json\/wp\/v2\/media\/1834"}],"wp:attachment":[{"href":"https:\/\/www.ondernemendvenlo.nl\/de\/wp-json\/wp\/v2\/media?parent=1833"}],"wp:term":[{"taxonomy":"category","embeddable":true,"href":"https:\/\/www.ondernemendvenlo.nl\/de\/wp-json\/wp\/v2\/categories?post=1833"},{"taxonomy":"post_tag","embeddable":true,"href":"https:\/\/www.ondernemendvenlo.nl\/de\/wp-json\/wp\/v2\/tags?post=1833"}],"curies":[{"name":"wp","href":"https:\/\/api.w.org\/{rel}","templated":true}]}}