{"id":1852,"date":"2019-12-12T14:30:00","date_gmt":"2019-12-12T13:30:00","guid":{"rendered":"https:\/\/www.ondernemendvenlo.nl\/glasvezel-op-businesspark-spikweien\/"},"modified":"2019-12-12T14:30:00","modified_gmt":"2019-12-12T13:30:00","slug":"glasvezel-op-businesspark-spikweien","status":"publish","type":"post","link":"https:\/\/www.ondernemendvenlo.nl\/de\/glasvezel-op-businesspark-spikweien\/","title":{"rendered":"Glasvezel op businesspark Spikweien"},"content":{"rendered":"<p><strong>VENLO &#8211;\u00a0Er zijn veel aanbieders op het gebied van glasvezel actief en er is veel onduidelijkheid over de mogelijkheden.\u00a0Piet Peters, voorzitter van afdeling Spikweien en directeur van PTS-Technische Service bv vertelt over zijn ervaring op Businesspark Spikweien.<\/strong><\/p>\n<p>Businesspark Spikweien in Lomm is \u00e9\u00e9n van de bedrijventerreinen in Venlo en als zodanig vertegenwoordigd in Ondernemend Venlo. Als bestuur van Ondernemend Venlo willen wij er naar streven om een optimale bereikbaarheid voor de ondernemers te cre\u00ebren. Een goed werkende internetverbinding is onderdeel hiervan.<\/p>\n<p>De regionale ondernemers in Venlo zijn gebaat bij een goed en optimaal werkende internetverbinding. Een glasvezelverbinding kan hier optimaal aan bijdragen. Een modern glasvezelnetwerk is volgens Piet Peters dus niet alleen belangrijk voor de industrie, maar ook voor slimme technische oplossingen zoals service op afstand, bewaking op afstand van processen, alarmsystemen en video meetings.<\/p>\n<p>Hoewel Piet Peters vraagtekens zet bij de chaotische opstart, is hij blij dat Glasvezel Buitenaf op Spikweien aan de slag gaat met de aanleg. Het heeft heel wat voeten in de aarde gehad om enige duidelijkheid te krijgen in het aanbod van internetproviders. Er was een overvloed aan informatie, het was niet duidelijk wie er verantwoordelijk is voor de uitvoering, voor de aanleg en hoe de eigen IT-middelen hier in te passen waren. Los van dit alles wordt geschermd met prijzen met verbindingen \u00e9\u00e9n op \u00e9\u00e9n of meer. Veel bedrijven proberen een graantje mee te pikken van de uitrol van de glasvezel. Vijf of nog meer bedrijven die de ondernemer continu benaderen of hij meedoet en dat hij een beter aanbod heeft dan zijn collega-aanbieder. Het bedrijf dat de infrastructuur aanlegt, staat niet helemaal los van \u00e9\u00e9n van de providers.<\/p>\n<p>Piet adviseert dus om u goed te laten informeren door uw eigen IT-bedrijf, neem ze mee in het proces en weeg alle voor en tegens tegen elkaar af. Neem een beslissing waar u de komende tijd en minimaal een jaar profijt van hebt en waar uw bedrijf goed geborgd is. Neem geen goedkope overeenkomst en let op de responstijd bij problemen en de beschikbaarheidsgaranties die worden geboden. Heeft u geen \u00e9\u00e9n op \u00e9\u00e9n verbinding nodig, doe het dan niet. Dit is voornamelijk interessant voor grote bedrijven. Voelt u zich goed bij uw huidige aansluiting en heeft u als klein bedrijf niet meer nodig, laat u niet verleiden. Neem geen overhaast besluit of teken niets tot u het zeker weet.<\/p>\n<p>Glasvezel wordt de toekomst. Wij wens u succes en wijsheid toe in deze.<\/p>","protected":false},"excerpt":{"rendered":"<p>VENLO &#8211;\u00a0Er zijn veel aanbieders op het gebied van glasvezel actief en er is veel onduidelijkheid over de mogelijkheden.\u00a0Piet Peters, voorzitter van afdeling Spikweien en directeur van PTS-Technische Service bv vertelt over zijn ervaring op Businesspark Spikweien. Businesspark Spikweien in Lomm is \u00e9\u00e9n van de bedrijventerreinen in Venlo en als zodanig vertegenwoordigd in Ondernemend Venlo. [&hellip;]<\/p>","protected":false},"author":1,"featured_media":1853,"comment_status":"closed","ping_status":"open","sticky":false,"template":"","format":"standard","meta":{"_acf_changed":false,"footnotes":""},"categories":[8],"tags":[],"class_list":["post-1852","post","type-post","status-publish","format-standard","has-post-thumbnail","hentry","category-nieuws"],"acf":[],"yoast_head":"<!-- This site is optimized with the Yoast SEO plugin v26.3 - https:\/\/yoast.com\/wordpress\/plugins\/seo\/ -->\n<title>Glasvezel op businesspark Spikweien - Ondernemend Venlo<\/title>\n<meta name=\"robots\" content=\"index, follow, max-snippet:-1, max-image-preview:large, max-video-preview:-1\" \/>\n<link rel=\"canonical\" href=\"https:\/\/www.ondernemendvenlo.nl\/de\/glasvezel-op-businesspark-spikweien\/\" \/>\n<meta property=\"og:locale\" content=\"de_DE\" \/>\n<meta property=\"og:type\" content=\"article\" \/>\n<meta property=\"og:title\" content=\"Glasvezel op businesspark Spikweien - Ondernemend Venlo\" \/>\n<meta property=\"og:description\" content=\"VENLO &#8211;\u00a0Er zijn veel aanbieders op het gebied van glasvezel actief en er is veel onduidelijkheid over de mogelijkheden.\u00a0Piet Peters, voorzitter van afdeling Spikweien en directeur van PTS-Technische Service bv vertelt over zijn ervaring op Businesspark Spikweien. Businesspark Spikweien in Lomm is \u00e9\u00e9n van de bedrijventerreinen in Venlo en als zodanig vertegenwoordigd in Ondernemend Venlo. [&hellip;]\" \/>\n<meta property=\"og:url\" content=\"https:\/\/www.ondernemendvenlo.nl\/de\/glasvezel-op-businesspark-spikweien\/\" \/>\n<meta property=\"og:site_name\" content=\"Ondernemend Venlo\" \/>\n<meta property=\"article:published_time\" content=\"2019-12-12T13:30:00+00:00\" \/>\n<meta property=\"og:image\" content=\"https:\/\/www.ondernemendvenlo.nl\/wp-content\/uploads\/2025\/04\/glass-fiber-4515382_1920.jpg\" \/>\n\t<meta property=\"og:image:width\" content=\"1920\" \/>\n\t<meta property=\"og:image:height\" content=\"1280\" \/>\n\t<meta property=\"og:image:type\" content=\"image\/jpeg\" \/>\n<meta name=\"author\" content=\"admin\" \/>\n<meta name=\"twitter:card\" content=\"summary_large_image\" \/>\n<meta name=\"twitter:label1\" content=\"Verfasst von\" \/>\n\t<meta name=\"twitter:data1\" content=\"admin\" \/>\n\t<meta name=\"twitter:label2\" content=\"Gesch\u00e4tzte Lesezeit\" \/>\n\t<meta name=\"twitter:data2\" content=\"2\u00a0Minuten\" \/>\n<script type=\"application\/ld+json\" class=\"yoast-schema-graph\">{\"@context\":\"https:\/\/schema.org\",\"@graph\":[{\"@type\":\"Article\",\"@id\":\"https:\/\/www.ondernemendvenlo.nl\/glasvezel-op-businesspark-spikweien\/#article\",\"isPartOf\":{\"@id\":\"https:\/\/www.ondernemendvenlo.nl\/glasvezel-op-businesspark-spikweien\/\"},\"author\":{\"name\":\"admin\",\"@id\":\"https:\/\/www.ondernemendvenlo.nl\/#\/schema\/person\/347e935f8ad4c7030608ef74bb57aa6e\"},\"headline\":\"Glasvezel op businesspark Spikweien\",\"datePublished\":\"2019-12-12T13:30:00+00:00\",\"mainEntityOfPage\":{\"@id\":\"https:\/\/www.ondernemendvenlo.nl\/glasvezel-op-businesspark-spikweien\/\"},\"wordCount\":413,\"publisher\":{\"@id\":\"https:\/\/www.ondernemendvenlo.nl\/#organization\"},\"image\":{\"@id\":\"https:\/\/www.ondernemendvenlo.nl\/glasvezel-op-businesspark-spikweien\/#primaryimage\"},\"thumbnailUrl\":\"https:\/\/www.ondernemendvenlo.nl\/wp-content\/uploads\/2025\/04\/glass-fiber-4515382_1920.jpg\",\"articleSection\":[\"Nieuws\"],\"inLanguage\":\"de\"},{\"@type\":\"WebPage\",\"@id\":\"https:\/\/www.ondernemendvenlo.nl\/glasvezel-op-businesspark-spikweien\/\",\"url\":\"https:\/\/www.ondernemendvenlo.nl\/glasvezel-op-businesspark-spikweien\/\",\"name\":\"Glasvezel op businesspark Spikweien - Ondernemend Venlo\",\"isPartOf\":{\"@id\":\"https:\/\/www.ondernemendvenlo.nl\/#website\"},\"primaryImageOfPage\":{\"@id\":\"https:\/\/www.ondernemendvenlo.nl\/glasvezel-op-businesspark-spikweien\/#primaryimage\"},\"image\":{\"@id\":\"https:\/\/www.ondernemendvenlo.nl\/glasvezel-op-businesspark-spikweien\/#primaryimage\"},\"thumbnailUrl\":\"https:\/\/www.ondernemendvenlo.nl\/wp-content\/uploads\/2025\/04\/glass-fiber-4515382_1920.jpg\",\"datePublished\":\"2019-12-12T13:30:00+00:00\",\"breadcrumb\":{\"@id\":\"https:\/\/www.ondernemendvenlo.nl\/glasvezel-op-businesspark-spikweien\/#breadcrumb\"},\"inLanguage\":\"de\",\"potentialAction\":[{\"@type\":\"ReadAction\",\"target\":[\"https:\/\/www.ondernemendvenlo.nl\/glasvezel-op-businesspark-spikweien\/\"]}]},{\"@type\":\"ImageObject\",\"inLanguage\":\"de\",\"@id\":\"https:\/\/www.ondernemendvenlo.nl\/glasvezel-op-businesspark-spikweien\/#primaryimage\",\"url\":\"https:\/\/www.ondernemendvenlo.nl\/wp-content\/uploads\/2025\/04\/glass-fiber-4515382_1920.jpg\",\"contentUrl\":\"https:\/\/www.ondernemendvenlo.nl\/wp-content\/uploads\/2025\/04\/glass-fiber-4515382_1920.jpg\",\"width\":1920,\"height\":1280},{\"@type\":\"BreadcrumbList\",\"@id\":\"https:\/\/www.ondernemendvenlo.nl\/glasvezel-op-businesspark-spikweien\/#breadcrumb\",\"itemListElement\":[{\"@type\":\"ListItem\",\"position\":1,\"name\":\"Ondernemend Venlo\",\"item\":\"https:\/\/www.ondernemendvenlo.nl\/\"},{\"@type\":\"ListItem\",\"position\":2,\"name\":\"Nieuws\",\"item\":\"https:\/\/www.ondernemendvenlo.nl\/categorie\/nieuws\/\"},{\"@type\":\"ListItem\",\"position\":3,\"name\":\"Glasvezel op businesspark Spikweien\"}]},{\"@type\":\"WebSite\",\"@id\":\"https:\/\/www.ondernemendvenlo.nl\/#website\",\"url\":\"https:\/\/www.ondernemendvenlo.nl\/\",\"name\":\"Ondernemend Venlo\",\"description\":\"Samen succesvol ondernemen\",\"publisher\":{\"@id\":\"https:\/\/www.ondernemendvenlo.nl\/#organization\"},\"potentialAction\":[{\"@type\":\"SearchAction\",\"target\":{\"@type\":\"EntryPoint\",\"urlTemplate\":\"https:\/\/www.ondernemendvenlo.nl\/?s={search_term_string}\"},\"query-input\":{\"@type\":\"PropertyValueSpecification\",\"valueRequired\":true,\"valueName\":\"search_term_string\"}}],\"inLanguage\":\"de\"},{\"@type\":\"Organization\",\"@id\":\"https:\/\/www.ondernemendvenlo.nl\/#organization\",\"name\":\"Ondernemend Venlo\",\"url\":\"https:\/\/www.ondernemendvenlo.nl\/\",\"logo\":{\"@type\":\"ImageObject\",\"inLanguage\":\"de\",\"@id\":\"https:\/\/www.ondernemendvenlo.nl\/#\/schema\/logo\/image\/\",\"url\":\"https:\/\/www.ondernemendvenlo.nl\/wp-content\/uploads\/2025\/02\/Ondernemend-Venlo-logo-scaled.webp\",\"contentUrl\":\"https:\/\/www.ondernemendvenlo.nl\/wp-content\/uploads\/2025\/02\/Ondernemend-Venlo-logo-scaled.webp\",\"width\":2560,\"height\":1010,\"caption\":\"Ondernemend Venlo\"},\"image\":{\"@id\":\"https:\/\/www.ondernemendvenlo.nl\/#\/schema\/logo\/image\/\"},\"sameAs\":[\"https:\/\/www.linkedin.com\/company\/ondernemend-venlo\/\"]},{\"@type\":\"Person\",\"@id\":\"https:\/\/www.ondernemendvenlo.nl\/#\/schema\/person\/347e935f8ad4c7030608ef74bb57aa6e\",\"name\":\"admin\",\"image\":{\"@type\":\"ImageObject\",\"inLanguage\":\"de\",\"@id\":\"https:\/\/www.ondernemendvenlo.nl\/#\/schema\/person\/image\/\",\"url\":\"https:\/\/www.ondernemendvenlo.nl\/wp-content\/litespeed\/avatar\/720af750b037aecf6e33e12833479059.jpg?ver=1777382954\",\"contentUrl\":\"https:\/\/www.ondernemendvenlo.nl\/wp-content\/litespeed\/avatar\/720af750b037aecf6e33e12833479059.jpg?ver=1777382954\",\"caption\":\"admin\"},\"sameAs\":[\"https:\/\/www.ondernemendvenlo.nl\"]}]}<\/script>\n<!-- \/ Yoast SEO plugin. -->","yoast_head_json":{"title":"Glasvezel op businesspark Spikweien - Ondernemend Venlo","robots":{"index":"index","follow":"follow","max-snippet":"max-snippet:-1","max-image-preview":"max-image-preview:large","max-video-preview":"max-video-preview:-1"},"canonical":"https:\/\/www.ondernemendvenlo.nl\/de\/glasvezel-op-businesspark-spikweien\/","og_locale":"de_DE","og_type":"article","og_title":"Glasvezel op businesspark Spikweien - Ondernemend Venlo","og_description":"VENLO &#8211;\u00a0Er zijn veel aanbieders op het gebied van glasvezel actief en er is veel onduidelijkheid over de mogelijkheden.\u00a0Piet Peters, voorzitter van afdeling Spikweien en directeur van PTS-Technische Service bv vertelt over zijn ervaring op Businesspark Spikweien. Businesspark Spikweien in Lomm is \u00e9\u00e9n van de bedrijventerreinen in Venlo en als zodanig vertegenwoordigd in Ondernemend Venlo. [&hellip;]","og_url":"https:\/\/www.ondernemendvenlo.nl\/de\/glasvezel-op-businesspark-spikweien\/","og_site_name":"Ondernemend Venlo","article_published_time":"2019-12-12T13:30:00+00:00","og_image":[{"width":1920,"height":1280,"url":"https:\/\/www.ondernemendvenlo.nl\/wp-content\/uploads\/2025\/04\/glass-fiber-4515382_1920.jpg","type":"image\/jpeg"}],"author":"admin","twitter_card":"summary_large_image","twitter_misc":{"Verfasst von":"admin","Gesch\u00e4tzte Lesezeit":"2\u00a0Minuten"},"schema":{"@context":"https:\/\/schema.org","@graph":[{"@type":"Article","@id":"https:\/\/www.ondernemendvenlo.nl\/glasvezel-op-businesspark-spikweien\/#article","isPartOf":{"@id":"https:\/\/www.ondernemendvenlo.nl\/glasvezel-op-businesspark-spikweien\/"},"author":{"name":"admin","@id":"https:\/\/www.ondernemendvenlo.nl\/#\/schema\/person\/347e935f8ad4c7030608ef74bb57aa6e"},"headline":"Glasvezel op businesspark Spikweien","datePublished":"2019-12-12T13:30:00+00:00","mainEntityOfPage":{"@id":"https:\/\/www.ondernemendvenlo.nl\/glasvezel-op-businesspark-spikweien\/"},"wordCount":413,"publisher":{"@id":"https:\/\/www.ondernemendvenlo.nl\/#organization"},"image":{"@id":"https:\/\/www.ondernemendvenlo.nl\/glasvezel-op-businesspark-spikweien\/#primaryimage"},"thumbnailUrl":"https:\/\/www.ondernemendvenlo.nl\/wp-content\/uploads\/2025\/04\/glass-fiber-4515382_1920.jpg","articleSection":["Nieuws"],"inLanguage":"de"},{"@type":"WebPage","@id":"https:\/\/www.ondernemendvenlo.nl\/glasvezel-op-businesspark-spikweien\/","url":"https:\/\/www.ondernemendvenlo.nl\/glasvezel-op-businesspark-spikweien\/","name":"Glasvezel op businesspark Spikweien - Ondernemend Venlo","isPartOf":{"@id":"https:\/\/www.ondernemendvenlo.nl\/#website"},"primaryImageOfPage":{"@id":"https:\/\/www.ondernemendvenlo.nl\/glasvezel-op-businesspark-spikweien\/#primaryimage"},"image":{"@id":"https:\/\/www.ondernemendvenlo.nl\/glasvezel-op-businesspark-spikweien\/#primaryimage"},"thumbnailUrl":"https:\/\/www.ondernemendvenlo.nl\/wp-content\/uploads\/2025\/04\/glass-fiber-4515382_1920.jpg","datePublished":"2019-12-12T13:30:00+00:00","breadcrumb":{"@id":"https:\/\/www.ondernemendvenlo.nl\/glasvezel-op-businesspark-spikweien\/#breadcrumb"},"inLanguage":"de","potentialAction":[{"@type":"ReadAction","target":["https:\/\/www.ondernemendvenlo.nl\/glasvezel-op-businesspark-spikweien\/"]}]},{"@type":"ImageObject","inLanguage":"de","@id":"https:\/\/www.ondernemendvenlo.nl\/glasvezel-op-businesspark-spikweien\/#primaryimage","url":"https:\/\/www.ondernemendvenlo.nl\/wp-content\/uploads\/2025\/04\/glass-fiber-4515382_1920.jpg","contentUrl":"https:\/\/www.ondernemendvenlo.nl\/wp-content\/uploads\/2025\/04\/glass-fiber-4515382_1920.jpg","width":1920,"height":1280},{"@type":"BreadcrumbList","@id":"https:\/\/www.ondernemendvenlo.nl\/glasvezel-op-businesspark-spikweien\/#breadcrumb","itemListElement":[{"@type":"ListItem","position":1,"name":"Ondernemend Venlo","item":"https:\/\/www.ondernemendvenlo.nl\/"},{"@type":"ListItem","position":2,"name":"Nieuws","item":"https:\/\/www.ondernemendvenlo.nl\/categorie\/nieuws\/"},{"@type":"ListItem","position":3,"name":"Glasvezel op businesspark Spikweien"}]},{"@type":"WebSite","@id":"https:\/\/www.ondernemendvenlo.nl\/#website","url":"https:\/\/www.ondernemendvenlo.nl\/","name":"Unternehmerisches Venlo","description":"Samen succesvol ondernemen","publisher":{"@id":"https:\/\/www.ondernemendvenlo.nl\/#organization"},"potentialAction":[{"@type":"SearchAction","target":{"@type":"EntryPoint","urlTemplate":"https:\/\/www.ondernemendvenlo.nl\/?s={search_term_string}"},"query-input":{"@type":"PropertyValueSpecification","valueRequired":true,"valueName":"search_term_string"}}],"inLanguage":"de"},{"@type":"Organization","@id":"https:\/\/www.ondernemendvenlo.nl\/#organization","name":"Unternehmerisches Venlo","url":"https:\/\/www.ondernemendvenlo.nl\/","logo":{"@type":"ImageObject","inLanguage":"de","@id":"https:\/\/www.ondernemendvenlo.nl\/#\/schema\/logo\/image\/","url":"https:\/\/www.ondernemendvenlo.nl\/wp-content\/uploads\/2025\/02\/Ondernemend-Venlo-logo-scaled.webp","contentUrl":"https:\/\/www.ondernemendvenlo.nl\/wp-content\/uploads\/2025\/02\/Ondernemend-Venlo-logo-scaled.webp","width":2560,"height":1010,"caption":"Ondernemend Venlo"},"image":{"@id":"https:\/\/www.ondernemendvenlo.nl\/#\/schema\/logo\/image\/"},"sameAs":["https:\/\/www.linkedin.com\/company\/ondernemend-venlo\/"]},{"@type":"Person","@id":"https:\/\/www.ondernemendvenlo.nl\/#\/schema\/person\/347e935f8ad4c7030608ef74bb57aa6e","name":"admin","image":{"@type":"ImageObject","inLanguage":"de","@id":"https:\/\/www.ondernemendvenlo.nl\/#\/schema\/person\/image\/","url":"https:\/\/www.ondernemendvenlo.nl\/wp-content\/litespeed\/avatar\/720af750b037aecf6e33e12833479059.jpg?ver=1777382954","contentUrl":"https:\/\/www.ondernemendvenlo.nl\/wp-content\/litespeed\/avatar\/720af750b037aecf6e33e12833479059.jpg?ver=1777382954","caption":"admin"},"sameAs":["https:\/\/www.ondernemendvenlo.nl"]}]}},"_links":{"self":[{"href":"https:\/\/www.ondernemendvenlo.nl\/de\/wp-json\/wp\/v2\/posts\/1852","targetHints":{"allow":["GET"]}}],"collection":[{"href":"https:\/\/www.ondernemendvenlo.nl\/de\/wp-json\/wp\/v2\/posts"}],"about":[{"href":"https:\/\/www.ondernemendvenlo.nl\/de\/wp-json\/wp\/v2\/types\/post"}],"author":[{"embeddable":true,"href":"https:\/\/www.ondernemendvenlo.nl\/de\/wp-json\/wp\/v2\/users\/1"}],"replies":[{"embeddable":true,"href":"https:\/\/www.ondernemendvenlo.nl\/de\/wp-json\/wp\/v2\/comments?post=1852"}],"version-history":[{"count":0,"href":"https:\/\/www.ondernemendvenlo.nl\/de\/wp-json\/wp\/v2\/posts\/1852\/revisions"}],"wp:featuredmedia":[{"embeddable":true,"href":"https:\/\/www.ondernemendvenlo.nl\/de\/wp-json\/wp\/v2\/media\/1853"}],"wp:attachment":[{"href":"https:\/\/www.ondernemendvenlo.nl\/de\/wp-json\/wp\/v2\/media?parent=1852"}],"wp:term":[{"taxonomy":"category","embeddable":true,"href":"https:\/\/www.ondernemendvenlo.nl\/de\/wp-json\/wp\/v2\/categories?post=1852"},{"taxonomy":"post_tag","embeddable":true,"href":"https:\/\/www.ondernemendvenlo.nl\/de\/wp-json\/wp\/v2\/tags?post=1852"}],"curies":[{"name":"wp","href":"https:\/\/api.w.org\/{rel}","templated":true}]}}