{"id":2079,"date":"2020-04-03T14:02:00","date_gmt":"2020-04-03T12:02:00","guid":{"rendered":"https:\/\/www.ondernemendvenlo.nl\/corona-richtlijnen-grensoverschrijdend-verkeer-en-personeel\/"},"modified":"2020-04-03T14:02:00","modified_gmt":"2020-04-03T12:02:00","slug":"corona-richtlijnen-grensoverschrijdend-verkeer-en-personeel","status":"publish","type":"post","link":"https:\/\/www.ondernemendvenlo.nl\/de\/corona-richtlijnen-grensoverschrijdend-verkeer-en-personeel\/","title":{"rendered":"Corona-Leitlinien: Grenz\u00fcberschreitender Verkehr und Personal"},"content":{"rendered":"<p><strong>VENLO - Die EU hat die Richtlinien \u00fcber den grenz\u00fcberschreitenden Verkehr aktualisiert.<\/strong><\/p>\n<p>Bei der Freiz\u00fcgigkeit werden neben Saisonarbeitern beispielsweise auch Lkw-Fahrer in diese Leitlinien einbezogen.<\/p>\n<p>Vor allem Transportarbeiter:<\/p>\n<p>Auto-, Lieferwagen- und Motorradfahrer9, Lkw- und Busfahrer (einschlie\u00dflich Bus- und Stra\u00dfenbahnfahrer) sowie Krankenwagenfahrer, einschlie\u00dflich der Fahrer, die im Rahmen des Katastrophenschutzverfahrens der Union Hilfe leisten, und der Fahrer, die repatriierte EU-B\u00fcrger aus einem anderen Mitgliedstaat an ihren Herkunftsort bef\u00f6rdern;<\/p>\n<p>Wenn Sie den gesamten Leitfaden lesen m\u00f6chten, klicken Sie hier: <a href=\"https:\/\/mlabusiness.nl\/wp-content\/uploads\/sites\/7\/2020\/04\/Communication_free_movement_under_coronavirus_situation.pdf\">Kommunikation_Freiz\u00fcgigkeit_unter_Koronavirus-Situation<\/a><\/p>","protected":false},"excerpt":{"rendered":"<p>VENLO &#8211; De EU heeft de richtlijnen aangepast in verband met grensoverschrijdend verkeer. In het vrije verkeer zijn behalve bijvoorbeeld seizoensarbeiders ook vrachtwagenchauffeurs in deze richtlijnen meegenomen. Transport workers, in particular: Car, Van and Motorcycle Drivers9, Heavy Truck and Bus Drivers (includes Bus and tram drivers) and ambulance drivers, including those drivers who transport assistance [&hellip;]<\/p>","protected":false},"author":1,"featured_media":2080,"comment_status":"closed","ping_status":"open","sticky":false,"template":"","format":"standard","meta":{"_acf_changed":false,"footnotes":""},"categories":[8],"tags":[],"class_list":["post-2079","post","type-post","status-publish","format-standard","has-post-thumbnail","hentry","category-nieuws"],"acf":[],"yoast_head":"<!-- This site is optimized with the Yoast SEO plugin v26.3 - https:\/\/yoast.com\/wordpress\/plugins\/seo\/ -->\n<title>Corona richtlijnen: Grensoverschrijdend verkeer en personeel - Ondernemend Venlo<\/title>\n<meta name=\"robots\" content=\"index, follow, max-snippet:-1, max-image-preview:large, max-video-preview:-1\" \/>\n<link rel=\"canonical\" href=\"https:\/\/www.ondernemendvenlo.nl\/de\/corona-richtlijnen-grensoverschrijdend-verkeer-en-personeel\/\" \/>\n<meta property=\"og:locale\" content=\"de_DE\" \/>\n<meta property=\"og:type\" content=\"article\" \/>\n<meta property=\"og:title\" content=\"Corona richtlijnen: Grensoverschrijdend verkeer en personeel - Ondernemend Venlo\" \/>\n<meta property=\"og:description\" content=\"VENLO &#8211; De EU heeft de richtlijnen aangepast in verband met grensoverschrijdend verkeer. In het vrije verkeer zijn behalve bijvoorbeeld seizoensarbeiders ook vrachtwagenchauffeurs in deze richtlijnen meegenomen. Transport workers, in particular: Car, Van and Motorcycle Drivers9, Heavy Truck and Bus Drivers (includes Bus and tram drivers) and ambulance drivers, including those drivers who transport assistance [&hellip;]\" \/>\n<meta property=\"og:url\" content=\"https:\/\/www.ondernemendvenlo.nl\/de\/corona-richtlijnen-grensoverschrijdend-verkeer-en-personeel\/\" \/>\n<meta property=\"og:site_name\" content=\"Ondernemend Venlo\" \/>\n<meta property=\"article:published_time\" content=\"2020-04-03T12:02:00+00:00\" \/>\n<meta property=\"og:image\" content=\"https:\/\/www.ondernemendvenlo.nl\/wp-content\/uploads\/2025\/04\/02d15931-scaled-1.jpg\" \/>\n\t<meta property=\"og:image:width\" content=\"2560\" \/>\n\t<meta property=\"og:image:height\" content=\"1706\" \/>\n\t<meta property=\"og:image:type\" content=\"image\/jpeg\" \/>\n<meta name=\"author\" content=\"admin\" \/>\n<meta name=\"twitter:card\" content=\"summary_large_image\" \/>\n<meta name=\"twitter:label1\" content=\"Verfasst von\" \/>\n\t<meta name=\"twitter:data1\" content=\"admin\" \/>\n<script type=\"application\/ld+json\" class=\"yoast-schema-graph\">{\"@context\":\"https:\/\/schema.org\",\"@graph\":[{\"@type\":\"Article\",\"@id\":\"https:\/\/www.ondernemendvenlo.nl\/corona-richtlijnen-grensoverschrijdend-verkeer-en-personeel\/#article\",\"isPartOf\":{\"@id\":\"https:\/\/www.ondernemendvenlo.nl\/corona-richtlijnen-grensoverschrijdend-verkeer-en-personeel\/\"},\"author\":{\"name\":\"admin\",\"@id\":\"https:\/\/www.ondernemendvenlo.nl\/#\/schema\/person\/347e935f8ad4c7030608ef74bb57aa6e\"},\"headline\":\"Corona richtlijnen: Grensoverschrijdend verkeer en personeel\",\"datePublished\":\"2020-04-03T12:02:00+00:00\",\"mainEntityOfPage\":{\"@id\":\"https:\/\/www.ondernemendvenlo.nl\/corona-richtlijnen-grensoverschrijdend-verkeer-en-personeel\/\"},\"wordCount\":96,\"publisher\":{\"@id\":\"https:\/\/www.ondernemendvenlo.nl\/#organization\"},\"image\":{\"@id\":\"https:\/\/www.ondernemendvenlo.nl\/corona-richtlijnen-grensoverschrijdend-verkeer-en-personeel\/#primaryimage\"},\"thumbnailUrl\":\"https:\/\/www.ondernemendvenlo.nl\/wp-content\/uploads\/2025\/04\/02d15931-scaled-1.jpg\",\"articleSection\":[\"Nieuws\"],\"inLanguage\":\"de\"},{\"@type\":\"WebPage\",\"@id\":\"https:\/\/www.ondernemendvenlo.nl\/corona-richtlijnen-grensoverschrijdend-verkeer-en-personeel\/\",\"url\":\"https:\/\/www.ondernemendvenlo.nl\/corona-richtlijnen-grensoverschrijdend-verkeer-en-personeel\/\",\"name\":\"Corona richtlijnen: Grensoverschrijdend verkeer en personeel - Ondernemend Venlo\",\"isPartOf\":{\"@id\":\"https:\/\/www.ondernemendvenlo.nl\/#website\"},\"primaryImageOfPage\":{\"@id\":\"https:\/\/www.ondernemendvenlo.nl\/corona-richtlijnen-grensoverschrijdend-verkeer-en-personeel\/#primaryimage\"},\"image\":{\"@id\":\"https:\/\/www.ondernemendvenlo.nl\/corona-richtlijnen-grensoverschrijdend-verkeer-en-personeel\/#primaryimage\"},\"thumbnailUrl\":\"https:\/\/www.ondernemendvenlo.nl\/wp-content\/uploads\/2025\/04\/02d15931-scaled-1.jpg\",\"datePublished\":\"2020-04-03T12:02:00+00:00\",\"breadcrumb\":{\"@id\":\"https:\/\/www.ondernemendvenlo.nl\/corona-richtlijnen-grensoverschrijdend-verkeer-en-personeel\/#breadcrumb\"},\"inLanguage\":\"de\",\"potentialAction\":[{\"@type\":\"ReadAction\",\"target\":[\"https:\/\/www.ondernemendvenlo.nl\/corona-richtlijnen-grensoverschrijdend-verkeer-en-personeel\/\"]}]},{\"@type\":\"ImageObject\",\"inLanguage\":\"de\",\"@id\":\"https:\/\/www.ondernemendvenlo.nl\/corona-richtlijnen-grensoverschrijdend-verkeer-en-personeel\/#primaryimage\",\"url\":\"https:\/\/www.ondernemendvenlo.nl\/wp-content\/uploads\/2025\/04\/02d15931-scaled-1.jpg\",\"contentUrl\":\"https:\/\/www.ondernemendvenlo.nl\/wp-content\/uploads\/2025\/04\/02d15931-scaled-1.jpg\",\"width\":2560,\"height\":1706},{\"@type\":\"BreadcrumbList\",\"@id\":\"https:\/\/www.ondernemendvenlo.nl\/corona-richtlijnen-grensoverschrijdend-verkeer-en-personeel\/#breadcrumb\",\"itemListElement\":[{\"@type\":\"ListItem\",\"position\":1,\"name\":\"Ondernemend Venlo\",\"item\":\"https:\/\/www.ondernemendvenlo.nl\/\"},{\"@type\":\"ListItem\",\"position\":2,\"name\":\"Nieuws\",\"item\":\"https:\/\/www.ondernemendvenlo.nl\/categorie\/nieuws\/\"},{\"@type\":\"ListItem\",\"position\":3,\"name\":\"Corona richtlijnen: Grensoverschrijdend verkeer en personeel\"}]},{\"@type\":\"WebSite\",\"@id\":\"https:\/\/www.ondernemendvenlo.nl\/#website\",\"url\":\"https:\/\/www.ondernemendvenlo.nl\/\",\"name\":\"Ondernemend Venlo\",\"description\":\"Samen succesvol ondernemen\",\"publisher\":{\"@id\":\"https:\/\/www.ondernemendvenlo.nl\/#organization\"},\"potentialAction\":[{\"@type\":\"SearchAction\",\"target\":{\"@type\":\"EntryPoint\",\"urlTemplate\":\"https:\/\/www.ondernemendvenlo.nl\/?s={search_term_string}\"},\"query-input\":{\"@type\":\"PropertyValueSpecification\",\"valueRequired\":true,\"valueName\":\"search_term_string\"}}],\"inLanguage\":\"de\"},{\"@type\":\"Organization\",\"@id\":\"https:\/\/www.ondernemendvenlo.nl\/#organization\",\"name\":\"Ondernemend Venlo\",\"url\":\"https:\/\/www.ondernemendvenlo.nl\/\",\"logo\":{\"@type\":\"ImageObject\",\"inLanguage\":\"de\",\"@id\":\"https:\/\/www.ondernemendvenlo.nl\/#\/schema\/logo\/image\/\",\"url\":\"https:\/\/www.ondernemendvenlo.nl\/wp-content\/uploads\/2025\/02\/Ondernemend-Venlo-logo-scaled.webp\",\"contentUrl\":\"https:\/\/www.ondernemendvenlo.nl\/wp-content\/uploads\/2025\/02\/Ondernemend-Venlo-logo-scaled.webp\",\"width\":2560,\"height\":1010,\"caption\":\"Ondernemend Venlo\"},\"image\":{\"@id\":\"https:\/\/www.ondernemendvenlo.nl\/#\/schema\/logo\/image\/\"},\"sameAs\":[\"https:\/\/www.linkedin.com\/company\/ondernemend-venlo\/\"]},{\"@type\":\"Person\",\"@id\":\"https:\/\/www.ondernemendvenlo.nl\/#\/schema\/person\/347e935f8ad4c7030608ef74bb57aa6e\",\"name\":\"admin\",\"image\":{\"@type\":\"ImageObject\",\"inLanguage\":\"de\",\"@id\":\"https:\/\/www.ondernemendvenlo.nl\/#\/schema\/person\/image\/\",\"url\":\"https:\/\/www.ondernemendvenlo.nl\/wp-content\/litespeed\/avatar\/720af750b037aecf6e33e12833479059.jpg?ver=1777382954\",\"contentUrl\":\"https:\/\/www.ondernemendvenlo.nl\/wp-content\/litespeed\/avatar\/720af750b037aecf6e33e12833479059.jpg?ver=1777382954\",\"caption\":\"admin\"},\"sameAs\":[\"https:\/\/www.ondernemendvenlo.nl\"]}]}<\/script>\n<!-- \/ Yoast SEO plugin. -->","yoast_head_json":{"title":"Corona richtlijnen: Grensoverschrijdend verkeer en personeel - Ondernemend Venlo","robots":{"index":"index","follow":"follow","max-snippet":"max-snippet:-1","max-image-preview":"max-image-preview:large","max-video-preview":"max-video-preview:-1"},"canonical":"https:\/\/www.ondernemendvenlo.nl\/de\/corona-richtlijnen-grensoverschrijdend-verkeer-en-personeel\/","og_locale":"de_DE","og_type":"article","og_title":"Corona richtlijnen: Grensoverschrijdend verkeer en personeel - Ondernemend Venlo","og_description":"VENLO &#8211; De EU heeft de richtlijnen aangepast in verband met grensoverschrijdend verkeer. In het vrije verkeer zijn behalve bijvoorbeeld seizoensarbeiders ook vrachtwagenchauffeurs in deze richtlijnen meegenomen. Transport workers, in particular: Car, Van and Motorcycle Drivers9, Heavy Truck and Bus Drivers (includes Bus and tram drivers) and ambulance drivers, including those drivers who transport assistance [&hellip;]","og_url":"https:\/\/www.ondernemendvenlo.nl\/de\/corona-richtlijnen-grensoverschrijdend-verkeer-en-personeel\/","og_site_name":"Ondernemend Venlo","article_published_time":"2020-04-03T12:02:00+00:00","og_image":[{"width":2560,"height":1706,"url":"https:\/\/www.ondernemendvenlo.nl\/wp-content\/uploads\/2025\/04\/02d15931-scaled-1.jpg","type":"image\/jpeg"}],"author":"admin","twitter_card":"summary_large_image","twitter_misc":{"Verfasst von":"admin"},"schema":{"@context":"https:\/\/schema.org","@graph":[{"@type":"Article","@id":"https:\/\/www.ondernemendvenlo.nl\/corona-richtlijnen-grensoverschrijdend-verkeer-en-personeel\/#article","isPartOf":{"@id":"https:\/\/www.ondernemendvenlo.nl\/corona-richtlijnen-grensoverschrijdend-verkeer-en-personeel\/"},"author":{"name":"admin","@id":"https:\/\/www.ondernemendvenlo.nl\/#\/schema\/person\/347e935f8ad4c7030608ef74bb57aa6e"},"headline":"Corona richtlijnen: Grensoverschrijdend verkeer en personeel","datePublished":"2020-04-03T12:02:00+00:00","mainEntityOfPage":{"@id":"https:\/\/www.ondernemendvenlo.nl\/corona-richtlijnen-grensoverschrijdend-verkeer-en-personeel\/"},"wordCount":96,"publisher":{"@id":"https:\/\/www.ondernemendvenlo.nl\/#organization"},"image":{"@id":"https:\/\/www.ondernemendvenlo.nl\/corona-richtlijnen-grensoverschrijdend-verkeer-en-personeel\/#primaryimage"},"thumbnailUrl":"https:\/\/www.ondernemendvenlo.nl\/wp-content\/uploads\/2025\/04\/02d15931-scaled-1.jpg","articleSection":["Nieuws"],"inLanguage":"de"},{"@type":"WebPage","@id":"https:\/\/www.ondernemendvenlo.nl\/corona-richtlijnen-grensoverschrijdend-verkeer-en-personeel\/","url":"https:\/\/www.ondernemendvenlo.nl\/corona-richtlijnen-grensoverschrijdend-verkeer-en-personeel\/","name":"Corona richtlijnen: Grensoverschrijdend verkeer en personeel - Ondernemend Venlo","isPartOf":{"@id":"https:\/\/www.ondernemendvenlo.nl\/#website"},"primaryImageOfPage":{"@id":"https:\/\/www.ondernemendvenlo.nl\/corona-richtlijnen-grensoverschrijdend-verkeer-en-personeel\/#primaryimage"},"image":{"@id":"https:\/\/www.ondernemendvenlo.nl\/corona-richtlijnen-grensoverschrijdend-verkeer-en-personeel\/#primaryimage"},"thumbnailUrl":"https:\/\/www.ondernemendvenlo.nl\/wp-content\/uploads\/2025\/04\/02d15931-scaled-1.jpg","datePublished":"2020-04-03T12:02:00+00:00","breadcrumb":{"@id":"https:\/\/www.ondernemendvenlo.nl\/corona-richtlijnen-grensoverschrijdend-verkeer-en-personeel\/#breadcrumb"},"inLanguage":"de","potentialAction":[{"@type":"ReadAction","target":["https:\/\/www.ondernemendvenlo.nl\/corona-richtlijnen-grensoverschrijdend-verkeer-en-personeel\/"]}]},{"@type":"ImageObject","inLanguage":"de","@id":"https:\/\/www.ondernemendvenlo.nl\/corona-richtlijnen-grensoverschrijdend-verkeer-en-personeel\/#primaryimage","url":"https:\/\/www.ondernemendvenlo.nl\/wp-content\/uploads\/2025\/04\/02d15931-scaled-1.jpg","contentUrl":"https:\/\/www.ondernemendvenlo.nl\/wp-content\/uploads\/2025\/04\/02d15931-scaled-1.jpg","width":2560,"height":1706},{"@type":"BreadcrumbList","@id":"https:\/\/www.ondernemendvenlo.nl\/corona-richtlijnen-grensoverschrijdend-verkeer-en-personeel\/#breadcrumb","itemListElement":[{"@type":"ListItem","position":1,"name":"Ondernemend Venlo","item":"https:\/\/www.ondernemendvenlo.nl\/"},{"@type":"ListItem","position":2,"name":"Nieuws","item":"https:\/\/www.ondernemendvenlo.nl\/categorie\/nieuws\/"},{"@type":"ListItem","position":3,"name":"Corona richtlijnen: Grensoverschrijdend verkeer en personeel"}]},{"@type":"WebSite","@id":"https:\/\/www.ondernemendvenlo.nl\/#website","url":"https:\/\/www.ondernemendvenlo.nl\/","name":"Unternehmerisches Venlo","description":"Samen succesvol ondernemen","publisher":{"@id":"https:\/\/www.ondernemendvenlo.nl\/#organization"},"potentialAction":[{"@type":"SearchAction","target":{"@type":"EntryPoint","urlTemplate":"https:\/\/www.ondernemendvenlo.nl\/?s={search_term_string}"},"query-input":{"@type":"PropertyValueSpecification","valueRequired":true,"valueName":"search_term_string"}}],"inLanguage":"de"},{"@type":"Organization","@id":"https:\/\/www.ondernemendvenlo.nl\/#organization","name":"Unternehmerisches Venlo","url":"https:\/\/www.ondernemendvenlo.nl\/","logo":{"@type":"ImageObject","inLanguage":"de","@id":"https:\/\/www.ondernemendvenlo.nl\/#\/schema\/logo\/image\/","url":"https:\/\/www.ondernemendvenlo.nl\/wp-content\/uploads\/2025\/02\/Ondernemend-Venlo-logo-scaled.webp","contentUrl":"https:\/\/www.ondernemendvenlo.nl\/wp-content\/uploads\/2025\/02\/Ondernemend-Venlo-logo-scaled.webp","width":2560,"height":1010,"caption":"Ondernemend Venlo"},"image":{"@id":"https:\/\/www.ondernemendvenlo.nl\/#\/schema\/logo\/image\/"},"sameAs":["https:\/\/www.linkedin.com\/company\/ondernemend-venlo\/"]},{"@type":"Person","@id":"https:\/\/www.ondernemendvenlo.nl\/#\/schema\/person\/347e935f8ad4c7030608ef74bb57aa6e","name":"admin","image":{"@type":"ImageObject","inLanguage":"de","@id":"https:\/\/www.ondernemendvenlo.nl\/#\/schema\/person\/image\/","url":"https:\/\/www.ondernemendvenlo.nl\/wp-content\/litespeed\/avatar\/720af750b037aecf6e33e12833479059.jpg?ver=1777382954","contentUrl":"https:\/\/www.ondernemendvenlo.nl\/wp-content\/litespeed\/avatar\/720af750b037aecf6e33e12833479059.jpg?ver=1777382954","caption":"admin"},"sameAs":["https:\/\/www.ondernemendvenlo.nl"]}]}},"_links":{"self":[{"href":"https:\/\/www.ondernemendvenlo.nl\/de\/wp-json\/wp\/v2\/posts\/2079","targetHints":{"allow":["GET"]}}],"collection":[{"href":"https:\/\/www.ondernemendvenlo.nl\/de\/wp-json\/wp\/v2\/posts"}],"about":[{"href":"https:\/\/www.ondernemendvenlo.nl\/de\/wp-json\/wp\/v2\/types\/post"}],"author":[{"embeddable":true,"href":"https:\/\/www.ondernemendvenlo.nl\/de\/wp-json\/wp\/v2\/users\/1"}],"replies":[{"embeddable":true,"href":"https:\/\/www.ondernemendvenlo.nl\/de\/wp-json\/wp\/v2\/comments?post=2079"}],"version-history":[{"count":0,"href":"https:\/\/www.ondernemendvenlo.nl\/de\/wp-json\/wp\/v2\/posts\/2079\/revisions"}],"wp:featuredmedia":[{"embeddable":true,"href":"https:\/\/www.ondernemendvenlo.nl\/de\/wp-json\/wp\/v2\/media\/2080"}],"wp:attachment":[{"href":"https:\/\/www.ondernemendvenlo.nl\/de\/wp-json\/wp\/v2\/media?parent=2079"}],"wp:term":[{"taxonomy":"category","embeddable":true,"href":"https:\/\/www.ondernemendvenlo.nl\/de\/wp-json\/wp\/v2\/categories?post=2079"},{"taxonomy":"post_tag","embeddable":true,"href":"https:\/\/www.ondernemendvenlo.nl\/de\/wp-json\/wp\/v2\/tags?post=2079"}],"curies":[{"name":"wp","href":"https:\/\/api.w.org\/{rel}","templated":true}]}}