{"id":2145,"date":"2020-05-21T08:30:47","date_gmt":"2020-05-21T06:30:47","guid":{"rendered":"https:\/\/www.ondernemendvenlo.nl\/te-veel-duitse-kooptoeristen-venlo-neemt-maatregelen\/"},"modified":"2020-05-21T08:30:47","modified_gmt":"2020-05-21T06:30:47","slug":"te-veel-duitse-kooptoeristen-venlo-neemt-maatregelen","status":"publish","type":"post","link":"https:\/\/www.ondernemendvenlo.nl\/de\/te-veel-duitse-kooptoeristen-venlo-neemt-maatregelen\/","title":{"rendered":"Zu viele deutsche Einkaufstouristen: Venlo ergreift Ma\u00dfnahmen"},"content":{"rendered":"<p><strong>VENLO - Die Stadtverwaltung von Venlo hat zus\u00e4tzliche Ma\u00dfnahmen ergriffen, um den Besuch des Stadtzentrums von Venlo sicherer und angenehmer zu gestalten. Am vergangenen Sonntag war in der Stadt zu viel los. Vor allem die vielen deutschen Einkaufstouristen, die wir normalerweise gerne empfangen, machten zus\u00e4tzliche Ma\u00dfnahmen erforderlich. Vor allem am Deutschen Eck und in der Lomstraat waren die \u00f6ffentlichen Bereiche viel, viel zu stark frequentiert.<\/strong><\/p>\n<p>Die neuen Ma\u00dfnahmen wurden in den deutschen Medien verbreitet und rufen dazu auf, den Tag NICHT zum Spa\u00df mit der ganzen Familie zu machen. Sie sind willkommen, aber so viel wie m\u00f6glich allein, und gehen Sie ganz gezielt einkaufen. F\u00fcr richtiges Spa\u00dfshopping ist es noch zu fr\u00fch. Es wird auch auf die M\u00f6glichkeit der Vollstreckung hingewiesen, die ein Bu\u00dfgeld von 390 Euro pro Person vorsieht.<\/p>\n<p>Die Stadt Venlo ist sich der Tatsache bewusst, dass ein ver\u00f6detes Stadtzentrum kurzfristig, aber sicherlich auch l\u00e4ngerfristig zu schweren wirtschaftlichen Sch\u00e4den f\u00fchren wird. Aber ein \u00fcberf\u00fclltes Stadtzentrum ist derzeit unerw\u00fcnscht und sch\u00e4dlich f\u00fcr die \u00f6ffentliche Gesundheit. In dieser neuen Situation muss also ein \"Mittelweg\" gefunden werden. Mit den zus\u00e4tzlichen Ma\u00dfnahmen soll dies erreicht werden. Da eine Schlie\u00dfung der Grenzen und Grenzkontrollen aufgrund von Vereinbarungen zwischen den beiden L\u00e4ndern nicht m\u00f6glich sind, sind Ma\u00dfnahmen auf lokaler Ebene erforderlich.<\/p>\n<p><strong>Die zentrale Botschaft lautet nach wie vor, dass ein Besuch im Stadtzentrum von Venlo NICHT zu einem vergn\u00fcglichen Tagesausflug f\u00fcr die ganze Familie werden sollte. Daf\u00fcr ist es noch viel zu fr\u00fch. Gehen Sie also ganz gezielt einkaufen und kommen Sie am besten allein. Dies wird auch in den deutschen Medien bekannt gemacht werden.<br \/>\n<\/strong><br \/>\nSowohl in den Niederlanden als auch in Deutschland werden die Ma\u00dfnahmen gelockert, was unwiderruflich zu mehr Gedr\u00e4nge auf den Stra\u00dfen und in den Innenst\u00e4dten f\u00fchren wird. Unsere Bem\u00fchungen konzentrieren sich jedoch weiterhin darauf, eine weitere Ausbreitung des Coronavirus zu verhindern. Auch werden wir uns nach all den ruhigen Wochen im Stadtzentrum wieder an die zunehmenden Menschenmassen gew\u00f6hnen m\u00fcssen. Vieles h\u00e4ngt auch vom individuellen Verhalten der Besucher und dem gesunden Menschenverstand bei der Einhaltung der Regeln ab. Im Falle von \u00dcberschreitungen werden jedoch weiterhin Bu\u00dfgelder verh\u00e4ngt.<\/p>\n<p><strong>Letzte Woche wurde bereits ein 10-Punkte-Plan in Umlauf gebracht. Diese lauteten wie folgt:<\/strong><\/p>\n<p>1.    Halten Sie einen Mindestabstand von anderthalb Metern zu anderen Besuchern und Mitarbeitern, sowohl auf der Stra\u00dfe als auch im Gesch\u00e4ft<br \/>\n2.    Gehen Sie in der Einkaufsstra\u00dfe so weit wie m\u00f6glich nach rechts.<br \/>\n3.    Kommen Sie so oft wie m\u00f6glich allein.<br \/>\n4.    Bereiten Sie Ihren Besuch in der Einkaufszone gut vor und kaufen Sie gezielt ein<br \/>\n5.    Ber\u00fchren Sie nur das Produkt, das Sie brauchen<br \/>\n6.    Bezahlen Sie vorzugsweise mit Ihrer Debit- oder Handykarte<br \/>\n7.    Bleiben Sie bei Erk\u00e4ltung oder Grippesymptomen zu Hause<br \/>\n8.    Bevor Sie ein Gesch\u00e4ft betreten, lesen Sie, was von Ihnen erwartet wird<br \/>\n9.    Befolgen Sie stets die Anweisungen des Personals und der Vollstrecker<br \/>\n10.    Seien Sie verst\u00e4ndnisvoll gegen\u00fcber anderen Besuchern und unserem Personal.<\/p>\n<p><strong>Hinzu kommen die folgenden Ma\u00dfnahmen:<\/strong><br \/>\nDas Szenario Deutscher Tag (Einsatz von Crowd Management durch Kameras, Polizei und Sicherheitskr\u00e4fte) wird von Donnerstag bis mindestens Sonntag eingesetzt:<\/p>\n<p>Verwendung von Textwagen und Beschilderung.<\/p>\n<p><a href=\"https:\/\/www.ondernemendvenlo.nl\/wp-content\/uploads\/2025\/04\/1777A048-080A-4E61-AFDC-0E6C228789A3.jpg\" class=\"external\" target=\"_blank\" rel=\"noopener noreferrer\"><img fetchpriority=\"high\" decoding=\"async\" class=\"alignnone size-medium wp-image-18861\" src=\"https:\/\/www.ondernemendvenlo.nl\/wp-content\/uploads\/2025\/04\/1777A048-080A-4E61-AFDC-0E6C228789A3-240x300.jpg\" alt=\"\" width=\"240\" height=\"300\" \/><\/a><br \/>\nVerkehrskontrolleure werden an wichtigen Punkten eingesetzt, um den Verkehrsfluss und die Verteilung auf die verschiedenen Parkh\u00e4user und Bereiche besser zu regeln<\/p>\n<p><a href=\"https:\/\/www.ondernemendvenlo.nl\/wp-content\/uploads\/2025\/04\/E8F996C3-0194-4C61-8D86-E0DD1DEE1D1E.jpg\" class=\"external\" target=\"_blank\" rel=\"noopener noreferrer\"><img decoding=\"async\" class=\"alignnone size-medium wp-image-18858\" src=\"https:\/\/www.ondernemendvenlo.nl\/wp-content\/uploads\/2025\/04\/E8F996C3-0194-4C61-8D86-E0DD1DEE1D1E-240x300.jpg\" alt=\"\" width=\"240\" height=\"300\" \/><\/a><\/p>\n<p>Die Lomstraat, Maasstraat und Steenstraat werden zu Einbahnstra\u00dfen. Das bedeutet, dass die Lomstraat nur vom Geldersepoort, die Maasstraat nur vom Oude Markt und die Steenstraat nur vom Markt aus erreichbar sein wird.<\/p>\n<p><a href=\"https:\/\/www.ondernemendvenlo.nl\/wp-content\/uploads\/2025\/04\/115C093B-2204-43A3-BD4F-9AFEB548DDCD.jpg\" class=\"external\" target=\"_blank\" rel=\"noopener noreferrer\"><img decoding=\"async\" class=\"alignnone size-medium wp-image-18862\" src=\"https:\/\/www.ondernemendvenlo.nl\/wp-content\/uploads\/2025\/04\/115C093B-2204-43A3-BD4F-9AFEB548DDCD-240x300.jpg\" alt=\"\" width=\"240\" height=\"300\" \/><\/a><\/p>\n<p>Die Vleesstraat wird eine physische Trennung (bis zum V&amp;D-Gel\u00e4nde) durch gro\u00dfe Pflastersteine erhalten. Damit wollen wir Laufwege schaffen, bei denen die Empfehlung lautet, sich rechts zu halten<\/p>\n<p><a href=\"https:\/\/www.ondernemendvenlo.nl\/wp-content\/uploads\/2025\/04\/EAE75CF7-FE4E-4B0E-B65D-A0E26C72AFAE.jpg\" class=\"external\" target=\"_blank\" rel=\"noopener noreferrer\"><img loading=\"lazy\" decoding=\"async\" class=\"alignnone size-medium wp-image-18857\" src=\"https:\/\/www.ondernemendvenlo.nl\/wp-content\/uploads\/2025\/04\/EAE75CF7-FE4E-4B0E-B65D-A0E26C72AFAE-240x300.jpg\" alt=\"\" width=\"240\" height=\"300\" \/><\/a><\/p>\n<p>Erforderlichenfalls k\u00f6nnen Stra\u00dfen vor\u00fcbergehend gesperrt werden, um den Zugang neuer Besucher zu verhindern. Erforderlichenfalls wird dem Verkehr der Zugang zum Zentrum\/Parkpl\u00e4tze und Parkh\u00e4user verwehrt, wenn es im Zentrum zu voll wird. Wir werden dies durch Kamera\u00fcberwachung und Beobachtungen vor Ort kontrollieren. Auch die Polizei (die das Sicherheitspersonal unterst\u00fctzt) kann jederzeit aufstocken. \u00dcberschreitungen werden mit einem Bu\u00dfgeld belegt (390 \u20ac). Stra\u00dfenauslagen sind im Stadtzentrum nicht mehr erlaubt. Dazu geh\u00f6ren Kleider- und Schuhst\u00e4nder, Werbeschilder und Spielger\u00e4te. Radfahrer werden gebeten, ihre Fahrr\u00e4der (einschlie\u00dflich der Fahrr\u00e4der des Personals) nicht mehr vor den Gesch\u00e4ften in den Einkaufsstra\u00dfen abzustellen. Die Gesch\u00e4fte m\u00fcssen selbst daf\u00fcr sorgen, dass die eineinhalb Meter lange Schlange vor den Gesch\u00e4ften eingehalten wird.<\/p>\n<div id='gallery-1' class='gallery galleryid-18845 gallery-columns-4 gallery-size-thumbnail'>\n<figure class='gallery-item'>\n<div class='gallery-icon portrait'>\n\t\t\t\t<a href='https:\/\/www.ondernemendvenlo.nl\/wp-content\/uploads\/2025\/04\/0FD9057A-E6DF-4FEE-AABB-4A982FC4D5EC.jpg' class=\"external\" target=\"_blank\" rel=\"noopener noreferrer\"><img loading=\"lazy\" decoding=\"async\" width=\"150\" height=\"150\" src=\"https:\/\/www.ondernemendvenlo.nl\/wp-content\/uploads\/2025\/04\/0FD9057A-E6DF-4FEE-AABB-4A982FC4D5EC-150x150.jpg\" class=\"attachment-thumbnail size-thumbnail\" alt=\"\" \/><\/a>\n\t\t\t<\/div>\n<\/figure>\n<figure class='gallery-item'>\n<div class='gallery-icon portrait'>\n\t\t\t\t<a href='https:\/\/www.ondernemendvenlo.nl\/wp-content\/uploads\/2025\/04\/1E09944E-77E4-487F-B23A-7D43EE1D1779.jpg' class=\"external\" target=\"_blank\" rel=\"noopener noreferrer\"><img loading=\"lazy\" decoding=\"async\" width=\"150\" height=\"150\" src=\"https:\/\/www.ondernemendvenlo.nl\/wp-content\/uploads\/2025\/04\/1E09944E-77E4-487F-B23A-7D43EE1D1779-150x150.jpg\" class=\"attachment-thumbnail size-thumbnail\" alt=\"\" \/><\/a>\n\t\t\t<\/div>\n<\/figure>\n<figure class='gallery-item'>\n<div class='gallery-icon portrait'>\n\t\t\t\t<a href='https:\/\/www.ondernemendvenlo.nl\/wp-content\/uploads\/2025\/04\/17C33488-902C-4337-AB5D-99C5796349B5.jpg' class=\"external\" target=\"_blank\" rel=\"noopener noreferrer\"><img loading=\"lazy\" decoding=\"async\" width=\"150\" height=\"150\" src=\"https:\/\/www.ondernemendvenlo.nl\/wp-content\/uploads\/2025\/04\/17C33488-902C-4337-AB5D-99C5796349B5-150x150.jpg\" class=\"attachment-thumbnail size-thumbnail\" alt=\"\" \/><\/a>\n\t\t\t<\/div>\n<\/figure>\n<figure class='gallery-item'>\n<div class='gallery-icon portrait'>\n\t\t\t\t<a href='https:\/\/www.ondernemendvenlo.nl\/wp-content\/uploads\/2025\/04\/A142D801-0E00-476B-AE09-B36B41A96A6A.jpg' class=\"external\" target=\"_blank\" rel=\"noopener noreferrer\"><img loading=\"lazy\" decoding=\"async\" width=\"150\" height=\"150\" src=\"https:\/\/www.ondernemendvenlo.nl\/wp-content\/uploads\/2025\/04\/A142D801-0E00-476B-AE09-B36B41A96A6A-150x150.jpg\" class=\"attachment-thumbnail size-thumbnail\" alt=\"\" \/><\/a>\n\t\t\t<\/div>\n<\/figure><\/div>","protected":false},"excerpt":{"rendered":"<p>VENLO &#8211;\u00a0De gemeente Venlo heeft extra maatregelen genomen om een bezoek aan de Venlose binnenstad veiliger en aangenamer te laten verlopen. Afgelopen zondag was het te druk in de stad. Vooral de hoeveelheid aan Duitse kooptoeristen, die we normaal graag ontvangen, heeft ertoe geleid dat extra maatregelen nodig zijn. Met name in de Duitse Hoek [&hellip;]<\/p>","protected":false},"author":1,"featured_media":2154,"comment_status":"closed","ping_status":"open","sticky":false,"template":"","format":"standard","meta":{"_acf_changed":false,"footnotes":""},"categories":[8],"tags":[],"class_list":["post-2145","post","type-post","status-publish","format-standard","has-post-thumbnail","hentry","category-nieuws"],"acf":[],"yoast_head":"<!-- This site is optimized with the Yoast SEO plugin v26.3 - https:\/\/yoast.com\/wordpress\/plugins\/seo\/ -->\n<title>Te veel Duitse kooptoeristen: Venlo neemt maatregelen - Ondernemend Venlo<\/title>\n<meta name=\"robots\" content=\"index, follow, max-snippet:-1, max-image-preview:large, max-video-preview:-1\" \/>\n<link rel=\"canonical\" href=\"https:\/\/www.ondernemendvenlo.nl\/de\/te-veel-duitse-kooptoeristen-venlo-neemt-maatregelen\/\" \/>\n<meta property=\"og:locale\" content=\"de_DE\" \/>\n<meta property=\"og:type\" content=\"article\" \/>\n<meta property=\"og:title\" content=\"Te veel Duitse kooptoeristen: Venlo neemt maatregelen - Ondernemend Venlo\" \/>\n<meta property=\"og:description\" content=\"VENLO &#8211;\u00a0De gemeente Venlo heeft extra maatregelen genomen om een bezoek aan de Venlose binnenstad veiliger en aangenamer te laten verlopen. Afgelopen zondag was het te druk in de stad. Vooral de hoeveelheid aan Duitse kooptoeristen, die we normaal graag ontvangen, heeft ertoe geleid dat extra maatregelen nodig zijn. Met name in de Duitse Hoek [&hellip;]\" \/>\n<meta property=\"og:url\" content=\"https:\/\/www.ondernemendvenlo.nl\/de\/te-veel-duitse-kooptoeristen-venlo-neemt-maatregelen\/\" \/>\n<meta property=\"og:site_name\" content=\"Ondernemend Venlo\" \/>\n<meta property=\"article:published_time\" content=\"2020-05-21T06:30:47+00:00\" \/>\n<meta property=\"og:image\" content=\"https:\/\/www.ondernemendvenlo.nl\/wp-content\/uploads\/2025\/04\/E8F996C3-0194-4C61-8D86-E0DD1DEE1D1E-1.jpg\" \/>\n\t<meta property=\"og:image:width\" content=\"1440\" \/>\n\t<meta property=\"og:image:height\" content=\"1800\" \/>\n\t<meta property=\"og:image:type\" content=\"image\/jpeg\" \/>\n<meta name=\"author\" content=\"admin\" \/>\n<meta name=\"twitter:card\" content=\"summary_large_image\" \/>\n<meta name=\"twitter:label1\" content=\"Verfasst von\" \/>\n\t<meta name=\"twitter:data1\" content=\"admin\" \/>\n\t<meta name=\"twitter:label2\" content=\"Gesch\u00e4tzte Lesezeit\" \/>\n\t<meta name=\"twitter:data2\" content=\"4\u00a0Minuten\" \/>\n<script type=\"application\/ld+json\" class=\"yoast-schema-graph\">{\"@context\":\"https:\/\/schema.org\",\"@graph\":[{\"@type\":\"Article\",\"@id\":\"https:\/\/www.ondernemendvenlo.nl\/te-veel-duitse-kooptoeristen-venlo-neemt-maatregelen\/#article\",\"isPartOf\":{\"@id\":\"https:\/\/www.ondernemendvenlo.nl\/te-veel-duitse-kooptoeristen-venlo-neemt-maatregelen\/\"},\"author\":{\"name\":\"admin\",\"@id\":\"https:\/\/www.ondernemendvenlo.nl\/#\/schema\/person\/347e935f8ad4c7030608ef74bb57aa6e\"},\"headline\":\"Te veel Duitse kooptoeristen: Venlo neemt maatregelen\",\"datePublished\":\"2020-05-21T06:30:47+00:00\",\"mainEntityOfPage\":{\"@id\":\"https:\/\/www.ondernemendvenlo.nl\/te-veel-duitse-kooptoeristen-venlo-neemt-maatregelen\/\"},\"wordCount\":741,\"publisher\":{\"@id\":\"https:\/\/www.ondernemendvenlo.nl\/#organization\"},\"image\":{\"@id\":\"https:\/\/www.ondernemendvenlo.nl\/te-veel-duitse-kooptoeristen-venlo-neemt-maatregelen\/#primaryimage\"},\"thumbnailUrl\":\"https:\/\/www.ondernemendvenlo.nl\/wp-content\/uploads\/2025\/04\/E8F996C3-0194-4C61-8D86-E0DD1DEE1D1E-1.jpg\",\"articleSection\":[\"Nieuws\"],\"inLanguage\":\"de\"},{\"@type\":\"WebPage\",\"@id\":\"https:\/\/www.ondernemendvenlo.nl\/te-veel-duitse-kooptoeristen-venlo-neemt-maatregelen\/\",\"url\":\"https:\/\/www.ondernemendvenlo.nl\/te-veel-duitse-kooptoeristen-venlo-neemt-maatregelen\/\",\"name\":\"Te veel Duitse kooptoeristen: Venlo neemt maatregelen - Ondernemend Venlo\",\"isPartOf\":{\"@id\":\"https:\/\/www.ondernemendvenlo.nl\/#website\"},\"primaryImageOfPage\":{\"@id\":\"https:\/\/www.ondernemendvenlo.nl\/te-veel-duitse-kooptoeristen-venlo-neemt-maatregelen\/#primaryimage\"},\"image\":{\"@id\":\"https:\/\/www.ondernemendvenlo.nl\/te-veel-duitse-kooptoeristen-venlo-neemt-maatregelen\/#primaryimage\"},\"thumbnailUrl\":\"https:\/\/www.ondernemendvenlo.nl\/wp-content\/uploads\/2025\/04\/E8F996C3-0194-4C61-8D86-E0DD1DEE1D1E-1.jpg\",\"datePublished\":\"2020-05-21T06:30:47+00:00\",\"breadcrumb\":{\"@id\":\"https:\/\/www.ondernemendvenlo.nl\/te-veel-duitse-kooptoeristen-venlo-neemt-maatregelen\/#breadcrumb\"},\"inLanguage\":\"de\",\"potentialAction\":[{\"@type\":\"ReadAction\",\"target\":[\"https:\/\/www.ondernemendvenlo.nl\/te-veel-duitse-kooptoeristen-venlo-neemt-maatregelen\/\"]}]},{\"@type\":\"ImageObject\",\"inLanguage\":\"de\",\"@id\":\"https:\/\/www.ondernemendvenlo.nl\/te-veel-duitse-kooptoeristen-venlo-neemt-maatregelen\/#primaryimage\",\"url\":\"https:\/\/www.ondernemendvenlo.nl\/wp-content\/uploads\/2025\/04\/E8F996C3-0194-4C61-8D86-E0DD1DEE1D1E-1.jpg\",\"contentUrl\":\"https:\/\/www.ondernemendvenlo.nl\/wp-content\/uploads\/2025\/04\/E8F996C3-0194-4C61-8D86-E0DD1DEE1D1E-1.jpg\",\"width\":1440,\"height\":1800},{\"@type\":\"BreadcrumbList\",\"@id\":\"https:\/\/www.ondernemendvenlo.nl\/te-veel-duitse-kooptoeristen-venlo-neemt-maatregelen\/#breadcrumb\",\"itemListElement\":[{\"@type\":\"ListItem\",\"position\":1,\"name\":\"Ondernemend Venlo\",\"item\":\"https:\/\/www.ondernemendvenlo.nl\/\"},{\"@type\":\"ListItem\",\"position\":2,\"name\":\"Nieuws\",\"item\":\"https:\/\/www.ondernemendvenlo.nl\/categorie\/nieuws\/\"},{\"@type\":\"ListItem\",\"position\":3,\"name\":\"Te veel Duitse kooptoeristen: Venlo neemt maatregelen\"}]},{\"@type\":\"WebSite\",\"@id\":\"https:\/\/www.ondernemendvenlo.nl\/#website\",\"url\":\"https:\/\/www.ondernemendvenlo.nl\/\",\"name\":\"Ondernemend Venlo\",\"description\":\"Samen succesvol ondernemen\",\"publisher\":{\"@id\":\"https:\/\/www.ondernemendvenlo.nl\/#organization\"},\"potentialAction\":[{\"@type\":\"SearchAction\",\"target\":{\"@type\":\"EntryPoint\",\"urlTemplate\":\"https:\/\/www.ondernemendvenlo.nl\/?s={search_term_string}\"},\"query-input\":{\"@type\":\"PropertyValueSpecification\",\"valueRequired\":true,\"valueName\":\"search_term_string\"}}],\"inLanguage\":\"de\"},{\"@type\":\"Organization\",\"@id\":\"https:\/\/www.ondernemendvenlo.nl\/#organization\",\"name\":\"Ondernemend Venlo\",\"url\":\"https:\/\/www.ondernemendvenlo.nl\/\",\"logo\":{\"@type\":\"ImageObject\",\"inLanguage\":\"de\",\"@id\":\"https:\/\/www.ondernemendvenlo.nl\/#\/schema\/logo\/image\/\",\"url\":\"https:\/\/www.ondernemendvenlo.nl\/wp-content\/uploads\/2025\/02\/Ondernemend-Venlo-logo-scaled.webp\",\"contentUrl\":\"https:\/\/www.ondernemendvenlo.nl\/wp-content\/uploads\/2025\/02\/Ondernemend-Venlo-logo-scaled.webp\",\"width\":2560,\"height\":1010,\"caption\":\"Ondernemend Venlo\"},\"image\":{\"@id\":\"https:\/\/www.ondernemendvenlo.nl\/#\/schema\/logo\/image\/\"},\"sameAs\":[\"https:\/\/www.linkedin.com\/company\/ondernemend-venlo\/\"]},{\"@type\":\"Person\",\"@id\":\"https:\/\/www.ondernemendvenlo.nl\/#\/schema\/person\/347e935f8ad4c7030608ef74bb57aa6e\",\"name\":\"admin\",\"image\":{\"@type\":\"ImageObject\",\"inLanguage\":\"de\",\"@id\":\"https:\/\/www.ondernemendvenlo.nl\/#\/schema\/person\/image\/\",\"url\":\"https:\/\/www.ondernemendvenlo.nl\/wp-content\/litespeed\/avatar\/720af750b037aecf6e33e12833479059.jpg?ver=1777382954\",\"contentUrl\":\"https:\/\/www.ondernemendvenlo.nl\/wp-content\/litespeed\/avatar\/720af750b037aecf6e33e12833479059.jpg?ver=1777382954\",\"caption\":\"admin\"},\"sameAs\":[\"https:\/\/www.ondernemendvenlo.nl\"]}]}<\/script>\n<!-- \/ Yoast SEO plugin. -->","yoast_head_json":{"title":"Te veel Duitse kooptoeristen: Venlo neemt maatregelen - Ondernemend Venlo","robots":{"index":"index","follow":"follow","max-snippet":"max-snippet:-1","max-image-preview":"max-image-preview:large","max-video-preview":"max-video-preview:-1"},"canonical":"https:\/\/www.ondernemendvenlo.nl\/de\/te-veel-duitse-kooptoeristen-venlo-neemt-maatregelen\/","og_locale":"de_DE","og_type":"article","og_title":"Te veel Duitse kooptoeristen: Venlo neemt maatregelen - Ondernemend Venlo","og_description":"VENLO &#8211;\u00a0De gemeente Venlo heeft extra maatregelen genomen om een bezoek aan de Venlose binnenstad veiliger en aangenamer te laten verlopen. Afgelopen zondag was het te druk in de stad. Vooral de hoeveelheid aan Duitse kooptoeristen, die we normaal graag ontvangen, heeft ertoe geleid dat extra maatregelen nodig zijn. Met name in de Duitse Hoek [&hellip;]","og_url":"https:\/\/www.ondernemendvenlo.nl\/de\/te-veel-duitse-kooptoeristen-venlo-neemt-maatregelen\/","og_site_name":"Ondernemend Venlo","article_published_time":"2020-05-21T06:30:47+00:00","og_image":[{"width":1440,"height":1800,"url":"https:\/\/www.ondernemendvenlo.nl\/wp-content\/uploads\/2025\/04\/E8F996C3-0194-4C61-8D86-E0DD1DEE1D1E-1.jpg","type":"image\/jpeg"}],"author":"admin","twitter_card":"summary_large_image","twitter_misc":{"Verfasst von":"admin","Gesch\u00e4tzte Lesezeit":"4\u00a0Minuten"},"schema":{"@context":"https:\/\/schema.org","@graph":[{"@type":"Article","@id":"https:\/\/www.ondernemendvenlo.nl\/te-veel-duitse-kooptoeristen-venlo-neemt-maatregelen\/#article","isPartOf":{"@id":"https:\/\/www.ondernemendvenlo.nl\/te-veel-duitse-kooptoeristen-venlo-neemt-maatregelen\/"},"author":{"name":"admin","@id":"https:\/\/www.ondernemendvenlo.nl\/#\/schema\/person\/347e935f8ad4c7030608ef74bb57aa6e"},"headline":"Te veel Duitse kooptoeristen: Venlo neemt maatregelen","datePublished":"2020-05-21T06:30:47+00:00","mainEntityOfPage":{"@id":"https:\/\/www.ondernemendvenlo.nl\/te-veel-duitse-kooptoeristen-venlo-neemt-maatregelen\/"},"wordCount":741,"publisher":{"@id":"https:\/\/www.ondernemendvenlo.nl\/#organization"},"image":{"@id":"https:\/\/www.ondernemendvenlo.nl\/te-veel-duitse-kooptoeristen-venlo-neemt-maatregelen\/#primaryimage"},"thumbnailUrl":"https:\/\/www.ondernemendvenlo.nl\/wp-content\/uploads\/2025\/04\/E8F996C3-0194-4C61-8D86-E0DD1DEE1D1E-1.jpg","articleSection":["Nieuws"],"inLanguage":"de"},{"@type":"WebPage","@id":"https:\/\/www.ondernemendvenlo.nl\/te-veel-duitse-kooptoeristen-venlo-neemt-maatregelen\/","url":"https:\/\/www.ondernemendvenlo.nl\/te-veel-duitse-kooptoeristen-venlo-neemt-maatregelen\/","name":"Te veel Duitse kooptoeristen: Venlo neemt maatregelen - Ondernemend Venlo","isPartOf":{"@id":"https:\/\/www.ondernemendvenlo.nl\/#website"},"primaryImageOfPage":{"@id":"https:\/\/www.ondernemendvenlo.nl\/te-veel-duitse-kooptoeristen-venlo-neemt-maatregelen\/#primaryimage"},"image":{"@id":"https:\/\/www.ondernemendvenlo.nl\/te-veel-duitse-kooptoeristen-venlo-neemt-maatregelen\/#primaryimage"},"thumbnailUrl":"https:\/\/www.ondernemendvenlo.nl\/wp-content\/uploads\/2025\/04\/E8F996C3-0194-4C61-8D86-E0DD1DEE1D1E-1.jpg","datePublished":"2020-05-21T06:30:47+00:00","breadcrumb":{"@id":"https:\/\/www.ondernemendvenlo.nl\/te-veel-duitse-kooptoeristen-venlo-neemt-maatregelen\/#breadcrumb"},"inLanguage":"de","potentialAction":[{"@type":"ReadAction","target":["https:\/\/www.ondernemendvenlo.nl\/te-veel-duitse-kooptoeristen-venlo-neemt-maatregelen\/"]}]},{"@type":"ImageObject","inLanguage":"de","@id":"https:\/\/www.ondernemendvenlo.nl\/te-veel-duitse-kooptoeristen-venlo-neemt-maatregelen\/#primaryimage","url":"https:\/\/www.ondernemendvenlo.nl\/wp-content\/uploads\/2025\/04\/E8F996C3-0194-4C61-8D86-E0DD1DEE1D1E-1.jpg","contentUrl":"https:\/\/www.ondernemendvenlo.nl\/wp-content\/uploads\/2025\/04\/E8F996C3-0194-4C61-8D86-E0DD1DEE1D1E-1.jpg","width":1440,"height":1800},{"@type":"BreadcrumbList","@id":"https:\/\/www.ondernemendvenlo.nl\/te-veel-duitse-kooptoeristen-venlo-neemt-maatregelen\/#breadcrumb","itemListElement":[{"@type":"ListItem","position":1,"name":"Ondernemend Venlo","item":"https:\/\/www.ondernemendvenlo.nl\/"},{"@type":"ListItem","position":2,"name":"Nieuws","item":"https:\/\/www.ondernemendvenlo.nl\/categorie\/nieuws\/"},{"@type":"ListItem","position":3,"name":"Te veel Duitse kooptoeristen: Venlo neemt maatregelen"}]},{"@type":"WebSite","@id":"https:\/\/www.ondernemendvenlo.nl\/#website","url":"https:\/\/www.ondernemendvenlo.nl\/","name":"Unternehmerisches Venlo","description":"Samen succesvol ondernemen","publisher":{"@id":"https:\/\/www.ondernemendvenlo.nl\/#organization"},"potentialAction":[{"@type":"SearchAction","target":{"@type":"EntryPoint","urlTemplate":"https:\/\/www.ondernemendvenlo.nl\/?s={search_term_string}"},"query-input":{"@type":"PropertyValueSpecification","valueRequired":true,"valueName":"search_term_string"}}],"inLanguage":"de"},{"@type":"Organization","@id":"https:\/\/www.ondernemendvenlo.nl\/#organization","name":"Unternehmerisches Venlo","url":"https:\/\/www.ondernemendvenlo.nl\/","logo":{"@type":"ImageObject","inLanguage":"de","@id":"https:\/\/www.ondernemendvenlo.nl\/#\/schema\/logo\/image\/","url":"https:\/\/www.ondernemendvenlo.nl\/wp-content\/uploads\/2025\/02\/Ondernemend-Venlo-logo-scaled.webp","contentUrl":"https:\/\/www.ondernemendvenlo.nl\/wp-content\/uploads\/2025\/02\/Ondernemend-Venlo-logo-scaled.webp","width":2560,"height":1010,"caption":"Ondernemend Venlo"},"image":{"@id":"https:\/\/www.ondernemendvenlo.nl\/#\/schema\/logo\/image\/"},"sameAs":["https:\/\/www.linkedin.com\/company\/ondernemend-venlo\/"]},{"@type":"Person","@id":"https:\/\/www.ondernemendvenlo.nl\/#\/schema\/person\/347e935f8ad4c7030608ef74bb57aa6e","name":"admin","image":{"@type":"ImageObject","inLanguage":"de","@id":"https:\/\/www.ondernemendvenlo.nl\/#\/schema\/person\/image\/","url":"https:\/\/www.ondernemendvenlo.nl\/wp-content\/litespeed\/avatar\/720af750b037aecf6e33e12833479059.jpg?ver=1777382954","contentUrl":"https:\/\/www.ondernemendvenlo.nl\/wp-content\/litespeed\/avatar\/720af750b037aecf6e33e12833479059.jpg?ver=1777382954","caption":"admin"},"sameAs":["https:\/\/www.ondernemendvenlo.nl"]}]}},"_links":{"self":[{"href":"https:\/\/www.ondernemendvenlo.nl\/de\/wp-json\/wp\/v2\/posts\/2145","targetHints":{"allow":["GET"]}}],"collection":[{"href":"https:\/\/www.ondernemendvenlo.nl\/de\/wp-json\/wp\/v2\/posts"}],"about":[{"href":"https:\/\/www.ondernemendvenlo.nl\/de\/wp-json\/wp\/v2\/types\/post"}],"author":[{"embeddable":true,"href":"https:\/\/www.ondernemendvenlo.nl\/de\/wp-json\/wp\/v2\/users\/1"}],"replies":[{"embeddable":true,"href":"https:\/\/www.ondernemendvenlo.nl\/de\/wp-json\/wp\/v2\/comments?post=2145"}],"version-history":[{"count":0,"href":"https:\/\/www.ondernemendvenlo.nl\/de\/wp-json\/wp\/v2\/posts\/2145\/revisions"}],"wp:featuredmedia":[{"embeddable":true,"href":"https:\/\/www.ondernemendvenlo.nl\/de\/wp-json\/wp\/v2\/media\/2154"}],"wp:attachment":[{"href":"https:\/\/www.ondernemendvenlo.nl\/de\/wp-json\/wp\/v2\/media?parent=2145"}],"wp:term":[{"taxonomy":"category","embeddable":true,"href":"https:\/\/www.ondernemendvenlo.nl\/de\/wp-json\/wp\/v2\/categories?post=2145"},{"taxonomy":"post_tag","embeddable":true,"href":"https:\/\/www.ondernemendvenlo.nl\/de\/wp-json\/wp\/v2\/tags?post=2145"}],"curies":[{"name":"wp","href":"https:\/\/api.w.org\/{rel}","templated":true}]}}