{"id":2280,"date":"2020-09-09T12:02:03","date_gmt":"2020-09-09T10:02:03","guid":{"rendered":"https:\/\/www.ondernemendvenlo.nl\/themabijeenkomst-stikstof-pfas\/"},"modified":"2020-09-09T12:02:03","modified_gmt":"2020-09-09T10:02:03","slug":"themabijeenkomst-stikstof-pfas","status":"publish","type":"post","link":"https:\/\/www.ondernemendvenlo.nl\/de\/themabijeenkomst-stikstof-pfas\/","title":{"rendered":"Thementreffen 'Stickstoff &amp; PFAS'"},"content":{"rendered":"<p><strong>Haben Sie Baupl\u00e4ne, wollen Sie Ihr Unternehmen umstellen oder Grundst\u00fccke umnutzen? Wenn ja, k\u00f6nnten auch Sie von Stickstoffproblemen betroffen sein und PFAS bremst Ihre Pl\u00e4ne aus. SIM organisiert ein Thementreffen zum Thema 'Stickstoff &amp; PFAS'. Mitglieder von Ondernemend Venlo k\u00f6nnen sich ebenfalls anmelden.<\/strong><\/p>\n<p>Wir m\u00f6chten Sie \u00fcber den Stand der Dinge bei diesen heiklen Themen informieren. Nahezu jede Woche ergreift der Staat Initiativen zur L\u00f6sung dieser Probleme. Wir geben Ihnen einen Einblick, was derzeit m\u00f6glich ist und was nicht, und welche L\u00f6sungen es inzwischen gibt. Wir haben die Agentur Lievense | WSP gebeten, ihre praktischen Erfahrungen mit Ihnen zu teilen: Welcher Ansatz hat dazu gef\u00fchrt, dass Projekte in Maastricht und anderswo in Limburg trotz Stickstoff und PFAS durchgef\u00fchrt werden konnten. Aber auch, wo es noch Problembereiche gibt?<\/p>\n<p>In dieser Sitzung werden wir Ihnen einen \u00dcberblick \u00fcber das Problem und die derzeit verf\u00fcgbaren L\u00f6sungen geben. Bei ausreichendem Interesse werden wir die einzelnen Komponenten zu einem sp\u00e4teren Zeitpunkt in separaten Workshops vertiefen.<\/p>\n<p><strong>Wenn Sie an einer Teilnahme am 5. Oktober interessiert sind, nehmen Sie bitte <a href=\"https:\/\/www.ondernemendvenlo.nl\/de\/parkmanager\/\" target=\"_blank\" rel=\"noopener noreferrer\" class=\"external\">Kontakt<\/a> wenden Sie sich an die Parkleiterin Lidy Rutten.<\/strong><\/p>\n<p>Sie k\u00f6nnen auf dem Parkplatz des Apple Park Hotels parken, direkt vor der MVV Business Lounge. Sie erhalten eine kostenlose Ausfahrtkarte, die vom Select Hotel Apple Park angeboten wird.<\/p>\n<p>Dieses Treffen ist kostenlos. F\u00fcr diejenigen, die sich im Anschluss an die Sitzung austauschen m\u00f6chten, gibt es ein gemeinsames Mittagessen in der Business Lounge des MVV. Die Kosten f\u00fcr dieses Sandwich-Mittagessen betragen 14,50 \u20ac (Sie erhalten daf\u00fcr eine Rechnung). Wenn Sie nicht teilnehmen k\u00f6nnen, geben Sie uns bitte bis sp\u00e4testens Donnerstag, den 1. Oktober, Bescheid. <u>Bei Nichterscheinen zum Mittagessen wird eine Rechnung von 20 \u20ac pro Person ausgestellt.<\/u><\/p>\n<h3>Datum<\/h3>\n<p>Montag, 5. Oktober 2020<\/p>\n<h3>Zeit<\/h3>\n<p>11:00 - 12:00<br \/>\nBegehbar ab 10:30 Uhr.<\/p>\n<h3>Standort<\/h3>\n<p>MVV Business Lounge Geusseltweg 11<br \/>\n6225 XS Maastricht<\/p>","protected":false},"excerpt":{"rendered":"<p>Heeft u bouwplannen, wilt u uw bedrijf veranderen of wilt u grond hergebruiken? Dan heeft u wellicht ook last van de stikstofproblematiek en vertraagt PFAS uw plannen. SIM organiseert een themabijeenkomst over \u2018Stikstof &amp; PFAS\u2019. Leden van Ondernemend Venlo kunnen zich ook aanmelden. Wij willen u graag informeren over de stand van zaken van deze [&hellip;]<\/p>","protected":false},"author":1,"featured_media":2281,"comment_status":"closed","ping_status":"open","sticky":false,"template":"","format":"standard","meta":{"_acf_changed":false,"footnotes":""},"categories":[8],"tags":[],"class_list":["post-2280","post","type-post","status-publish","format-standard","has-post-thumbnail","hentry","category-nieuws"],"acf":[],"yoast_head":"<!-- This site is optimized with the Yoast SEO plugin v26.3 - https:\/\/yoast.com\/wordpress\/plugins\/seo\/ -->\n<title>Themabijeenkomst \u2018Stikstof &#038; PFAS\u2019 - Ondernemend Venlo<\/title>\n<meta name=\"robots\" content=\"index, follow, max-snippet:-1, max-image-preview:large, max-video-preview:-1\" \/>\n<link rel=\"canonical\" href=\"https:\/\/www.ondernemendvenlo.nl\/de\/themabijeenkomst-stikstof-pfas\/\" \/>\n<meta property=\"og:locale\" content=\"de_DE\" \/>\n<meta property=\"og:type\" content=\"article\" \/>\n<meta property=\"og:title\" content=\"Themabijeenkomst \u2018Stikstof &#038; PFAS\u2019 - Ondernemend Venlo\" \/>\n<meta property=\"og:description\" content=\"Heeft u bouwplannen, wilt u uw bedrijf veranderen of wilt u grond hergebruiken? Dan heeft u wellicht ook last van de stikstofproblematiek en vertraagt PFAS uw plannen. SIM organiseert een themabijeenkomst over \u2018Stikstof &amp; PFAS\u2019. Leden van Ondernemend Venlo kunnen zich ook aanmelden. Wij willen u graag informeren over de stand van zaken van deze [&hellip;]\" \/>\n<meta property=\"og:url\" content=\"https:\/\/www.ondernemendvenlo.nl\/de\/themabijeenkomst-stikstof-pfas\/\" \/>\n<meta property=\"og:site_name\" content=\"Ondernemend Venlo\" \/>\n<meta property=\"article:published_time\" content=\"2020-09-09T10:02:03+00:00\" \/>\n<meta property=\"og:image\" content=\"https:\/\/www.ondernemendvenlo.nl\/wp-content\/uploads\/2025\/04\/Schermafbeelding-2020-09-09-om-14.00.01-1024x682.png\" \/>\n\t<meta property=\"og:image:width\" content=\"1024\" \/>\n\t<meta property=\"og:image:height\" content=\"682\" \/>\n\t<meta property=\"og:image:type\" content=\"image\/png\" \/>\n<meta name=\"author\" content=\"admin\" \/>\n<meta name=\"twitter:card\" content=\"summary_large_image\" \/>\n<meta name=\"twitter:label1\" content=\"Verfasst von\" \/>\n\t<meta name=\"twitter:data1\" content=\"admin\" \/>\n\t<meta name=\"twitter:label2\" content=\"Gesch\u00e4tzte Lesezeit\" \/>\n\t<meta name=\"twitter:data2\" content=\"1\u00a0Minute\" \/>\n<script type=\"application\/ld+json\" class=\"yoast-schema-graph\">{\"@context\":\"https:\/\/schema.org\",\"@graph\":[{\"@type\":\"Article\",\"@id\":\"https:\/\/www.ondernemendvenlo.nl\/themabijeenkomst-stikstof-pfas\/#article\",\"isPartOf\":{\"@id\":\"https:\/\/www.ondernemendvenlo.nl\/themabijeenkomst-stikstof-pfas\/\"},\"author\":{\"name\":\"admin\",\"@id\":\"https:\/\/www.ondernemendvenlo.nl\/#\/schema\/person\/347e935f8ad4c7030608ef74bb57aa6e\"},\"headline\":\"Themabijeenkomst \u2018Stikstof &#038; PFAS\u2019\",\"datePublished\":\"2020-09-09T10:02:03+00:00\",\"mainEntityOfPage\":{\"@id\":\"https:\/\/www.ondernemendvenlo.nl\/themabijeenkomst-stikstof-pfas\/\"},\"wordCount\":289,\"publisher\":{\"@id\":\"https:\/\/www.ondernemendvenlo.nl\/#organization\"},\"image\":{\"@id\":\"https:\/\/www.ondernemendvenlo.nl\/themabijeenkomst-stikstof-pfas\/#primaryimage\"},\"thumbnailUrl\":\"https:\/\/www.ondernemendvenlo.nl\/wp-content\/uploads\/2025\/04\/Schermafbeelding-2020-09-09-om-14.00.01.png\",\"articleSection\":[\"Nieuws\"],\"inLanguage\":\"de\"},{\"@type\":\"WebPage\",\"@id\":\"https:\/\/www.ondernemendvenlo.nl\/themabijeenkomst-stikstof-pfas\/\",\"url\":\"https:\/\/www.ondernemendvenlo.nl\/themabijeenkomst-stikstof-pfas\/\",\"name\":\"Themabijeenkomst \u2018Stikstof &#038; PFAS\u2019 - Ondernemend Venlo\",\"isPartOf\":{\"@id\":\"https:\/\/www.ondernemendvenlo.nl\/#website\"},\"primaryImageOfPage\":{\"@id\":\"https:\/\/www.ondernemendvenlo.nl\/themabijeenkomst-stikstof-pfas\/#primaryimage\"},\"image\":{\"@id\":\"https:\/\/www.ondernemendvenlo.nl\/themabijeenkomst-stikstof-pfas\/#primaryimage\"},\"thumbnailUrl\":\"https:\/\/www.ondernemendvenlo.nl\/wp-content\/uploads\/2025\/04\/Schermafbeelding-2020-09-09-om-14.00.01.png\",\"datePublished\":\"2020-09-09T10:02:03+00:00\",\"breadcrumb\":{\"@id\":\"https:\/\/www.ondernemendvenlo.nl\/themabijeenkomst-stikstof-pfas\/#breadcrumb\"},\"inLanguage\":\"de\",\"potentialAction\":[{\"@type\":\"ReadAction\",\"target\":[\"https:\/\/www.ondernemendvenlo.nl\/themabijeenkomst-stikstof-pfas\/\"]}]},{\"@type\":\"ImageObject\",\"inLanguage\":\"de\",\"@id\":\"https:\/\/www.ondernemendvenlo.nl\/themabijeenkomst-stikstof-pfas\/#primaryimage\",\"url\":\"https:\/\/www.ondernemendvenlo.nl\/wp-content\/uploads\/2025\/04\/Schermafbeelding-2020-09-09-om-14.00.01.png\",\"contentUrl\":\"https:\/\/www.ondernemendvenlo.nl\/wp-content\/uploads\/2025\/04\/Schermafbeelding-2020-09-09-om-14.00.01.png\",\"width\":3926,\"height\":2614},{\"@type\":\"BreadcrumbList\",\"@id\":\"https:\/\/www.ondernemendvenlo.nl\/themabijeenkomst-stikstof-pfas\/#breadcrumb\",\"itemListElement\":[{\"@type\":\"ListItem\",\"position\":1,\"name\":\"Ondernemend Venlo\",\"item\":\"https:\/\/www.ondernemendvenlo.nl\/\"},{\"@type\":\"ListItem\",\"position\":2,\"name\":\"Nieuws\",\"item\":\"https:\/\/www.ondernemendvenlo.nl\/categorie\/nieuws\/\"},{\"@type\":\"ListItem\",\"position\":3,\"name\":\"Themabijeenkomst \u2018Stikstof &#038; PFAS\u2019\"}]},{\"@type\":\"WebSite\",\"@id\":\"https:\/\/www.ondernemendvenlo.nl\/#website\",\"url\":\"https:\/\/www.ondernemendvenlo.nl\/\",\"name\":\"Ondernemend Venlo\",\"description\":\"Samen succesvol ondernemen\",\"publisher\":{\"@id\":\"https:\/\/www.ondernemendvenlo.nl\/#organization\"},\"potentialAction\":[{\"@type\":\"SearchAction\",\"target\":{\"@type\":\"EntryPoint\",\"urlTemplate\":\"https:\/\/www.ondernemendvenlo.nl\/?s={search_term_string}\"},\"query-input\":{\"@type\":\"PropertyValueSpecification\",\"valueRequired\":true,\"valueName\":\"search_term_string\"}}],\"inLanguage\":\"de\"},{\"@type\":\"Organization\",\"@id\":\"https:\/\/www.ondernemendvenlo.nl\/#organization\",\"name\":\"Ondernemend Venlo\",\"url\":\"https:\/\/www.ondernemendvenlo.nl\/\",\"logo\":{\"@type\":\"ImageObject\",\"inLanguage\":\"de\",\"@id\":\"https:\/\/www.ondernemendvenlo.nl\/#\/schema\/logo\/image\/\",\"url\":\"https:\/\/www.ondernemendvenlo.nl\/wp-content\/uploads\/2025\/02\/Ondernemend-Venlo-logo-scaled.webp\",\"contentUrl\":\"https:\/\/www.ondernemendvenlo.nl\/wp-content\/uploads\/2025\/02\/Ondernemend-Venlo-logo-scaled.webp\",\"width\":2560,\"height\":1010,\"caption\":\"Ondernemend Venlo\"},\"image\":{\"@id\":\"https:\/\/www.ondernemendvenlo.nl\/#\/schema\/logo\/image\/\"},\"sameAs\":[\"https:\/\/www.linkedin.com\/company\/ondernemend-venlo\/\"]},{\"@type\":\"Person\",\"@id\":\"https:\/\/www.ondernemendvenlo.nl\/#\/schema\/person\/347e935f8ad4c7030608ef74bb57aa6e\",\"name\":\"admin\",\"image\":{\"@type\":\"ImageObject\",\"inLanguage\":\"de\",\"@id\":\"https:\/\/www.ondernemendvenlo.nl\/#\/schema\/person\/image\/\",\"url\":\"https:\/\/www.ondernemendvenlo.nl\/wp-content\/litespeed\/avatar\/720af750b037aecf6e33e12833479059.jpg?ver=1777382954\",\"contentUrl\":\"https:\/\/www.ondernemendvenlo.nl\/wp-content\/litespeed\/avatar\/720af750b037aecf6e33e12833479059.jpg?ver=1777382954\",\"caption\":\"admin\"},\"sameAs\":[\"https:\/\/www.ondernemendvenlo.nl\"]}]}<\/script>\n<!-- \/ Yoast SEO plugin. -->","yoast_head_json":{"title":"Themabijeenkomst \u2018Stikstof &#038; PFAS\u2019 - Ondernemend Venlo","robots":{"index":"index","follow":"follow","max-snippet":"max-snippet:-1","max-image-preview":"max-image-preview:large","max-video-preview":"max-video-preview:-1"},"canonical":"https:\/\/www.ondernemendvenlo.nl\/de\/themabijeenkomst-stikstof-pfas\/","og_locale":"de_DE","og_type":"article","og_title":"Themabijeenkomst \u2018Stikstof &#038; PFAS\u2019 - Ondernemend Venlo","og_description":"Heeft u bouwplannen, wilt u uw bedrijf veranderen of wilt u grond hergebruiken? Dan heeft u wellicht ook last van de stikstofproblematiek en vertraagt PFAS uw plannen. SIM organiseert een themabijeenkomst over \u2018Stikstof &amp; PFAS\u2019. Leden van Ondernemend Venlo kunnen zich ook aanmelden. Wij willen u graag informeren over de stand van zaken van deze [&hellip;]","og_url":"https:\/\/www.ondernemendvenlo.nl\/de\/themabijeenkomst-stikstof-pfas\/","og_site_name":"Ondernemend Venlo","article_published_time":"2020-09-09T10:02:03+00:00","og_image":[{"width":1024,"height":682,"url":"https:\/\/www.ondernemendvenlo.nl\/wp-content\/uploads\/2025\/04\/Schermafbeelding-2020-09-09-om-14.00.01-1024x682.png","type":"image\/png"}],"author":"admin","twitter_card":"summary_large_image","twitter_misc":{"Verfasst von":"admin","Gesch\u00e4tzte Lesezeit":"1\u00a0Minute"},"schema":{"@context":"https:\/\/schema.org","@graph":[{"@type":"Article","@id":"https:\/\/www.ondernemendvenlo.nl\/themabijeenkomst-stikstof-pfas\/#article","isPartOf":{"@id":"https:\/\/www.ondernemendvenlo.nl\/themabijeenkomst-stikstof-pfas\/"},"author":{"name":"admin","@id":"https:\/\/www.ondernemendvenlo.nl\/#\/schema\/person\/347e935f8ad4c7030608ef74bb57aa6e"},"headline":"Themabijeenkomst \u2018Stikstof &#038; PFAS\u2019","datePublished":"2020-09-09T10:02:03+00:00","mainEntityOfPage":{"@id":"https:\/\/www.ondernemendvenlo.nl\/themabijeenkomst-stikstof-pfas\/"},"wordCount":289,"publisher":{"@id":"https:\/\/www.ondernemendvenlo.nl\/#organization"},"image":{"@id":"https:\/\/www.ondernemendvenlo.nl\/themabijeenkomst-stikstof-pfas\/#primaryimage"},"thumbnailUrl":"https:\/\/www.ondernemendvenlo.nl\/wp-content\/uploads\/2025\/04\/Schermafbeelding-2020-09-09-om-14.00.01.png","articleSection":["Nieuws"],"inLanguage":"de"},{"@type":"WebPage","@id":"https:\/\/www.ondernemendvenlo.nl\/themabijeenkomst-stikstof-pfas\/","url":"https:\/\/www.ondernemendvenlo.nl\/themabijeenkomst-stikstof-pfas\/","name":"Themabijeenkomst \u2018Stikstof &#038; PFAS\u2019 - Ondernemend Venlo","isPartOf":{"@id":"https:\/\/www.ondernemendvenlo.nl\/#website"},"primaryImageOfPage":{"@id":"https:\/\/www.ondernemendvenlo.nl\/themabijeenkomst-stikstof-pfas\/#primaryimage"},"image":{"@id":"https:\/\/www.ondernemendvenlo.nl\/themabijeenkomst-stikstof-pfas\/#primaryimage"},"thumbnailUrl":"https:\/\/www.ondernemendvenlo.nl\/wp-content\/uploads\/2025\/04\/Schermafbeelding-2020-09-09-om-14.00.01.png","datePublished":"2020-09-09T10:02:03+00:00","breadcrumb":{"@id":"https:\/\/www.ondernemendvenlo.nl\/themabijeenkomst-stikstof-pfas\/#breadcrumb"},"inLanguage":"de","potentialAction":[{"@type":"ReadAction","target":["https:\/\/www.ondernemendvenlo.nl\/themabijeenkomst-stikstof-pfas\/"]}]},{"@type":"ImageObject","inLanguage":"de","@id":"https:\/\/www.ondernemendvenlo.nl\/themabijeenkomst-stikstof-pfas\/#primaryimage","url":"https:\/\/www.ondernemendvenlo.nl\/wp-content\/uploads\/2025\/04\/Schermafbeelding-2020-09-09-om-14.00.01.png","contentUrl":"https:\/\/www.ondernemendvenlo.nl\/wp-content\/uploads\/2025\/04\/Schermafbeelding-2020-09-09-om-14.00.01.png","width":3926,"height":2614},{"@type":"BreadcrumbList","@id":"https:\/\/www.ondernemendvenlo.nl\/themabijeenkomst-stikstof-pfas\/#breadcrumb","itemListElement":[{"@type":"ListItem","position":1,"name":"Ondernemend Venlo","item":"https:\/\/www.ondernemendvenlo.nl\/"},{"@type":"ListItem","position":2,"name":"Nieuws","item":"https:\/\/www.ondernemendvenlo.nl\/categorie\/nieuws\/"},{"@type":"ListItem","position":3,"name":"Themabijeenkomst \u2018Stikstof &#038; PFAS\u2019"}]},{"@type":"WebSite","@id":"https:\/\/www.ondernemendvenlo.nl\/#website","url":"https:\/\/www.ondernemendvenlo.nl\/","name":"Unternehmerisches Venlo","description":"Samen succesvol ondernemen","publisher":{"@id":"https:\/\/www.ondernemendvenlo.nl\/#organization"},"potentialAction":[{"@type":"SearchAction","target":{"@type":"EntryPoint","urlTemplate":"https:\/\/www.ondernemendvenlo.nl\/?s={search_term_string}"},"query-input":{"@type":"PropertyValueSpecification","valueRequired":true,"valueName":"search_term_string"}}],"inLanguage":"de"},{"@type":"Organization","@id":"https:\/\/www.ondernemendvenlo.nl\/#organization","name":"Unternehmerisches Venlo","url":"https:\/\/www.ondernemendvenlo.nl\/","logo":{"@type":"ImageObject","inLanguage":"de","@id":"https:\/\/www.ondernemendvenlo.nl\/#\/schema\/logo\/image\/","url":"https:\/\/www.ondernemendvenlo.nl\/wp-content\/uploads\/2025\/02\/Ondernemend-Venlo-logo-scaled.webp","contentUrl":"https:\/\/www.ondernemendvenlo.nl\/wp-content\/uploads\/2025\/02\/Ondernemend-Venlo-logo-scaled.webp","width":2560,"height":1010,"caption":"Ondernemend Venlo"},"image":{"@id":"https:\/\/www.ondernemendvenlo.nl\/#\/schema\/logo\/image\/"},"sameAs":["https:\/\/www.linkedin.com\/company\/ondernemend-venlo\/"]},{"@type":"Person","@id":"https:\/\/www.ondernemendvenlo.nl\/#\/schema\/person\/347e935f8ad4c7030608ef74bb57aa6e","name":"admin","image":{"@type":"ImageObject","inLanguage":"de","@id":"https:\/\/www.ondernemendvenlo.nl\/#\/schema\/person\/image\/","url":"https:\/\/www.ondernemendvenlo.nl\/wp-content\/litespeed\/avatar\/720af750b037aecf6e33e12833479059.jpg?ver=1777382954","contentUrl":"https:\/\/www.ondernemendvenlo.nl\/wp-content\/litespeed\/avatar\/720af750b037aecf6e33e12833479059.jpg?ver=1777382954","caption":"admin"},"sameAs":["https:\/\/www.ondernemendvenlo.nl"]}]}},"_links":{"self":[{"href":"https:\/\/www.ondernemendvenlo.nl\/de\/wp-json\/wp\/v2\/posts\/2280","targetHints":{"allow":["GET"]}}],"collection":[{"href":"https:\/\/www.ondernemendvenlo.nl\/de\/wp-json\/wp\/v2\/posts"}],"about":[{"href":"https:\/\/www.ondernemendvenlo.nl\/de\/wp-json\/wp\/v2\/types\/post"}],"author":[{"embeddable":true,"href":"https:\/\/www.ondernemendvenlo.nl\/de\/wp-json\/wp\/v2\/users\/1"}],"replies":[{"embeddable":true,"href":"https:\/\/www.ondernemendvenlo.nl\/de\/wp-json\/wp\/v2\/comments?post=2280"}],"version-history":[{"count":0,"href":"https:\/\/www.ondernemendvenlo.nl\/de\/wp-json\/wp\/v2\/posts\/2280\/revisions"}],"wp:featuredmedia":[{"embeddable":true,"href":"https:\/\/www.ondernemendvenlo.nl\/de\/wp-json\/wp\/v2\/media\/2281"}],"wp:attachment":[{"href":"https:\/\/www.ondernemendvenlo.nl\/de\/wp-json\/wp\/v2\/media?parent=2280"}],"wp:term":[{"taxonomy":"category","embeddable":true,"href":"https:\/\/www.ondernemendvenlo.nl\/de\/wp-json\/wp\/v2\/categories?post=2280"},{"taxonomy":"post_tag","embeddable":true,"href":"https:\/\/www.ondernemendvenlo.nl\/de\/wp-json\/wp\/v2\/tags?post=2280"}],"curies":[{"name":"wp","href":"https:\/\/api.w.org\/{rel}","templated":true}]}}