{"id":2299,"date":"2020-09-29T13:10:41","date_gmt":"2020-09-29T11:10:41","guid":{"rendered":"https:\/\/www.ondernemendvenlo.nl\/ondernemers-krijgen-langer-tijd-om-belastingschuld-door-corona-af-te-lossen\/"},"modified":"2020-09-29T13:10:41","modified_gmt":"2020-09-29T11:10:41","slug":"ondernemers-krijgen-langer-tijd-om-belastingschuld-door-corona-af-te-lossen","status":"publish","type":"post","link":"https:\/\/www.ondernemendvenlo.nl\/de\/ondernemers-krijgen-langer-tijd-om-belastingschuld-door-corona-af-te-lossen\/","title":{"rendered":"Unternehmen erhalten mehr Zeit f\u00fcr die Begleichung von Steuerschulden durch corona"},"content":{"rendered":"<div class=\"intro\">\n<p><strong>Unternehmern, denen aufgrund von Corona ein Steueraufschub gew\u00e4hrt wurde, wird eine l\u00e4ngere Frist f\u00fcr die R\u00fcckzahlung der aufgelaufenen Steuerschuld einger\u00e4umt. Sie haben nun 36 Monate Zeit, um die Steuerschuld zu begleichen, und m\u00fcssen sie erst am 1. Juli 2021 zur\u00fcckzahlen. Au\u00dferdem k\u00f6nnen Unternehmer, die bereits einen Stundungsantrag gestellt haben, ihre Stundung noch bis zum 1. Januar verl\u00e4ngern.<\/strong><\/p>\n<\/div>\n<p>Dies schreibt Finanzstaatssekret\u00e4r Vijlbrief in einem Brief an das Abgeordnetenhaus am Dienstag. Die Beschl\u00fcsse wurden gefasst, weil das Kabinett nicht will, dass Unternehmer bei der R\u00fcckzahlung von Steuerschulden noch in die Klemme geraten. Auf Antrag der Abgeordnetenkammer wurde die R\u00fcckzahlungsfrist erneut gepr\u00fcft und beschlossen, die R\u00fcckzahlungsregelung weiter zu verl\u00e4ngern.<br \/>\nZusammenfassend l\u00e4sst sich sagen, dass der Beginn der R\u00fcckzahlung von Corona-Schulden auf den 1. Juli 2021 verschoben wird und die R\u00fcckzahlungsregelung dann maximal 36 Monate dauern wird. Zuvor waren es 24 Monate ab dem 1. Januar 2021.<\/p>\n<p><strong>R\u00fcckzahlung nach einem festen monatlichen Betrag<\/strong><br \/>\nDie Unternehmer werden ab dem 1. Juli 2021 damit beginnen, die Steuerschulden, die sie aufgrund der Corona-Krise angeh\u00e4uft haben, - wie bereits angek\u00fcndigt - mit einem festen Betrag pro Monat zu tilgen. Nat\u00fcrlich ist es auch m\u00f6glich, fr\u00fcher zu tilgen, wenn der Unternehmer dies w\u00fcnscht. Die vor\u00fcbergehende Senkung der R\u00fcckforderungszinsen auf nahezu null Prozent bleibt bis zum 31. Dezember 2021 in Kraft.<\/p>\n<p><strong>Viele Unternehmer zahlen bereits zur\u00fcck<br \/>\n<\/strong>Seit Beginn der Sofortma\u00dfnahmen haben mehr als 250.000 Unternehmer ein Zahlungsmoratorium beantragt. Etwa 50.000 Unternehmer haben ihre Steuerschuld inzwischen vollst\u00e4ndig beglichen. Etwa 200.000 Unternehmer nehmen die Regelung derzeit noch in Anspruch, was etwa 12 Milliarden Euro entspricht. \u00dcber 130.000 Unternehmer haben offenbar genug von der dreimonatigen Schonfrist. Fast 40% von ihnen haben die aufgelaufenen Steuerschulden bereits vollst\u00e4ndig zur\u00fcckgezahlt.<\/p>\n<p>Weitere Informationen \u00fcber das Moratorium finden Sie unter\u00a0<a class=\"external\" href=\"https:\/\/www.belastingdienst.nl\/coronavirus\" aria-label=\"belastingdienst.nl\/coronavirus (\u00f6ffnet externe Website)\" target=\"_blank\" rel=\"noopener noreferrer\">belastingdienst.nl\/coronavirus<\/a><\/p>","protected":false},"excerpt":{"rendered":"<p>Ondernemers die wegens corona uitstel van betaling van belastingen hebben gekregen, krijgen langer de tijd om hun opgebouwde belastingschuld af te lossen. Zij krijgen nu 36 maanden de tijd om de belastingschuld terug te betalen en hoeven pas vanaf 1 juli 2021 terug te betalen. Daarnaast kunnen ondernemers die al eens uitstel hebben aangevraagd, hun [&hellip;]<\/p>","protected":false},"author":1,"featured_media":2300,"comment_status":"closed","ping_status":"open","sticky":false,"template":"","format":"standard","meta":{"_acf_changed":false,"footnotes":""},"categories":[8],"tags":[],"class_list":["post-2299","post","type-post","status-publish","format-standard","has-post-thumbnail","hentry","category-nieuws"],"acf":[],"yoast_head":"<!-- This site is optimized with the Yoast SEO plugin v26.3 - https:\/\/yoast.com\/wordpress\/plugins\/seo\/ -->\n<title>Ondernemers krijgen langer tijd om belastingschuld door corona af te lossen - Ondernemend Venlo<\/title>\n<meta name=\"robots\" content=\"index, follow, max-snippet:-1, max-image-preview:large, max-video-preview:-1\" \/>\n<link rel=\"canonical\" href=\"https:\/\/www.ondernemendvenlo.nl\/de\/ondernemers-krijgen-langer-tijd-om-belastingschuld-door-corona-af-te-lossen\/\" \/>\n<meta property=\"og:locale\" content=\"de_DE\" \/>\n<meta property=\"og:type\" content=\"article\" \/>\n<meta property=\"og:title\" content=\"Ondernemers krijgen langer tijd om belastingschuld door corona af te lossen - Ondernemend Venlo\" \/>\n<meta property=\"og:description\" content=\"Ondernemers die wegens corona uitstel van betaling van belastingen hebben gekregen, krijgen langer de tijd om hun opgebouwde belastingschuld af te lossen. Zij krijgen nu 36 maanden de tijd om de belastingschuld terug te betalen en hoeven pas vanaf 1 juli 2021 terug te betalen. Daarnaast kunnen ondernemers die al eens uitstel hebben aangevraagd, hun [&hellip;]\" \/>\n<meta property=\"og:url\" content=\"https:\/\/www.ondernemendvenlo.nl\/de\/ondernemers-krijgen-langer-tijd-om-belastingschuld-door-corona-af-te-lossen\/\" \/>\n<meta property=\"og:site_name\" content=\"Ondernemend Venlo\" \/>\n<meta property=\"article:published_time\" content=\"2020-09-29T11:10:41+00:00\" \/>\n<meta property=\"og:image\" content=\"https:\/\/www.ondernemendvenlo.nl\/wp-content\/uploads\/2025\/04\/ING_19043_320695.jpg\" \/>\n\t<meta property=\"og:image:width\" content=\"966\" \/>\n\t<meta property=\"og:image:height\" content=\"644\" \/>\n\t<meta property=\"og:image:type\" content=\"image\/jpeg\" \/>\n<meta name=\"author\" content=\"admin\" \/>\n<meta name=\"twitter:card\" content=\"summary_large_image\" \/>\n<meta name=\"twitter:label1\" content=\"Verfasst von\" \/>\n\t<meta name=\"twitter:data1\" content=\"admin\" \/>\n\t<meta name=\"twitter:label2\" content=\"Gesch\u00e4tzte Lesezeit\" \/>\n\t<meta name=\"twitter:data2\" content=\"1\u00a0Minute\" \/>\n<script type=\"application\/ld+json\" class=\"yoast-schema-graph\">{\"@context\":\"https:\/\/schema.org\",\"@graph\":[{\"@type\":\"Article\",\"@id\":\"https:\/\/www.ondernemendvenlo.nl\/ondernemers-krijgen-langer-tijd-om-belastingschuld-door-corona-af-te-lossen\/#article\",\"isPartOf\":{\"@id\":\"https:\/\/www.ondernemendvenlo.nl\/ondernemers-krijgen-langer-tijd-om-belastingschuld-door-corona-af-te-lossen\/\"},\"author\":{\"name\":\"admin\",\"@id\":\"https:\/\/www.ondernemendvenlo.nl\/#\/schema\/person\/347e935f8ad4c7030608ef74bb57aa6e\"},\"headline\":\"Ondernemers krijgen langer tijd om belastingschuld door corona af te lossen\",\"datePublished\":\"2020-09-29T11:10:41+00:00\",\"mainEntityOfPage\":{\"@id\":\"https:\/\/www.ondernemendvenlo.nl\/ondernemers-krijgen-langer-tijd-om-belastingschuld-door-corona-af-te-lossen\/\"},\"wordCount\":300,\"publisher\":{\"@id\":\"https:\/\/www.ondernemendvenlo.nl\/#organization\"},\"image\":{\"@id\":\"https:\/\/www.ondernemendvenlo.nl\/ondernemers-krijgen-langer-tijd-om-belastingschuld-door-corona-af-te-lossen\/#primaryimage\"},\"thumbnailUrl\":\"https:\/\/www.ondernemendvenlo.nl\/wp-content\/uploads\/2025\/04\/ING_19043_320695.jpg\",\"articleSection\":[\"Nieuws\"],\"inLanguage\":\"de\"},{\"@type\":\"WebPage\",\"@id\":\"https:\/\/www.ondernemendvenlo.nl\/ondernemers-krijgen-langer-tijd-om-belastingschuld-door-corona-af-te-lossen\/\",\"url\":\"https:\/\/www.ondernemendvenlo.nl\/ondernemers-krijgen-langer-tijd-om-belastingschuld-door-corona-af-te-lossen\/\",\"name\":\"Ondernemers krijgen langer tijd om belastingschuld door corona af te lossen - Ondernemend Venlo\",\"isPartOf\":{\"@id\":\"https:\/\/www.ondernemendvenlo.nl\/#website\"},\"primaryImageOfPage\":{\"@id\":\"https:\/\/www.ondernemendvenlo.nl\/ondernemers-krijgen-langer-tijd-om-belastingschuld-door-corona-af-te-lossen\/#primaryimage\"},\"image\":{\"@id\":\"https:\/\/www.ondernemendvenlo.nl\/ondernemers-krijgen-langer-tijd-om-belastingschuld-door-corona-af-te-lossen\/#primaryimage\"},\"thumbnailUrl\":\"https:\/\/www.ondernemendvenlo.nl\/wp-content\/uploads\/2025\/04\/ING_19043_320695.jpg\",\"datePublished\":\"2020-09-29T11:10:41+00:00\",\"breadcrumb\":{\"@id\":\"https:\/\/www.ondernemendvenlo.nl\/ondernemers-krijgen-langer-tijd-om-belastingschuld-door-corona-af-te-lossen\/#breadcrumb\"},\"inLanguage\":\"de\",\"potentialAction\":[{\"@type\":\"ReadAction\",\"target\":[\"https:\/\/www.ondernemendvenlo.nl\/ondernemers-krijgen-langer-tijd-om-belastingschuld-door-corona-af-te-lossen\/\"]}]},{\"@type\":\"ImageObject\",\"inLanguage\":\"de\",\"@id\":\"https:\/\/www.ondernemendvenlo.nl\/ondernemers-krijgen-langer-tijd-om-belastingschuld-door-corona-af-te-lossen\/#primaryimage\",\"url\":\"https:\/\/www.ondernemendvenlo.nl\/wp-content\/uploads\/2025\/04\/ING_19043_320695.jpg\",\"contentUrl\":\"https:\/\/www.ondernemendvenlo.nl\/wp-content\/uploads\/2025\/04\/ING_19043_320695.jpg\",\"width\":966,\"height\":644},{\"@type\":\"BreadcrumbList\",\"@id\":\"https:\/\/www.ondernemendvenlo.nl\/ondernemers-krijgen-langer-tijd-om-belastingschuld-door-corona-af-te-lossen\/#breadcrumb\",\"itemListElement\":[{\"@type\":\"ListItem\",\"position\":1,\"name\":\"Ondernemend Venlo\",\"item\":\"https:\/\/www.ondernemendvenlo.nl\/\"},{\"@type\":\"ListItem\",\"position\":2,\"name\":\"Nieuws\",\"item\":\"https:\/\/www.ondernemendvenlo.nl\/categorie\/nieuws\/\"},{\"@type\":\"ListItem\",\"position\":3,\"name\":\"Ondernemers krijgen langer tijd om belastingschuld door corona af te lossen\"}]},{\"@type\":\"WebSite\",\"@id\":\"https:\/\/www.ondernemendvenlo.nl\/#website\",\"url\":\"https:\/\/www.ondernemendvenlo.nl\/\",\"name\":\"Ondernemend Venlo\",\"description\":\"Samen succesvol ondernemen\",\"publisher\":{\"@id\":\"https:\/\/www.ondernemendvenlo.nl\/#organization\"},\"potentialAction\":[{\"@type\":\"SearchAction\",\"target\":{\"@type\":\"EntryPoint\",\"urlTemplate\":\"https:\/\/www.ondernemendvenlo.nl\/?s={search_term_string}\"},\"query-input\":{\"@type\":\"PropertyValueSpecification\",\"valueRequired\":true,\"valueName\":\"search_term_string\"}}],\"inLanguage\":\"de\"},{\"@type\":\"Organization\",\"@id\":\"https:\/\/www.ondernemendvenlo.nl\/#organization\",\"name\":\"Ondernemend Venlo\",\"url\":\"https:\/\/www.ondernemendvenlo.nl\/\",\"logo\":{\"@type\":\"ImageObject\",\"inLanguage\":\"de\",\"@id\":\"https:\/\/www.ondernemendvenlo.nl\/#\/schema\/logo\/image\/\",\"url\":\"https:\/\/www.ondernemendvenlo.nl\/wp-content\/uploads\/2025\/02\/Ondernemend-Venlo-logo-scaled.webp\",\"contentUrl\":\"https:\/\/www.ondernemendvenlo.nl\/wp-content\/uploads\/2025\/02\/Ondernemend-Venlo-logo-scaled.webp\",\"width\":2560,\"height\":1010,\"caption\":\"Ondernemend Venlo\"},\"image\":{\"@id\":\"https:\/\/www.ondernemendvenlo.nl\/#\/schema\/logo\/image\/\"},\"sameAs\":[\"https:\/\/www.linkedin.com\/company\/ondernemend-venlo\/\"]},{\"@type\":\"Person\",\"@id\":\"https:\/\/www.ondernemendvenlo.nl\/#\/schema\/person\/347e935f8ad4c7030608ef74bb57aa6e\",\"name\":\"admin\",\"image\":{\"@type\":\"ImageObject\",\"inLanguage\":\"de\",\"@id\":\"https:\/\/www.ondernemendvenlo.nl\/#\/schema\/person\/image\/\",\"url\":\"https:\/\/www.ondernemendvenlo.nl\/wp-content\/litespeed\/avatar\/720af750b037aecf6e33e12833479059.jpg?ver=1777382954\",\"contentUrl\":\"https:\/\/www.ondernemendvenlo.nl\/wp-content\/litespeed\/avatar\/720af750b037aecf6e33e12833479059.jpg?ver=1777382954\",\"caption\":\"admin\"},\"sameAs\":[\"https:\/\/www.ondernemendvenlo.nl\"]}]}<\/script>\n<!-- \/ Yoast SEO plugin. -->","yoast_head_json":{"title":"Ondernemers krijgen langer tijd om belastingschuld door corona af te lossen - Ondernemend Venlo","robots":{"index":"index","follow":"follow","max-snippet":"max-snippet:-1","max-image-preview":"max-image-preview:large","max-video-preview":"max-video-preview:-1"},"canonical":"https:\/\/www.ondernemendvenlo.nl\/de\/ondernemers-krijgen-langer-tijd-om-belastingschuld-door-corona-af-te-lossen\/","og_locale":"de_DE","og_type":"article","og_title":"Ondernemers krijgen langer tijd om belastingschuld door corona af te lossen - Ondernemend Venlo","og_description":"Ondernemers die wegens corona uitstel van betaling van belastingen hebben gekregen, krijgen langer de tijd om hun opgebouwde belastingschuld af te lossen. Zij krijgen nu 36 maanden de tijd om de belastingschuld terug te betalen en hoeven pas vanaf 1 juli 2021 terug te betalen. Daarnaast kunnen ondernemers die al eens uitstel hebben aangevraagd, hun [&hellip;]","og_url":"https:\/\/www.ondernemendvenlo.nl\/de\/ondernemers-krijgen-langer-tijd-om-belastingschuld-door-corona-af-te-lossen\/","og_site_name":"Ondernemend Venlo","article_published_time":"2020-09-29T11:10:41+00:00","og_image":[{"width":966,"height":644,"url":"https:\/\/www.ondernemendvenlo.nl\/wp-content\/uploads\/2025\/04\/ING_19043_320695.jpg","type":"image\/jpeg"}],"author":"admin","twitter_card":"summary_large_image","twitter_misc":{"Verfasst von":"admin","Gesch\u00e4tzte Lesezeit":"1\u00a0Minute"},"schema":{"@context":"https:\/\/schema.org","@graph":[{"@type":"Article","@id":"https:\/\/www.ondernemendvenlo.nl\/ondernemers-krijgen-langer-tijd-om-belastingschuld-door-corona-af-te-lossen\/#article","isPartOf":{"@id":"https:\/\/www.ondernemendvenlo.nl\/ondernemers-krijgen-langer-tijd-om-belastingschuld-door-corona-af-te-lossen\/"},"author":{"name":"admin","@id":"https:\/\/www.ondernemendvenlo.nl\/#\/schema\/person\/347e935f8ad4c7030608ef74bb57aa6e"},"headline":"Ondernemers krijgen langer tijd om belastingschuld door corona af te lossen","datePublished":"2020-09-29T11:10:41+00:00","mainEntityOfPage":{"@id":"https:\/\/www.ondernemendvenlo.nl\/ondernemers-krijgen-langer-tijd-om-belastingschuld-door-corona-af-te-lossen\/"},"wordCount":300,"publisher":{"@id":"https:\/\/www.ondernemendvenlo.nl\/#organization"},"image":{"@id":"https:\/\/www.ondernemendvenlo.nl\/ondernemers-krijgen-langer-tijd-om-belastingschuld-door-corona-af-te-lossen\/#primaryimage"},"thumbnailUrl":"https:\/\/www.ondernemendvenlo.nl\/wp-content\/uploads\/2025\/04\/ING_19043_320695.jpg","articleSection":["Nieuws"],"inLanguage":"de"},{"@type":"WebPage","@id":"https:\/\/www.ondernemendvenlo.nl\/ondernemers-krijgen-langer-tijd-om-belastingschuld-door-corona-af-te-lossen\/","url":"https:\/\/www.ondernemendvenlo.nl\/ondernemers-krijgen-langer-tijd-om-belastingschuld-door-corona-af-te-lossen\/","name":"Ondernemers krijgen langer tijd om belastingschuld door corona af te lossen - Ondernemend Venlo","isPartOf":{"@id":"https:\/\/www.ondernemendvenlo.nl\/#website"},"primaryImageOfPage":{"@id":"https:\/\/www.ondernemendvenlo.nl\/ondernemers-krijgen-langer-tijd-om-belastingschuld-door-corona-af-te-lossen\/#primaryimage"},"image":{"@id":"https:\/\/www.ondernemendvenlo.nl\/ondernemers-krijgen-langer-tijd-om-belastingschuld-door-corona-af-te-lossen\/#primaryimage"},"thumbnailUrl":"https:\/\/www.ondernemendvenlo.nl\/wp-content\/uploads\/2025\/04\/ING_19043_320695.jpg","datePublished":"2020-09-29T11:10:41+00:00","breadcrumb":{"@id":"https:\/\/www.ondernemendvenlo.nl\/ondernemers-krijgen-langer-tijd-om-belastingschuld-door-corona-af-te-lossen\/#breadcrumb"},"inLanguage":"de","potentialAction":[{"@type":"ReadAction","target":["https:\/\/www.ondernemendvenlo.nl\/ondernemers-krijgen-langer-tijd-om-belastingschuld-door-corona-af-te-lossen\/"]}]},{"@type":"ImageObject","inLanguage":"de","@id":"https:\/\/www.ondernemendvenlo.nl\/ondernemers-krijgen-langer-tijd-om-belastingschuld-door-corona-af-te-lossen\/#primaryimage","url":"https:\/\/www.ondernemendvenlo.nl\/wp-content\/uploads\/2025\/04\/ING_19043_320695.jpg","contentUrl":"https:\/\/www.ondernemendvenlo.nl\/wp-content\/uploads\/2025\/04\/ING_19043_320695.jpg","width":966,"height":644},{"@type":"BreadcrumbList","@id":"https:\/\/www.ondernemendvenlo.nl\/ondernemers-krijgen-langer-tijd-om-belastingschuld-door-corona-af-te-lossen\/#breadcrumb","itemListElement":[{"@type":"ListItem","position":1,"name":"Ondernemend Venlo","item":"https:\/\/www.ondernemendvenlo.nl\/"},{"@type":"ListItem","position":2,"name":"Nieuws","item":"https:\/\/www.ondernemendvenlo.nl\/categorie\/nieuws\/"},{"@type":"ListItem","position":3,"name":"Ondernemers krijgen langer tijd om belastingschuld door corona af te lossen"}]},{"@type":"WebSite","@id":"https:\/\/www.ondernemendvenlo.nl\/#website","url":"https:\/\/www.ondernemendvenlo.nl\/","name":"Unternehmerisches Venlo","description":"Samen succesvol ondernemen","publisher":{"@id":"https:\/\/www.ondernemendvenlo.nl\/#organization"},"potentialAction":[{"@type":"SearchAction","target":{"@type":"EntryPoint","urlTemplate":"https:\/\/www.ondernemendvenlo.nl\/?s={search_term_string}"},"query-input":{"@type":"PropertyValueSpecification","valueRequired":true,"valueName":"search_term_string"}}],"inLanguage":"de"},{"@type":"Organization","@id":"https:\/\/www.ondernemendvenlo.nl\/#organization","name":"Unternehmerisches Venlo","url":"https:\/\/www.ondernemendvenlo.nl\/","logo":{"@type":"ImageObject","inLanguage":"de","@id":"https:\/\/www.ondernemendvenlo.nl\/#\/schema\/logo\/image\/","url":"https:\/\/www.ondernemendvenlo.nl\/wp-content\/uploads\/2025\/02\/Ondernemend-Venlo-logo-scaled.webp","contentUrl":"https:\/\/www.ondernemendvenlo.nl\/wp-content\/uploads\/2025\/02\/Ondernemend-Venlo-logo-scaled.webp","width":2560,"height":1010,"caption":"Ondernemend Venlo"},"image":{"@id":"https:\/\/www.ondernemendvenlo.nl\/#\/schema\/logo\/image\/"},"sameAs":["https:\/\/www.linkedin.com\/company\/ondernemend-venlo\/"]},{"@type":"Person","@id":"https:\/\/www.ondernemendvenlo.nl\/#\/schema\/person\/347e935f8ad4c7030608ef74bb57aa6e","name":"admin","image":{"@type":"ImageObject","inLanguage":"de","@id":"https:\/\/www.ondernemendvenlo.nl\/#\/schema\/person\/image\/","url":"https:\/\/www.ondernemendvenlo.nl\/wp-content\/litespeed\/avatar\/720af750b037aecf6e33e12833479059.jpg?ver=1777382954","contentUrl":"https:\/\/www.ondernemendvenlo.nl\/wp-content\/litespeed\/avatar\/720af750b037aecf6e33e12833479059.jpg?ver=1777382954","caption":"admin"},"sameAs":["https:\/\/www.ondernemendvenlo.nl"]}]}},"_links":{"self":[{"href":"https:\/\/www.ondernemendvenlo.nl\/de\/wp-json\/wp\/v2\/posts\/2299","targetHints":{"allow":["GET"]}}],"collection":[{"href":"https:\/\/www.ondernemendvenlo.nl\/de\/wp-json\/wp\/v2\/posts"}],"about":[{"href":"https:\/\/www.ondernemendvenlo.nl\/de\/wp-json\/wp\/v2\/types\/post"}],"author":[{"embeddable":true,"href":"https:\/\/www.ondernemendvenlo.nl\/de\/wp-json\/wp\/v2\/users\/1"}],"replies":[{"embeddable":true,"href":"https:\/\/www.ondernemendvenlo.nl\/de\/wp-json\/wp\/v2\/comments?post=2299"}],"version-history":[{"count":0,"href":"https:\/\/www.ondernemendvenlo.nl\/de\/wp-json\/wp\/v2\/posts\/2299\/revisions"}],"wp:featuredmedia":[{"embeddable":true,"href":"https:\/\/www.ondernemendvenlo.nl\/de\/wp-json\/wp\/v2\/media\/2300"}],"wp:attachment":[{"href":"https:\/\/www.ondernemendvenlo.nl\/de\/wp-json\/wp\/v2\/media?parent=2299"}],"wp:term":[{"taxonomy":"category","embeddable":true,"href":"https:\/\/www.ondernemendvenlo.nl\/de\/wp-json\/wp\/v2\/categories?post=2299"},{"taxonomy":"post_tag","embeddable":true,"href":"https:\/\/www.ondernemendvenlo.nl\/de\/wp-json\/wp\/v2\/tags?post=2299"}],"curies":[{"name":"wp","href":"https:\/\/api.w.org\/{rel}","templated":true}]}}