{"id":2321,"date":"2020-10-29T14:46:58","date_gmt":"2020-10-29T13:46:58","guid":{"rendered":"https:\/\/www.ondernemendvenlo.nl\/hoogste-punt-van-der-valk-hotel-venlo-bereikt\/"},"modified":"2020-10-29T14:46:58","modified_gmt":"2020-10-29T13:46:58","slug":"hoogste-punt-van-der-valk-hotel-venlo-bereikt","status":"publish","type":"post","link":"https:\/\/www.ondernemendvenlo.nl\/de\/hoogste-punt-van-der-valk-hotel-venlo-bereikt\/","title":{"rendered":"H\u00f6chster erreichter Punkt des Van der Valk Hotel Venlo"},"content":{"rendered":"<p><strong>VENLO - Die Gesch\u00e4ftsf\u00fchrung Han und Ine van der Eijk, das Van der Valk-Bauteam und die Mitarbeiter sind stolz und feiern heute gemeinsam mit dem Bauteam von Wijnen Bouw das Erreichen des h\u00f6chsten Punktes. Das Hotel in Venlo wird am Nijmeegseweg 90 gebaut.<\/strong><\/p>\n<p class=\"xxmsonormal\">Seit September letzten Jahres wurde mit dem Bau eines von Cradle to Cradle inspirierten Hotelkonzepts mit insgesamt 168 Hotelzimmern, drei Restaurants, einem Konferenzzentrum, einem Dachgeschoss und einem Wellnessbereich mit Innenpool und Fitnessstudio begonnen. Im gesamten Geb\u00e4ude wurden nachhaltige und Cradle-to-Cradle-zertifizierte Baumaterialien und Techniken eingesetzt.<\/p>\n<p class=\"xxmsonormal\">\"Sie sind eine pers\u00f6nliche Motivation, ein nachhaltiges Leben zu f\u00fchren und eine kreisf\u00f6rmige Grundlage f\u00fcr neue Generationen zu schaffen. Wir sprechen nicht von Abfall, sondern von Rohstoffen. Diese Vision vermitteln wir auch unseren Mitarbeitern. Dar\u00fcber hinaus gibt es einen weltweiten Wandel hin zu einer Kreislaufwirtschaft. All dies war f\u00fcr uns der Grund, nachhaltig zu wirtschaften\", so Han und Ine van der Eijk.<\/p>\n<p class=\"xxmsonormal\"><span style=\"color: #201f1e\">In Zeiten der Corona steht das Hotel vor zus\u00e4tzlichen Herausforderungen. Nach dem Ausbruch der Pandemie haben alle Beteiligten daf\u00fcr gesorgt, dass die Bauarbeiten auf sichere Weise fortgesetzt werden k\u00f6nnen.<\/span><\/p>\n<p class=\"xxmsonormal\"><span style=\"color: #201f1e\">\"Wir sind dankbar, dass wir den Bau in diesen schwierigen Zeiten vorantreiben konnten\", so Han van der Eijk. Derzeit liegen die Bauarbeiten im Zeitplan und das Hotel wird voraussichtlich im Fr\u00fchjahr 2021 er\u00f6ffnet.<\/span><\/p>\n<p class=\"xxmsonormal\"><span style=\"color: #201f1e\">\u00a0<\/span><\/p>","protected":false},"excerpt":{"rendered":"<p>VENLO &#8211;\u00a0De directie Han en Ine van der Eijk, het bouwteam van Van der Valk en medewerkers zijn trots en vieren vandaag samen met het bouwteam van Wijnen Bouw het bereiken van het hoogste punt. Het hotel in Venlo wordt gebouwd aan de Nijmeegseweg 90. Sinds vorig jaar september is gestart met de bouw van [&hellip;]<\/p>","protected":false},"author":1,"featured_media":2322,"comment_status":"closed","ping_status":"open","sticky":false,"template":"","format":"standard","meta":{"_acf_changed":false,"footnotes":""},"categories":[8],"tags":[],"class_list":["post-2321","post","type-post","status-publish","format-standard","has-post-thumbnail","hentry","category-nieuws"],"acf":[],"yoast_head":"<!-- This site is optimized with the Yoast SEO plugin v26.3 - https:\/\/yoast.com\/wordpress\/plugins\/seo\/ -->\n<title>Hoogste punt Van der Valk Hotel Venlo bereikt - Ondernemend Venlo<\/title>\n<meta name=\"robots\" content=\"index, follow, max-snippet:-1, max-image-preview:large, max-video-preview:-1\" \/>\n<link rel=\"canonical\" href=\"https:\/\/www.ondernemendvenlo.nl\/de\/hoogste-punt-van-der-valk-hotel-venlo-bereikt\/\" \/>\n<meta property=\"og:locale\" content=\"de_DE\" \/>\n<meta property=\"og:type\" content=\"article\" \/>\n<meta property=\"og:title\" content=\"Hoogste punt Van der Valk Hotel Venlo bereikt - Ondernemend Venlo\" \/>\n<meta property=\"og:description\" content=\"VENLO &#8211;\u00a0De directie Han en Ine van der Eijk, het bouwteam van Van der Valk en medewerkers zijn trots en vieren vandaag samen met het bouwteam van Wijnen Bouw het bereiken van het hoogste punt. Het hotel in Venlo wordt gebouwd aan de Nijmeegseweg 90. Sinds vorig jaar september is gestart met de bouw van [&hellip;]\" \/>\n<meta property=\"og:url\" content=\"https:\/\/www.ondernemendvenlo.nl\/de\/hoogste-punt-van-der-valk-hotel-venlo-bereikt\/\" \/>\n<meta property=\"og:site_name\" content=\"Ondernemend Venlo\" \/>\n<meta property=\"article:published_time\" content=\"2020-10-29T13:46:58+00:00\" \/>\n<meta property=\"og:image\" content=\"https:\/\/www.ondernemendvenlo.nl\/wp-content\/uploads\/2025\/04\/0620-190415-scaled-1.jpg\" \/>\n\t<meta property=\"og:image:width\" content=\"2560\" \/>\n\t<meta property=\"og:image:height\" content=\"2181\" \/>\n\t<meta property=\"og:image:type\" content=\"image\/jpeg\" \/>\n<meta name=\"author\" content=\"admin\" \/>\n<meta name=\"twitter:card\" content=\"summary_large_image\" \/>\n<meta name=\"twitter:label1\" content=\"Verfasst von\" \/>\n\t<meta name=\"twitter:data1\" content=\"admin\" \/>\n\t<meta name=\"twitter:label2\" content=\"Gesch\u00e4tzte Lesezeit\" \/>\n\t<meta name=\"twitter:data2\" content=\"1\u00a0Minute\" \/>\n<script type=\"application\/ld+json\" class=\"yoast-schema-graph\">{\"@context\":\"https:\/\/schema.org\",\"@graph\":[{\"@type\":\"Article\",\"@id\":\"https:\/\/www.ondernemendvenlo.nl\/hoogste-punt-van-der-valk-hotel-venlo-bereikt\/#article\",\"isPartOf\":{\"@id\":\"https:\/\/www.ondernemendvenlo.nl\/hoogste-punt-van-der-valk-hotel-venlo-bereikt\/\"},\"author\":{\"name\":\"admin\",\"@id\":\"https:\/\/www.ondernemendvenlo.nl\/#\/schema\/person\/347e935f8ad4c7030608ef74bb57aa6e\"},\"headline\":\"Hoogste punt Van der Valk Hotel Venlo bereikt\",\"datePublished\":\"2020-10-29T13:46:58+00:00\",\"mainEntityOfPage\":{\"@id\":\"https:\/\/www.ondernemendvenlo.nl\/hoogste-punt-van-der-valk-hotel-venlo-bereikt\/\"},\"wordCount\":239,\"publisher\":{\"@id\":\"https:\/\/www.ondernemendvenlo.nl\/#organization\"},\"image\":{\"@id\":\"https:\/\/www.ondernemendvenlo.nl\/hoogste-punt-van-der-valk-hotel-venlo-bereikt\/#primaryimage\"},\"thumbnailUrl\":\"https:\/\/www.ondernemendvenlo.nl\/wp-content\/uploads\/2025\/04\/0620-190415-scaled-1.jpg\",\"articleSection\":[\"Nieuws\"],\"inLanguage\":\"de\"},{\"@type\":\"WebPage\",\"@id\":\"https:\/\/www.ondernemendvenlo.nl\/hoogste-punt-van-der-valk-hotel-venlo-bereikt\/\",\"url\":\"https:\/\/www.ondernemendvenlo.nl\/hoogste-punt-van-der-valk-hotel-venlo-bereikt\/\",\"name\":\"Hoogste punt Van der Valk Hotel Venlo bereikt - Ondernemend Venlo\",\"isPartOf\":{\"@id\":\"https:\/\/www.ondernemendvenlo.nl\/#website\"},\"primaryImageOfPage\":{\"@id\":\"https:\/\/www.ondernemendvenlo.nl\/hoogste-punt-van-der-valk-hotel-venlo-bereikt\/#primaryimage\"},\"image\":{\"@id\":\"https:\/\/www.ondernemendvenlo.nl\/hoogste-punt-van-der-valk-hotel-venlo-bereikt\/#primaryimage\"},\"thumbnailUrl\":\"https:\/\/www.ondernemendvenlo.nl\/wp-content\/uploads\/2025\/04\/0620-190415-scaled-1.jpg\",\"datePublished\":\"2020-10-29T13:46:58+00:00\",\"breadcrumb\":{\"@id\":\"https:\/\/www.ondernemendvenlo.nl\/hoogste-punt-van-der-valk-hotel-venlo-bereikt\/#breadcrumb\"},\"inLanguage\":\"de\",\"potentialAction\":[{\"@type\":\"ReadAction\",\"target\":[\"https:\/\/www.ondernemendvenlo.nl\/hoogste-punt-van-der-valk-hotel-venlo-bereikt\/\"]}]},{\"@type\":\"ImageObject\",\"inLanguage\":\"de\",\"@id\":\"https:\/\/www.ondernemendvenlo.nl\/hoogste-punt-van-der-valk-hotel-venlo-bereikt\/#primaryimage\",\"url\":\"https:\/\/www.ondernemendvenlo.nl\/wp-content\/uploads\/2025\/04\/0620-190415-scaled-1.jpg\",\"contentUrl\":\"https:\/\/www.ondernemendvenlo.nl\/wp-content\/uploads\/2025\/04\/0620-190415-scaled-1.jpg\",\"width\":2560,\"height\":2181},{\"@type\":\"BreadcrumbList\",\"@id\":\"https:\/\/www.ondernemendvenlo.nl\/hoogste-punt-van-der-valk-hotel-venlo-bereikt\/#breadcrumb\",\"itemListElement\":[{\"@type\":\"ListItem\",\"position\":1,\"name\":\"Ondernemend Venlo\",\"item\":\"https:\/\/www.ondernemendvenlo.nl\/\"},{\"@type\":\"ListItem\",\"position\":2,\"name\":\"Nieuws\",\"item\":\"https:\/\/www.ondernemendvenlo.nl\/categorie\/nieuws\/\"},{\"@type\":\"ListItem\",\"position\":3,\"name\":\"Hoogste punt Van der Valk Hotel Venlo bereikt\"}]},{\"@type\":\"WebSite\",\"@id\":\"https:\/\/www.ondernemendvenlo.nl\/#website\",\"url\":\"https:\/\/www.ondernemendvenlo.nl\/\",\"name\":\"Ondernemend Venlo\",\"description\":\"Samen succesvol ondernemen\",\"publisher\":{\"@id\":\"https:\/\/www.ondernemendvenlo.nl\/#organization\"},\"potentialAction\":[{\"@type\":\"SearchAction\",\"target\":{\"@type\":\"EntryPoint\",\"urlTemplate\":\"https:\/\/www.ondernemendvenlo.nl\/?s={search_term_string}\"},\"query-input\":{\"@type\":\"PropertyValueSpecification\",\"valueRequired\":true,\"valueName\":\"search_term_string\"}}],\"inLanguage\":\"de\"},{\"@type\":\"Organization\",\"@id\":\"https:\/\/www.ondernemendvenlo.nl\/#organization\",\"name\":\"Ondernemend Venlo\",\"url\":\"https:\/\/www.ondernemendvenlo.nl\/\",\"logo\":{\"@type\":\"ImageObject\",\"inLanguage\":\"de\",\"@id\":\"https:\/\/www.ondernemendvenlo.nl\/#\/schema\/logo\/image\/\",\"url\":\"https:\/\/www.ondernemendvenlo.nl\/wp-content\/uploads\/2025\/02\/Ondernemend-Venlo-logo-scaled.webp\",\"contentUrl\":\"https:\/\/www.ondernemendvenlo.nl\/wp-content\/uploads\/2025\/02\/Ondernemend-Venlo-logo-scaled.webp\",\"width\":2560,\"height\":1010,\"caption\":\"Ondernemend Venlo\"},\"image\":{\"@id\":\"https:\/\/www.ondernemendvenlo.nl\/#\/schema\/logo\/image\/\"},\"sameAs\":[\"https:\/\/www.linkedin.com\/company\/ondernemend-venlo\/\"]},{\"@type\":\"Person\",\"@id\":\"https:\/\/www.ondernemendvenlo.nl\/#\/schema\/person\/347e935f8ad4c7030608ef74bb57aa6e\",\"name\":\"admin\",\"image\":{\"@type\":\"ImageObject\",\"inLanguage\":\"de\",\"@id\":\"https:\/\/www.ondernemendvenlo.nl\/#\/schema\/person\/image\/\",\"url\":\"https:\/\/www.ondernemendvenlo.nl\/wp-content\/litespeed\/avatar\/720af750b037aecf6e33e12833479059.jpg?ver=1777382954\",\"contentUrl\":\"https:\/\/www.ondernemendvenlo.nl\/wp-content\/litespeed\/avatar\/720af750b037aecf6e33e12833479059.jpg?ver=1777382954\",\"caption\":\"admin\"},\"sameAs\":[\"https:\/\/www.ondernemendvenlo.nl\"]}]}<\/script>\n<!-- \/ Yoast SEO plugin. -->","yoast_head_json":{"title":"Hoogste punt Van der Valk Hotel Venlo bereikt - Ondernemend Venlo","robots":{"index":"index","follow":"follow","max-snippet":"max-snippet:-1","max-image-preview":"max-image-preview:large","max-video-preview":"max-video-preview:-1"},"canonical":"https:\/\/www.ondernemendvenlo.nl\/de\/hoogste-punt-van-der-valk-hotel-venlo-bereikt\/","og_locale":"de_DE","og_type":"article","og_title":"Hoogste punt Van der Valk Hotel Venlo bereikt - Ondernemend Venlo","og_description":"VENLO &#8211;\u00a0De directie Han en Ine van der Eijk, het bouwteam van Van der Valk en medewerkers zijn trots en vieren vandaag samen met het bouwteam van Wijnen Bouw het bereiken van het hoogste punt. Het hotel in Venlo wordt gebouwd aan de Nijmeegseweg 90. Sinds vorig jaar september is gestart met de bouw van [&hellip;]","og_url":"https:\/\/www.ondernemendvenlo.nl\/de\/hoogste-punt-van-der-valk-hotel-venlo-bereikt\/","og_site_name":"Ondernemend Venlo","article_published_time":"2020-10-29T13:46:58+00:00","og_image":[{"width":2560,"height":2181,"url":"https:\/\/www.ondernemendvenlo.nl\/wp-content\/uploads\/2025\/04\/0620-190415-scaled-1.jpg","type":"image\/jpeg"}],"author":"admin","twitter_card":"summary_large_image","twitter_misc":{"Verfasst von":"admin","Gesch\u00e4tzte Lesezeit":"1\u00a0Minute"},"schema":{"@context":"https:\/\/schema.org","@graph":[{"@type":"Article","@id":"https:\/\/www.ondernemendvenlo.nl\/hoogste-punt-van-der-valk-hotel-venlo-bereikt\/#article","isPartOf":{"@id":"https:\/\/www.ondernemendvenlo.nl\/hoogste-punt-van-der-valk-hotel-venlo-bereikt\/"},"author":{"name":"admin","@id":"https:\/\/www.ondernemendvenlo.nl\/#\/schema\/person\/347e935f8ad4c7030608ef74bb57aa6e"},"headline":"Hoogste punt Van der Valk Hotel Venlo bereikt","datePublished":"2020-10-29T13:46:58+00:00","mainEntityOfPage":{"@id":"https:\/\/www.ondernemendvenlo.nl\/hoogste-punt-van-der-valk-hotel-venlo-bereikt\/"},"wordCount":239,"publisher":{"@id":"https:\/\/www.ondernemendvenlo.nl\/#organization"},"image":{"@id":"https:\/\/www.ondernemendvenlo.nl\/hoogste-punt-van-der-valk-hotel-venlo-bereikt\/#primaryimage"},"thumbnailUrl":"https:\/\/www.ondernemendvenlo.nl\/wp-content\/uploads\/2025\/04\/0620-190415-scaled-1.jpg","articleSection":["Nieuws"],"inLanguage":"de"},{"@type":"WebPage","@id":"https:\/\/www.ondernemendvenlo.nl\/hoogste-punt-van-der-valk-hotel-venlo-bereikt\/","url":"https:\/\/www.ondernemendvenlo.nl\/hoogste-punt-van-der-valk-hotel-venlo-bereikt\/","name":"Hoogste punt Van der Valk Hotel Venlo bereikt - Ondernemend Venlo","isPartOf":{"@id":"https:\/\/www.ondernemendvenlo.nl\/#website"},"primaryImageOfPage":{"@id":"https:\/\/www.ondernemendvenlo.nl\/hoogste-punt-van-der-valk-hotel-venlo-bereikt\/#primaryimage"},"image":{"@id":"https:\/\/www.ondernemendvenlo.nl\/hoogste-punt-van-der-valk-hotel-venlo-bereikt\/#primaryimage"},"thumbnailUrl":"https:\/\/www.ondernemendvenlo.nl\/wp-content\/uploads\/2025\/04\/0620-190415-scaled-1.jpg","datePublished":"2020-10-29T13:46:58+00:00","breadcrumb":{"@id":"https:\/\/www.ondernemendvenlo.nl\/hoogste-punt-van-der-valk-hotel-venlo-bereikt\/#breadcrumb"},"inLanguage":"de","potentialAction":[{"@type":"ReadAction","target":["https:\/\/www.ondernemendvenlo.nl\/hoogste-punt-van-der-valk-hotel-venlo-bereikt\/"]}]},{"@type":"ImageObject","inLanguage":"de","@id":"https:\/\/www.ondernemendvenlo.nl\/hoogste-punt-van-der-valk-hotel-venlo-bereikt\/#primaryimage","url":"https:\/\/www.ondernemendvenlo.nl\/wp-content\/uploads\/2025\/04\/0620-190415-scaled-1.jpg","contentUrl":"https:\/\/www.ondernemendvenlo.nl\/wp-content\/uploads\/2025\/04\/0620-190415-scaled-1.jpg","width":2560,"height":2181},{"@type":"BreadcrumbList","@id":"https:\/\/www.ondernemendvenlo.nl\/hoogste-punt-van-der-valk-hotel-venlo-bereikt\/#breadcrumb","itemListElement":[{"@type":"ListItem","position":1,"name":"Ondernemend Venlo","item":"https:\/\/www.ondernemendvenlo.nl\/"},{"@type":"ListItem","position":2,"name":"Nieuws","item":"https:\/\/www.ondernemendvenlo.nl\/categorie\/nieuws\/"},{"@type":"ListItem","position":3,"name":"Hoogste punt Van der Valk Hotel Venlo bereikt"}]},{"@type":"WebSite","@id":"https:\/\/www.ondernemendvenlo.nl\/#website","url":"https:\/\/www.ondernemendvenlo.nl\/","name":"Unternehmerisches Venlo","description":"Samen succesvol ondernemen","publisher":{"@id":"https:\/\/www.ondernemendvenlo.nl\/#organization"},"potentialAction":[{"@type":"SearchAction","target":{"@type":"EntryPoint","urlTemplate":"https:\/\/www.ondernemendvenlo.nl\/?s={search_term_string}"},"query-input":{"@type":"PropertyValueSpecification","valueRequired":true,"valueName":"search_term_string"}}],"inLanguage":"de"},{"@type":"Organization","@id":"https:\/\/www.ondernemendvenlo.nl\/#organization","name":"Unternehmerisches Venlo","url":"https:\/\/www.ondernemendvenlo.nl\/","logo":{"@type":"ImageObject","inLanguage":"de","@id":"https:\/\/www.ondernemendvenlo.nl\/#\/schema\/logo\/image\/","url":"https:\/\/www.ondernemendvenlo.nl\/wp-content\/uploads\/2025\/02\/Ondernemend-Venlo-logo-scaled.webp","contentUrl":"https:\/\/www.ondernemendvenlo.nl\/wp-content\/uploads\/2025\/02\/Ondernemend-Venlo-logo-scaled.webp","width":2560,"height":1010,"caption":"Ondernemend Venlo"},"image":{"@id":"https:\/\/www.ondernemendvenlo.nl\/#\/schema\/logo\/image\/"},"sameAs":["https:\/\/www.linkedin.com\/company\/ondernemend-venlo\/"]},{"@type":"Person","@id":"https:\/\/www.ondernemendvenlo.nl\/#\/schema\/person\/347e935f8ad4c7030608ef74bb57aa6e","name":"admin","image":{"@type":"ImageObject","inLanguage":"de","@id":"https:\/\/www.ondernemendvenlo.nl\/#\/schema\/person\/image\/","url":"https:\/\/www.ondernemendvenlo.nl\/wp-content\/litespeed\/avatar\/720af750b037aecf6e33e12833479059.jpg?ver=1777382954","contentUrl":"https:\/\/www.ondernemendvenlo.nl\/wp-content\/litespeed\/avatar\/720af750b037aecf6e33e12833479059.jpg?ver=1777382954","caption":"admin"},"sameAs":["https:\/\/www.ondernemendvenlo.nl"]}]}},"_links":{"self":[{"href":"https:\/\/www.ondernemendvenlo.nl\/de\/wp-json\/wp\/v2\/posts\/2321","targetHints":{"allow":["GET"]}}],"collection":[{"href":"https:\/\/www.ondernemendvenlo.nl\/de\/wp-json\/wp\/v2\/posts"}],"about":[{"href":"https:\/\/www.ondernemendvenlo.nl\/de\/wp-json\/wp\/v2\/types\/post"}],"author":[{"embeddable":true,"href":"https:\/\/www.ondernemendvenlo.nl\/de\/wp-json\/wp\/v2\/users\/1"}],"replies":[{"embeddable":true,"href":"https:\/\/www.ondernemendvenlo.nl\/de\/wp-json\/wp\/v2\/comments?post=2321"}],"version-history":[{"count":0,"href":"https:\/\/www.ondernemendvenlo.nl\/de\/wp-json\/wp\/v2\/posts\/2321\/revisions"}],"wp:featuredmedia":[{"embeddable":true,"href":"https:\/\/www.ondernemendvenlo.nl\/de\/wp-json\/wp\/v2\/media\/2322"}],"wp:attachment":[{"href":"https:\/\/www.ondernemendvenlo.nl\/de\/wp-json\/wp\/v2\/media?parent=2321"}],"wp:term":[{"taxonomy":"category","embeddable":true,"href":"https:\/\/www.ondernemendvenlo.nl\/de\/wp-json\/wp\/v2\/categories?post=2321"},{"taxonomy":"post_tag","embeddable":true,"href":"https:\/\/www.ondernemendvenlo.nl\/de\/wp-json\/wp\/v2\/tags?post=2321"}],"curies":[{"name":"wp","href":"https:\/\/api.w.org\/{rel}","templated":true}]}}