{"id":2370,"date":"2021-01-12T09:55:57","date_gmt":"2021-01-12T08:55:57","guid":{"rendered":"https:\/\/www.ondernemendvenlo.nl\/wens-in-vervulling-met-start-fontys-opleiding-gezondheid\/"},"modified":"2021-01-12T09:55:57","modified_gmt":"2021-01-12T08:55:57","slug":"wens-in-vervulling-met-start-fontys-opleiding-gezondheid","status":"publish","type":"post","link":"https:\/\/www.ondernemendvenlo.nl\/de\/wens-in-vervulling-met-start-fontys-opleiding-gezondheid\/","title":{"rendered":"Wunsch erf\u00fcllt mit Start von Fontys Gesundheitskurs"},"content":{"rendered":"<p><strong>Ab dem n\u00e4chsten Schuljahr k\u00f6nnen sich die Sch\u00fcler der Fontys Hogescholen Venlo f\u00fcr einen Gesundheitskurs entscheiden. In diesem Kurs werden die Sch\u00fcler zu Spezialisten f\u00fcr die Gesundheitsf\u00f6rderung ausgebildet.<\/strong><\/p>\n<p>Zuvor hatte die Hochschule ihre Absicht bekundet, den Kurs zu starten. Jetzt hat das Ministerium die offizielle Genehmigung erteilt. Damit geht ein Wunsch der Stadt Venlo in Erf\u00fcllung. In einem Gespr\u00e4ch mit Omroep Venlo sagte Stadtrat Erwin Boom (Hohe Bildung): \"Wir wollen schon seit Jahren, dass das Gesundheitswesen Teil unseres Bildungssystems wird. Es ist wunderbar, dass Fontys den Kurs ab September anbietet. Auf diese Weise werden Menschen durch Bildung f\u00fcr die Arbeit im Gesundheitswesen begeistert.\" Die Studenten werden sich auf Fragen der Innovation und Technologie konzentrieren.<\/p>","protected":false},"excerpt":{"rendered":"<p>Vanaf komend schooljaar kunnen studenten bij Fontys Hogescholen Venlo kiezen voor een opleiding Gezondheid. Studenten worden hierin opgeleid tot specialisten in gezondheidsbevordering. Eerder kondigde de hogeschool al aan te willen starten met de opleiding. Het ministerie heeft nu offici\u00eble goedkeuring verleend. Daarmee komt voor Venlo een wens in vervulling. Tegenover Omroep Venlo zegt wethouder Erwin [&hellip;]<\/p>","protected":false},"author":1,"featured_media":2371,"comment_status":"closed","ping_status":"open","sticky":false,"template":"","format":"standard","meta":{"_acf_changed":false,"footnotes":""},"categories":[8],"tags":[],"class_list":["post-2370","post","type-post","status-publish","format-standard","has-post-thumbnail","hentry","category-nieuws"],"acf":[],"yoast_head":"<!-- This site is optimized with the Yoast SEO plugin v26.3 - https:\/\/yoast.com\/wordpress\/plugins\/seo\/ -->\n<title>Wens in vervulling met start Fontys-opleiding Gezondheid - Ondernemend Venlo<\/title>\n<meta name=\"robots\" content=\"index, follow, max-snippet:-1, max-image-preview:large, max-video-preview:-1\" \/>\n<link rel=\"canonical\" href=\"https:\/\/www.ondernemendvenlo.nl\/de\/wens-in-vervulling-met-start-fontys-opleiding-gezondheid\/\" \/>\n<meta property=\"og:locale\" content=\"de_DE\" \/>\n<meta property=\"og:type\" content=\"article\" \/>\n<meta property=\"og:title\" content=\"Wens in vervulling met start Fontys-opleiding Gezondheid - Ondernemend Venlo\" \/>\n<meta property=\"og:description\" content=\"Vanaf komend schooljaar kunnen studenten bij Fontys Hogescholen Venlo kiezen voor een opleiding Gezondheid. Studenten worden hierin opgeleid tot specialisten in gezondheidsbevordering. Eerder kondigde de hogeschool al aan te willen starten met de opleiding. Het ministerie heeft nu offici\u00eble goedkeuring verleend. Daarmee komt voor Venlo een wens in vervulling. Tegenover Omroep Venlo zegt wethouder Erwin [&hellip;]\" \/>\n<meta property=\"og:url\" content=\"https:\/\/www.ondernemendvenlo.nl\/de\/wens-in-vervulling-met-start-fontys-opleiding-gezondheid\/\" \/>\n<meta property=\"og:site_name\" content=\"Ondernemend Venlo\" \/>\n<meta property=\"article:published_time\" content=\"2021-01-12T08:55:57+00:00\" \/>\n<meta property=\"og:image\" content=\"https:\/\/www.ondernemendvenlo.nl\/wp-content\/uploads\/2025\/04\/Schermafbeelding-2021-01-12-om-12.23.28-1024x641.png\" \/>\n\t<meta property=\"og:image:width\" content=\"1024\" \/>\n\t<meta property=\"og:image:height\" content=\"641\" \/>\n\t<meta property=\"og:image:type\" content=\"image\/png\" \/>\n<meta name=\"author\" content=\"admin\" \/>\n<meta name=\"twitter:card\" content=\"summary_large_image\" \/>\n<meta name=\"twitter:label1\" content=\"Verfasst von\" \/>\n\t<meta name=\"twitter:data1\" content=\"admin\" \/>\n\t<meta name=\"twitter:label2\" content=\"Gesch\u00e4tzte Lesezeit\" \/>\n\t<meta name=\"twitter:data2\" content=\"1\u00a0Minute\" \/>\n<script type=\"application\/ld+json\" class=\"yoast-schema-graph\">{\"@context\":\"https:\/\/schema.org\",\"@graph\":[{\"@type\":\"Article\",\"@id\":\"https:\/\/www.ondernemendvenlo.nl\/wens-in-vervulling-met-start-fontys-opleiding-gezondheid\/#article\",\"isPartOf\":{\"@id\":\"https:\/\/www.ondernemendvenlo.nl\/wens-in-vervulling-met-start-fontys-opleiding-gezondheid\/\"},\"author\":{\"name\":\"admin\",\"@id\":\"https:\/\/www.ondernemendvenlo.nl\/#\/schema\/person\/347e935f8ad4c7030608ef74bb57aa6e\"},\"headline\":\"Wens in vervulling met start Fontys-opleiding Gezondheid\",\"datePublished\":\"2021-01-12T08:55:57+00:00\",\"mainEntityOfPage\":{\"@id\":\"https:\/\/www.ondernemendvenlo.nl\/wens-in-vervulling-met-start-fontys-opleiding-gezondheid\/\"},\"wordCount\":119,\"publisher\":{\"@id\":\"https:\/\/www.ondernemendvenlo.nl\/#organization\"},\"image\":{\"@id\":\"https:\/\/www.ondernemendvenlo.nl\/wens-in-vervulling-met-start-fontys-opleiding-gezondheid\/#primaryimage\"},\"thumbnailUrl\":\"https:\/\/www.ondernemendvenlo.nl\/wp-content\/uploads\/2025\/04\/Schermafbeelding-2021-01-12-om-12.23.28.png\",\"articleSection\":[\"Nieuws\"],\"inLanguage\":\"de\"},{\"@type\":\"WebPage\",\"@id\":\"https:\/\/www.ondernemendvenlo.nl\/wens-in-vervulling-met-start-fontys-opleiding-gezondheid\/\",\"url\":\"https:\/\/www.ondernemendvenlo.nl\/wens-in-vervulling-met-start-fontys-opleiding-gezondheid\/\",\"name\":\"Wens in vervulling met start Fontys-opleiding Gezondheid - Ondernemend Venlo\",\"isPartOf\":{\"@id\":\"https:\/\/www.ondernemendvenlo.nl\/#website\"},\"primaryImageOfPage\":{\"@id\":\"https:\/\/www.ondernemendvenlo.nl\/wens-in-vervulling-met-start-fontys-opleiding-gezondheid\/#primaryimage\"},\"image\":{\"@id\":\"https:\/\/www.ondernemendvenlo.nl\/wens-in-vervulling-met-start-fontys-opleiding-gezondheid\/#primaryimage\"},\"thumbnailUrl\":\"https:\/\/www.ondernemendvenlo.nl\/wp-content\/uploads\/2025\/04\/Schermafbeelding-2021-01-12-om-12.23.28.png\",\"datePublished\":\"2021-01-12T08:55:57+00:00\",\"breadcrumb\":{\"@id\":\"https:\/\/www.ondernemendvenlo.nl\/wens-in-vervulling-met-start-fontys-opleiding-gezondheid\/#breadcrumb\"},\"inLanguage\":\"de\",\"potentialAction\":[{\"@type\":\"ReadAction\",\"target\":[\"https:\/\/www.ondernemendvenlo.nl\/wens-in-vervulling-met-start-fontys-opleiding-gezondheid\/\"]}]},{\"@type\":\"ImageObject\",\"inLanguage\":\"de\",\"@id\":\"https:\/\/www.ondernemendvenlo.nl\/wens-in-vervulling-met-start-fontys-opleiding-gezondheid\/#primaryimage\",\"url\":\"https:\/\/www.ondernemendvenlo.nl\/wp-content\/uploads\/2025\/04\/Schermafbeelding-2021-01-12-om-12.23.28.png\",\"contentUrl\":\"https:\/\/www.ondernemendvenlo.nl\/wp-content\/uploads\/2025\/04\/Schermafbeelding-2021-01-12-om-12.23.28.png\",\"width\":1398,\"height\":875},{\"@type\":\"BreadcrumbList\",\"@id\":\"https:\/\/www.ondernemendvenlo.nl\/wens-in-vervulling-met-start-fontys-opleiding-gezondheid\/#breadcrumb\",\"itemListElement\":[{\"@type\":\"ListItem\",\"position\":1,\"name\":\"Ondernemend Venlo\",\"item\":\"https:\/\/www.ondernemendvenlo.nl\/\"},{\"@type\":\"ListItem\",\"position\":2,\"name\":\"Nieuws\",\"item\":\"https:\/\/www.ondernemendvenlo.nl\/categorie\/nieuws\/\"},{\"@type\":\"ListItem\",\"position\":3,\"name\":\"Wens in vervulling met start Fontys-opleiding Gezondheid\"}]},{\"@type\":\"WebSite\",\"@id\":\"https:\/\/www.ondernemendvenlo.nl\/#website\",\"url\":\"https:\/\/www.ondernemendvenlo.nl\/\",\"name\":\"Ondernemend Venlo\",\"description\":\"Samen succesvol ondernemen\",\"publisher\":{\"@id\":\"https:\/\/www.ondernemendvenlo.nl\/#organization\"},\"potentialAction\":[{\"@type\":\"SearchAction\",\"target\":{\"@type\":\"EntryPoint\",\"urlTemplate\":\"https:\/\/www.ondernemendvenlo.nl\/?s={search_term_string}\"},\"query-input\":{\"@type\":\"PropertyValueSpecification\",\"valueRequired\":true,\"valueName\":\"search_term_string\"}}],\"inLanguage\":\"de\"},{\"@type\":\"Organization\",\"@id\":\"https:\/\/www.ondernemendvenlo.nl\/#organization\",\"name\":\"Ondernemend Venlo\",\"url\":\"https:\/\/www.ondernemendvenlo.nl\/\",\"logo\":{\"@type\":\"ImageObject\",\"inLanguage\":\"de\",\"@id\":\"https:\/\/www.ondernemendvenlo.nl\/#\/schema\/logo\/image\/\",\"url\":\"https:\/\/www.ondernemendvenlo.nl\/wp-content\/uploads\/2025\/02\/Ondernemend-Venlo-logo-scaled.webp\",\"contentUrl\":\"https:\/\/www.ondernemendvenlo.nl\/wp-content\/uploads\/2025\/02\/Ondernemend-Venlo-logo-scaled.webp\",\"width\":2560,\"height\":1010,\"caption\":\"Ondernemend Venlo\"},\"image\":{\"@id\":\"https:\/\/www.ondernemendvenlo.nl\/#\/schema\/logo\/image\/\"},\"sameAs\":[\"https:\/\/www.linkedin.com\/company\/ondernemend-venlo\/\"]},{\"@type\":\"Person\",\"@id\":\"https:\/\/www.ondernemendvenlo.nl\/#\/schema\/person\/347e935f8ad4c7030608ef74bb57aa6e\",\"name\":\"admin\",\"image\":{\"@type\":\"ImageObject\",\"inLanguage\":\"de\",\"@id\":\"https:\/\/www.ondernemendvenlo.nl\/#\/schema\/person\/image\/\",\"url\":\"https:\/\/www.ondernemendvenlo.nl\/wp-content\/litespeed\/avatar\/720af750b037aecf6e33e12833479059.jpg?ver=1777382954\",\"contentUrl\":\"https:\/\/www.ondernemendvenlo.nl\/wp-content\/litespeed\/avatar\/720af750b037aecf6e33e12833479059.jpg?ver=1777382954\",\"caption\":\"admin\"},\"sameAs\":[\"https:\/\/www.ondernemendvenlo.nl\"]}]}<\/script>\n<!-- \/ Yoast SEO plugin. -->","yoast_head_json":{"title":"Wens in vervulling met start Fontys-opleiding Gezondheid - Ondernemend Venlo","robots":{"index":"index","follow":"follow","max-snippet":"max-snippet:-1","max-image-preview":"max-image-preview:large","max-video-preview":"max-video-preview:-1"},"canonical":"https:\/\/www.ondernemendvenlo.nl\/de\/wens-in-vervulling-met-start-fontys-opleiding-gezondheid\/","og_locale":"de_DE","og_type":"article","og_title":"Wens in vervulling met start Fontys-opleiding Gezondheid - Ondernemend Venlo","og_description":"Vanaf komend schooljaar kunnen studenten bij Fontys Hogescholen Venlo kiezen voor een opleiding Gezondheid. Studenten worden hierin opgeleid tot specialisten in gezondheidsbevordering. Eerder kondigde de hogeschool al aan te willen starten met de opleiding. Het ministerie heeft nu offici\u00eble goedkeuring verleend. Daarmee komt voor Venlo een wens in vervulling. Tegenover Omroep Venlo zegt wethouder Erwin [&hellip;]","og_url":"https:\/\/www.ondernemendvenlo.nl\/de\/wens-in-vervulling-met-start-fontys-opleiding-gezondheid\/","og_site_name":"Ondernemend Venlo","article_published_time":"2021-01-12T08:55:57+00:00","og_image":[{"width":1024,"height":641,"url":"https:\/\/www.ondernemendvenlo.nl\/wp-content\/uploads\/2025\/04\/Schermafbeelding-2021-01-12-om-12.23.28-1024x641.png","type":"image\/png"}],"author":"admin","twitter_card":"summary_large_image","twitter_misc":{"Verfasst von":"admin","Gesch\u00e4tzte Lesezeit":"1\u00a0Minute"},"schema":{"@context":"https:\/\/schema.org","@graph":[{"@type":"Article","@id":"https:\/\/www.ondernemendvenlo.nl\/wens-in-vervulling-met-start-fontys-opleiding-gezondheid\/#article","isPartOf":{"@id":"https:\/\/www.ondernemendvenlo.nl\/wens-in-vervulling-met-start-fontys-opleiding-gezondheid\/"},"author":{"name":"admin","@id":"https:\/\/www.ondernemendvenlo.nl\/#\/schema\/person\/347e935f8ad4c7030608ef74bb57aa6e"},"headline":"Wens in vervulling met start Fontys-opleiding Gezondheid","datePublished":"2021-01-12T08:55:57+00:00","mainEntityOfPage":{"@id":"https:\/\/www.ondernemendvenlo.nl\/wens-in-vervulling-met-start-fontys-opleiding-gezondheid\/"},"wordCount":119,"publisher":{"@id":"https:\/\/www.ondernemendvenlo.nl\/#organization"},"image":{"@id":"https:\/\/www.ondernemendvenlo.nl\/wens-in-vervulling-met-start-fontys-opleiding-gezondheid\/#primaryimage"},"thumbnailUrl":"https:\/\/www.ondernemendvenlo.nl\/wp-content\/uploads\/2025\/04\/Schermafbeelding-2021-01-12-om-12.23.28.png","articleSection":["Nieuws"],"inLanguage":"de"},{"@type":"WebPage","@id":"https:\/\/www.ondernemendvenlo.nl\/wens-in-vervulling-met-start-fontys-opleiding-gezondheid\/","url":"https:\/\/www.ondernemendvenlo.nl\/wens-in-vervulling-met-start-fontys-opleiding-gezondheid\/","name":"Wens in vervulling met start Fontys-opleiding Gezondheid - Ondernemend Venlo","isPartOf":{"@id":"https:\/\/www.ondernemendvenlo.nl\/#website"},"primaryImageOfPage":{"@id":"https:\/\/www.ondernemendvenlo.nl\/wens-in-vervulling-met-start-fontys-opleiding-gezondheid\/#primaryimage"},"image":{"@id":"https:\/\/www.ondernemendvenlo.nl\/wens-in-vervulling-met-start-fontys-opleiding-gezondheid\/#primaryimage"},"thumbnailUrl":"https:\/\/www.ondernemendvenlo.nl\/wp-content\/uploads\/2025\/04\/Schermafbeelding-2021-01-12-om-12.23.28.png","datePublished":"2021-01-12T08:55:57+00:00","breadcrumb":{"@id":"https:\/\/www.ondernemendvenlo.nl\/wens-in-vervulling-met-start-fontys-opleiding-gezondheid\/#breadcrumb"},"inLanguage":"de","potentialAction":[{"@type":"ReadAction","target":["https:\/\/www.ondernemendvenlo.nl\/wens-in-vervulling-met-start-fontys-opleiding-gezondheid\/"]}]},{"@type":"ImageObject","inLanguage":"de","@id":"https:\/\/www.ondernemendvenlo.nl\/wens-in-vervulling-met-start-fontys-opleiding-gezondheid\/#primaryimage","url":"https:\/\/www.ondernemendvenlo.nl\/wp-content\/uploads\/2025\/04\/Schermafbeelding-2021-01-12-om-12.23.28.png","contentUrl":"https:\/\/www.ondernemendvenlo.nl\/wp-content\/uploads\/2025\/04\/Schermafbeelding-2021-01-12-om-12.23.28.png","width":1398,"height":875},{"@type":"BreadcrumbList","@id":"https:\/\/www.ondernemendvenlo.nl\/wens-in-vervulling-met-start-fontys-opleiding-gezondheid\/#breadcrumb","itemListElement":[{"@type":"ListItem","position":1,"name":"Ondernemend Venlo","item":"https:\/\/www.ondernemendvenlo.nl\/"},{"@type":"ListItem","position":2,"name":"Nieuws","item":"https:\/\/www.ondernemendvenlo.nl\/categorie\/nieuws\/"},{"@type":"ListItem","position":3,"name":"Wens in vervulling met start Fontys-opleiding Gezondheid"}]},{"@type":"WebSite","@id":"https:\/\/www.ondernemendvenlo.nl\/#website","url":"https:\/\/www.ondernemendvenlo.nl\/","name":"Unternehmerisches Venlo","description":"Samen succesvol ondernemen","publisher":{"@id":"https:\/\/www.ondernemendvenlo.nl\/#organization"},"potentialAction":[{"@type":"SearchAction","target":{"@type":"EntryPoint","urlTemplate":"https:\/\/www.ondernemendvenlo.nl\/?s={search_term_string}"},"query-input":{"@type":"PropertyValueSpecification","valueRequired":true,"valueName":"search_term_string"}}],"inLanguage":"de"},{"@type":"Organization","@id":"https:\/\/www.ondernemendvenlo.nl\/#organization","name":"Unternehmerisches Venlo","url":"https:\/\/www.ondernemendvenlo.nl\/","logo":{"@type":"ImageObject","inLanguage":"de","@id":"https:\/\/www.ondernemendvenlo.nl\/#\/schema\/logo\/image\/","url":"https:\/\/www.ondernemendvenlo.nl\/wp-content\/uploads\/2025\/02\/Ondernemend-Venlo-logo-scaled.webp","contentUrl":"https:\/\/www.ondernemendvenlo.nl\/wp-content\/uploads\/2025\/02\/Ondernemend-Venlo-logo-scaled.webp","width":2560,"height":1010,"caption":"Ondernemend Venlo"},"image":{"@id":"https:\/\/www.ondernemendvenlo.nl\/#\/schema\/logo\/image\/"},"sameAs":["https:\/\/www.linkedin.com\/company\/ondernemend-venlo\/"]},{"@type":"Person","@id":"https:\/\/www.ondernemendvenlo.nl\/#\/schema\/person\/347e935f8ad4c7030608ef74bb57aa6e","name":"admin","image":{"@type":"ImageObject","inLanguage":"de","@id":"https:\/\/www.ondernemendvenlo.nl\/#\/schema\/person\/image\/","url":"https:\/\/www.ondernemendvenlo.nl\/wp-content\/litespeed\/avatar\/720af750b037aecf6e33e12833479059.jpg?ver=1777382954","contentUrl":"https:\/\/www.ondernemendvenlo.nl\/wp-content\/litespeed\/avatar\/720af750b037aecf6e33e12833479059.jpg?ver=1777382954","caption":"admin"},"sameAs":["https:\/\/www.ondernemendvenlo.nl"]}]}},"_links":{"self":[{"href":"https:\/\/www.ondernemendvenlo.nl\/de\/wp-json\/wp\/v2\/posts\/2370","targetHints":{"allow":["GET"]}}],"collection":[{"href":"https:\/\/www.ondernemendvenlo.nl\/de\/wp-json\/wp\/v2\/posts"}],"about":[{"href":"https:\/\/www.ondernemendvenlo.nl\/de\/wp-json\/wp\/v2\/types\/post"}],"author":[{"embeddable":true,"href":"https:\/\/www.ondernemendvenlo.nl\/de\/wp-json\/wp\/v2\/users\/1"}],"replies":[{"embeddable":true,"href":"https:\/\/www.ondernemendvenlo.nl\/de\/wp-json\/wp\/v2\/comments?post=2370"}],"version-history":[{"count":0,"href":"https:\/\/www.ondernemendvenlo.nl\/de\/wp-json\/wp\/v2\/posts\/2370\/revisions"}],"wp:featuredmedia":[{"embeddable":true,"href":"https:\/\/www.ondernemendvenlo.nl\/de\/wp-json\/wp\/v2\/media\/2371"}],"wp:attachment":[{"href":"https:\/\/www.ondernemendvenlo.nl\/de\/wp-json\/wp\/v2\/media?parent=2370"}],"wp:term":[{"taxonomy":"category","embeddable":true,"href":"https:\/\/www.ondernemendvenlo.nl\/de\/wp-json\/wp\/v2\/categories?post=2370"},{"taxonomy":"post_tag","embeddable":true,"href":"https:\/\/www.ondernemendvenlo.nl\/de\/wp-json\/wp\/v2\/tags?post=2370"}],"curies":[{"name":"wp","href":"https:\/\/api.w.org\/{rel}","templated":true}]}}