{"id":2372,"date":"2021-01-13T10:00:31","date_gmt":"2021-01-13T09:00:31","guid":{"rendered":"https:\/\/www.ondernemendvenlo.nl\/raamovereenkomst-bouwkundig-onderhoud-gemeente-venlo-ondertekend\/"},"modified":"2021-01-13T10:00:31","modified_gmt":"2021-01-13T09:00:31","slug":"raamovereenkomst-bouwkundig-onderhoud-gemeente-venlo-ondertekend","status":"publish","type":"post","link":"https:\/\/www.ondernemendvenlo.nl\/de\/raamovereenkomst-bouwkundig-onderhoud-gemeente-venlo-ondertekend\/","title":{"rendered":"Rahmenvereinbarung \u00fcber die Geb\u00e4udeinstandhaltung der Stadt Venlo unterzeichnet"},"content":{"rendered":"<p><strong>Die Gemeinde Venlo hat mit Janssen de Jong OnderhoudPlus und Raedts einen Rahmenvertrag \u00fcber die bauliche Instandhaltung der Gemeindeimmobilien unterzeichnet. Die Parteien wurden auf der Grundlage ihrer Angebote in der entsprechenden Ausschreibung als die besten im Hinblick auf das Preis-Leistungs-Verh\u00e4ltnis beurteilt.<\/strong><\/p>\n<p>Das st\u00e4dtische Grundst\u00fcck wurde in zwei Parzellen aufgeteilt. Die Nummern eins und zwei, Janssen de Jong OnderhoudPlus und Raedts, haben das Los 1 bzw. das Los 2 erhalten. Insgesamt 248 Grundst\u00fccke mit einer Bruttogeschossfl\u00e4che (BGF) von 171.652 m<sup>2<\/sup>. Beide Parteien werden bauliche Korrekturen, t\u00e4gliche und geplante Instandhaltungsarbeiten durchf\u00fchren, um die Nutzbarkeit, die Sicherheit, den Komfort, die Nachhaltigkeit und die \u00c4sthetik der Geb\u00e4ude der Gemeinde Venlo zu gew\u00e4hrleisten. Ziel der Instandhaltungsarbeiten ist es, einerseits zu gew\u00e4hrleisten, dass die Geb\u00e4ude weiterhin auf dem erforderlichen Qualit\u00e4tsniveau funktionieren, und andererseits die Alterung der architektonischen Elemente so weit wie m\u00f6glich zu bek\u00e4mpfen.<\/p>\n<p><strong>80 Jahre Erfahrung<br \/>\n<\/strong>\"Als Venloer Instandhaltungsunternehmen sind wir sehr stolz darauf, dass die Gemeinde uns f\u00fcr diese sch\u00f6ne Instandhaltungsaufgabe ausgew\u00e4hlt hat\", so Judith Verweij, kaufm\u00e4nnische Leiterin von Janssen de Jong OnderhoudPlus. \"Seit mehr als 80 Jahren arbeiten wir in der Region Venlo an der baulichen, t\u00e4glichen, geplanten und investiven Instandhaltung von Bestandsimmobilien. Unser Hauptziel ist die bezahlbare, nachhaltige und funktionelle Nutzung von Geb\u00e4uden. Wir freuen uns daher sehr, dass wir diese Aufgabe nun auch f\u00fcr unsere eigene Gemeinde \u00fcbernehmen k\u00f6nnen. F\u00fcr die monumentalen Geb\u00e4ude im Besitz der Gemeinde Venlo nutzen wir das Fachwissen unseres Schwesterunternehmens Koninklijke Woudenberg Maastricht. Ein Erkend Restauratie Bouwbedrijf (ERB) mit umfassender Erfahrung mit monumentalem Gemeindeeigentum.\"<\/p>\n<p><strong>Sch\u00f6ner Ausbau der Dienstleistungen<br \/>\n<\/strong>\"Wir freuen uns und f\u00fchlen uns geehrt, dass wir von der Gemeinde Venlo den Zuschlag f\u00fcr die Bauunterhaltungsarbeiten erhalten haben. Eine Erweiterung unseres Kreises von professionellen Stammkunden, die gut zu unserer Strategie und unseren Wachstumsambitionen passt. Als Spezialist f\u00fcr die Instandhaltung von Geb\u00e4uden, in denen wie gewohnt gewohnt gelebt, gearbeitet und gepflegt wird, stehen wir im Arbeitsgebiet entlang der gesamten A73\", sagt Hans Janssen, Leiter Service und Wartung von Raedts. \"Diese Aufgabe k\u00f6nnen wir gut von unserem festen Standort in Venlo aus erledigen und ist eine sch\u00f6ne Erweiterung der Dienstleistungen, die wir bereits f\u00fcr Wohnungsbaugesellschaften, Pflegeeinrichtungen und Unternehmen in der Gemeinde Venlo erbringen. Insbesondere die Tatsache, dass Venlo eine Vorreiterrolle in Sachen Nachhaltigkeit einnimmt, passt zu unserer Vision und zu dem k\u00fcrzlich erhaltenen ISO-14001-Zertifikat.\"<\/p>","protected":false},"excerpt":{"rendered":"<p>De gemeente Venlo heeft een raamovereenkomst ondertekend met Janssen de Jong OnderhoudPlus en Raedts voor het bouwkundig onderhoud aan het gemeentelijk vastgoed. De partijen werden op basis van hun inschrijving op de betreffende aanbesteding als beste beoordeeld op het gebied van prijs-kwaliteitverhouding. Het gemeentelijk vastgoed is onderverdeeld in twee percelen. De nummers \u00e9\u00e9n en twee, [&hellip;]<\/p>","protected":false},"author":1,"featured_media":2373,"comment_status":"closed","ping_status":"open","sticky":false,"template":"","format":"standard","meta":{"_acf_changed":false,"footnotes":""},"categories":[8],"tags":[],"class_list":["post-2372","post","type-post","status-publish","format-standard","has-post-thumbnail","hentry","category-nieuws"],"acf":[],"yoast_head":"<!-- This site is optimized with the Yoast SEO plugin v26.3 - https:\/\/yoast.com\/wordpress\/plugins\/seo\/ -->\n<title>Raamovereenkomst bouwkundig onderhoud gemeente Venlo ondertekend - Ondernemend Venlo<\/title>\n<meta name=\"robots\" content=\"index, follow, max-snippet:-1, max-image-preview:large, max-video-preview:-1\" \/>\n<link rel=\"canonical\" href=\"https:\/\/www.ondernemendvenlo.nl\/de\/raamovereenkomst-bouwkundig-onderhoud-gemeente-venlo-ondertekend\/\" \/>\n<meta property=\"og:locale\" content=\"de_DE\" \/>\n<meta property=\"og:type\" content=\"article\" \/>\n<meta property=\"og:title\" content=\"Raamovereenkomst bouwkundig onderhoud gemeente Venlo ondertekend - Ondernemend Venlo\" \/>\n<meta property=\"og:description\" content=\"De gemeente Venlo heeft een raamovereenkomst ondertekend met Janssen de Jong OnderhoudPlus en Raedts voor het bouwkundig onderhoud aan het gemeentelijk vastgoed. De partijen werden op basis van hun inschrijving op de betreffende aanbesteding als beste beoordeeld op het gebied van prijs-kwaliteitverhouding. Het gemeentelijk vastgoed is onderverdeeld in twee percelen. De nummers \u00e9\u00e9n en twee, [&hellip;]\" \/>\n<meta property=\"og:url\" content=\"https:\/\/www.ondernemendvenlo.nl\/de\/raamovereenkomst-bouwkundig-onderhoud-gemeente-venlo-ondertekend\/\" \/>\n<meta property=\"og:site_name\" content=\"Ondernemend Venlo\" \/>\n<meta property=\"article:published_time\" content=\"2021-01-13T09:00:31+00:00\" \/>\n<meta property=\"og:image\" content=\"https:\/\/www.ondernemendvenlo.nl\/wp-content\/uploads\/2025\/04\/Schermafbeelding-2021-01-13-om-10.58.32-1024x671.png\" \/>\n\t<meta property=\"og:image:width\" content=\"1024\" \/>\n\t<meta property=\"og:image:height\" content=\"671\" \/>\n\t<meta property=\"og:image:type\" content=\"image\/png\" \/>\n<meta name=\"author\" content=\"admin\" \/>\n<meta name=\"twitter:card\" content=\"summary_large_image\" \/>\n<meta name=\"twitter:label1\" content=\"Verfasst von\" \/>\n\t<meta name=\"twitter:data1\" content=\"admin\" \/>\n\t<meta name=\"twitter:label2\" content=\"Gesch\u00e4tzte Lesezeit\" \/>\n\t<meta name=\"twitter:data2\" content=\"2\u00a0Minuten\" \/>\n<script type=\"application\/ld+json\" class=\"yoast-schema-graph\">{\"@context\":\"https:\/\/schema.org\",\"@graph\":[{\"@type\":\"Article\",\"@id\":\"https:\/\/www.ondernemendvenlo.nl\/raamovereenkomst-bouwkundig-onderhoud-gemeente-venlo-ondertekend\/#article\",\"isPartOf\":{\"@id\":\"https:\/\/www.ondernemendvenlo.nl\/raamovereenkomst-bouwkundig-onderhoud-gemeente-venlo-ondertekend\/\"},\"author\":{\"name\":\"admin\",\"@id\":\"https:\/\/www.ondernemendvenlo.nl\/#\/schema\/person\/347e935f8ad4c7030608ef74bb57aa6e\"},\"headline\":\"Raamovereenkomst bouwkundig onderhoud gemeente Venlo ondertekend\",\"datePublished\":\"2021-01-13T09:00:31+00:00\",\"mainEntityOfPage\":{\"@id\":\"https:\/\/www.ondernemendvenlo.nl\/raamovereenkomst-bouwkundig-onderhoud-gemeente-venlo-ondertekend\/\"},\"wordCount\":380,\"publisher\":{\"@id\":\"https:\/\/www.ondernemendvenlo.nl\/#organization\"},\"image\":{\"@id\":\"https:\/\/www.ondernemendvenlo.nl\/raamovereenkomst-bouwkundig-onderhoud-gemeente-venlo-ondertekend\/#primaryimage\"},\"thumbnailUrl\":\"https:\/\/www.ondernemendvenlo.nl\/wp-content\/uploads\/2025\/04\/Schermafbeelding-2021-01-13-om-10.58.32.png\",\"articleSection\":[\"Nieuws\"],\"inLanguage\":\"de\"},{\"@type\":\"WebPage\",\"@id\":\"https:\/\/www.ondernemendvenlo.nl\/raamovereenkomst-bouwkundig-onderhoud-gemeente-venlo-ondertekend\/\",\"url\":\"https:\/\/www.ondernemendvenlo.nl\/raamovereenkomst-bouwkundig-onderhoud-gemeente-venlo-ondertekend\/\",\"name\":\"Raamovereenkomst bouwkundig onderhoud gemeente Venlo ondertekend - Ondernemend Venlo\",\"isPartOf\":{\"@id\":\"https:\/\/www.ondernemendvenlo.nl\/#website\"},\"primaryImageOfPage\":{\"@id\":\"https:\/\/www.ondernemendvenlo.nl\/raamovereenkomst-bouwkundig-onderhoud-gemeente-venlo-ondertekend\/#primaryimage\"},\"image\":{\"@id\":\"https:\/\/www.ondernemendvenlo.nl\/raamovereenkomst-bouwkundig-onderhoud-gemeente-venlo-ondertekend\/#primaryimage\"},\"thumbnailUrl\":\"https:\/\/www.ondernemendvenlo.nl\/wp-content\/uploads\/2025\/04\/Schermafbeelding-2021-01-13-om-10.58.32.png\",\"datePublished\":\"2021-01-13T09:00:31+00:00\",\"breadcrumb\":{\"@id\":\"https:\/\/www.ondernemendvenlo.nl\/raamovereenkomst-bouwkundig-onderhoud-gemeente-venlo-ondertekend\/#breadcrumb\"},\"inLanguage\":\"de\",\"potentialAction\":[{\"@type\":\"ReadAction\",\"target\":[\"https:\/\/www.ondernemendvenlo.nl\/raamovereenkomst-bouwkundig-onderhoud-gemeente-venlo-ondertekend\/\"]}]},{\"@type\":\"ImageObject\",\"inLanguage\":\"de\",\"@id\":\"https:\/\/www.ondernemendvenlo.nl\/raamovereenkomst-bouwkundig-onderhoud-gemeente-venlo-ondertekend\/#primaryimage\",\"url\":\"https:\/\/www.ondernemendvenlo.nl\/wp-content\/uploads\/2025\/04\/Schermafbeelding-2021-01-13-om-10.58.32.png\",\"contentUrl\":\"https:\/\/www.ondernemendvenlo.nl\/wp-content\/uploads\/2025\/04\/Schermafbeelding-2021-01-13-om-10.58.32.png\",\"width\":1968,\"height\":1290},{\"@type\":\"BreadcrumbList\",\"@id\":\"https:\/\/www.ondernemendvenlo.nl\/raamovereenkomst-bouwkundig-onderhoud-gemeente-venlo-ondertekend\/#breadcrumb\",\"itemListElement\":[{\"@type\":\"ListItem\",\"position\":1,\"name\":\"Ondernemend Venlo\",\"item\":\"https:\/\/www.ondernemendvenlo.nl\/\"},{\"@type\":\"ListItem\",\"position\":2,\"name\":\"Nieuws\",\"item\":\"https:\/\/www.ondernemendvenlo.nl\/categorie\/nieuws\/\"},{\"@type\":\"ListItem\",\"position\":3,\"name\":\"Raamovereenkomst bouwkundig onderhoud gemeente Venlo ondertekend\"}]},{\"@type\":\"WebSite\",\"@id\":\"https:\/\/www.ondernemendvenlo.nl\/#website\",\"url\":\"https:\/\/www.ondernemendvenlo.nl\/\",\"name\":\"Ondernemend Venlo\",\"description\":\"Samen succesvol ondernemen\",\"publisher\":{\"@id\":\"https:\/\/www.ondernemendvenlo.nl\/#organization\"},\"potentialAction\":[{\"@type\":\"SearchAction\",\"target\":{\"@type\":\"EntryPoint\",\"urlTemplate\":\"https:\/\/www.ondernemendvenlo.nl\/?s={search_term_string}\"},\"query-input\":{\"@type\":\"PropertyValueSpecification\",\"valueRequired\":true,\"valueName\":\"search_term_string\"}}],\"inLanguage\":\"de\"},{\"@type\":\"Organization\",\"@id\":\"https:\/\/www.ondernemendvenlo.nl\/#organization\",\"name\":\"Ondernemend Venlo\",\"url\":\"https:\/\/www.ondernemendvenlo.nl\/\",\"logo\":{\"@type\":\"ImageObject\",\"inLanguage\":\"de\",\"@id\":\"https:\/\/www.ondernemendvenlo.nl\/#\/schema\/logo\/image\/\",\"url\":\"https:\/\/www.ondernemendvenlo.nl\/wp-content\/uploads\/2025\/02\/Ondernemend-Venlo-logo-scaled.webp\",\"contentUrl\":\"https:\/\/www.ondernemendvenlo.nl\/wp-content\/uploads\/2025\/02\/Ondernemend-Venlo-logo-scaled.webp\",\"width\":2560,\"height\":1010,\"caption\":\"Ondernemend Venlo\"},\"image\":{\"@id\":\"https:\/\/www.ondernemendvenlo.nl\/#\/schema\/logo\/image\/\"},\"sameAs\":[\"https:\/\/www.linkedin.com\/company\/ondernemend-venlo\/\"]},{\"@type\":\"Person\",\"@id\":\"https:\/\/www.ondernemendvenlo.nl\/#\/schema\/person\/347e935f8ad4c7030608ef74bb57aa6e\",\"name\":\"admin\",\"image\":{\"@type\":\"ImageObject\",\"inLanguage\":\"de\",\"@id\":\"https:\/\/www.ondernemendvenlo.nl\/#\/schema\/person\/image\/\",\"url\":\"https:\/\/www.ondernemendvenlo.nl\/wp-content\/litespeed\/avatar\/720af750b037aecf6e33e12833479059.jpg?ver=1777382954\",\"contentUrl\":\"https:\/\/www.ondernemendvenlo.nl\/wp-content\/litespeed\/avatar\/720af750b037aecf6e33e12833479059.jpg?ver=1777382954\",\"caption\":\"admin\"},\"sameAs\":[\"https:\/\/www.ondernemendvenlo.nl\"]}]}<\/script>\n<!-- \/ Yoast SEO plugin. -->","yoast_head_json":{"title":"Raamovereenkomst bouwkundig onderhoud gemeente Venlo ondertekend - Ondernemend Venlo","robots":{"index":"index","follow":"follow","max-snippet":"max-snippet:-1","max-image-preview":"max-image-preview:large","max-video-preview":"max-video-preview:-1"},"canonical":"https:\/\/www.ondernemendvenlo.nl\/de\/raamovereenkomst-bouwkundig-onderhoud-gemeente-venlo-ondertekend\/","og_locale":"de_DE","og_type":"article","og_title":"Raamovereenkomst bouwkundig onderhoud gemeente Venlo ondertekend - Ondernemend Venlo","og_description":"De gemeente Venlo heeft een raamovereenkomst ondertekend met Janssen de Jong OnderhoudPlus en Raedts voor het bouwkundig onderhoud aan het gemeentelijk vastgoed. De partijen werden op basis van hun inschrijving op de betreffende aanbesteding als beste beoordeeld op het gebied van prijs-kwaliteitverhouding. Het gemeentelijk vastgoed is onderverdeeld in twee percelen. De nummers \u00e9\u00e9n en twee, [&hellip;]","og_url":"https:\/\/www.ondernemendvenlo.nl\/de\/raamovereenkomst-bouwkundig-onderhoud-gemeente-venlo-ondertekend\/","og_site_name":"Ondernemend Venlo","article_published_time":"2021-01-13T09:00:31+00:00","og_image":[{"width":1024,"height":671,"url":"https:\/\/www.ondernemendvenlo.nl\/wp-content\/uploads\/2025\/04\/Schermafbeelding-2021-01-13-om-10.58.32-1024x671.png","type":"image\/png"}],"author":"admin","twitter_card":"summary_large_image","twitter_misc":{"Verfasst von":"admin","Gesch\u00e4tzte Lesezeit":"2\u00a0Minuten"},"schema":{"@context":"https:\/\/schema.org","@graph":[{"@type":"Article","@id":"https:\/\/www.ondernemendvenlo.nl\/raamovereenkomst-bouwkundig-onderhoud-gemeente-venlo-ondertekend\/#article","isPartOf":{"@id":"https:\/\/www.ondernemendvenlo.nl\/raamovereenkomst-bouwkundig-onderhoud-gemeente-venlo-ondertekend\/"},"author":{"name":"admin","@id":"https:\/\/www.ondernemendvenlo.nl\/#\/schema\/person\/347e935f8ad4c7030608ef74bb57aa6e"},"headline":"Raamovereenkomst bouwkundig onderhoud gemeente Venlo ondertekend","datePublished":"2021-01-13T09:00:31+00:00","mainEntityOfPage":{"@id":"https:\/\/www.ondernemendvenlo.nl\/raamovereenkomst-bouwkundig-onderhoud-gemeente-venlo-ondertekend\/"},"wordCount":380,"publisher":{"@id":"https:\/\/www.ondernemendvenlo.nl\/#organization"},"image":{"@id":"https:\/\/www.ondernemendvenlo.nl\/raamovereenkomst-bouwkundig-onderhoud-gemeente-venlo-ondertekend\/#primaryimage"},"thumbnailUrl":"https:\/\/www.ondernemendvenlo.nl\/wp-content\/uploads\/2025\/04\/Schermafbeelding-2021-01-13-om-10.58.32.png","articleSection":["Nieuws"],"inLanguage":"de"},{"@type":"WebPage","@id":"https:\/\/www.ondernemendvenlo.nl\/raamovereenkomst-bouwkundig-onderhoud-gemeente-venlo-ondertekend\/","url":"https:\/\/www.ondernemendvenlo.nl\/raamovereenkomst-bouwkundig-onderhoud-gemeente-venlo-ondertekend\/","name":"Raamovereenkomst bouwkundig onderhoud gemeente Venlo ondertekend - Ondernemend Venlo","isPartOf":{"@id":"https:\/\/www.ondernemendvenlo.nl\/#website"},"primaryImageOfPage":{"@id":"https:\/\/www.ondernemendvenlo.nl\/raamovereenkomst-bouwkundig-onderhoud-gemeente-venlo-ondertekend\/#primaryimage"},"image":{"@id":"https:\/\/www.ondernemendvenlo.nl\/raamovereenkomst-bouwkundig-onderhoud-gemeente-venlo-ondertekend\/#primaryimage"},"thumbnailUrl":"https:\/\/www.ondernemendvenlo.nl\/wp-content\/uploads\/2025\/04\/Schermafbeelding-2021-01-13-om-10.58.32.png","datePublished":"2021-01-13T09:00:31+00:00","breadcrumb":{"@id":"https:\/\/www.ondernemendvenlo.nl\/raamovereenkomst-bouwkundig-onderhoud-gemeente-venlo-ondertekend\/#breadcrumb"},"inLanguage":"de","potentialAction":[{"@type":"ReadAction","target":["https:\/\/www.ondernemendvenlo.nl\/raamovereenkomst-bouwkundig-onderhoud-gemeente-venlo-ondertekend\/"]}]},{"@type":"ImageObject","inLanguage":"de","@id":"https:\/\/www.ondernemendvenlo.nl\/raamovereenkomst-bouwkundig-onderhoud-gemeente-venlo-ondertekend\/#primaryimage","url":"https:\/\/www.ondernemendvenlo.nl\/wp-content\/uploads\/2025\/04\/Schermafbeelding-2021-01-13-om-10.58.32.png","contentUrl":"https:\/\/www.ondernemendvenlo.nl\/wp-content\/uploads\/2025\/04\/Schermafbeelding-2021-01-13-om-10.58.32.png","width":1968,"height":1290},{"@type":"BreadcrumbList","@id":"https:\/\/www.ondernemendvenlo.nl\/raamovereenkomst-bouwkundig-onderhoud-gemeente-venlo-ondertekend\/#breadcrumb","itemListElement":[{"@type":"ListItem","position":1,"name":"Ondernemend Venlo","item":"https:\/\/www.ondernemendvenlo.nl\/"},{"@type":"ListItem","position":2,"name":"Nieuws","item":"https:\/\/www.ondernemendvenlo.nl\/categorie\/nieuws\/"},{"@type":"ListItem","position":3,"name":"Raamovereenkomst bouwkundig onderhoud gemeente Venlo ondertekend"}]},{"@type":"WebSite","@id":"https:\/\/www.ondernemendvenlo.nl\/#website","url":"https:\/\/www.ondernemendvenlo.nl\/","name":"Unternehmerisches Venlo","description":"Samen succesvol ondernemen","publisher":{"@id":"https:\/\/www.ondernemendvenlo.nl\/#organization"},"potentialAction":[{"@type":"SearchAction","target":{"@type":"EntryPoint","urlTemplate":"https:\/\/www.ondernemendvenlo.nl\/?s={search_term_string}"},"query-input":{"@type":"PropertyValueSpecification","valueRequired":true,"valueName":"search_term_string"}}],"inLanguage":"de"},{"@type":"Organization","@id":"https:\/\/www.ondernemendvenlo.nl\/#organization","name":"Unternehmerisches Venlo","url":"https:\/\/www.ondernemendvenlo.nl\/","logo":{"@type":"ImageObject","inLanguage":"de","@id":"https:\/\/www.ondernemendvenlo.nl\/#\/schema\/logo\/image\/","url":"https:\/\/www.ondernemendvenlo.nl\/wp-content\/uploads\/2025\/02\/Ondernemend-Venlo-logo-scaled.webp","contentUrl":"https:\/\/www.ondernemendvenlo.nl\/wp-content\/uploads\/2025\/02\/Ondernemend-Venlo-logo-scaled.webp","width":2560,"height":1010,"caption":"Ondernemend Venlo"},"image":{"@id":"https:\/\/www.ondernemendvenlo.nl\/#\/schema\/logo\/image\/"},"sameAs":["https:\/\/www.linkedin.com\/company\/ondernemend-venlo\/"]},{"@type":"Person","@id":"https:\/\/www.ondernemendvenlo.nl\/#\/schema\/person\/347e935f8ad4c7030608ef74bb57aa6e","name":"admin","image":{"@type":"ImageObject","inLanguage":"de","@id":"https:\/\/www.ondernemendvenlo.nl\/#\/schema\/person\/image\/","url":"https:\/\/www.ondernemendvenlo.nl\/wp-content\/litespeed\/avatar\/720af750b037aecf6e33e12833479059.jpg?ver=1777382954","contentUrl":"https:\/\/www.ondernemendvenlo.nl\/wp-content\/litespeed\/avatar\/720af750b037aecf6e33e12833479059.jpg?ver=1777382954","caption":"admin"},"sameAs":["https:\/\/www.ondernemendvenlo.nl"]}]}},"_links":{"self":[{"href":"https:\/\/www.ondernemendvenlo.nl\/de\/wp-json\/wp\/v2\/posts\/2372","targetHints":{"allow":["GET"]}}],"collection":[{"href":"https:\/\/www.ondernemendvenlo.nl\/de\/wp-json\/wp\/v2\/posts"}],"about":[{"href":"https:\/\/www.ondernemendvenlo.nl\/de\/wp-json\/wp\/v2\/types\/post"}],"author":[{"embeddable":true,"href":"https:\/\/www.ondernemendvenlo.nl\/de\/wp-json\/wp\/v2\/users\/1"}],"replies":[{"embeddable":true,"href":"https:\/\/www.ondernemendvenlo.nl\/de\/wp-json\/wp\/v2\/comments?post=2372"}],"version-history":[{"count":0,"href":"https:\/\/www.ondernemendvenlo.nl\/de\/wp-json\/wp\/v2\/posts\/2372\/revisions"}],"wp:featuredmedia":[{"embeddable":true,"href":"https:\/\/www.ondernemendvenlo.nl\/de\/wp-json\/wp\/v2\/media\/2373"}],"wp:attachment":[{"href":"https:\/\/www.ondernemendvenlo.nl\/de\/wp-json\/wp\/v2\/media?parent=2372"}],"wp:term":[{"taxonomy":"category","embeddable":true,"href":"https:\/\/www.ondernemendvenlo.nl\/de\/wp-json\/wp\/v2\/categories?post=2372"},{"taxonomy":"post_tag","embeddable":true,"href":"https:\/\/www.ondernemendvenlo.nl\/de\/wp-json\/wp\/v2\/tags?post=2372"}],"curies":[{"name":"wp","href":"https:\/\/api.w.org\/{rel}","templated":true}]}}