{"id":2376,"date":"2021-01-18T14:00:00","date_gmt":"2021-01-18T13:00:00","guid":{"rendered":"https:\/\/www.ondernemendvenlo.nl\/onverwacht-overlijden-oud-voorzitter-vno-ncw-hans-de-boer\/"},"modified":"2021-01-18T14:00:00","modified_gmt":"2021-01-18T13:00:00","slug":"onverwacht-overlijden-oud-voorzitter-vno-ncw-hans-de-boer","status":"publish","type":"post","link":"https:\/\/www.ondernemendvenlo.nl\/de\/onverwacht-overlijden-oud-voorzitter-vno-ncw-hans-de-boer\/","title":{"rendered":"Unerwarteter Tod des ehemaligen VNO-NCW-Vorsitzenden Hans de Boer"},"content":{"rendered":"<p><strong>Gestern Abend ist der ehemalige Vorsitzende des VNO-NCW, Hans de Boer (66), an den Folgen einer schweren Hirnblutung gestorben, die er vor einigen Tagen erlitten hatte. <\/strong><\/p>\n<p>Die Vorst\u00e4nde und Mitarbeiter von VNO-NCW und MKB-Nederland sind schockiert und voller Trauer \u00fcber seinen pl\u00f6tzlichen Tod, nur vier Monate nachdem er von seinem Amt als Vorsitzender des Unternehmensverbandes zur\u00fcckgetreten ist. Lesen Sie die <a href=\"https:\/\/www.lwv.nl\/hans-de-boer-onverwacht-overleden\/\" target=\"_blank\" rel=\"noopener noreferrer\" class=\"external\">gesamte Nachricht<\/a> auf der Website des LWV.<\/p>","protected":false},"excerpt":{"rendered":"<p>Afgelopen nacht is voormalig voorzitter van VNO-NCW, Hans de Boer (66) overleden als gevolg van een zware hersenbloeding enkele dagen geleden. De besturen en de medewerkers van VNO-NCW en MKB-Nederland zijn geschokt en vol verdriet over zijn plotselinge overlijden, slechts vier maanden nadat hij afscheid nam als voorzitter van de ondernemersvereniging. Lees het hele bericht [&hellip;]<\/p>","protected":false},"author":1,"featured_media":2377,"comment_status":"closed","ping_status":"open","sticky":false,"template":"","format":"standard","meta":{"_acf_changed":false,"footnotes":""},"categories":[8],"tags":[],"class_list":["post-2376","post","type-post","status-publish","format-standard","has-post-thumbnail","hentry","category-nieuws"],"acf":[],"yoast_head":"<!-- This site is optimized with the Yoast SEO plugin v26.3 - https:\/\/yoast.com\/wordpress\/plugins\/seo\/ -->\n<title>Onverwacht overlijden oud-voorzitter VNO-NCW Hans de Boer - Ondernemend Venlo<\/title>\n<meta name=\"robots\" content=\"index, follow, max-snippet:-1, max-image-preview:large, max-video-preview:-1\" \/>\n<link rel=\"canonical\" href=\"https:\/\/www.ondernemendvenlo.nl\/de\/onverwacht-overlijden-oud-voorzitter-vno-ncw-hans-de-boer\/\" \/>\n<meta property=\"og:locale\" content=\"de_DE\" \/>\n<meta property=\"og:type\" content=\"article\" \/>\n<meta property=\"og:title\" content=\"Onverwacht overlijden oud-voorzitter VNO-NCW Hans de Boer - Ondernemend Venlo\" \/>\n<meta property=\"og:description\" content=\"Afgelopen nacht is voormalig voorzitter van VNO-NCW, Hans de Boer (66) overleden als gevolg van een zware hersenbloeding enkele dagen geleden. De besturen en de medewerkers van VNO-NCW en MKB-Nederland zijn geschokt en vol verdriet over zijn plotselinge overlijden, slechts vier maanden nadat hij afscheid nam als voorzitter van de ondernemersvereniging. Lees het hele bericht [&hellip;]\" \/>\n<meta property=\"og:url\" content=\"https:\/\/www.ondernemendvenlo.nl\/de\/onverwacht-overlijden-oud-voorzitter-vno-ncw-hans-de-boer\/\" \/>\n<meta property=\"og:site_name\" content=\"Ondernemend Venlo\" \/>\n<meta property=\"article:published_time\" content=\"2021-01-18T13:00:00+00:00\" \/>\n<meta property=\"og:image\" content=\"https:\/\/www.ondernemendvenlo.nl\/wp-content\/uploads\/2025\/04\/Schermafbeelding-2021-01-18-om-16.06.44.png\" \/>\n\t<meta property=\"og:image:width\" content=\"712\" \/>\n\t<meta property=\"og:image:height\" content=\"528\" \/>\n\t<meta property=\"og:image:type\" content=\"image\/png\" \/>\n<meta name=\"author\" content=\"admin\" \/>\n<meta name=\"twitter:card\" content=\"summary_large_image\" \/>\n<meta name=\"twitter:label1\" content=\"Verfasst von\" \/>\n\t<meta name=\"twitter:data1\" content=\"admin\" \/>\n<script type=\"application\/ld+json\" class=\"yoast-schema-graph\">{\"@context\":\"https:\/\/schema.org\",\"@graph\":[{\"@type\":\"Article\",\"@id\":\"https:\/\/www.ondernemendvenlo.nl\/onverwacht-overlijden-oud-voorzitter-vno-ncw-hans-de-boer\/#article\",\"isPartOf\":{\"@id\":\"https:\/\/www.ondernemendvenlo.nl\/onverwacht-overlijden-oud-voorzitter-vno-ncw-hans-de-boer\/\"},\"author\":{\"name\":\"admin\",\"@id\":\"https:\/\/www.ondernemendvenlo.nl\/#\/schema\/person\/347e935f8ad4c7030608ef74bb57aa6e\"},\"headline\":\"Onverwacht overlijden oud-voorzitter VNO-NCW Hans de Boer\",\"datePublished\":\"2021-01-18T13:00:00+00:00\",\"mainEntityOfPage\":{\"@id\":\"https:\/\/www.ondernemendvenlo.nl\/onverwacht-overlijden-oud-voorzitter-vno-ncw-hans-de-boer\/\"},\"wordCount\":67,\"publisher\":{\"@id\":\"https:\/\/www.ondernemendvenlo.nl\/#organization\"},\"image\":{\"@id\":\"https:\/\/www.ondernemendvenlo.nl\/onverwacht-overlijden-oud-voorzitter-vno-ncw-hans-de-boer\/#primaryimage\"},\"thumbnailUrl\":\"https:\/\/www.ondernemendvenlo.nl\/wp-content\/uploads\/2025\/04\/Schermafbeelding-2021-01-18-om-16.06.44.png\",\"articleSection\":[\"Nieuws\"],\"inLanguage\":\"de\"},{\"@type\":\"WebPage\",\"@id\":\"https:\/\/www.ondernemendvenlo.nl\/onverwacht-overlijden-oud-voorzitter-vno-ncw-hans-de-boer\/\",\"url\":\"https:\/\/www.ondernemendvenlo.nl\/onverwacht-overlijden-oud-voorzitter-vno-ncw-hans-de-boer\/\",\"name\":\"Onverwacht overlijden oud-voorzitter VNO-NCW Hans de Boer - Ondernemend Venlo\",\"isPartOf\":{\"@id\":\"https:\/\/www.ondernemendvenlo.nl\/#website\"},\"primaryImageOfPage\":{\"@id\":\"https:\/\/www.ondernemendvenlo.nl\/onverwacht-overlijden-oud-voorzitter-vno-ncw-hans-de-boer\/#primaryimage\"},\"image\":{\"@id\":\"https:\/\/www.ondernemendvenlo.nl\/onverwacht-overlijden-oud-voorzitter-vno-ncw-hans-de-boer\/#primaryimage\"},\"thumbnailUrl\":\"https:\/\/www.ondernemendvenlo.nl\/wp-content\/uploads\/2025\/04\/Schermafbeelding-2021-01-18-om-16.06.44.png\",\"datePublished\":\"2021-01-18T13:00:00+00:00\",\"breadcrumb\":{\"@id\":\"https:\/\/www.ondernemendvenlo.nl\/onverwacht-overlijden-oud-voorzitter-vno-ncw-hans-de-boer\/#breadcrumb\"},\"inLanguage\":\"de\",\"potentialAction\":[{\"@type\":\"ReadAction\",\"target\":[\"https:\/\/www.ondernemendvenlo.nl\/onverwacht-overlijden-oud-voorzitter-vno-ncw-hans-de-boer\/\"]}]},{\"@type\":\"ImageObject\",\"inLanguage\":\"de\",\"@id\":\"https:\/\/www.ondernemendvenlo.nl\/onverwacht-overlijden-oud-voorzitter-vno-ncw-hans-de-boer\/#primaryimage\",\"url\":\"https:\/\/www.ondernemendvenlo.nl\/wp-content\/uploads\/2025\/04\/Schermafbeelding-2021-01-18-om-16.06.44.png\",\"contentUrl\":\"https:\/\/www.ondernemendvenlo.nl\/wp-content\/uploads\/2025\/04\/Schermafbeelding-2021-01-18-om-16.06.44.png\",\"width\":712,\"height\":528},{\"@type\":\"BreadcrumbList\",\"@id\":\"https:\/\/www.ondernemendvenlo.nl\/onverwacht-overlijden-oud-voorzitter-vno-ncw-hans-de-boer\/#breadcrumb\",\"itemListElement\":[{\"@type\":\"ListItem\",\"position\":1,\"name\":\"Ondernemend Venlo\",\"item\":\"https:\/\/www.ondernemendvenlo.nl\/\"},{\"@type\":\"ListItem\",\"position\":2,\"name\":\"Nieuws\",\"item\":\"https:\/\/www.ondernemendvenlo.nl\/categorie\/nieuws\/\"},{\"@type\":\"ListItem\",\"position\":3,\"name\":\"Onverwacht overlijden oud-voorzitter VNO-NCW Hans de Boer\"}]},{\"@type\":\"WebSite\",\"@id\":\"https:\/\/www.ondernemendvenlo.nl\/#website\",\"url\":\"https:\/\/www.ondernemendvenlo.nl\/\",\"name\":\"Ondernemend Venlo\",\"description\":\"Samen succesvol ondernemen\",\"publisher\":{\"@id\":\"https:\/\/www.ondernemendvenlo.nl\/#organization\"},\"potentialAction\":[{\"@type\":\"SearchAction\",\"target\":{\"@type\":\"EntryPoint\",\"urlTemplate\":\"https:\/\/www.ondernemendvenlo.nl\/?s={search_term_string}\"},\"query-input\":{\"@type\":\"PropertyValueSpecification\",\"valueRequired\":true,\"valueName\":\"search_term_string\"}}],\"inLanguage\":\"de\"},{\"@type\":\"Organization\",\"@id\":\"https:\/\/www.ondernemendvenlo.nl\/#organization\",\"name\":\"Ondernemend Venlo\",\"url\":\"https:\/\/www.ondernemendvenlo.nl\/\",\"logo\":{\"@type\":\"ImageObject\",\"inLanguage\":\"de\",\"@id\":\"https:\/\/www.ondernemendvenlo.nl\/#\/schema\/logo\/image\/\",\"url\":\"https:\/\/www.ondernemendvenlo.nl\/wp-content\/uploads\/2025\/02\/Ondernemend-Venlo-logo-scaled.webp\",\"contentUrl\":\"https:\/\/www.ondernemendvenlo.nl\/wp-content\/uploads\/2025\/02\/Ondernemend-Venlo-logo-scaled.webp\",\"width\":2560,\"height\":1010,\"caption\":\"Ondernemend Venlo\"},\"image\":{\"@id\":\"https:\/\/www.ondernemendvenlo.nl\/#\/schema\/logo\/image\/\"},\"sameAs\":[\"https:\/\/www.linkedin.com\/company\/ondernemend-venlo\/\"]},{\"@type\":\"Person\",\"@id\":\"https:\/\/www.ondernemendvenlo.nl\/#\/schema\/person\/347e935f8ad4c7030608ef74bb57aa6e\",\"name\":\"admin\",\"image\":{\"@type\":\"ImageObject\",\"inLanguage\":\"de\",\"@id\":\"https:\/\/www.ondernemendvenlo.nl\/#\/schema\/person\/image\/\",\"url\":\"https:\/\/www.ondernemendvenlo.nl\/wp-content\/litespeed\/avatar\/720af750b037aecf6e33e12833479059.jpg?ver=1777382954\",\"contentUrl\":\"https:\/\/www.ondernemendvenlo.nl\/wp-content\/litespeed\/avatar\/720af750b037aecf6e33e12833479059.jpg?ver=1777382954\",\"caption\":\"admin\"},\"sameAs\":[\"https:\/\/www.ondernemendvenlo.nl\"]}]}<\/script>\n<!-- \/ Yoast SEO plugin. -->","yoast_head_json":{"title":"Onverwacht overlijden oud-voorzitter VNO-NCW Hans de Boer - Ondernemend Venlo","robots":{"index":"index","follow":"follow","max-snippet":"max-snippet:-1","max-image-preview":"max-image-preview:large","max-video-preview":"max-video-preview:-1"},"canonical":"https:\/\/www.ondernemendvenlo.nl\/de\/onverwacht-overlijden-oud-voorzitter-vno-ncw-hans-de-boer\/","og_locale":"de_DE","og_type":"article","og_title":"Onverwacht overlijden oud-voorzitter VNO-NCW Hans de Boer - Ondernemend Venlo","og_description":"Afgelopen nacht is voormalig voorzitter van VNO-NCW, Hans de Boer (66) overleden als gevolg van een zware hersenbloeding enkele dagen geleden. De besturen en de medewerkers van VNO-NCW en MKB-Nederland zijn geschokt en vol verdriet over zijn plotselinge overlijden, slechts vier maanden nadat hij afscheid nam als voorzitter van de ondernemersvereniging. Lees het hele bericht [&hellip;]","og_url":"https:\/\/www.ondernemendvenlo.nl\/de\/onverwacht-overlijden-oud-voorzitter-vno-ncw-hans-de-boer\/","og_site_name":"Ondernemend Venlo","article_published_time":"2021-01-18T13:00:00+00:00","og_image":[{"width":712,"height":528,"url":"https:\/\/www.ondernemendvenlo.nl\/wp-content\/uploads\/2025\/04\/Schermafbeelding-2021-01-18-om-16.06.44.png","type":"image\/png"}],"author":"admin","twitter_card":"summary_large_image","twitter_misc":{"Verfasst von":"admin"},"schema":{"@context":"https:\/\/schema.org","@graph":[{"@type":"Article","@id":"https:\/\/www.ondernemendvenlo.nl\/onverwacht-overlijden-oud-voorzitter-vno-ncw-hans-de-boer\/#article","isPartOf":{"@id":"https:\/\/www.ondernemendvenlo.nl\/onverwacht-overlijden-oud-voorzitter-vno-ncw-hans-de-boer\/"},"author":{"name":"admin","@id":"https:\/\/www.ondernemendvenlo.nl\/#\/schema\/person\/347e935f8ad4c7030608ef74bb57aa6e"},"headline":"Onverwacht overlijden oud-voorzitter VNO-NCW Hans de Boer","datePublished":"2021-01-18T13:00:00+00:00","mainEntityOfPage":{"@id":"https:\/\/www.ondernemendvenlo.nl\/onverwacht-overlijden-oud-voorzitter-vno-ncw-hans-de-boer\/"},"wordCount":67,"publisher":{"@id":"https:\/\/www.ondernemendvenlo.nl\/#organization"},"image":{"@id":"https:\/\/www.ondernemendvenlo.nl\/onverwacht-overlijden-oud-voorzitter-vno-ncw-hans-de-boer\/#primaryimage"},"thumbnailUrl":"https:\/\/www.ondernemendvenlo.nl\/wp-content\/uploads\/2025\/04\/Schermafbeelding-2021-01-18-om-16.06.44.png","articleSection":["Nieuws"],"inLanguage":"de"},{"@type":"WebPage","@id":"https:\/\/www.ondernemendvenlo.nl\/onverwacht-overlijden-oud-voorzitter-vno-ncw-hans-de-boer\/","url":"https:\/\/www.ondernemendvenlo.nl\/onverwacht-overlijden-oud-voorzitter-vno-ncw-hans-de-boer\/","name":"Onverwacht overlijden oud-voorzitter VNO-NCW Hans de Boer - Ondernemend Venlo","isPartOf":{"@id":"https:\/\/www.ondernemendvenlo.nl\/#website"},"primaryImageOfPage":{"@id":"https:\/\/www.ondernemendvenlo.nl\/onverwacht-overlijden-oud-voorzitter-vno-ncw-hans-de-boer\/#primaryimage"},"image":{"@id":"https:\/\/www.ondernemendvenlo.nl\/onverwacht-overlijden-oud-voorzitter-vno-ncw-hans-de-boer\/#primaryimage"},"thumbnailUrl":"https:\/\/www.ondernemendvenlo.nl\/wp-content\/uploads\/2025\/04\/Schermafbeelding-2021-01-18-om-16.06.44.png","datePublished":"2021-01-18T13:00:00+00:00","breadcrumb":{"@id":"https:\/\/www.ondernemendvenlo.nl\/onverwacht-overlijden-oud-voorzitter-vno-ncw-hans-de-boer\/#breadcrumb"},"inLanguage":"de","potentialAction":[{"@type":"ReadAction","target":["https:\/\/www.ondernemendvenlo.nl\/onverwacht-overlijden-oud-voorzitter-vno-ncw-hans-de-boer\/"]}]},{"@type":"ImageObject","inLanguage":"de","@id":"https:\/\/www.ondernemendvenlo.nl\/onverwacht-overlijden-oud-voorzitter-vno-ncw-hans-de-boer\/#primaryimage","url":"https:\/\/www.ondernemendvenlo.nl\/wp-content\/uploads\/2025\/04\/Schermafbeelding-2021-01-18-om-16.06.44.png","contentUrl":"https:\/\/www.ondernemendvenlo.nl\/wp-content\/uploads\/2025\/04\/Schermafbeelding-2021-01-18-om-16.06.44.png","width":712,"height":528},{"@type":"BreadcrumbList","@id":"https:\/\/www.ondernemendvenlo.nl\/onverwacht-overlijden-oud-voorzitter-vno-ncw-hans-de-boer\/#breadcrumb","itemListElement":[{"@type":"ListItem","position":1,"name":"Ondernemend Venlo","item":"https:\/\/www.ondernemendvenlo.nl\/"},{"@type":"ListItem","position":2,"name":"Nieuws","item":"https:\/\/www.ondernemendvenlo.nl\/categorie\/nieuws\/"},{"@type":"ListItem","position":3,"name":"Onverwacht overlijden oud-voorzitter VNO-NCW Hans de Boer"}]},{"@type":"WebSite","@id":"https:\/\/www.ondernemendvenlo.nl\/#website","url":"https:\/\/www.ondernemendvenlo.nl\/","name":"Unternehmerisches Venlo","description":"Samen succesvol ondernemen","publisher":{"@id":"https:\/\/www.ondernemendvenlo.nl\/#organization"},"potentialAction":[{"@type":"SearchAction","target":{"@type":"EntryPoint","urlTemplate":"https:\/\/www.ondernemendvenlo.nl\/?s={search_term_string}"},"query-input":{"@type":"PropertyValueSpecification","valueRequired":true,"valueName":"search_term_string"}}],"inLanguage":"de"},{"@type":"Organization","@id":"https:\/\/www.ondernemendvenlo.nl\/#organization","name":"Unternehmerisches Venlo","url":"https:\/\/www.ondernemendvenlo.nl\/","logo":{"@type":"ImageObject","inLanguage":"de","@id":"https:\/\/www.ondernemendvenlo.nl\/#\/schema\/logo\/image\/","url":"https:\/\/www.ondernemendvenlo.nl\/wp-content\/uploads\/2025\/02\/Ondernemend-Venlo-logo-scaled.webp","contentUrl":"https:\/\/www.ondernemendvenlo.nl\/wp-content\/uploads\/2025\/02\/Ondernemend-Venlo-logo-scaled.webp","width":2560,"height":1010,"caption":"Ondernemend Venlo"},"image":{"@id":"https:\/\/www.ondernemendvenlo.nl\/#\/schema\/logo\/image\/"},"sameAs":["https:\/\/www.linkedin.com\/company\/ondernemend-venlo\/"]},{"@type":"Person","@id":"https:\/\/www.ondernemendvenlo.nl\/#\/schema\/person\/347e935f8ad4c7030608ef74bb57aa6e","name":"admin","image":{"@type":"ImageObject","inLanguage":"de","@id":"https:\/\/www.ondernemendvenlo.nl\/#\/schema\/person\/image\/","url":"https:\/\/www.ondernemendvenlo.nl\/wp-content\/litespeed\/avatar\/720af750b037aecf6e33e12833479059.jpg?ver=1777382954","contentUrl":"https:\/\/www.ondernemendvenlo.nl\/wp-content\/litespeed\/avatar\/720af750b037aecf6e33e12833479059.jpg?ver=1777382954","caption":"admin"},"sameAs":["https:\/\/www.ondernemendvenlo.nl"]}]}},"_links":{"self":[{"href":"https:\/\/www.ondernemendvenlo.nl\/de\/wp-json\/wp\/v2\/posts\/2376","targetHints":{"allow":["GET"]}}],"collection":[{"href":"https:\/\/www.ondernemendvenlo.nl\/de\/wp-json\/wp\/v2\/posts"}],"about":[{"href":"https:\/\/www.ondernemendvenlo.nl\/de\/wp-json\/wp\/v2\/types\/post"}],"author":[{"embeddable":true,"href":"https:\/\/www.ondernemendvenlo.nl\/de\/wp-json\/wp\/v2\/users\/1"}],"replies":[{"embeddable":true,"href":"https:\/\/www.ondernemendvenlo.nl\/de\/wp-json\/wp\/v2\/comments?post=2376"}],"version-history":[{"count":0,"href":"https:\/\/www.ondernemendvenlo.nl\/de\/wp-json\/wp\/v2\/posts\/2376\/revisions"}],"wp:featuredmedia":[{"embeddable":true,"href":"https:\/\/www.ondernemendvenlo.nl\/de\/wp-json\/wp\/v2\/media\/2377"}],"wp:attachment":[{"href":"https:\/\/www.ondernemendvenlo.nl\/de\/wp-json\/wp\/v2\/media?parent=2376"}],"wp:term":[{"taxonomy":"category","embeddable":true,"href":"https:\/\/www.ondernemendvenlo.nl\/de\/wp-json\/wp\/v2\/categories?post=2376"},{"taxonomy":"post_tag","embeddable":true,"href":"https:\/\/www.ondernemendvenlo.nl\/de\/wp-json\/wp\/v2\/tags?post=2376"}],"curies":[{"name":"wp","href":"https:\/\/api.w.org\/{rel}","templated":true}]}}