{"id":2382,"date":"2021-01-19T09:03:00","date_gmt":"2021-01-19T08:03:00","guid":{"rendered":"https:\/\/www.ondernemendvenlo.nl\/loket-tvl-subsidie-sluit-op-29-januari\/"},"modified":"2021-01-19T09:03:00","modified_gmt":"2021-01-19T08:03:00","slug":"loket-tvl-subsidie-sluit-op-29-januari","status":"publish","type":"post","link":"https:\/\/www.ondernemendvenlo.nl\/de\/loket-tvl-subsidie-sluit-op-29-januari\/","title":{"rendered":"TVL-Zuschussfenster schlie\u00dft am 29. Januar"},"content":{"rendered":"<p><strong>M\u00f6chten Sie als Unternehmer einen Zuschuss zum Festbetragsbeitrag (TVL) f\u00fcr das 4. Quartal 2020 beantragen? Sie k\u00f6nnen dies noch bis zum 29. Januar 2021, 17 Uhr, tun.<\/strong><\/p>\n<p>Unternehmer aus allen Wirtschaftszweigen k\u00f6nnen dieses Quartal in Anspruch nehmen. Mit dem Beratungstool k\u00f6nnen Sie in drei Schritten feststellen, ob Sie f\u00fcr die TVL in Frage kommen, einen Aufschlag erhalten und welchen Betrag Sie m\u00f6glicherweise beantragen k\u00f6nnen. Warten Sie nicht damit. Nach dem 29. Januar, 17 Uhr, ist TVL Q4 nicht mehr f\u00f6rderf\u00e4hig. <a href=\"https:\/\/www.rvo.nl\/subsidie-en-financieringswijzer\/tvl\" target=\"_blank\" rel=\"noopener noreferrer\" class=\"external\">Anfrage<\/a>.<\/p>\n<p>&nbsp;<\/p>","protected":false},"excerpt":{"rendered":"<p>Wil je als ondernemer subsidie Tegemoetkoming Vaste Lasten (TVL) aanvragen voor Q4 2020? Dit kan nog tot 29 januari 2021, 17.00 uur. Voor dit kwartaal komen ondernemers uit alle bedrijfssectoren in aanmerking. Met de adviestool is in 3 stappen te zien of je in aanmerking komt voor TVL, een opslag en welk bedrag je mogelijk [&hellip;]<\/p>","protected":false},"author":1,"featured_media":2383,"comment_status":"closed","ping_status":"open","sticky":false,"template":"","format":"standard","meta":{"_acf_changed":false,"footnotes":""},"categories":[8],"tags":[],"class_list":["post-2382","post","type-post","status-publish","format-standard","has-post-thumbnail","hentry","category-nieuws"],"acf":[],"yoast_head":"<!-- This site is optimized with the Yoast SEO plugin v26.3 - https:\/\/yoast.com\/wordpress\/plugins\/seo\/ -->\n<title>Loket TVL-subsidie sluit op 29 januari - Ondernemend Venlo<\/title>\n<meta name=\"robots\" content=\"index, follow, max-snippet:-1, max-image-preview:large, max-video-preview:-1\" \/>\n<link rel=\"canonical\" href=\"https:\/\/www.ondernemendvenlo.nl\/de\/loket-tvl-subsidie-sluit-op-29-januari\/\" \/>\n<meta property=\"og:locale\" content=\"de_DE\" \/>\n<meta property=\"og:type\" content=\"article\" \/>\n<meta property=\"og:title\" content=\"Loket TVL-subsidie sluit op 29 januari - Ondernemend Venlo\" \/>\n<meta property=\"og:description\" content=\"Wil je als ondernemer subsidie Tegemoetkoming Vaste Lasten (TVL) aanvragen voor Q4 2020? Dit kan nog tot 29 januari 2021, 17.00 uur. Voor dit kwartaal komen ondernemers uit alle bedrijfssectoren in aanmerking. Met de adviestool is in 3 stappen te zien of je in aanmerking komt voor TVL, een opslag en welk bedrag je mogelijk [&hellip;]\" \/>\n<meta property=\"og:url\" content=\"https:\/\/www.ondernemendvenlo.nl\/de\/loket-tvl-subsidie-sluit-op-29-januari\/\" \/>\n<meta property=\"og:site_name\" content=\"Ondernemend Venlo\" \/>\n<meta property=\"article:published_time\" content=\"2021-01-19T08:03:00+00:00\" \/>\n<meta property=\"og:image\" content=\"https:\/\/www.ondernemendvenlo.nl\/wp-content\/uploads\/2025\/04\/financien_5877230_9431195.jpg\" \/>\n\t<meta property=\"og:image:width\" content=\"1392\" \/>\n\t<meta property=\"og:image:height\" content=\"925\" \/>\n\t<meta property=\"og:image:type\" content=\"image\/jpeg\" \/>\n<meta name=\"author\" content=\"admin\" \/>\n<meta name=\"twitter:card\" content=\"summary_large_image\" \/>\n<meta name=\"twitter:label1\" content=\"Verfasst von\" \/>\n\t<meta name=\"twitter:data1\" content=\"admin\" \/>\n<script type=\"application\/ld+json\" class=\"yoast-schema-graph\">{\"@context\":\"https:\/\/schema.org\",\"@graph\":[{\"@type\":\"Article\",\"@id\":\"https:\/\/www.ondernemendvenlo.nl\/loket-tvl-subsidie-sluit-op-29-januari\/#article\",\"isPartOf\":{\"@id\":\"https:\/\/www.ondernemendvenlo.nl\/loket-tvl-subsidie-sluit-op-29-januari\/\"},\"author\":{\"name\":\"admin\",\"@id\":\"https:\/\/www.ondernemendvenlo.nl\/#\/schema\/person\/347e935f8ad4c7030608ef74bb57aa6e\"},\"headline\":\"Loket TVL-subsidie sluit op 29 januari\",\"datePublished\":\"2021-01-19T08:03:00+00:00\",\"mainEntityOfPage\":{\"@id\":\"https:\/\/www.ondernemendvenlo.nl\/loket-tvl-subsidie-sluit-op-29-januari\/\"},\"wordCount\":73,\"publisher\":{\"@id\":\"https:\/\/www.ondernemendvenlo.nl\/#organization\"},\"image\":{\"@id\":\"https:\/\/www.ondernemendvenlo.nl\/loket-tvl-subsidie-sluit-op-29-januari\/#primaryimage\"},\"thumbnailUrl\":\"https:\/\/www.ondernemendvenlo.nl\/wp-content\/uploads\/2025\/04\/financien_5877230_9431195.jpg\",\"articleSection\":[\"Nieuws\"],\"inLanguage\":\"de\"},{\"@type\":\"WebPage\",\"@id\":\"https:\/\/www.ondernemendvenlo.nl\/loket-tvl-subsidie-sluit-op-29-januari\/\",\"url\":\"https:\/\/www.ondernemendvenlo.nl\/loket-tvl-subsidie-sluit-op-29-januari\/\",\"name\":\"Loket TVL-subsidie sluit op 29 januari - Ondernemend Venlo\",\"isPartOf\":{\"@id\":\"https:\/\/www.ondernemendvenlo.nl\/#website\"},\"primaryImageOfPage\":{\"@id\":\"https:\/\/www.ondernemendvenlo.nl\/loket-tvl-subsidie-sluit-op-29-januari\/#primaryimage\"},\"image\":{\"@id\":\"https:\/\/www.ondernemendvenlo.nl\/loket-tvl-subsidie-sluit-op-29-januari\/#primaryimage\"},\"thumbnailUrl\":\"https:\/\/www.ondernemendvenlo.nl\/wp-content\/uploads\/2025\/04\/financien_5877230_9431195.jpg\",\"datePublished\":\"2021-01-19T08:03:00+00:00\",\"breadcrumb\":{\"@id\":\"https:\/\/www.ondernemendvenlo.nl\/loket-tvl-subsidie-sluit-op-29-januari\/#breadcrumb\"},\"inLanguage\":\"de\",\"potentialAction\":[{\"@type\":\"ReadAction\",\"target\":[\"https:\/\/www.ondernemendvenlo.nl\/loket-tvl-subsidie-sluit-op-29-januari\/\"]}]},{\"@type\":\"ImageObject\",\"inLanguage\":\"de\",\"@id\":\"https:\/\/www.ondernemendvenlo.nl\/loket-tvl-subsidie-sluit-op-29-januari\/#primaryimage\",\"url\":\"https:\/\/www.ondernemendvenlo.nl\/wp-content\/uploads\/2025\/04\/financien_5877230_9431195.jpg\",\"contentUrl\":\"https:\/\/www.ondernemendvenlo.nl\/wp-content\/uploads\/2025\/04\/financien_5877230_9431195.jpg\",\"width\":1392,\"height\":925},{\"@type\":\"BreadcrumbList\",\"@id\":\"https:\/\/www.ondernemendvenlo.nl\/loket-tvl-subsidie-sluit-op-29-januari\/#breadcrumb\",\"itemListElement\":[{\"@type\":\"ListItem\",\"position\":1,\"name\":\"Ondernemend Venlo\",\"item\":\"https:\/\/www.ondernemendvenlo.nl\/\"},{\"@type\":\"ListItem\",\"position\":2,\"name\":\"Nieuws\",\"item\":\"https:\/\/www.ondernemendvenlo.nl\/categorie\/nieuws\/\"},{\"@type\":\"ListItem\",\"position\":3,\"name\":\"Loket TVL-subsidie sluit op 29 januari\"}]},{\"@type\":\"WebSite\",\"@id\":\"https:\/\/www.ondernemendvenlo.nl\/#website\",\"url\":\"https:\/\/www.ondernemendvenlo.nl\/\",\"name\":\"Ondernemend Venlo\",\"description\":\"Samen succesvol ondernemen\",\"publisher\":{\"@id\":\"https:\/\/www.ondernemendvenlo.nl\/#organization\"},\"potentialAction\":[{\"@type\":\"SearchAction\",\"target\":{\"@type\":\"EntryPoint\",\"urlTemplate\":\"https:\/\/www.ondernemendvenlo.nl\/?s={search_term_string}\"},\"query-input\":{\"@type\":\"PropertyValueSpecification\",\"valueRequired\":true,\"valueName\":\"search_term_string\"}}],\"inLanguage\":\"de\"},{\"@type\":\"Organization\",\"@id\":\"https:\/\/www.ondernemendvenlo.nl\/#organization\",\"name\":\"Ondernemend Venlo\",\"url\":\"https:\/\/www.ondernemendvenlo.nl\/\",\"logo\":{\"@type\":\"ImageObject\",\"inLanguage\":\"de\",\"@id\":\"https:\/\/www.ondernemendvenlo.nl\/#\/schema\/logo\/image\/\",\"url\":\"https:\/\/www.ondernemendvenlo.nl\/wp-content\/uploads\/2025\/02\/Ondernemend-Venlo-logo-scaled.webp\",\"contentUrl\":\"https:\/\/www.ondernemendvenlo.nl\/wp-content\/uploads\/2025\/02\/Ondernemend-Venlo-logo-scaled.webp\",\"width\":2560,\"height\":1010,\"caption\":\"Ondernemend Venlo\"},\"image\":{\"@id\":\"https:\/\/www.ondernemendvenlo.nl\/#\/schema\/logo\/image\/\"},\"sameAs\":[\"https:\/\/www.linkedin.com\/company\/ondernemend-venlo\/\"]},{\"@type\":\"Person\",\"@id\":\"https:\/\/www.ondernemendvenlo.nl\/#\/schema\/person\/347e935f8ad4c7030608ef74bb57aa6e\",\"name\":\"admin\",\"image\":{\"@type\":\"ImageObject\",\"inLanguage\":\"de\",\"@id\":\"https:\/\/www.ondernemendvenlo.nl\/#\/schema\/person\/image\/\",\"url\":\"https:\/\/www.ondernemendvenlo.nl\/wp-content\/litespeed\/avatar\/720af750b037aecf6e33e12833479059.jpg?ver=1777382954\",\"contentUrl\":\"https:\/\/www.ondernemendvenlo.nl\/wp-content\/litespeed\/avatar\/720af750b037aecf6e33e12833479059.jpg?ver=1777382954\",\"caption\":\"admin\"},\"sameAs\":[\"https:\/\/www.ondernemendvenlo.nl\"]}]}<\/script>\n<!-- \/ Yoast SEO plugin. -->","yoast_head_json":{"title":"Loket TVL-subsidie sluit op 29 januari - Ondernemend Venlo","robots":{"index":"index","follow":"follow","max-snippet":"max-snippet:-1","max-image-preview":"max-image-preview:large","max-video-preview":"max-video-preview:-1"},"canonical":"https:\/\/www.ondernemendvenlo.nl\/de\/loket-tvl-subsidie-sluit-op-29-januari\/","og_locale":"de_DE","og_type":"article","og_title":"Loket TVL-subsidie sluit op 29 januari - Ondernemend Venlo","og_description":"Wil je als ondernemer subsidie Tegemoetkoming Vaste Lasten (TVL) aanvragen voor Q4 2020? Dit kan nog tot 29 januari 2021, 17.00 uur. Voor dit kwartaal komen ondernemers uit alle bedrijfssectoren in aanmerking. Met de adviestool is in 3 stappen te zien of je in aanmerking komt voor TVL, een opslag en welk bedrag je mogelijk [&hellip;]","og_url":"https:\/\/www.ondernemendvenlo.nl\/de\/loket-tvl-subsidie-sluit-op-29-januari\/","og_site_name":"Ondernemend Venlo","article_published_time":"2021-01-19T08:03:00+00:00","og_image":[{"width":1392,"height":925,"url":"https:\/\/www.ondernemendvenlo.nl\/wp-content\/uploads\/2025\/04\/financien_5877230_9431195.jpg","type":"image\/jpeg"}],"author":"admin","twitter_card":"summary_large_image","twitter_misc":{"Verfasst von":"admin"},"schema":{"@context":"https:\/\/schema.org","@graph":[{"@type":"Article","@id":"https:\/\/www.ondernemendvenlo.nl\/loket-tvl-subsidie-sluit-op-29-januari\/#article","isPartOf":{"@id":"https:\/\/www.ondernemendvenlo.nl\/loket-tvl-subsidie-sluit-op-29-januari\/"},"author":{"name":"admin","@id":"https:\/\/www.ondernemendvenlo.nl\/#\/schema\/person\/347e935f8ad4c7030608ef74bb57aa6e"},"headline":"Loket TVL-subsidie sluit op 29 januari","datePublished":"2021-01-19T08:03:00+00:00","mainEntityOfPage":{"@id":"https:\/\/www.ondernemendvenlo.nl\/loket-tvl-subsidie-sluit-op-29-januari\/"},"wordCount":73,"publisher":{"@id":"https:\/\/www.ondernemendvenlo.nl\/#organization"},"image":{"@id":"https:\/\/www.ondernemendvenlo.nl\/loket-tvl-subsidie-sluit-op-29-januari\/#primaryimage"},"thumbnailUrl":"https:\/\/www.ondernemendvenlo.nl\/wp-content\/uploads\/2025\/04\/financien_5877230_9431195.jpg","articleSection":["Nieuws"],"inLanguage":"de"},{"@type":"WebPage","@id":"https:\/\/www.ondernemendvenlo.nl\/loket-tvl-subsidie-sluit-op-29-januari\/","url":"https:\/\/www.ondernemendvenlo.nl\/loket-tvl-subsidie-sluit-op-29-januari\/","name":"Loket TVL-subsidie sluit op 29 januari - Ondernemend Venlo","isPartOf":{"@id":"https:\/\/www.ondernemendvenlo.nl\/#website"},"primaryImageOfPage":{"@id":"https:\/\/www.ondernemendvenlo.nl\/loket-tvl-subsidie-sluit-op-29-januari\/#primaryimage"},"image":{"@id":"https:\/\/www.ondernemendvenlo.nl\/loket-tvl-subsidie-sluit-op-29-januari\/#primaryimage"},"thumbnailUrl":"https:\/\/www.ondernemendvenlo.nl\/wp-content\/uploads\/2025\/04\/financien_5877230_9431195.jpg","datePublished":"2021-01-19T08:03:00+00:00","breadcrumb":{"@id":"https:\/\/www.ondernemendvenlo.nl\/loket-tvl-subsidie-sluit-op-29-januari\/#breadcrumb"},"inLanguage":"de","potentialAction":[{"@type":"ReadAction","target":["https:\/\/www.ondernemendvenlo.nl\/loket-tvl-subsidie-sluit-op-29-januari\/"]}]},{"@type":"ImageObject","inLanguage":"de","@id":"https:\/\/www.ondernemendvenlo.nl\/loket-tvl-subsidie-sluit-op-29-januari\/#primaryimage","url":"https:\/\/www.ondernemendvenlo.nl\/wp-content\/uploads\/2025\/04\/financien_5877230_9431195.jpg","contentUrl":"https:\/\/www.ondernemendvenlo.nl\/wp-content\/uploads\/2025\/04\/financien_5877230_9431195.jpg","width":1392,"height":925},{"@type":"BreadcrumbList","@id":"https:\/\/www.ondernemendvenlo.nl\/loket-tvl-subsidie-sluit-op-29-januari\/#breadcrumb","itemListElement":[{"@type":"ListItem","position":1,"name":"Ondernemend Venlo","item":"https:\/\/www.ondernemendvenlo.nl\/"},{"@type":"ListItem","position":2,"name":"Nieuws","item":"https:\/\/www.ondernemendvenlo.nl\/categorie\/nieuws\/"},{"@type":"ListItem","position":3,"name":"Loket TVL-subsidie sluit op 29 januari"}]},{"@type":"WebSite","@id":"https:\/\/www.ondernemendvenlo.nl\/#website","url":"https:\/\/www.ondernemendvenlo.nl\/","name":"Unternehmerisches Venlo","description":"Samen succesvol ondernemen","publisher":{"@id":"https:\/\/www.ondernemendvenlo.nl\/#organization"},"potentialAction":[{"@type":"SearchAction","target":{"@type":"EntryPoint","urlTemplate":"https:\/\/www.ondernemendvenlo.nl\/?s={search_term_string}"},"query-input":{"@type":"PropertyValueSpecification","valueRequired":true,"valueName":"search_term_string"}}],"inLanguage":"de"},{"@type":"Organization","@id":"https:\/\/www.ondernemendvenlo.nl\/#organization","name":"Unternehmerisches Venlo","url":"https:\/\/www.ondernemendvenlo.nl\/","logo":{"@type":"ImageObject","inLanguage":"de","@id":"https:\/\/www.ondernemendvenlo.nl\/#\/schema\/logo\/image\/","url":"https:\/\/www.ondernemendvenlo.nl\/wp-content\/uploads\/2025\/02\/Ondernemend-Venlo-logo-scaled.webp","contentUrl":"https:\/\/www.ondernemendvenlo.nl\/wp-content\/uploads\/2025\/02\/Ondernemend-Venlo-logo-scaled.webp","width":2560,"height":1010,"caption":"Ondernemend Venlo"},"image":{"@id":"https:\/\/www.ondernemendvenlo.nl\/#\/schema\/logo\/image\/"},"sameAs":["https:\/\/www.linkedin.com\/company\/ondernemend-venlo\/"]},{"@type":"Person","@id":"https:\/\/www.ondernemendvenlo.nl\/#\/schema\/person\/347e935f8ad4c7030608ef74bb57aa6e","name":"admin","image":{"@type":"ImageObject","inLanguage":"de","@id":"https:\/\/www.ondernemendvenlo.nl\/#\/schema\/person\/image\/","url":"https:\/\/www.ondernemendvenlo.nl\/wp-content\/litespeed\/avatar\/720af750b037aecf6e33e12833479059.jpg?ver=1777382954","contentUrl":"https:\/\/www.ondernemendvenlo.nl\/wp-content\/litespeed\/avatar\/720af750b037aecf6e33e12833479059.jpg?ver=1777382954","caption":"admin"},"sameAs":["https:\/\/www.ondernemendvenlo.nl"]}]}},"_links":{"self":[{"href":"https:\/\/www.ondernemendvenlo.nl\/de\/wp-json\/wp\/v2\/posts\/2382","targetHints":{"allow":["GET"]}}],"collection":[{"href":"https:\/\/www.ondernemendvenlo.nl\/de\/wp-json\/wp\/v2\/posts"}],"about":[{"href":"https:\/\/www.ondernemendvenlo.nl\/de\/wp-json\/wp\/v2\/types\/post"}],"author":[{"embeddable":true,"href":"https:\/\/www.ondernemendvenlo.nl\/de\/wp-json\/wp\/v2\/users\/1"}],"replies":[{"embeddable":true,"href":"https:\/\/www.ondernemendvenlo.nl\/de\/wp-json\/wp\/v2\/comments?post=2382"}],"version-history":[{"count":0,"href":"https:\/\/www.ondernemendvenlo.nl\/de\/wp-json\/wp\/v2\/posts\/2382\/revisions"}],"wp:featuredmedia":[{"embeddable":true,"href":"https:\/\/www.ondernemendvenlo.nl\/de\/wp-json\/wp\/v2\/media\/2383"}],"wp:attachment":[{"href":"https:\/\/www.ondernemendvenlo.nl\/de\/wp-json\/wp\/v2\/media?parent=2382"}],"wp:term":[{"taxonomy":"category","embeddable":true,"href":"https:\/\/www.ondernemendvenlo.nl\/de\/wp-json\/wp\/v2\/categories?post=2382"},{"taxonomy":"post_tag","embeddable":true,"href":"https:\/\/www.ondernemendvenlo.nl\/de\/wp-json\/wp\/v2\/tags?post=2382"}],"curies":[{"name":"wp","href":"https:\/\/api.w.org\/{rel}","templated":true}]}}