{"id":2430,"date":"2021-03-10T15:52:16","date_gmt":"2021-03-10T14:52:16","guid":{"rendered":"https:\/\/www.ondernemendvenlo.nl\/stikstofaanpak-sterkere-natuur-perspectief-voor-ondernemers\/"},"modified":"2021-03-10T15:52:16","modified_gmt":"2021-03-10T14:52:16","slug":"stikstofaanpak-sterkere-natuur-perspectief-voor-ondernemers","status":"publish","type":"post","link":"https:\/\/www.ondernemendvenlo.nl\/de\/stikstofaanpak-sterkere-natuur-perspectief-voor-ondernemers\/","title":{"rendered":"Stickstoffkonzept: St\u00e4rkerer Charakter, Perspektiven f\u00fcr Unternehmer"},"content":{"rendered":"<p><strong>Der Senat hat dem vom koordinierenden Minister f\u00fcr Landwirtschaft, Natur und Lebensmittelqualit\u00e4t Schouten vorgeschlagenen Gesetzentwurf zur Verringerung der Stickstoffemissionen und zur Verbesserung der Natur zugestimmt. Mit diesem Gesetzentwurf sorgt die Regierung daf\u00fcr, dass die Natur gest\u00e4rkt wird und die Stickstoffemissionen und Niederschl\u00e4ge reduziert werden. Stickstoffemissionen und Niederschl\u00e4ge m\u00fcssen bis 2030 so niedrig sein, dass die H\u00e4lfte der Natura-2000-Gebiete dann unter dem kritischen Depositionswert (KDW) liegen wird.<\/strong><\/p>\n<p>Das Gesetz sieht ein System der \u00dcberwachung und Anpassung vor: Die Wirkung von Quellma\u00dfnahmen zur Verringerung der <a href=\"https:\/\/www.aanpakstikstof.nl\/waarom-is-er-een-stikstofprobleem\/maatregelen\" class=\"external\" target=\"_blank\" rel=\"noopener\">Stickstoffemissionen<\/a> aus der Landwirtschaft, dem Verkehr, dem Bauwesen und der Industrie wird j\u00e4hrlich \u00fcberpr\u00fcft, die Renaturierung alle zwei Jahre. Das Gesetz sieht auch vor, dass PAS-Meldungen (Meldungen von T\u00e4tigkeiten, die vor der Entscheidung des Staatsrats nicht genehmigungspflichtig waren) und anmeldefreie T\u00e4tigkeiten legalisiert werden. Dar\u00fcber hinaus werden Ma\u00dfnahmen, die zur Verringerung der Stickstoffemissionen in einem bestimmten Gebiet erforderlich sind, in einen Gebietsplan der Provinz aufgenommen.<\/p>\n<p><strong>Was bedeutet dieses Gesetz?<\/strong><br \/>\nMit diesem Gesetz will die Regierung erreichen, dass die Natur gest\u00e4rkt und die Stickstoffablagerung verringert wird. <a href=\"https:\/\/www.rijksoverheid.nl\/onderwerpen\/aanpak-stikstof\" class=\"external\" target=\"_blank\" rel=\"noopener\">Startpunkt<\/a> ist es, zun\u00e4chst Stickstoffraum zu gewinnen und erst dann wieder begrenzte Mittel f\u00fcr soziale und wirtschaftliche Aktivit\u00e4ten auszugeben. Bis 2030 werden fast drei Milliarden Euro f\u00fcr die Wiederherstellung und St\u00e4rkung der Natur und etwa zwei Milliarden Euro f\u00fcr (Quellen-)Ma\u00dfnahmen zur Verf\u00fcgung stehen. Jeder Sektor wird seinen Beitrag leisten und kann mit finanzieller Unterst\u00fctzung rechnen.<\/p>\n<p><strong>Landwirtschaft<\/strong><br \/>\nF\u00fcr die Landwirtschaft bedeutet dies eine Umstellung auf eine zukunftsf\u00e4hige (Kreislauf-)Landwirtschaft mit m\u00f6glichst geringen Emissionen. Es wird Mittel f\u00fcr Investitionen in nachhaltige St\u00e4lle, weniger Eiwei\u00df im Futter und eine bessere Verwertung von Dung geben. Ein mit 175 Millionen Euro ausgestattetes Programm f\u00fcr den \u00dcbergang zu einer nachhaltigen Landwirtschaft soll die Landwirte bei diesen Schritten unterst\u00fctzen. Auch f\u00fcr Landwirte, die freiwillig aus der Landwirtschaft aussteigen wollen, wird es Geld geben.<\/p>\n<p><strong>Bauwesen<\/strong><br \/>\nDer Gesetzentwurf sieht eine teilweise Befreiung von der Genehmigungspflicht f\u00fcr den Bausektor vor. Die Ausnahme gilt f\u00fcr Baut\u00e4tigkeiten in der Bau-, Konstruktions- und Abbruchphase, bei denen die Emissionen vor\u00fcbergehend und begrenzt sind. Diese Befreiung erleichtert die Erteilung von Genehmigungen f\u00fcr den Bau von Wohngeb\u00e4uden, Nichtwohngeb\u00e4uden, Energieprojekten und T\u00e4tigkeiten im Erd-, Tief- und Wasserbau. Um diese Befreiung zu erm\u00f6glichen, stellt die Regierung 500 Millionen Euro f\u00fcr die Stickstoffreduzierung im Baugewerbe im Zeitraum 2021-2030 und 500 Millionen Euro f\u00fcr zus\u00e4tzliche Ma\u00dfnahmen innerhalb oder au\u00dferhalb des Baugewerbes bereit. Die Regierung wird mit dem Bausektor Vereinbarungen \u00fcber diese Reduzierung und damit verbundene Ma\u00dfnahmen treffen, wobei der Schwerpunkt auf emissionsarmen Arbeiten und Fahrzeugen liegt. Die Ma\u00dfnahmen werden Teil des strukturellen Ansatzes f\u00fcr Stickstoff sein. Die Regierung betont, dass die (Stickstoff-)Auswirkungen der Ausnahmeregelung f\u00fcr das Baugewerbe in regelm\u00e4\u00dfigen Abst\u00e4nden \u00fcberwacht werden, so dass gegebenenfalls rechtzeitig Anpassungen vorgenommen werden k\u00f6nnen.<\/p>\n<p><strong>Industrie, Luftfahrt und Binnenschifffahrt<\/strong><br \/>\nZus\u00e4tzlich zu den gesetzlichen Verpflichtungen stehen Mittel f\u00fcr Investitionen in die beste verf\u00fcgbare Technologie zur Emissions- und Stickstoffreduzierung in der Industrie zur Verf\u00fcgung. Die Regierung investiert auch in sauberere Baumaschinen, elektrisches Rollen von Flugzeugen, Katalysatoren und Landstromanlagen.<\/p>\n<p>&nbsp;<\/p>","protected":false},"excerpt":{"rendered":"<p>De Eerste Kamer is akkoord gegaan met het wetsvoorstel van co\u00f6rdinerend minister Schouten van Landbouw, Natuur en Voedselkwaliteit om de stikstofuitstoot te verlagen en de natuur te verbeteren. Het kabinet zorgt er met deze wet voor dat de natuur sterker wordt en de stikstofuitstoot en -neerslag omlaag gaat. De stikstofuitstoot en -neerslag moet in 2030 [&hellip;]<\/p>","protected":false},"author":1,"featured_media":2431,"comment_status":"closed","ping_status":"open","sticky":false,"template":"","format":"standard","meta":{"_acf_changed":false,"footnotes":""},"categories":[8],"tags":[],"class_list":["post-2430","post","type-post","status-publish","format-standard","has-post-thumbnail","hentry","category-nieuws"],"acf":[],"yoast_head":"<!-- This site is optimized with the Yoast SEO plugin v26.3 - https:\/\/yoast.com\/wordpress\/plugins\/seo\/ -->\n<title>Stikstofaanpak: sterkere natuur, perspectief voor ondernemers - Ondernemend Venlo<\/title>\n<meta name=\"robots\" content=\"index, follow, max-snippet:-1, max-image-preview:large, max-video-preview:-1\" \/>\n<link rel=\"canonical\" href=\"https:\/\/www.ondernemendvenlo.nl\/de\/stikstofaanpak-sterkere-natuur-perspectief-voor-ondernemers\/\" \/>\n<meta property=\"og:locale\" content=\"de_DE\" \/>\n<meta property=\"og:type\" content=\"article\" \/>\n<meta property=\"og:title\" content=\"Stikstofaanpak: sterkere natuur, perspectief voor ondernemers - Ondernemend Venlo\" \/>\n<meta property=\"og:description\" content=\"De Eerste Kamer is akkoord gegaan met het wetsvoorstel van co\u00f6rdinerend minister Schouten van Landbouw, Natuur en Voedselkwaliteit om de stikstofuitstoot te verlagen en de natuur te verbeteren. Het kabinet zorgt er met deze wet voor dat de natuur sterker wordt en de stikstofuitstoot en -neerslag omlaag gaat. De stikstofuitstoot en -neerslag moet in 2030 [&hellip;]\" \/>\n<meta property=\"og:url\" content=\"https:\/\/www.ondernemendvenlo.nl\/de\/stikstofaanpak-sterkere-natuur-perspectief-voor-ondernemers\/\" \/>\n<meta property=\"og:site_name\" content=\"Ondernemend Venlo\" \/>\n<meta property=\"article:published_time\" content=\"2021-03-10T14:52:16+00:00\" \/>\n<meta property=\"og:image\" content=\"https:\/\/www.ondernemendvenlo.nl\/wp-content\/uploads\/2025\/04\/pexels-lukas-hartmann-1276237-scaled-1.jpg\" \/>\n\t<meta property=\"og:image:width\" content=\"2560\" \/>\n\t<meta property=\"og:image:height\" content=\"1707\" \/>\n\t<meta property=\"og:image:type\" content=\"image\/jpeg\" \/>\n<meta name=\"author\" content=\"admin\" \/>\n<meta name=\"twitter:card\" content=\"summary_large_image\" \/>\n<meta name=\"twitter:label1\" content=\"Verfasst von\" \/>\n\t<meta name=\"twitter:data1\" content=\"admin\" \/>\n\t<meta name=\"twitter:label2\" content=\"Gesch\u00e4tzte Lesezeit\" \/>\n\t<meta name=\"twitter:data2\" content=\"2\u00a0Minuten\" \/>\n<script type=\"application\/ld+json\" class=\"yoast-schema-graph\">{\"@context\":\"https:\/\/schema.org\",\"@graph\":[{\"@type\":\"Article\",\"@id\":\"https:\/\/www.ondernemendvenlo.nl\/stikstofaanpak-sterkere-natuur-perspectief-voor-ondernemers\/#article\",\"isPartOf\":{\"@id\":\"https:\/\/www.ondernemendvenlo.nl\/stikstofaanpak-sterkere-natuur-perspectief-voor-ondernemers\/\"},\"author\":{\"name\":\"admin\",\"@id\":\"https:\/\/www.ondernemendvenlo.nl\/#\/schema\/person\/347e935f8ad4c7030608ef74bb57aa6e\"},\"headline\":\"Stikstofaanpak: sterkere natuur, perspectief voor ondernemers\",\"datePublished\":\"2021-03-10T14:52:16+00:00\",\"mainEntityOfPage\":{\"@id\":\"https:\/\/www.ondernemendvenlo.nl\/stikstofaanpak-sterkere-natuur-perspectief-voor-ondernemers\/\"},\"wordCount\":468,\"publisher\":{\"@id\":\"https:\/\/www.ondernemendvenlo.nl\/#organization\"},\"image\":{\"@id\":\"https:\/\/www.ondernemendvenlo.nl\/stikstofaanpak-sterkere-natuur-perspectief-voor-ondernemers\/#primaryimage\"},\"thumbnailUrl\":\"https:\/\/www.ondernemendvenlo.nl\/wp-content\/uploads\/2025\/04\/pexels-lukas-hartmann-1276237-scaled-1.jpg\",\"articleSection\":[\"Nieuws\"],\"inLanguage\":\"de\"},{\"@type\":\"WebPage\",\"@id\":\"https:\/\/www.ondernemendvenlo.nl\/stikstofaanpak-sterkere-natuur-perspectief-voor-ondernemers\/\",\"url\":\"https:\/\/www.ondernemendvenlo.nl\/stikstofaanpak-sterkere-natuur-perspectief-voor-ondernemers\/\",\"name\":\"Stikstofaanpak: sterkere natuur, perspectief voor ondernemers - Ondernemend Venlo\",\"isPartOf\":{\"@id\":\"https:\/\/www.ondernemendvenlo.nl\/#website\"},\"primaryImageOfPage\":{\"@id\":\"https:\/\/www.ondernemendvenlo.nl\/stikstofaanpak-sterkere-natuur-perspectief-voor-ondernemers\/#primaryimage\"},\"image\":{\"@id\":\"https:\/\/www.ondernemendvenlo.nl\/stikstofaanpak-sterkere-natuur-perspectief-voor-ondernemers\/#primaryimage\"},\"thumbnailUrl\":\"https:\/\/www.ondernemendvenlo.nl\/wp-content\/uploads\/2025\/04\/pexels-lukas-hartmann-1276237-scaled-1.jpg\",\"datePublished\":\"2021-03-10T14:52:16+00:00\",\"breadcrumb\":{\"@id\":\"https:\/\/www.ondernemendvenlo.nl\/stikstofaanpak-sterkere-natuur-perspectief-voor-ondernemers\/#breadcrumb\"},\"inLanguage\":\"de\",\"potentialAction\":[{\"@type\":\"ReadAction\",\"target\":[\"https:\/\/www.ondernemendvenlo.nl\/stikstofaanpak-sterkere-natuur-perspectief-voor-ondernemers\/\"]}]},{\"@type\":\"ImageObject\",\"inLanguage\":\"de\",\"@id\":\"https:\/\/www.ondernemendvenlo.nl\/stikstofaanpak-sterkere-natuur-perspectief-voor-ondernemers\/#primaryimage\",\"url\":\"https:\/\/www.ondernemendvenlo.nl\/wp-content\/uploads\/2025\/04\/pexels-lukas-hartmann-1276237-scaled-1.jpg\",\"contentUrl\":\"https:\/\/www.ondernemendvenlo.nl\/wp-content\/uploads\/2025\/04\/pexels-lukas-hartmann-1276237-scaled-1.jpg\",\"width\":2560,\"height\":1707},{\"@type\":\"BreadcrumbList\",\"@id\":\"https:\/\/www.ondernemendvenlo.nl\/stikstofaanpak-sterkere-natuur-perspectief-voor-ondernemers\/#breadcrumb\",\"itemListElement\":[{\"@type\":\"ListItem\",\"position\":1,\"name\":\"Ondernemend Venlo\",\"item\":\"https:\/\/www.ondernemendvenlo.nl\/\"},{\"@type\":\"ListItem\",\"position\":2,\"name\":\"Nieuws\",\"item\":\"https:\/\/www.ondernemendvenlo.nl\/categorie\/nieuws\/\"},{\"@type\":\"ListItem\",\"position\":3,\"name\":\"Stikstofaanpak: sterkere natuur, perspectief voor ondernemers\"}]},{\"@type\":\"WebSite\",\"@id\":\"https:\/\/www.ondernemendvenlo.nl\/#website\",\"url\":\"https:\/\/www.ondernemendvenlo.nl\/\",\"name\":\"Ondernemend Venlo\",\"description\":\"Samen succesvol ondernemen\",\"publisher\":{\"@id\":\"https:\/\/www.ondernemendvenlo.nl\/#organization\"},\"potentialAction\":[{\"@type\":\"SearchAction\",\"target\":{\"@type\":\"EntryPoint\",\"urlTemplate\":\"https:\/\/www.ondernemendvenlo.nl\/?s={search_term_string}\"},\"query-input\":{\"@type\":\"PropertyValueSpecification\",\"valueRequired\":true,\"valueName\":\"search_term_string\"}}],\"inLanguage\":\"de\"},{\"@type\":\"Organization\",\"@id\":\"https:\/\/www.ondernemendvenlo.nl\/#organization\",\"name\":\"Ondernemend Venlo\",\"url\":\"https:\/\/www.ondernemendvenlo.nl\/\",\"logo\":{\"@type\":\"ImageObject\",\"inLanguage\":\"de\",\"@id\":\"https:\/\/www.ondernemendvenlo.nl\/#\/schema\/logo\/image\/\",\"url\":\"https:\/\/www.ondernemendvenlo.nl\/wp-content\/uploads\/2025\/02\/Ondernemend-Venlo-logo-scaled.webp\",\"contentUrl\":\"https:\/\/www.ondernemendvenlo.nl\/wp-content\/uploads\/2025\/02\/Ondernemend-Venlo-logo-scaled.webp\",\"width\":2560,\"height\":1010,\"caption\":\"Ondernemend Venlo\"},\"image\":{\"@id\":\"https:\/\/www.ondernemendvenlo.nl\/#\/schema\/logo\/image\/\"},\"sameAs\":[\"https:\/\/www.linkedin.com\/company\/ondernemend-venlo\/\"]},{\"@type\":\"Person\",\"@id\":\"https:\/\/www.ondernemendvenlo.nl\/#\/schema\/person\/347e935f8ad4c7030608ef74bb57aa6e\",\"name\":\"admin\",\"image\":{\"@type\":\"ImageObject\",\"inLanguage\":\"de\",\"@id\":\"https:\/\/www.ondernemendvenlo.nl\/#\/schema\/person\/image\/\",\"url\":\"https:\/\/www.ondernemendvenlo.nl\/wp-content\/litespeed\/avatar\/720af750b037aecf6e33e12833479059.jpg?ver=1777382954\",\"contentUrl\":\"https:\/\/www.ondernemendvenlo.nl\/wp-content\/litespeed\/avatar\/720af750b037aecf6e33e12833479059.jpg?ver=1777382954\",\"caption\":\"admin\"},\"sameAs\":[\"https:\/\/www.ondernemendvenlo.nl\"]}]}<\/script>\n<!-- \/ Yoast SEO plugin. -->","yoast_head_json":{"title":"Stikstofaanpak: sterkere natuur, perspectief voor ondernemers - Ondernemend Venlo","robots":{"index":"index","follow":"follow","max-snippet":"max-snippet:-1","max-image-preview":"max-image-preview:large","max-video-preview":"max-video-preview:-1"},"canonical":"https:\/\/www.ondernemendvenlo.nl\/de\/stikstofaanpak-sterkere-natuur-perspectief-voor-ondernemers\/","og_locale":"de_DE","og_type":"article","og_title":"Stikstofaanpak: sterkere natuur, perspectief voor ondernemers - Ondernemend Venlo","og_description":"De Eerste Kamer is akkoord gegaan met het wetsvoorstel van co\u00f6rdinerend minister Schouten van Landbouw, Natuur en Voedselkwaliteit om de stikstofuitstoot te verlagen en de natuur te verbeteren. Het kabinet zorgt er met deze wet voor dat de natuur sterker wordt en de stikstofuitstoot en -neerslag omlaag gaat. De stikstofuitstoot en -neerslag moet in 2030 [&hellip;]","og_url":"https:\/\/www.ondernemendvenlo.nl\/de\/stikstofaanpak-sterkere-natuur-perspectief-voor-ondernemers\/","og_site_name":"Ondernemend Venlo","article_published_time":"2021-03-10T14:52:16+00:00","og_image":[{"width":2560,"height":1707,"url":"https:\/\/www.ondernemendvenlo.nl\/wp-content\/uploads\/2025\/04\/pexels-lukas-hartmann-1276237-scaled-1.jpg","type":"image\/jpeg"}],"author":"admin","twitter_card":"summary_large_image","twitter_misc":{"Verfasst von":"admin","Gesch\u00e4tzte Lesezeit":"2\u00a0Minuten"},"schema":{"@context":"https:\/\/schema.org","@graph":[{"@type":"Article","@id":"https:\/\/www.ondernemendvenlo.nl\/stikstofaanpak-sterkere-natuur-perspectief-voor-ondernemers\/#article","isPartOf":{"@id":"https:\/\/www.ondernemendvenlo.nl\/stikstofaanpak-sterkere-natuur-perspectief-voor-ondernemers\/"},"author":{"name":"admin","@id":"https:\/\/www.ondernemendvenlo.nl\/#\/schema\/person\/347e935f8ad4c7030608ef74bb57aa6e"},"headline":"Stikstofaanpak: sterkere natuur, perspectief voor ondernemers","datePublished":"2021-03-10T14:52:16+00:00","mainEntityOfPage":{"@id":"https:\/\/www.ondernemendvenlo.nl\/stikstofaanpak-sterkere-natuur-perspectief-voor-ondernemers\/"},"wordCount":468,"publisher":{"@id":"https:\/\/www.ondernemendvenlo.nl\/#organization"},"image":{"@id":"https:\/\/www.ondernemendvenlo.nl\/stikstofaanpak-sterkere-natuur-perspectief-voor-ondernemers\/#primaryimage"},"thumbnailUrl":"https:\/\/www.ondernemendvenlo.nl\/wp-content\/uploads\/2025\/04\/pexels-lukas-hartmann-1276237-scaled-1.jpg","articleSection":["Nieuws"],"inLanguage":"de"},{"@type":"WebPage","@id":"https:\/\/www.ondernemendvenlo.nl\/stikstofaanpak-sterkere-natuur-perspectief-voor-ondernemers\/","url":"https:\/\/www.ondernemendvenlo.nl\/stikstofaanpak-sterkere-natuur-perspectief-voor-ondernemers\/","name":"Stikstofaanpak: sterkere natuur, perspectief voor ondernemers - Ondernemend Venlo","isPartOf":{"@id":"https:\/\/www.ondernemendvenlo.nl\/#website"},"primaryImageOfPage":{"@id":"https:\/\/www.ondernemendvenlo.nl\/stikstofaanpak-sterkere-natuur-perspectief-voor-ondernemers\/#primaryimage"},"image":{"@id":"https:\/\/www.ondernemendvenlo.nl\/stikstofaanpak-sterkere-natuur-perspectief-voor-ondernemers\/#primaryimage"},"thumbnailUrl":"https:\/\/www.ondernemendvenlo.nl\/wp-content\/uploads\/2025\/04\/pexels-lukas-hartmann-1276237-scaled-1.jpg","datePublished":"2021-03-10T14:52:16+00:00","breadcrumb":{"@id":"https:\/\/www.ondernemendvenlo.nl\/stikstofaanpak-sterkere-natuur-perspectief-voor-ondernemers\/#breadcrumb"},"inLanguage":"de","potentialAction":[{"@type":"ReadAction","target":["https:\/\/www.ondernemendvenlo.nl\/stikstofaanpak-sterkere-natuur-perspectief-voor-ondernemers\/"]}]},{"@type":"ImageObject","inLanguage":"de","@id":"https:\/\/www.ondernemendvenlo.nl\/stikstofaanpak-sterkere-natuur-perspectief-voor-ondernemers\/#primaryimage","url":"https:\/\/www.ondernemendvenlo.nl\/wp-content\/uploads\/2025\/04\/pexels-lukas-hartmann-1276237-scaled-1.jpg","contentUrl":"https:\/\/www.ondernemendvenlo.nl\/wp-content\/uploads\/2025\/04\/pexels-lukas-hartmann-1276237-scaled-1.jpg","width":2560,"height":1707},{"@type":"BreadcrumbList","@id":"https:\/\/www.ondernemendvenlo.nl\/stikstofaanpak-sterkere-natuur-perspectief-voor-ondernemers\/#breadcrumb","itemListElement":[{"@type":"ListItem","position":1,"name":"Ondernemend Venlo","item":"https:\/\/www.ondernemendvenlo.nl\/"},{"@type":"ListItem","position":2,"name":"Nieuws","item":"https:\/\/www.ondernemendvenlo.nl\/categorie\/nieuws\/"},{"@type":"ListItem","position":3,"name":"Stikstofaanpak: sterkere natuur, perspectief voor ondernemers"}]},{"@type":"WebSite","@id":"https:\/\/www.ondernemendvenlo.nl\/#website","url":"https:\/\/www.ondernemendvenlo.nl\/","name":"Unternehmerisches Venlo","description":"Samen succesvol ondernemen","publisher":{"@id":"https:\/\/www.ondernemendvenlo.nl\/#organization"},"potentialAction":[{"@type":"SearchAction","target":{"@type":"EntryPoint","urlTemplate":"https:\/\/www.ondernemendvenlo.nl\/?s={search_term_string}"},"query-input":{"@type":"PropertyValueSpecification","valueRequired":true,"valueName":"search_term_string"}}],"inLanguage":"de"},{"@type":"Organization","@id":"https:\/\/www.ondernemendvenlo.nl\/#organization","name":"Unternehmerisches Venlo","url":"https:\/\/www.ondernemendvenlo.nl\/","logo":{"@type":"ImageObject","inLanguage":"de","@id":"https:\/\/www.ondernemendvenlo.nl\/#\/schema\/logo\/image\/","url":"https:\/\/www.ondernemendvenlo.nl\/wp-content\/uploads\/2025\/02\/Ondernemend-Venlo-logo-scaled.webp","contentUrl":"https:\/\/www.ondernemendvenlo.nl\/wp-content\/uploads\/2025\/02\/Ondernemend-Venlo-logo-scaled.webp","width":2560,"height":1010,"caption":"Ondernemend Venlo"},"image":{"@id":"https:\/\/www.ondernemendvenlo.nl\/#\/schema\/logo\/image\/"},"sameAs":["https:\/\/www.linkedin.com\/company\/ondernemend-venlo\/"]},{"@type":"Person","@id":"https:\/\/www.ondernemendvenlo.nl\/#\/schema\/person\/347e935f8ad4c7030608ef74bb57aa6e","name":"admin","image":{"@type":"ImageObject","inLanguage":"de","@id":"https:\/\/www.ondernemendvenlo.nl\/#\/schema\/person\/image\/","url":"https:\/\/www.ondernemendvenlo.nl\/wp-content\/litespeed\/avatar\/720af750b037aecf6e33e12833479059.jpg?ver=1777382954","contentUrl":"https:\/\/www.ondernemendvenlo.nl\/wp-content\/litespeed\/avatar\/720af750b037aecf6e33e12833479059.jpg?ver=1777382954","caption":"admin"},"sameAs":["https:\/\/www.ondernemendvenlo.nl"]}]}},"_links":{"self":[{"href":"https:\/\/www.ondernemendvenlo.nl\/de\/wp-json\/wp\/v2\/posts\/2430","targetHints":{"allow":["GET"]}}],"collection":[{"href":"https:\/\/www.ondernemendvenlo.nl\/de\/wp-json\/wp\/v2\/posts"}],"about":[{"href":"https:\/\/www.ondernemendvenlo.nl\/de\/wp-json\/wp\/v2\/types\/post"}],"author":[{"embeddable":true,"href":"https:\/\/www.ondernemendvenlo.nl\/de\/wp-json\/wp\/v2\/users\/1"}],"replies":[{"embeddable":true,"href":"https:\/\/www.ondernemendvenlo.nl\/de\/wp-json\/wp\/v2\/comments?post=2430"}],"version-history":[{"count":0,"href":"https:\/\/www.ondernemendvenlo.nl\/de\/wp-json\/wp\/v2\/posts\/2430\/revisions"}],"wp:featuredmedia":[{"embeddable":true,"href":"https:\/\/www.ondernemendvenlo.nl\/de\/wp-json\/wp\/v2\/media\/2431"}],"wp:attachment":[{"href":"https:\/\/www.ondernemendvenlo.nl\/de\/wp-json\/wp\/v2\/media?parent=2430"}],"wp:term":[{"taxonomy":"category","embeddable":true,"href":"https:\/\/www.ondernemendvenlo.nl\/de\/wp-json\/wp\/v2\/categories?post=2430"},{"taxonomy":"post_tag","embeddable":true,"href":"https:\/\/www.ondernemendvenlo.nl\/de\/wp-json\/wp\/v2\/tags?post=2430"}],"curies":[{"name":"wp","href":"https:\/\/api.w.org\/{rel}","templated":true}]}}