{"id":2498,"date":"2021-05-18T15:11:00","date_gmt":"2021-05-18T13:11:00","guid":{"rendered":"https:\/\/www.ondernemendvenlo.nl\/koning-en-koningin-brengen-streekbezoek-aan-noord-limburg\/"},"modified":"2021-05-18T15:11:00","modified_gmt":"2021-05-18T13:11:00","slug":"koning-en-koningin-brengen-streekbezoek-aan-noord-limburg","status":"publish","type":"post","link":"https:\/\/www.ondernemendvenlo.nl\/de\/koning-en-koningin-brengen-streekbezoek-aan-noord-limburg\/","title":{"rendered":"K\u00f6nig und K\u00f6nigin besuchen Nordlimburg"},"content":{"rendered":"<div class=\"grid-blok grid_8 rol-inleiding type-inhoud\" data-layout=\"{&quot;columns&quot;:8,&quot;DimSiz&quot;:800}\">\n<div class=\"grid-element\">\n<div class=\"grid-edge\" data-id=\"PagVld_82802\">\n<div class=\"grid-inside\">\n<div class=\"iprox-rich-content iprox-content\">\n<p><strong>Seine Majest\u00e4t K\u00f6nig Willem-Alexander und Ihre Majest\u00e4t K\u00f6nigin M\u00e1xima werden am Donnerstag, den 27. Mai, Nordlimburg einen regionalen Besuch abstatten. Das K\u00f6nigspaar wird die Gemeinden Venlo, Bergen und Venray besuchen. Das Thema des Regionalbesuchs ist die positive Gesundheit. Auch der Einfluss von Corona auf die Region im vergangenen Jahr wird zur Sprache kommen.<\/strong><\/p>\n<p>Die Region Nordlimburg hat sich das Ziel gesetzt, die ges\u00fcndeste Region der Niederlande zu werden. Dies ist in der RegioVisie f\u00fcr die n\u00e4chsten 20 Jahre festgeschrieben. Die Gemeinde soll k\u00f6rperlich und geistig gesund sein, ein sicheres Lebensumfeld haben und eine gute Lebens- und Arbeitsqualit\u00e4t aufweisen. Es wird auf eine gesunde Ern\u00e4hrung, ausreichend Natur, aber auch auf eine gesunde Work-Life-Balance mit Raum f\u00fcr Freizeit, Kultur und Sinn geachtet. All diese Facetten werden unter dem Begriff \"positive Gesundheit\" zusammengefasst.<\/p>\n<p><strong>Stadtverwaltung Venlo<\/strong><br \/>\nDas K\u00f6nigspaar wird zun\u00e4chst die Gemeinde Venlo besuchen, wo das Konzept der positiven Gesundheit von Vertretern der regionalen Regierung, der Wirtschaft, des Gesundheitswesens und der Wissenschaft in der Region n\u00e4her erl\u00e4utert werden wird. W\u00e4hrend eines Marktes f\u00fcr gesunde Lebensmittel und innovative Landwirtschaft wird das K\u00f6nigspaar mit Unternehmen und Organisationen aus der Region sprechen. Anschlie\u00dfend werden K\u00f6nig Willem-Alexander und K\u00f6nigin M\u00e1xima verschiedene Einwohner treffen. Sie werden mit ihnen \u00fcber Sinn und Kultur und deren Bedeutung f\u00fcr ihre Gesundheit sprechen. Auch die Rolle der Freiwilligenarbeit wird zur Sprache kommen.<\/p>\n<p>Bei einer Wanderung in der Gemeinde Bergen geht es um die Bedeutung von Entspannung und Natur. Mitarbeiter der Limburger Landschaft informieren \u00fcber Naturmanagement und Gebietsentwicklung in der Region. Die Einwohner sprechen auch \u00fcber die Lebensqualit\u00e4t und die Sicherheit an den Ufern der Maas. Schlie\u00dflich besuchte das K\u00f6nigspaar die Gemeinde Venray. Hier ist die psychische Gesundheit und Belastbarkeit junger Menschen das zentrale Thema. Fachleute beleuchteten die Tabus, die die psychische Gesundheit umgeben, und erl\u00e4uterten, wie sie junge Menschen bei der Bew\u00e4ltigung dieser Probleme unterst\u00fctzen. Schlie\u00dflich erz\u00e4hlen junge Menschen K\u00f6nig Willem-Alexander und K\u00f6nigin M\u00e1xima, wie sie lernen, \u00fcber ihre psychischen Probleme zu sprechen und wie dies zu ihrer positiven Gesundheit beitr\u00e4gt.<\/p>\n<p>Bei der Ortsbesichtigung werden die allgemein g\u00fcltigen Richtlinien zur Coronavirus-Kontrolle eingehalten. Die w\u00e4hrend des Besuchs besuchten Standorte werden nicht im Voraus angek\u00fcndigt, um Gruppenbildung zu vermeiden und einen Abstand von anderthalb Metern zu gew\u00e4hrleisten.<\/p>\n<\/div>\n<\/div>\n<\/div>\n<\/div>\n<\/div>","protected":false},"excerpt":{"rendered":"<p>Zijne Majesteit Koning Willem-Alexander en Hare Majesteit Koningin M\u00e1xima brengen donderdag 27 mei een streekbezoek aan Noord-Limburg. Het Koninklijk Paar bezoekt de gemeenten Venlo, Bergen en Venray. Het streekbezoek staat in het teken van positieve gezondheid. Tevens komt de invloed van corona op de streek gedurende het afgelopen jaar ter sprake. De regio Noord-Limburg heeft [&hellip;]<\/p>","protected":false},"author":1,"featured_media":2499,"comment_status":"closed","ping_status":"open","sticky":false,"template":"","format":"standard","meta":{"_acf_changed":false,"footnotes":""},"categories":[8],"tags":[],"class_list":["post-2498","post","type-post","status-publish","format-standard","has-post-thumbnail","hentry","category-nieuws"],"acf":[],"yoast_head":"<!-- This site is optimized with the Yoast SEO plugin v26.3 - https:\/\/yoast.com\/wordpress\/plugins\/seo\/ -->\n<title>Ko\u00adning en Ko\u00adnin\u00adgin bren\u00adgen streek\u00adbe\u00adzoek aan Noord-Lim\u00adburg - Ondernemend Venlo<\/title>\n<meta name=\"robots\" content=\"index, follow, max-snippet:-1, max-image-preview:large, max-video-preview:-1\" \/>\n<link rel=\"canonical\" href=\"https:\/\/www.ondernemendvenlo.nl\/de\/koning-en-koningin-brengen-streekbezoek-aan-noord-limburg\/\" \/>\n<meta property=\"og:locale\" content=\"de_DE\" \/>\n<meta property=\"og:type\" content=\"article\" \/>\n<meta property=\"og:title\" content=\"Ko\u00adning en Ko\u00adnin\u00adgin bren\u00adgen streek\u00adbe\u00adzoek aan Noord-Lim\u00adburg - Ondernemend Venlo\" \/>\n<meta property=\"og:description\" content=\"Zijne Majesteit Koning Willem-Alexander en Hare Majesteit Koningin M\u00e1xima brengen donderdag 27 mei een streekbezoek aan Noord-Limburg. Het Koninklijk Paar bezoekt de gemeenten Venlo, Bergen en Venray. Het streekbezoek staat in het teken van positieve gezondheid. Tevens komt de invloed van corona op de streek gedurende het afgelopen jaar ter sprake. De regio Noord-Limburg heeft [&hellip;]\" \/>\n<meta property=\"og:url\" content=\"https:\/\/www.ondernemendvenlo.nl\/de\/koning-en-koningin-brengen-streekbezoek-aan-noord-limburg\/\" \/>\n<meta property=\"og:site_name\" content=\"Ondernemend Venlo\" \/>\n<meta property=\"article:published_time\" content=\"2021-05-18T13:11:00+00:00\" \/>\n<meta property=\"og:image\" content=\"https:\/\/www.ondernemendvenlo.nl\/wp-content\/uploads\/2025\/04\/KoningWANiedererer_1378193.jpg\" \/>\n\t<meta property=\"og:image:width\" content=\"1600\" \/>\n\t<meta property=\"og:image:height\" content=\"1141\" \/>\n\t<meta property=\"og:image:type\" content=\"image\/jpeg\" \/>\n<meta name=\"author\" content=\"admin\" \/>\n<meta name=\"twitter:card\" content=\"summary_large_image\" \/>\n<meta name=\"twitter:label1\" content=\"Verfasst von\" \/>\n\t<meta name=\"twitter:data1\" content=\"admin\" \/>\n\t<meta name=\"twitter:label2\" content=\"Gesch\u00e4tzte Lesezeit\" \/>\n\t<meta name=\"twitter:data2\" content=\"2\u00a0Minuten\" \/>\n<script type=\"application\/ld+json\" class=\"yoast-schema-graph\">{\"@context\":\"https:\/\/schema.org\",\"@graph\":[{\"@type\":\"Article\",\"@id\":\"https:\/\/www.ondernemendvenlo.nl\/koning-en-koningin-brengen-streekbezoek-aan-noord-limburg\/#article\",\"isPartOf\":{\"@id\":\"https:\/\/www.ondernemendvenlo.nl\/koning-en-koningin-brengen-streekbezoek-aan-noord-limburg\/\"},\"author\":{\"name\":\"admin\",\"@id\":\"https:\/\/www.ondernemendvenlo.nl\/#\/schema\/person\/347e935f8ad4c7030608ef74bb57aa6e\"},\"headline\":\"Ko\u00adning en Ko\u00adnin\u00adgin bren\u00adgen streek\u00adbe\u00adzoek aan Noord-Lim\u00adburg\",\"datePublished\":\"2021-05-18T13:11:00+00:00\",\"mainEntityOfPage\":{\"@id\":\"https:\/\/www.ondernemendvenlo.nl\/koning-en-koningin-brengen-streekbezoek-aan-noord-limburg\/\"},\"wordCount\":392,\"publisher\":{\"@id\":\"https:\/\/www.ondernemendvenlo.nl\/#organization\"},\"image\":{\"@id\":\"https:\/\/www.ondernemendvenlo.nl\/koning-en-koningin-brengen-streekbezoek-aan-noord-limburg\/#primaryimage\"},\"thumbnailUrl\":\"https:\/\/www.ondernemendvenlo.nl\/wp-content\/uploads\/2025\/04\/KoningWANiedererer_1378193.jpg\",\"articleSection\":[\"Nieuws\"],\"inLanguage\":\"de\"},{\"@type\":\"WebPage\",\"@id\":\"https:\/\/www.ondernemendvenlo.nl\/koning-en-koningin-brengen-streekbezoek-aan-noord-limburg\/\",\"url\":\"https:\/\/www.ondernemendvenlo.nl\/koning-en-koningin-brengen-streekbezoek-aan-noord-limburg\/\",\"name\":\"Ko\u00adning en Ko\u00adnin\u00adgin bren\u00adgen streek\u00adbe\u00adzoek aan Noord-Lim\u00adburg - Ondernemend Venlo\",\"isPartOf\":{\"@id\":\"https:\/\/www.ondernemendvenlo.nl\/#website\"},\"primaryImageOfPage\":{\"@id\":\"https:\/\/www.ondernemendvenlo.nl\/koning-en-koningin-brengen-streekbezoek-aan-noord-limburg\/#primaryimage\"},\"image\":{\"@id\":\"https:\/\/www.ondernemendvenlo.nl\/koning-en-koningin-brengen-streekbezoek-aan-noord-limburg\/#primaryimage\"},\"thumbnailUrl\":\"https:\/\/www.ondernemendvenlo.nl\/wp-content\/uploads\/2025\/04\/KoningWANiedererer_1378193.jpg\",\"datePublished\":\"2021-05-18T13:11:00+00:00\",\"breadcrumb\":{\"@id\":\"https:\/\/www.ondernemendvenlo.nl\/koning-en-koningin-brengen-streekbezoek-aan-noord-limburg\/#breadcrumb\"},\"inLanguage\":\"de\",\"potentialAction\":[{\"@type\":\"ReadAction\",\"target\":[\"https:\/\/www.ondernemendvenlo.nl\/koning-en-koningin-brengen-streekbezoek-aan-noord-limburg\/\"]}]},{\"@type\":\"ImageObject\",\"inLanguage\":\"de\",\"@id\":\"https:\/\/www.ondernemendvenlo.nl\/koning-en-koningin-brengen-streekbezoek-aan-noord-limburg\/#primaryimage\",\"url\":\"https:\/\/www.ondernemendvenlo.nl\/wp-content\/uploads\/2025\/04\/KoningWANiedererer_1378193.jpg\",\"contentUrl\":\"https:\/\/www.ondernemendvenlo.nl\/wp-content\/uploads\/2025\/04\/KoningWANiedererer_1378193.jpg\",\"width\":1600,\"height\":1141},{\"@type\":\"BreadcrumbList\",\"@id\":\"https:\/\/www.ondernemendvenlo.nl\/koning-en-koningin-brengen-streekbezoek-aan-noord-limburg\/#breadcrumb\",\"itemListElement\":[{\"@type\":\"ListItem\",\"position\":1,\"name\":\"Ondernemend Venlo\",\"item\":\"https:\/\/www.ondernemendvenlo.nl\/\"},{\"@type\":\"ListItem\",\"position\":2,\"name\":\"Nieuws\",\"item\":\"https:\/\/www.ondernemendvenlo.nl\/categorie\/nieuws\/\"},{\"@type\":\"ListItem\",\"position\":3,\"name\":\"Ko\u00adning en Ko\u00adnin\u00adgin bren\u00adgen streek\u00adbe\u00adzoek aan Noord-Lim\u00adburg\"}]},{\"@type\":\"WebSite\",\"@id\":\"https:\/\/www.ondernemendvenlo.nl\/#website\",\"url\":\"https:\/\/www.ondernemendvenlo.nl\/\",\"name\":\"Ondernemend Venlo\",\"description\":\"Samen succesvol ondernemen\",\"publisher\":{\"@id\":\"https:\/\/www.ondernemendvenlo.nl\/#organization\"},\"potentialAction\":[{\"@type\":\"SearchAction\",\"target\":{\"@type\":\"EntryPoint\",\"urlTemplate\":\"https:\/\/www.ondernemendvenlo.nl\/?s={search_term_string}\"},\"query-input\":{\"@type\":\"PropertyValueSpecification\",\"valueRequired\":true,\"valueName\":\"search_term_string\"}}],\"inLanguage\":\"de\"},{\"@type\":\"Organization\",\"@id\":\"https:\/\/www.ondernemendvenlo.nl\/#organization\",\"name\":\"Ondernemend Venlo\",\"url\":\"https:\/\/www.ondernemendvenlo.nl\/\",\"logo\":{\"@type\":\"ImageObject\",\"inLanguage\":\"de\",\"@id\":\"https:\/\/www.ondernemendvenlo.nl\/#\/schema\/logo\/image\/\",\"url\":\"https:\/\/www.ondernemendvenlo.nl\/wp-content\/uploads\/2025\/02\/Ondernemend-Venlo-logo-scaled.webp\",\"contentUrl\":\"https:\/\/www.ondernemendvenlo.nl\/wp-content\/uploads\/2025\/02\/Ondernemend-Venlo-logo-scaled.webp\",\"width\":2560,\"height\":1010,\"caption\":\"Ondernemend Venlo\"},\"image\":{\"@id\":\"https:\/\/www.ondernemendvenlo.nl\/#\/schema\/logo\/image\/\"},\"sameAs\":[\"https:\/\/www.linkedin.com\/company\/ondernemend-venlo\/\"]},{\"@type\":\"Person\",\"@id\":\"https:\/\/www.ondernemendvenlo.nl\/#\/schema\/person\/347e935f8ad4c7030608ef74bb57aa6e\",\"name\":\"admin\",\"image\":{\"@type\":\"ImageObject\",\"inLanguage\":\"de\",\"@id\":\"https:\/\/www.ondernemendvenlo.nl\/#\/schema\/person\/image\/\",\"url\":\"https:\/\/www.ondernemendvenlo.nl\/wp-content\/litespeed\/avatar\/720af750b037aecf6e33e12833479059.jpg?ver=1777382954\",\"contentUrl\":\"https:\/\/www.ondernemendvenlo.nl\/wp-content\/litespeed\/avatar\/720af750b037aecf6e33e12833479059.jpg?ver=1777382954\",\"caption\":\"admin\"},\"sameAs\":[\"https:\/\/www.ondernemendvenlo.nl\"]}]}<\/script>\n<!-- \/ Yoast SEO plugin. -->","yoast_head_json":{"title":"Ko\u00adning en Ko\u00adnin\u00adgin bren\u00adgen streek\u00adbe\u00adzoek aan Noord-Lim\u00adburg - Ondernemend Venlo","robots":{"index":"index","follow":"follow","max-snippet":"max-snippet:-1","max-image-preview":"max-image-preview:large","max-video-preview":"max-video-preview:-1"},"canonical":"https:\/\/www.ondernemendvenlo.nl\/de\/koning-en-koningin-brengen-streekbezoek-aan-noord-limburg\/","og_locale":"de_DE","og_type":"article","og_title":"Ko\u00adning en Ko\u00adnin\u00adgin bren\u00adgen streek\u00adbe\u00adzoek aan Noord-Lim\u00adburg - Ondernemend Venlo","og_description":"Zijne Majesteit Koning Willem-Alexander en Hare Majesteit Koningin M\u00e1xima brengen donderdag 27 mei een streekbezoek aan Noord-Limburg. Het Koninklijk Paar bezoekt de gemeenten Venlo, Bergen en Venray. Het streekbezoek staat in het teken van positieve gezondheid. Tevens komt de invloed van corona op de streek gedurende het afgelopen jaar ter sprake. De regio Noord-Limburg heeft [&hellip;]","og_url":"https:\/\/www.ondernemendvenlo.nl\/de\/koning-en-koningin-brengen-streekbezoek-aan-noord-limburg\/","og_site_name":"Ondernemend Venlo","article_published_time":"2021-05-18T13:11:00+00:00","og_image":[{"width":1600,"height":1141,"url":"https:\/\/www.ondernemendvenlo.nl\/wp-content\/uploads\/2025\/04\/KoningWANiedererer_1378193.jpg","type":"image\/jpeg"}],"author":"admin","twitter_card":"summary_large_image","twitter_misc":{"Verfasst von":"admin","Gesch\u00e4tzte Lesezeit":"2\u00a0Minuten"},"schema":{"@context":"https:\/\/schema.org","@graph":[{"@type":"Article","@id":"https:\/\/www.ondernemendvenlo.nl\/koning-en-koningin-brengen-streekbezoek-aan-noord-limburg\/#article","isPartOf":{"@id":"https:\/\/www.ondernemendvenlo.nl\/koning-en-koningin-brengen-streekbezoek-aan-noord-limburg\/"},"author":{"name":"admin","@id":"https:\/\/www.ondernemendvenlo.nl\/#\/schema\/person\/347e935f8ad4c7030608ef74bb57aa6e"},"headline":"Ko\u00adning en Ko\u00adnin\u00adgin bren\u00adgen streek\u00adbe\u00adzoek aan Noord-Lim\u00adburg","datePublished":"2021-05-18T13:11:00+00:00","mainEntityOfPage":{"@id":"https:\/\/www.ondernemendvenlo.nl\/koning-en-koningin-brengen-streekbezoek-aan-noord-limburg\/"},"wordCount":392,"publisher":{"@id":"https:\/\/www.ondernemendvenlo.nl\/#organization"},"image":{"@id":"https:\/\/www.ondernemendvenlo.nl\/koning-en-koningin-brengen-streekbezoek-aan-noord-limburg\/#primaryimage"},"thumbnailUrl":"https:\/\/www.ondernemendvenlo.nl\/wp-content\/uploads\/2025\/04\/KoningWANiedererer_1378193.jpg","articleSection":["Nieuws"],"inLanguage":"de"},{"@type":"WebPage","@id":"https:\/\/www.ondernemendvenlo.nl\/koning-en-koningin-brengen-streekbezoek-aan-noord-limburg\/","url":"https:\/\/www.ondernemendvenlo.nl\/koning-en-koningin-brengen-streekbezoek-aan-noord-limburg\/","name":"Ko\u00adning en Ko\u00adnin\u00adgin bren\u00adgen streek\u00adbe\u00adzoek aan Noord-Lim\u00adburg - Ondernemend Venlo","isPartOf":{"@id":"https:\/\/www.ondernemendvenlo.nl\/#website"},"primaryImageOfPage":{"@id":"https:\/\/www.ondernemendvenlo.nl\/koning-en-koningin-brengen-streekbezoek-aan-noord-limburg\/#primaryimage"},"image":{"@id":"https:\/\/www.ondernemendvenlo.nl\/koning-en-koningin-brengen-streekbezoek-aan-noord-limburg\/#primaryimage"},"thumbnailUrl":"https:\/\/www.ondernemendvenlo.nl\/wp-content\/uploads\/2025\/04\/KoningWANiedererer_1378193.jpg","datePublished":"2021-05-18T13:11:00+00:00","breadcrumb":{"@id":"https:\/\/www.ondernemendvenlo.nl\/koning-en-koningin-brengen-streekbezoek-aan-noord-limburg\/#breadcrumb"},"inLanguage":"de","potentialAction":[{"@type":"ReadAction","target":["https:\/\/www.ondernemendvenlo.nl\/koning-en-koningin-brengen-streekbezoek-aan-noord-limburg\/"]}]},{"@type":"ImageObject","inLanguage":"de","@id":"https:\/\/www.ondernemendvenlo.nl\/koning-en-koningin-brengen-streekbezoek-aan-noord-limburg\/#primaryimage","url":"https:\/\/www.ondernemendvenlo.nl\/wp-content\/uploads\/2025\/04\/KoningWANiedererer_1378193.jpg","contentUrl":"https:\/\/www.ondernemendvenlo.nl\/wp-content\/uploads\/2025\/04\/KoningWANiedererer_1378193.jpg","width":1600,"height":1141},{"@type":"BreadcrumbList","@id":"https:\/\/www.ondernemendvenlo.nl\/koning-en-koningin-brengen-streekbezoek-aan-noord-limburg\/#breadcrumb","itemListElement":[{"@type":"ListItem","position":1,"name":"Ondernemend Venlo","item":"https:\/\/www.ondernemendvenlo.nl\/"},{"@type":"ListItem","position":2,"name":"Nieuws","item":"https:\/\/www.ondernemendvenlo.nl\/categorie\/nieuws\/"},{"@type":"ListItem","position":3,"name":"Ko\u00adning en Ko\u00adnin\u00adgin bren\u00adgen streek\u00adbe\u00adzoek aan Noord-Lim\u00adburg"}]},{"@type":"WebSite","@id":"https:\/\/www.ondernemendvenlo.nl\/#website","url":"https:\/\/www.ondernemendvenlo.nl\/","name":"Unternehmerisches Venlo","description":"Samen succesvol ondernemen","publisher":{"@id":"https:\/\/www.ondernemendvenlo.nl\/#organization"},"potentialAction":[{"@type":"SearchAction","target":{"@type":"EntryPoint","urlTemplate":"https:\/\/www.ondernemendvenlo.nl\/?s={search_term_string}"},"query-input":{"@type":"PropertyValueSpecification","valueRequired":true,"valueName":"search_term_string"}}],"inLanguage":"de"},{"@type":"Organization","@id":"https:\/\/www.ondernemendvenlo.nl\/#organization","name":"Unternehmerisches Venlo","url":"https:\/\/www.ondernemendvenlo.nl\/","logo":{"@type":"ImageObject","inLanguage":"de","@id":"https:\/\/www.ondernemendvenlo.nl\/#\/schema\/logo\/image\/","url":"https:\/\/www.ondernemendvenlo.nl\/wp-content\/uploads\/2025\/02\/Ondernemend-Venlo-logo-scaled.webp","contentUrl":"https:\/\/www.ondernemendvenlo.nl\/wp-content\/uploads\/2025\/02\/Ondernemend-Venlo-logo-scaled.webp","width":2560,"height":1010,"caption":"Ondernemend Venlo"},"image":{"@id":"https:\/\/www.ondernemendvenlo.nl\/#\/schema\/logo\/image\/"},"sameAs":["https:\/\/www.linkedin.com\/company\/ondernemend-venlo\/"]},{"@type":"Person","@id":"https:\/\/www.ondernemendvenlo.nl\/#\/schema\/person\/347e935f8ad4c7030608ef74bb57aa6e","name":"admin","image":{"@type":"ImageObject","inLanguage":"de","@id":"https:\/\/www.ondernemendvenlo.nl\/#\/schema\/person\/image\/","url":"https:\/\/www.ondernemendvenlo.nl\/wp-content\/litespeed\/avatar\/720af750b037aecf6e33e12833479059.jpg?ver=1777382954","contentUrl":"https:\/\/www.ondernemendvenlo.nl\/wp-content\/litespeed\/avatar\/720af750b037aecf6e33e12833479059.jpg?ver=1777382954","caption":"admin"},"sameAs":["https:\/\/www.ondernemendvenlo.nl"]}]}},"_links":{"self":[{"href":"https:\/\/www.ondernemendvenlo.nl\/de\/wp-json\/wp\/v2\/posts\/2498","targetHints":{"allow":["GET"]}}],"collection":[{"href":"https:\/\/www.ondernemendvenlo.nl\/de\/wp-json\/wp\/v2\/posts"}],"about":[{"href":"https:\/\/www.ondernemendvenlo.nl\/de\/wp-json\/wp\/v2\/types\/post"}],"author":[{"embeddable":true,"href":"https:\/\/www.ondernemendvenlo.nl\/de\/wp-json\/wp\/v2\/users\/1"}],"replies":[{"embeddable":true,"href":"https:\/\/www.ondernemendvenlo.nl\/de\/wp-json\/wp\/v2\/comments?post=2498"}],"version-history":[{"count":0,"href":"https:\/\/www.ondernemendvenlo.nl\/de\/wp-json\/wp\/v2\/posts\/2498\/revisions"}],"wp:featuredmedia":[{"embeddable":true,"href":"https:\/\/www.ondernemendvenlo.nl\/de\/wp-json\/wp\/v2\/media\/2499"}],"wp:attachment":[{"href":"https:\/\/www.ondernemendvenlo.nl\/de\/wp-json\/wp\/v2\/media?parent=2498"}],"wp:term":[{"taxonomy":"category","embeddable":true,"href":"https:\/\/www.ondernemendvenlo.nl\/de\/wp-json\/wp\/v2\/categories?post=2498"},{"taxonomy":"post_tag","embeddable":true,"href":"https:\/\/www.ondernemendvenlo.nl\/de\/wp-json\/wp\/v2\/tags?post=2498"}],"curies":[{"name":"wp","href":"https:\/\/api.w.org\/{rel}","templated":true}]}}