{"id":2510,"date":"2021-06-14T06:58:00","date_gmt":"2021-06-14T04:58:00","guid":{"rendered":"https:\/\/www.ondernemendvenlo.nl\/in-gesprek-over-voortgezet-onderwijs-nl-d\/"},"modified":"2021-06-14T06:58:00","modified_gmt":"2021-06-14T04:58:00","slug":"in-gesprek-over-voortgezet-onderwijs-nl-d","status":"publish","type":"post","link":"https:\/\/www.ondernemendvenlo.nl\/de\/in-gesprek-over-voortgezet-onderwijs-nl-d\/","title":{"rendered":"Gespr\u00e4che \u00fcber Sekundarschulbildung NL-D"},"content":{"rendered":"<p><strong>Am 8. Juni fand das dritte Wissenstreffen von In Gesprek I Im Gespr\u00e4ch statt. Pauline van den Bosch von Gilde Opleidingen und Stefan Bur vom Berufskolleg Vera Beckers diskutierten \u00fcber die berufliche Bildung auf beiden Seiten der Grenze. Sie k\u00f6nnen dieses Treffen noch verfolgen \u00fcber <a href=\"https:\/\/youtu.be\/hNHUNNYeYNE\" target=\"_blank\" rel=\"noopener noreferrer\" class=\"external\">Youtube.<\/a><\/strong><\/p>\n<p>Am 15. Juni findet das vierte Treffen von In Conversation statt. Dann werden Wilbert Beurskens vom Valuascollege und Jan von der Heydt von der Gesamtschule Kaiserplatz aus Krefeld das Thema Sekundarbildung beleuchten. Sie k\u00f6nnen sich noch f\u00fcr dieses (Online-)Treffen anmelden, indem Sie auf den Anmeldelink in der Einladung klicken.<br \/>\nSie k\u00f6nnen auch\u00a0<a href=\"https:\/\/www.eventbrite.nl\/o\/bieb-venlo-31264515295\" target=\"_blank\" rel=\"noopener noreferrer\" class=\"external\">direkte Anmeldung<\/a>.<\/p>\n<p>Wir hei\u00dfen Sie willkommen!<\/p>","protected":false},"excerpt":{"rendered":"<p>Op 8 juni vond de derde kennisbijeenkomst plaats van In Gesprek I Im Gespr\u00e4ch plaats. Pauline van den Bosch van Gilde Opleidingen en Stefan Bur van Berufskolleg Vera Beckers gingen met elkaar in gesprek over het beroepsonderwijs aan beide kanten van de grens. U kunt deze bijeenkomst nog terugzien via Youtube. Op 15 juni a.s. [&hellip;]<\/p>","protected":false},"author":1,"featured_media":2511,"comment_status":"closed","ping_status":"open","sticky":false,"template":"","format":"standard","meta":{"_acf_changed":false,"footnotes":""},"categories":[8],"tags":[],"class_list":["post-2510","post","type-post","status-publish","format-standard","has-post-thumbnail","hentry","category-nieuws"],"acf":[],"yoast_head":"<!-- This site is optimized with the Yoast SEO plugin v26.3 - https:\/\/yoast.com\/wordpress\/plugins\/seo\/ -->\n<title>In gesprek over voortgezet onderwijs NL-D - Ondernemend Venlo<\/title>\n<meta name=\"robots\" content=\"index, follow, max-snippet:-1, max-image-preview:large, max-video-preview:-1\" \/>\n<link rel=\"canonical\" href=\"https:\/\/www.ondernemendvenlo.nl\/de\/in-gesprek-over-voortgezet-onderwijs-nl-d\/\" \/>\n<meta property=\"og:locale\" content=\"de_DE\" \/>\n<meta property=\"og:type\" content=\"article\" \/>\n<meta property=\"og:title\" content=\"In gesprek over voortgezet onderwijs NL-D - Ondernemend Venlo\" \/>\n<meta property=\"og:description\" content=\"Op 8 juni vond de derde kennisbijeenkomst plaats van In Gesprek I Im Gespr\u00e4ch plaats. Pauline van den Bosch van Gilde Opleidingen en Stefan Bur van Berufskolleg Vera Beckers gingen met elkaar in gesprek over het beroepsonderwijs aan beide kanten van de grens. U kunt deze bijeenkomst nog terugzien via Youtube. Op 15 juni a.s. [&hellip;]\" \/>\n<meta property=\"og:url\" content=\"https:\/\/www.ondernemendvenlo.nl\/de\/in-gesprek-over-voortgezet-onderwijs-nl-d\/\" \/>\n<meta property=\"og:site_name\" content=\"Ondernemend Venlo\" \/>\n<meta property=\"article:published_time\" content=\"2021-06-14T04:58:00+00:00\" \/>\n<meta property=\"og:image\" content=\"https:\/\/www.ondernemendvenlo.nl\/wp-content\/uploads\/2025\/04\/Schermafbeelding-2021-06-14-om-10.16.34-1024x764.png\" \/>\n\t<meta property=\"og:image:width\" content=\"1024\" \/>\n\t<meta property=\"og:image:height\" content=\"764\" \/>\n\t<meta property=\"og:image:type\" content=\"image\/png\" \/>\n<meta name=\"author\" content=\"admin\" \/>\n<meta name=\"twitter:card\" content=\"summary_large_image\" \/>\n<meta name=\"twitter:label1\" content=\"Verfasst von\" \/>\n\t<meta name=\"twitter:data1\" content=\"admin\" \/>\n\t<meta name=\"twitter:label2\" content=\"Gesch\u00e4tzte Lesezeit\" \/>\n\t<meta name=\"twitter:data2\" content=\"1\u00a0Minute\" \/>\n<script type=\"application\/ld+json\" class=\"yoast-schema-graph\">{\"@context\":\"https:\/\/schema.org\",\"@graph\":[{\"@type\":\"Article\",\"@id\":\"https:\/\/www.ondernemendvenlo.nl\/in-gesprek-over-voortgezet-onderwijs-nl-d\/#article\",\"isPartOf\":{\"@id\":\"https:\/\/www.ondernemendvenlo.nl\/in-gesprek-over-voortgezet-onderwijs-nl-d\/\"},\"author\":{\"name\":\"admin\",\"@id\":\"https:\/\/www.ondernemendvenlo.nl\/#\/schema\/person\/347e935f8ad4c7030608ef74bb57aa6e\"},\"headline\":\"In gesprek over voortgezet onderwijs NL-D\",\"datePublished\":\"2021-06-14T04:58:00+00:00\",\"mainEntityOfPage\":{\"@id\":\"https:\/\/www.ondernemendvenlo.nl\/in-gesprek-over-voortgezet-onderwijs-nl-d\/\"},\"wordCount\":120,\"publisher\":{\"@id\":\"https:\/\/www.ondernemendvenlo.nl\/#organization\"},\"image\":{\"@id\":\"https:\/\/www.ondernemendvenlo.nl\/in-gesprek-over-voortgezet-onderwijs-nl-d\/#primaryimage\"},\"thumbnailUrl\":\"https:\/\/www.ondernemendvenlo.nl\/wp-content\/uploads\/2025\/04\/Schermafbeelding-2021-06-14-om-10.16.34.png\",\"articleSection\":[\"Nieuws\"],\"inLanguage\":\"de\"},{\"@type\":\"WebPage\",\"@id\":\"https:\/\/www.ondernemendvenlo.nl\/in-gesprek-over-voortgezet-onderwijs-nl-d\/\",\"url\":\"https:\/\/www.ondernemendvenlo.nl\/in-gesprek-over-voortgezet-onderwijs-nl-d\/\",\"name\":\"In gesprek over voortgezet onderwijs NL-D - Ondernemend Venlo\",\"isPartOf\":{\"@id\":\"https:\/\/www.ondernemendvenlo.nl\/#website\"},\"primaryImageOfPage\":{\"@id\":\"https:\/\/www.ondernemendvenlo.nl\/in-gesprek-over-voortgezet-onderwijs-nl-d\/#primaryimage\"},\"image\":{\"@id\":\"https:\/\/www.ondernemendvenlo.nl\/in-gesprek-over-voortgezet-onderwijs-nl-d\/#primaryimage\"},\"thumbnailUrl\":\"https:\/\/www.ondernemendvenlo.nl\/wp-content\/uploads\/2025\/04\/Schermafbeelding-2021-06-14-om-10.16.34.png\",\"datePublished\":\"2021-06-14T04:58:00+00:00\",\"breadcrumb\":{\"@id\":\"https:\/\/www.ondernemendvenlo.nl\/in-gesprek-over-voortgezet-onderwijs-nl-d\/#breadcrumb\"},\"inLanguage\":\"de\",\"potentialAction\":[{\"@type\":\"ReadAction\",\"target\":[\"https:\/\/www.ondernemendvenlo.nl\/in-gesprek-over-voortgezet-onderwijs-nl-d\/\"]}]},{\"@type\":\"ImageObject\",\"inLanguage\":\"de\",\"@id\":\"https:\/\/www.ondernemendvenlo.nl\/in-gesprek-over-voortgezet-onderwijs-nl-d\/#primaryimage\",\"url\":\"https:\/\/www.ondernemendvenlo.nl\/wp-content\/uploads\/2025\/04\/Schermafbeelding-2021-06-14-om-10.16.34.png\",\"contentUrl\":\"https:\/\/www.ondernemendvenlo.nl\/wp-content\/uploads\/2025\/04\/Schermafbeelding-2021-06-14-om-10.16.34.png\",\"width\":3234,\"height\":2412},{\"@type\":\"BreadcrumbList\",\"@id\":\"https:\/\/www.ondernemendvenlo.nl\/in-gesprek-over-voortgezet-onderwijs-nl-d\/#breadcrumb\",\"itemListElement\":[{\"@type\":\"ListItem\",\"position\":1,\"name\":\"Ondernemend Venlo\",\"item\":\"https:\/\/www.ondernemendvenlo.nl\/\"},{\"@type\":\"ListItem\",\"position\":2,\"name\":\"Nieuws\",\"item\":\"https:\/\/www.ondernemendvenlo.nl\/categorie\/nieuws\/\"},{\"@type\":\"ListItem\",\"position\":3,\"name\":\"In gesprek over voortgezet onderwijs NL-D\"}]},{\"@type\":\"WebSite\",\"@id\":\"https:\/\/www.ondernemendvenlo.nl\/#website\",\"url\":\"https:\/\/www.ondernemendvenlo.nl\/\",\"name\":\"Ondernemend Venlo\",\"description\":\"Samen succesvol ondernemen\",\"publisher\":{\"@id\":\"https:\/\/www.ondernemendvenlo.nl\/#organization\"},\"potentialAction\":[{\"@type\":\"SearchAction\",\"target\":{\"@type\":\"EntryPoint\",\"urlTemplate\":\"https:\/\/www.ondernemendvenlo.nl\/?s={search_term_string}\"},\"query-input\":{\"@type\":\"PropertyValueSpecification\",\"valueRequired\":true,\"valueName\":\"search_term_string\"}}],\"inLanguage\":\"de\"},{\"@type\":\"Organization\",\"@id\":\"https:\/\/www.ondernemendvenlo.nl\/#organization\",\"name\":\"Ondernemend Venlo\",\"url\":\"https:\/\/www.ondernemendvenlo.nl\/\",\"logo\":{\"@type\":\"ImageObject\",\"inLanguage\":\"de\",\"@id\":\"https:\/\/www.ondernemendvenlo.nl\/#\/schema\/logo\/image\/\",\"url\":\"https:\/\/www.ondernemendvenlo.nl\/wp-content\/uploads\/2025\/02\/Ondernemend-Venlo-logo-scaled.webp\",\"contentUrl\":\"https:\/\/www.ondernemendvenlo.nl\/wp-content\/uploads\/2025\/02\/Ondernemend-Venlo-logo-scaled.webp\",\"width\":2560,\"height\":1010,\"caption\":\"Ondernemend Venlo\"},\"image\":{\"@id\":\"https:\/\/www.ondernemendvenlo.nl\/#\/schema\/logo\/image\/\"},\"sameAs\":[\"https:\/\/www.linkedin.com\/company\/ondernemend-venlo\/\"]},{\"@type\":\"Person\",\"@id\":\"https:\/\/www.ondernemendvenlo.nl\/#\/schema\/person\/347e935f8ad4c7030608ef74bb57aa6e\",\"name\":\"admin\",\"image\":{\"@type\":\"ImageObject\",\"inLanguage\":\"de\",\"@id\":\"https:\/\/www.ondernemendvenlo.nl\/#\/schema\/person\/image\/\",\"url\":\"https:\/\/www.ondernemendvenlo.nl\/wp-content\/litespeed\/avatar\/720af750b037aecf6e33e12833479059.jpg?ver=1777382954\",\"contentUrl\":\"https:\/\/www.ondernemendvenlo.nl\/wp-content\/litespeed\/avatar\/720af750b037aecf6e33e12833479059.jpg?ver=1777382954\",\"caption\":\"admin\"},\"sameAs\":[\"https:\/\/www.ondernemendvenlo.nl\"]}]}<\/script>\n<!-- \/ Yoast SEO plugin. -->","yoast_head_json":{"title":"In gesprek over voortgezet onderwijs NL-D - Ondernemend Venlo","robots":{"index":"index","follow":"follow","max-snippet":"max-snippet:-1","max-image-preview":"max-image-preview:large","max-video-preview":"max-video-preview:-1"},"canonical":"https:\/\/www.ondernemendvenlo.nl\/de\/in-gesprek-over-voortgezet-onderwijs-nl-d\/","og_locale":"de_DE","og_type":"article","og_title":"In gesprek over voortgezet onderwijs NL-D - Ondernemend Venlo","og_description":"Op 8 juni vond de derde kennisbijeenkomst plaats van In Gesprek I Im Gespr\u00e4ch plaats. Pauline van den Bosch van Gilde Opleidingen en Stefan Bur van Berufskolleg Vera Beckers gingen met elkaar in gesprek over het beroepsonderwijs aan beide kanten van de grens. U kunt deze bijeenkomst nog terugzien via Youtube. Op 15 juni a.s. [&hellip;]","og_url":"https:\/\/www.ondernemendvenlo.nl\/de\/in-gesprek-over-voortgezet-onderwijs-nl-d\/","og_site_name":"Ondernemend Venlo","article_published_time":"2021-06-14T04:58:00+00:00","og_image":[{"width":1024,"height":764,"url":"https:\/\/www.ondernemendvenlo.nl\/wp-content\/uploads\/2025\/04\/Schermafbeelding-2021-06-14-om-10.16.34-1024x764.png","type":"image\/png"}],"author":"admin","twitter_card":"summary_large_image","twitter_misc":{"Verfasst von":"admin","Gesch\u00e4tzte Lesezeit":"1\u00a0Minute"},"schema":{"@context":"https:\/\/schema.org","@graph":[{"@type":"Article","@id":"https:\/\/www.ondernemendvenlo.nl\/in-gesprek-over-voortgezet-onderwijs-nl-d\/#article","isPartOf":{"@id":"https:\/\/www.ondernemendvenlo.nl\/in-gesprek-over-voortgezet-onderwijs-nl-d\/"},"author":{"name":"admin","@id":"https:\/\/www.ondernemendvenlo.nl\/#\/schema\/person\/347e935f8ad4c7030608ef74bb57aa6e"},"headline":"In gesprek over voortgezet onderwijs NL-D","datePublished":"2021-06-14T04:58:00+00:00","mainEntityOfPage":{"@id":"https:\/\/www.ondernemendvenlo.nl\/in-gesprek-over-voortgezet-onderwijs-nl-d\/"},"wordCount":120,"publisher":{"@id":"https:\/\/www.ondernemendvenlo.nl\/#organization"},"image":{"@id":"https:\/\/www.ondernemendvenlo.nl\/in-gesprek-over-voortgezet-onderwijs-nl-d\/#primaryimage"},"thumbnailUrl":"https:\/\/www.ondernemendvenlo.nl\/wp-content\/uploads\/2025\/04\/Schermafbeelding-2021-06-14-om-10.16.34.png","articleSection":["Nieuws"],"inLanguage":"de"},{"@type":"WebPage","@id":"https:\/\/www.ondernemendvenlo.nl\/in-gesprek-over-voortgezet-onderwijs-nl-d\/","url":"https:\/\/www.ondernemendvenlo.nl\/in-gesprek-over-voortgezet-onderwijs-nl-d\/","name":"In gesprek over voortgezet onderwijs NL-D - Ondernemend Venlo","isPartOf":{"@id":"https:\/\/www.ondernemendvenlo.nl\/#website"},"primaryImageOfPage":{"@id":"https:\/\/www.ondernemendvenlo.nl\/in-gesprek-over-voortgezet-onderwijs-nl-d\/#primaryimage"},"image":{"@id":"https:\/\/www.ondernemendvenlo.nl\/in-gesprek-over-voortgezet-onderwijs-nl-d\/#primaryimage"},"thumbnailUrl":"https:\/\/www.ondernemendvenlo.nl\/wp-content\/uploads\/2025\/04\/Schermafbeelding-2021-06-14-om-10.16.34.png","datePublished":"2021-06-14T04:58:00+00:00","breadcrumb":{"@id":"https:\/\/www.ondernemendvenlo.nl\/in-gesprek-over-voortgezet-onderwijs-nl-d\/#breadcrumb"},"inLanguage":"de","potentialAction":[{"@type":"ReadAction","target":["https:\/\/www.ondernemendvenlo.nl\/in-gesprek-over-voortgezet-onderwijs-nl-d\/"]}]},{"@type":"ImageObject","inLanguage":"de","@id":"https:\/\/www.ondernemendvenlo.nl\/in-gesprek-over-voortgezet-onderwijs-nl-d\/#primaryimage","url":"https:\/\/www.ondernemendvenlo.nl\/wp-content\/uploads\/2025\/04\/Schermafbeelding-2021-06-14-om-10.16.34.png","contentUrl":"https:\/\/www.ondernemendvenlo.nl\/wp-content\/uploads\/2025\/04\/Schermafbeelding-2021-06-14-om-10.16.34.png","width":3234,"height":2412},{"@type":"BreadcrumbList","@id":"https:\/\/www.ondernemendvenlo.nl\/in-gesprek-over-voortgezet-onderwijs-nl-d\/#breadcrumb","itemListElement":[{"@type":"ListItem","position":1,"name":"Ondernemend Venlo","item":"https:\/\/www.ondernemendvenlo.nl\/"},{"@type":"ListItem","position":2,"name":"Nieuws","item":"https:\/\/www.ondernemendvenlo.nl\/categorie\/nieuws\/"},{"@type":"ListItem","position":3,"name":"In gesprek over voortgezet onderwijs NL-D"}]},{"@type":"WebSite","@id":"https:\/\/www.ondernemendvenlo.nl\/#website","url":"https:\/\/www.ondernemendvenlo.nl\/","name":"Unternehmerisches Venlo","description":"Samen succesvol ondernemen","publisher":{"@id":"https:\/\/www.ondernemendvenlo.nl\/#organization"},"potentialAction":[{"@type":"SearchAction","target":{"@type":"EntryPoint","urlTemplate":"https:\/\/www.ondernemendvenlo.nl\/?s={search_term_string}"},"query-input":{"@type":"PropertyValueSpecification","valueRequired":true,"valueName":"search_term_string"}}],"inLanguage":"de"},{"@type":"Organization","@id":"https:\/\/www.ondernemendvenlo.nl\/#organization","name":"Unternehmerisches Venlo","url":"https:\/\/www.ondernemendvenlo.nl\/","logo":{"@type":"ImageObject","inLanguage":"de","@id":"https:\/\/www.ondernemendvenlo.nl\/#\/schema\/logo\/image\/","url":"https:\/\/www.ondernemendvenlo.nl\/wp-content\/uploads\/2025\/02\/Ondernemend-Venlo-logo-scaled.webp","contentUrl":"https:\/\/www.ondernemendvenlo.nl\/wp-content\/uploads\/2025\/02\/Ondernemend-Venlo-logo-scaled.webp","width":2560,"height":1010,"caption":"Ondernemend Venlo"},"image":{"@id":"https:\/\/www.ondernemendvenlo.nl\/#\/schema\/logo\/image\/"},"sameAs":["https:\/\/www.linkedin.com\/company\/ondernemend-venlo\/"]},{"@type":"Person","@id":"https:\/\/www.ondernemendvenlo.nl\/#\/schema\/person\/347e935f8ad4c7030608ef74bb57aa6e","name":"admin","image":{"@type":"ImageObject","inLanguage":"de","@id":"https:\/\/www.ondernemendvenlo.nl\/#\/schema\/person\/image\/","url":"https:\/\/www.ondernemendvenlo.nl\/wp-content\/litespeed\/avatar\/720af750b037aecf6e33e12833479059.jpg?ver=1777382954","contentUrl":"https:\/\/www.ondernemendvenlo.nl\/wp-content\/litespeed\/avatar\/720af750b037aecf6e33e12833479059.jpg?ver=1777382954","caption":"admin"},"sameAs":["https:\/\/www.ondernemendvenlo.nl"]}]}},"_links":{"self":[{"href":"https:\/\/www.ondernemendvenlo.nl\/de\/wp-json\/wp\/v2\/posts\/2510","targetHints":{"allow":["GET"]}}],"collection":[{"href":"https:\/\/www.ondernemendvenlo.nl\/de\/wp-json\/wp\/v2\/posts"}],"about":[{"href":"https:\/\/www.ondernemendvenlo.nl\/de\/wp-json\/wp\/v2\/types\/post"}],"author":[{"embeddable":true,"href":"https:\/\/www.ondernemendvenlo.nl\/de\/wp-json\/wp\/v2\/users\/1"}],"replies":[{"embeddable":true,"href":"https:\/\/www.ondernemendvenlo.nl\/de\/wp-json\/wp\/v2\/comments?post=2510"}],"version-history":[{"count":0,"href":"https:\/\/www.ondernemendvenlo.nl\/de\/wp-json\/wp\/v2\/posts\/2510\/revisions"}],"wp:featuredmedia":[{"embeddable":true,"href":"https:\/\/www.ondernemendvenlo.nl\/de\/wp-json\/wp\/v2\/media\/2511"}],"wp:attachment":[{"href":"https:\/\/www.ondernemendvenlo.nl\/de\/wp-json\/wp\/v2\/media?parent=2510"}],"wp:term":[{"taxonomy":"category","embeddable":true,"href":"https:\/\/www.ondernemendvenlo.nl\/de\/wp-json\/wp\/v2\/categories?post=2510"},{"taxonomy":"post_tag","embeddable":true,"href":"https:\/\/www.ondernemendvenlo.nl\/de\/wp-json\/wp\/v2\/tags?post=2510"}],"curies":[{"name":"wp","href":"https:\/\/api.w.org\/{rel}","templated":true}]}}