{"id":2512,"date":"2021-06-13T08:23:00","date_gmt":"2021-06-13T06:23:00","guid":{"rendered":"https:\/\/www.ondernemendvenlo.nl\/youri-timmermans-wint-frans-van-leijden-award-2021\/"},"modified":"2021-06-13T08:23:00","modified_gmt":"2021-06-13T06:23:00","slug":"youri-timmermans-wint-frans-van-leijden-award-2021","status":"publish","type":"post","link":"https:\/\/www.ondernemendvenlo.nl\/de\/youri-timmermans-wint-frans-van-leijden-award-2021\/","title":{"rendered":"Youri Timmermans gewinnt den Frans van Leijden-Preis 2021"},"content":{"rendered":"<p><strong>VENLO - Mit Stolz \u00fcberreichte die HAS University of Applied Sciences am 10. Juni 2021 den allerersten Frans van Leijden Award an Youri Timmermans, Student der Betriebswirtschaftslehre und der Agrar- und Ern\u00e4hrungswirtschaft an der HAS University of Applied Sciences in Venlo. (rechts im Bild).<\/strong><\/p>\n<p>Youri hat eine L\u00f6sung zur Bek\u00e4mpfung der Emissionen von Pflanzenschutzmitteln gefunden. Er will diese Technik weltweit verf\u00fcgbar machen. Der Preis wurde heute, eineinhalb Jahre nach dem Tod von Frans van Leijden, in Gedenken an ihn verliehen. Die Preisverleihung konnte aus dem Studio der Villa Flora in Venlo \u00fcber den GROW-Livestream verfolgt werden.<\/p>\n<p><strong>Nominierte<\/strong><br \/>\nNeben Youri Timmermans waren auch Hester Schilt und das Duo Ben Flikweert &amp; Miles B\u00fchlmann f\u00fcr den Preis nominiert. Vier Studenten, die vor Talent und Unternehmergeist nur so strotzen und alle vier h\u00e4tten mit ihren tollen Initiativen einen Platz auf dem Podium verdient. Youri konnte sich jedoch die meisten Publikumsstimmen sichern und \u00fcberzeugte auch die Fachjury von einem Platz als Gewinner des ersten Frans van Leijden Award.<\/p>\n<p><strong>Mut zum Pionier<\/strong><br \/>\n\"Es ist nicht einfach, es allen in dieser Branche recht zu machen. Man hat es mit so vielen unterschiedlichen Akteuren mit so vielen unterschiedlichen Interessen zu tun. Wenn dann jemand den Mut hat, diesen Unterschied tats\u00e4chlich zu machen, applaudieren wir ihm von ganzem Herzen\", erkl\u00e4rte die Jury. \"Damit zeigt er, dass er - wie Frans van Leijden - Pionierarbeit wagt, Unternehmergeist beweist und hart daran arbeitet, seine Vision zu verwirklichen.\"<\/p>\n<p><strong>Frans-van-Leijden-Preis <\/strong><br \/>\nDer Preis ist ein lebendiges Kunstwerk, das von Esther Hoogendijk entworfen wurde. Die Ausgangspunkte f\u00fcr das Design waren \"Robustheit, Verletzlichkeit und Wachstum\". Esther Hoogendijk hat dies umgesetzt, indem sie Samen von Pionierarten wie Mohn und Sumpfendivie in den Preis eingearbeitet hat. Unter dem Einfluss von Wasser und Licht hat er das Potenzial zu wachsen und zu gedeihen.<\/p>","protected":false},"excerpt":{"rendered":"<p>VENLO &#8211; Met gepaste trots reikte HAS Hogeschool op 10 juni 2021 de allereerste Frans van Leijden Award uit aan Youri Timmermans, student Bedrijfskunde en agri-foodbusiness van HAS Hogeschool in Venlo. (rechts op foto). Youri heeft een oplossing bedacht om emissies van gewasbeschermingsmiddelen tegen te gaan. Deze techniek wil hij wereldwijd beschikbaar maken. De award [&hellip;]<\/p>","protected":false},"author":1,"featured_media":2513,"comment_status":"closed","ping_status":"open","sticky":false,"template":"","format":"standard","meta":{"_acf_changed":false,"footnotes":""},"categories":[8],"tags":[],"class_list":["post-2512","post","type-post","status-publish","format-standard","has-post-thumbnail","hentry","category-nieuws"],"acf":[],"yoast_head":"<!-- This site is optimized with the Yoast SEO plugin v26.3 - https:\/\/yoast.com\/wordpress\/plugins\/seo\/ -->\n<title>Youri Timmermans wint Frans van Leijden Award 2021 - Ondernemend Venlo<\/title>\n<meta name=\"robots\" content=\"index, follow, max-snippet:-1, max-image-preview:large, max-video-preview:-1\" \/>\n<link rel=\"canonical\" href=\"https:\/\/www.ondernemendvenlo.nl\/de\/youri-timmermans-wint-frans-van-leijden-award-2021\/\" \/>\n<meta property=\"og:locale\" content=\"de_DE\" \/>\n<meta property=\"og:type\" content=\"article\" \/>\n<meta property=\"og:title\" content=\"Youri Timmermans wint Frans van Leijden Award 2021 - Ondernemend Venlo\" \/>\n<meta property=\"og:description\" content=\"VENLO &#8211; Met gepaste trots reikte HAS Hogeschool op 10 juni 2021 de allereerste Frans van Leijden Award uit aan Youri Timmermans, student Bedrijfskunde en agri-foodbusiness van HAS Hogeschool in Venlo. (rechts op foto). Youri heeft een oplossing bedacht om emissies van gewasbeschermingsmiddelen tegen te gaan. Deze techniek wil hij wereldwijd beschikbaar maken. De award [&hellip;]\" \/>\n<meta property=\"og:url\" content=\"https:\/\/www.ondernemendvenlo.nl\/de\/youri-timmermans-wint-frans-van-leijden-award-2021\/\" \/>\n<meta property=\"og:site_name\" content=\"Ondernemend Venlo\" \/>\n<meta property=\"article:published_time\" content=\"2021-06-13T06:23:00+00:00\" \/>\n<meta property=\"og:image\" content=\"https:\/\/www.ondernemendvenlo.nl\/wp-content\/uploads\/2025\/04\/2021-06-11_60c31faa6abce_210611winnaarfrvaneijdenaward.png\" \/>\n\t<meta property=\"og:image:width\" content=\"1414\" \/>\n\t<meta property=\"og:image:height\" content=\"792\" \/>\n\t<meta property=\"og:image:type\" content=\"image\/png\" \/>\n<meta name=\"author\" content=\"admin\" \/>\n<meta name=\"twitter:card\" content=\"summary_large_image\" \/>\n<meta name=\"twitter:label1\" content=\"Verfasst von\" \/>\n\t<meta name=\"twitter:data1\" content=\"admin\" \/>\n\t<meta name=\"twitter:label2\" content=\"Gesch\u00e4tzte Lesezeit\" \/>\n\t<meta name=\"twitter:data2\" content=\"1\u00a0Minute\" \/>\n<script type=\"application\/ld+json\" class=\"yoast-schema-graph\">{\"@context\":\"https:\/\/schema.org\",\"@graph\":[{\"@type\":\"Article\",\"@id\":\"https:\/\/www.ondernemendvenlo.nl\/youri-timmermans-wint-frans-van-leijden-award-2021\/#article\",\"isPartOf\":{\"@id\":\"https:\/\/www.ondernemendvenlo.nl\/youri-timmermans-wint-frans-van-leijden-award-2021\/\"},\"author\":{\"name\":\"admin\",\"@id\":\"https:\/\/www.ondernemendvenlo.nl\/#\/schema\/person\/347e935f8ad4c7030608ef74bb57aa6e\"},\"headline\":\"Youri Timmermans wint Frans van Leijden Award 2021\",\"datePublished\":\"2021-06-13T06:23:00+00:00\",\"mainEntityOfPage\":{\"@id\":\"https:\/\/www.ondernemendvenlo.nl\/youri-timmermans-wint-frans-van-leijden-award-2021\/\"},\"wordCount\":305,\"publisher\":{\"@id\":\"https:\/\/www.ondernemendvenlo.nl\/#organization\"},\"image\":{\"@id\":\"https:\/\/www.ondernemendvenlo.nl\/youri-timmermans-wint-frans-van-leijden-award-2021\/#primaryimage\"},\"thumbnailUrl\":\"https:\/\/www.ondernemendvenlo.nl\/wp-content\/uploads\/2025\/04\/2021-06-11_60c31faa6abce_210611winnaarfrvaneijdenaward.png\",\"articleSection\":[\"Nieuws\"],\"inLanguage\":\"de\"},{\"@type\":\"WebPage\",\"@id\":\"https:\/\/www.ondernemendvenlo.nl\/youri-timmermans-wint-frans-van-leijden-award-2021\/\",\"url\":\"https:\/\/www.ondernemendvenlo.nl\/youri-timmermans-wint-frans-van-leijden-award-2021\/\",\"name\":\"Youri Timmermans wint Frans van Leijden Award 2021 - Ondernemend Venlo\",\"isPartOf\":{\"@id\":\"https:\/\/www.ondernemendvenlo.nl\/#website\"},\"primaryImageOfPage\":{\"@id\":\"https:\/\/www.ondernemendvenlo.nl\/youri-timmermans-wint-frans-van-leijden-award-2021\/#primaryimage\"},\"image\":{\"@id\":\"https:\/\/www.ondernemendvenlo.nl\/youri-timmermans-wint-frans-van-leijden-award-2021\/#primaryimage\"},\"thumbnailUrl\":\"https:\/\/www.ondernemendvenlo.nl\/wp-content\/uploads\/2025\/04\/2021-06-11_60c31faa6abce_210611winnaarfrvaneijdenaward.png\",\"datePublished\":\"2021-06-13T06:23:00+00:00\",\"breadcrumb\":{\"@id\":\"https:\/\/www.ondernemendvenlo.nl\/youri-timmermans-wint-frans-van-leijden-award-2021\/#breadcrumb\"},\"inLanguage\":\"de\",\"potentialAction\":[{\"@type\":\"ReadAction\",\"target\":[\"https:\/\/www.ondernemendvenlo.nl\/youri-timmermans-wint-frans-van-leijden-award-2021\/\"]}]},{\"@type\":\"ImageObject\",\"inLanguage\":\"de\",\"@id\":\"https:\/\/www.ondernemendvenlo.nl\/youri-timmermans-wint-frans-van-leijden-award-2021\/#primaryimage\",\"url\":\"https:\/\/www.ondernemendvenlo.nl\/wp-content\/uploads\/2025\/04\/2021-06-11_60c31faa6abce_210611winnaarfrvaneijdenaward.png\",\"contentUrl\":\"https:\/\/www.ondernemendvenlo.nl\/wp-content\/uploads\/2025\/04\/2021-06-11_60c31faa6abce_210611winnaarfrvaneijdenaward.png\",\"width\":1414,\"height\":792},{\"@type\":\"BreadcrumbList\",\"@id\":\"https:\/\/www.ondernemendvenlo.nl\/youri-timmermans-wint-frans-van-leijden-award-2021\/#breadcrumb\",\"itemListElement\":[{\"@type\":\"ListItem\",\"position\":1,\"name\":\"Ondernemend Venlo\",\"item\":\"https:\/\/www.ondernemendvenlo.nl\/\"},{\"@type\":\"ListItem\",\"position\":2,\"name\":\"Nieuws\",\"item\":\"https:\/\/www.ondernemendvenlo.nl\/categorie\/nieuws\/\"},{\"@type\":\"ListItem\",\"position\":3,\"name\":\"Youri Timmermans wint Frans van Leijden Award 2021\"}]},{\"@type\":\"WebSite\",\"@id\":\"https:\/\/www.ondernemendvenlo.nl\/#website\",\"url\":\"https:\/\/www.ondernemendvenlo.nl\/\",\"name\":\"Ondernemend Venlo\",\"description\":\"Samen succesvol ondernemen\",\"publisher\":{\"@id\":\"https:\/\/www.ondernemendvenlo.nl\/#organization\"},\"potentialAction\":[{\"@type\":\"SearchAction\",\"target\":{\"@type\":\"EntryPoint\",\"urlTemplate\":\"https:\/\/www.ondernemendvenlo.nl\/?s={search_term_string}\"},\"query-input\":{\"@type\":\"PropertyValueSpecification\",\"valueRequired\":true,\"valueName\":\"search_term_string\"}}],\"inLanguage\":\"de\"},{\"@type\":\"Organization\",\"@id\":\"https:\/\/www.ondernemendvenlo.nl\/#organization\",\"name\":\"Ondernemend Venlo\",\"url\":\"https:\/\/www.ondernemendvenlo.nl\/\",\"logo\":{\"@type\":\"ImageObject\",\"inLanguage\":\"de\",\"@id\":\"https:\/\/www.ondernemendvenlo.nl\/#\/schema\/logo\/image\/\",\"url\":\"https:\/\/www.ondernemendvenlo.nl\/wp-content\/uploads\/2025\/02\/Ondernemend-Venlo-logo-scaled.webp\",\"contentUrl\":\"https:\/\/www.ondernemendvenlo.nl\/wp-content\/uploads\/2025\/02\/Ondernemend-Venlo-logo-scaled.webp\",\"width\":2560,\"height\":1010,\"caption\":\"Ondernemend Venlo\"},\"image\":{\"@id\":\"https:\/\/www.ondernemendvenlo.nl\/#\/schema\/logo\/image\/\"},\"sameAs\":[\"https:\/\/www.linkedin.com\/company\/ondernemend-venlo\/\"]},{\"@type\":\"Person\",\"@id\":\"https:\/\/www.ondernemendvenlo.nl\/#\/schema\/person\/347e935f8ad4c7030608ef74bb57aa6e\",\"name\":\"admin\",\"image\":{\"@type\":\"ImageObject\",\"inLanguage\":\"de\",\"@id\":\"https:\/\/www.ondernemendvenlo.nl\/#\/schema\/person\/image\/\",\"url\":\"https:\/\/www.ondernemendvenlo.nl\/wp-content\/litespeed\/avatar\/720af750b037aecf6e33e12833479059.jpg?ver=1777382954\",\"contentUrl\":\"https:\/\/www.ondernemendvenlo.nl\/wp-content\/litespeed\/avatar\/720af750b037aecf6e33e12833479059.jpg?ver=1777382954\",\"caption\":\"admin\"},\"sameAs\":[\"https:\/\/www.ondernemendvenlo.nl\"]}]}<\/script>\n<!-- \/ Yoast SEO plugin. -->","yoast_head_json":{"title":"Youri Timmermans wint Frans van Leijden Award 2021 - Ondernemend Venlo","robots":{"index":"index","follow":"follow","max-snippet":"max-snippet:-1","max-image-preview":"max-image-preview:large","max-video-preview":"max-video-preview:-1"},"canonical":"https:\/\/www.ondernemendvenlo.nl\/de\/youri-timmermans-wint-frans-van-leijden-award-2021\/","og_locale":"de_DE","og_type":"article","og_title":"Youri Timmermans wint Frans van Leijden Award 2021 - Ondernemend Venlo","og_description":"VENLO &#8211; Met gepaste trots reikte HAS Hogeschool op 10 juni 2021 de allereerste Frans van Leijden Award uit aan Youri Timmermans, student Bedrijfskunde en agri-foodbusiness van HAS Hogeschool in Venlo. (rechts op foto). Youri heeft een oplossing bedacht om emissies van gewasbeschermingsmiddelen tegen te gaan. Deze techniek wil hij wereldwijd beschikbaar maken. De award [&hellip;]","og_url":"https:\/\/www.ondernemendvenlo.nl\/de\/youri-timmermans-wint-frans-van-leijden-award-2021\/","og_site_name":"Ondernemend Venlo","article_published_time":"2021-06-13T06:23:00+00:00","og_image":[{"width":1414,"height":792,"url":"https:\/\/www.ondernemendvenlo.nl\/wp-content\/uploads\/2025\/04\/2021-06-11_60c31faa6abce_210611winnaarfrvaneijdenaward.png","type":"image\/png"}],"author":"admin","twitter_card":"summary_large_image","twitter_misc":{"Verfasst von":"admin","Gesch\u00e4tzte Lesezeit":"1\u00a0Minute"},"schema":{"@context":"https:\/\/schema.org","@graph":[{"@type":"Article","@id":"https:\/\/www.ondernemendvenlo.nl\/youri-timmermans-wint-frans-van-leijden-award-2021\/#article","isPartOf":{"@id":"https:\/\/www.ondernemendvenlo.nl\/youri-timmermans-wint-frans-van-leijden-award-2021\/"},"author":{"name":"admin","@id":"https:\/\/www.ondernemendvenlo.nl\/#\/schema\/person\/347e935f8ad4c7030608ef74bb57aa6e"},"headline":"Youri Timmermans wint Frans van Leijden Award 2021","datePublished":"2021-06-13T06:23:00+00:00","mainEntityOfPage":{"@id":"https:\/\/www.ondernemendvenlo.nl\/youri-timmermans-wint-frans-van-leijden-award-2021\/"},"wordCount":305,"publisher":{"@id":"https:\/\/www.ondernemendvenlo.nl\/#organization"},"image":{"@id":"https:\/\/www.ondernemendvenlo.nl\/youri-timmermans-wint-frans-van-leijden-award-2021\/#primaryimage"},"thumbnailUrl":"https:\/\/www.ondernemendvenlo.nl\/wp-content\/uploads\/2025\/04\/2021-06-11_60c31faa6abce_210611winnaarfrvaneijdenaward.png","articleSection":["Nieuws"],"inLanguage":"de"},{"@type":"WebPage","@id":"https:\/\/www.ondernemendvenlo.nl\/youri-timmermans-wint-frans-van-leijden-award-2021\/","url":"https:\/\/www.ondernemendvenlo.nl\/youri-timmermans-wint-frans-van-leijden-award-2021\/","name":"Youri Timmermans wint Frans van Leijden Award 2021 - Ondernemend Venlo","isPartOf":{"@id":"https:\/\/www.ondernemendvenlo.nl\/#website"},"primaryImageOfPage":{"@id":"https:\/\/www.ondernemendvenlo.nl\/youri-timmermans-wint-frans-van-leijden-award-2021\/#primaryimage"},"image":{"@id":"https:\/\/www.ondernemendvenlo.nl\/youri-timmermans-wint-frans-van-leijden-award-2021\/#primaryimage"},"thumbnailUrl":"https:\/\/www.ondernemendvenlo.nl\/wp-content\/uploads\/2025\/04\/2021-06-11_60c31faa6abce_210611winnaarfrvaneijdenaward.png","datePublished":"2021-06-13T06:23:00+00:00","breadcrumb":{"@id":"https:\/\/www.ondernemendvenlo.nl\/youri-timmermans-wint-frans-van-leijden-award-2021\/#breadcrumb"},"inLanguage":"de","potentialAction":[{"@type":"ReadAction","target":["https:\/\/www.ondernemendvenlo.nl\/youri-timmermans-wint-frans-van-leijden-award-2021\/"]}]},{"@type":"ImageObject","inLanguage":"de","@id":"https:\/\/www.ondernemendvenlo.nl\/youri-timmermans-wint-frans-van-leijden-award-2021\/#primaryimage","url":"https:\/\/www.ondernemendvenlo.nl\/wp-content\/uploads\/2025\/04\/2021-06-11_60c31faa6abce_210611winnaarfrvaneijdenaward.png","contentUrl":"https:\/\/www.ondernemendvenlo.nl\/wp-content\/uploads\/2025\/04\/2021-06-11_60c31faa6abce_210611winnaarfrvaneijdenaward.png","width":1414,"height":792},{"@type":"BreadcrumbList","@id":"https:\/\/www.ondernemendvenlo.nl\/youri-timmermans-wint-frans-van-leijden-award-2021\/#breadcrumb","itemListElement":[{"@type":"ListItem","position":1,"name":"Ondernemend Venlo","item":"https:\/\/www.ondernemendvenlo.nl\/"},{"@type":"ListItem","position":2,"name":"Nieuws","item":"https:\/\/www.ondernemendvenlo.nl\/categorie\/nieuws\/"},{"@type":"ListItem","position":3,"name":"Youri Timmermans wint Frans van Leijden Award 2021"}]},{"@type":"WebSite","@id":"https:\/\/www.ondernemendvenlo.nl\/#website","url":"https:\/\/www.ondernemendvenlo.nl\/","name":"Unternehmerisches Venlo","description":"Samen succesvol ondernemen","publisher":{"@id":"https:\/\/www.ondernemendvenlo.nl\/#organization"},"potentialAction":[{"@type":"SearchAction","target":{"@type":"EntryPoint","urlTemplate":"https:\/\/www.ondernemendvenlo.nl\/?s={search_term_string}"},"query-input":{"@type":"PropertyValueSpecification","valueRequired":true,"valueName":"search_term_string"}}],"inLanguage":"de"},{"@type":"Organization","@id":"https:\/\/www.ondernemendvenlo.nl\/#organization","name":"Unternehmerisches Venlo","url":"https:\/\/www.ondernemendvenlo.nl\/","logo":{"@type":"ImageObject","inLanguage":"de","@id":"https:\/\/www.ondernemendvenlo.nl\/#\/schema\/logo\/image\/","url":"https:\/\/www.ondernemendvenlo.nl\/wp-content\/uploads\/2025\/02\/Ondernemend-Venlo-logo-scaled.webp","contentUrl":"https:\/\/www.ondernemendvenlo.nl\/wp-content\/uploads\/2025\/02\/Ondernemend-Venlo-logo-scaled.webp","width":2560,"height":1010,"caption":"Ondernemend Venlo"},"image":{"@id":"https:\/\/www.ondernemendvenlo.nl\/#\/schema\/logo\/image\/"},"sameAs":["https:\/\/www.linkedin.com\/company\/ondernemend-venlo\/"]},{"@type":"Person","@id":"https:\/\/www.ondernemendvenlo.nl\/#\/schema\/person\/347e935f8ad4c7030608ef74bb57aa6e","name":"admin","image":{"@type":"ImageObject","inLanguage":"de","@id":"https:\/\/www.ondernemendvenlo.nl\/#\/schema\/person\/image\/","url":"https:\/\/www.ondernemendvenlo.nl\/wp-content\/litespeed\/avatar\/720af750b037aecf6e33e12833479059.jpg?ver=1777382954","contentUrl":"https:\/\/www.ondernemendvenlo.nl\/wp-content\/litespeed\/avatar\/720af750b037aecf6e33e12833479059.jpg?ver=1777382954","caption":"admin"},"sameAs":["https:\/\/www.ondernemendvenlo.nl"]}]}},"_links":{"self":[{"href":"https:\/\/www.ondernemendvenlo.nl\/de\/wp-json\/wp\/v2\/posts\/2512","targetHints":{"allow":["GET"]}}],"collection":[{"href":"https:\/\/www.ondernemendvenlo.nl\/de\/wp-json\/wp\/v2\/posts"}],"about":[{"href":"https:\/\/www.ondernemendvenlo.nl\/de\/wp-json\/wp\/v2\/types\/post"}],"author":[{"embeddable":true,"href":"https:\/\/www.ondernemendvenlo.nl\/de\/wp-json\/wp\/v2\/users\/1"}],"replies":[{"embeddable":true,"href":"https:\/\/www.ondernemendvenlo.nl\/de\/wp-json\/wp\/v2\/comments?post=2512"}],"version-history":[{"count":0,"href":"https:\/\/www.ondernemendvenlo.nl\/de\/wp-json\/wp\/v2\/posts\/2512\/revisions"}],"wp:featuredmedia":[{"embeddable":true,"href":"https:\/\/www.ondernemendvenlo.nl\/de\/wp-json\/wp\/v2\/media\/2513"}],"wp:attachment":[{"href":"https:\/\/www.ondernemendvenlo.nl\/de\/wp-json\/wp\/v2\/media?parent=2512"}],"wp:term":[{"taxonomy":"category","embeddable":true,"href":"https:\/\/www.ondernemendvenlo.nl\/de\/wp-json\/wp\/v2\/categories?post=2512"},{"taxonomy":"post_tag","embeddable":true,"href":"https:\/\/www.ondernemendvenlo.nl\/de\/wp-json\/wp\/v2\/tags?post=2512"}],"curies":[{"name":"wp","href":"https:\/\/api.w.org\/{rel}","templated":true}]}}