{"id":2518,"date":"2021-06-12T08:03:00","date_gmt":"2021-06-12T06:03:00","guid":{"rendered":"https:\/\/www.ondernemendvenlo.nl\/rapportage-handhaving-vrachtwagenparkeren\/"},"modified":"2021-06-12T08:03:00","modified_gmt":"2021-06-12T06:03:00","slug":"rapportage-handhaving-vrachtwagenparkeren","status":"publish","type":"post","link":"https:\/\/www.ondernemendvenlo.nl\/de\/rapportage-handhaving-vrachtwagenparkeren\/","title":{"rendered":"Bericht \u00fcber die Durchsetzung der Parkvorschriften f\u00fcr Lkw"},"content":{"rendered":"<p><strong>VENLO - Die Unternehmerstadt Venlo erh\u00e4lt regelm\u00e4\u00dfig Berichte \u00fcber die Durchsetzung des Lkw-Parkens in den Gewerbegebieten. Dies wird in den kommenden Monaten weiter intensiviert werden. Die Gemeinde Venlo hat daf\u00fcr jetzt eigene Vollzugsbeamte eingesetzt, die auch eng mit der Polizei zusammenarbeiten.<\/strong><\/p>\n<p>In den Monaten April und Mai sind:<br \/>\n375 Lkw alarmiert<br \/>\n38 Lkw verbalisiert<br \/>\n5 Lastwagen abgeschleppt<\/p>\n<p>Es wurde auch bekannt, dass in Limburg drei Lkw-Parkpl\u00e4tze ausgewiesen wurden. Die genauen Standorte wurden aufgrund m\u00f6glicher Grundst\u00fccksspekulationen nicht bekannt gegeben. In Nord-Limburg an der A67 einige Kilometer vor Venlo, ein idealer Standort in Mittel-Limburg in der N\u00e4he des Gebiets Vonderen und entlang der A76 in S\u00fcd-Limburg. Jeder Standort umfasst 300 bis 400 Stellpl\u00e4tze. Auch dies ist eine gute Nachricht auf dem Weg zu weniger Bel\u00e4stigung durch falsch parkende Lkw.<\/p>","protected":false},"excerpt":{"rendered":"<p>VENLO &#8211; Ondernemend Venlo ontvangt periodiek de rapportage over de handhaving van het vrachtwagen parkeren op de bedrijventerreinen. De komende maanden zal dit verder worden ge\u00efntensiveerd. Gemeente Venlo heeft hier inmiddels dedicated handhavers voor aangewezen die ook nauw met de Politie samenwerken. Over de maanden april en mei zijn: 375 vrachtwagens gewaarschuwd 38 vrachtwagens verbaliseerd [&hellip;]<\/p>","protected":false},"author":1,"featured_media":2519,"comment_status":"closed","ping_status":"open","sticky":false,"template":"","format":"standard","meta":{"_acf_changed":false,"footnotes":""},"categories":[8],"tags":[],"class_list":["post-2518","post","type-post","status-publish","format-standard","has-post-thumbnail","hentry","category-nieuws"],"acf":[],"yoast_head":"<!-- This site is optimized with the Yoast SEO plugin v26.3 - https:\/\/yoast.com\/wordpress\/plugins\/seo\/ -->\n<title>Rapportage handhaving vrachtwagenparkeren - Ondernemend Venlo<\/title>\n<meta name=\"robots\" content=\"index, follow, max-snippet:-1, max-image-preview:large, max-video-preview:-1\" \/>\n<link rel=\"canonical\" href=\"https:\/\/www.ondernemendvenlo.nl\/de\/rapportage-handhaving-vrachtwagenparkeren\/\" \/>\n<meta property=\"og:locale\" content=\"de_DE\" \/>\n<meta property=\"og:type\" content=\"article\" \/>\n<meta property=\"og:title\" content=\"Rapportage handhaving vrachtwagenparkeren - Ondernemend Venlo\" \/>\n<meta property=\"og:description\" content=\"VENLO &#8211; Ondernemend Venlo ontvangt periodiek de rapportage over de handhaving van het vrachtwagen parkeren op de bedrijventerreinen. De komende maanden zal dit verder worden ge\u00efntensiveerd. Gemeente Venlo heeft hier inmiddels dedicated handhavers voor aangewezen die ook nauw met de Politie samenwerken. Over de maanden april en mei zijn: 375 vrachtwagens gewaarschuwd 38 vrachtwagens verbaliseerd [&hellip;]\" \/>\n<meta property=\"og:url\" content=\"https:\/\/www.ondernemendvenlo.nl\/de\/rapportage-handhaving-vrachtwagenparkeren\/\" \/>\n<meta property=\"og:site_name\" content=\"Ondernemend Venlo\" \/>\n<meta property=\"article:published_time\" content=\"2021-06-12T06:03:00+00:00\" \/>\n<meta property=\"og:image\" content=\"https:\/\/www.ondernemendvenlo.nl\/wp-content\/uploads\/2025\/04\/Schermafbeelding-2021-06-14-om-10.28.59-1024x678.png\" \/>\n\t<meta property=\"og:image:width\" content=\"1024\" \/>\n\t<meta property=\"og:image:height\" content=\"678\" \/>\n\t<meta property=\"og:image:type\" content=\"image\/png\" \/>\n<meta name=\"author\" content=\"admin\" \/>\n<meta name=\"twitter:card\" content=\"summary_large_image\" \/>\n<meta name=\"twitter:label1\" content=\"Verfasst von\" \/>\n\t<meta name=\"twitter:data1\" content=\"admin\" \/>\n\t<meta name=\"twitter:label2\" content=\"Gesch\u00e4tzte Lesezeit\" \/>\n\t<meta name=\"twitter:data2\" content=\"1\u00a0Minute\" \/>\n<script type=\"application\/ld+json\" class=\"yoast-schema-graph\">{\"@context\":\"https:\/\/schema.org\",\"@graph\":[{\"@type\":\"Article\",\"@id\":\"https:\/\/www.ondernemendvenlo.nl\/rapportage-handhaving-vrachtwagenparkeren\/#article\",\"isPartOf\":{\"@id\":\"https:\/\/www.ondernemendvenlo.nl\/rapportage-handhaving-vrachtwagenparkeren\/\"},\"author\":{\"name\":\"admin\",\"@id\":\"https:\/\/www.ondernemendvenlo.nl\/#\/schema\/person\/347e935f8ad4c7030608ef74bb57aa6e\"},\"headline\":\"Rapportage handhaving vrachtwagenparkeren\",\"datePublished\":\"2021-06-12T06:03:00+00:00\",\"mainEntityOfPage\":{\"@id\":\"https:\/\/www.ondernemendvenlo.nl\/rapportage-handhaving-vrachtwagenparkeren\/\"},\"wordCount\":127,\"publisher\":{\"@id\":\"https:\/\/www.ondernemendvenlo.nl\/#organization\"},\"image\":{\"@id\":\"https:\/\/www.ondernemendvenlo.nl\/rapportage-handhaving-vrachtwagenparkeren\/#primaryimage\"},\"thumbnailUrl\":\"https:\/\/www.ondernemendvenlo.nl\/wp-content\/uploads\/2025\/04\/Schermafbeelding-2021-06-14-om-10.28.59.png\",\"articleSection\":[\"Nieuws\"],\"inLanguage\":\"de\"},{\"@type\":\"WebPage\",\"@id\":\"https:\/\/www.ondernemendvenlo.nl\/rapportage-handhaving-vrachtwagenparkeren\/\",\"url\":\"https:\/\/www.ondernemendvenlo.nl\/rapportage-handhaving-vrachtwagenparkeren\/\",\"name\":\"Rapportage handhaving vrachtwagenparkeren - Ondernemend Venlo\",\"isPartOf\":{\"@id\":\"https:\/\/www.ondernemendvenlo.nl\/#website\"},\"primaryImageOfPage\":{\"@id\":\"https:\/\/www.ondernemendvenlo.nl\/rapportage-handhaving-vrachtwagenparkeren\/#primaryimage\"},\"image\":{\"@id\":\"https:\/\/www.ondernemendvenlo.nl\/rapportage-handhaving-vrachtwagenparkeren\/#primaryimage\"},\"thumbnailUrl\":\"https:\/\/www.ondernemendvenlo.nl\/wp-content\/uploads\/2025\/04\/Schermafbeelding-2021-06-14-om-10.28.59.png\",\"datePublished\":\"2021-06-12T06:03:00+00:00\",\"breadcrumb\":{\"@id\":\"https:\/\/www.ondernemendvenlo.nl\/rapportage-handhaving-vrachtwagenparkeren\/#breadcrumb\"},\"inLanguage\":\"de\",\"potentialAction\":[{\"@type\":\"ReadAction\",\"target\":[\"https:\/\/www.ondernemendvenlo.nl\/rapportage-handhaving-vrachtwagenparkeren\/\"]}]},{\"@type\":\"ImageObject\",\"inLanguage\":\"de\",\"@id\":\"https:\/\/www.ondernemendvenlo.nl\/rapportage-handhaving-vrachtwagenparkeren\/#primaryimage\",\"url\":\"https:\/\/www.ondernemendvenlo.nl\/wp-content\/uploads\/2025\/04\/Schermafbeelding-2021-06-14-om-10.28.59.png\",\"contentUrl\":\"https:\/\/www.ondernemendvenlo.nl\/wp-content\/uploads\/2025\/04\/Schermafbeelding-2021-06-14-om-10.28.59.png\",\"width\":3680,\"height\":2438},{\"@type\":\"BreadcrumbList\",\"@id\":\"https:\/\/www.ondernemendvenlo.nl\/rapportage-handhaving-vrachtwagenparkeren\/#breadcrumb\",\"itemListElement\":[{\"@type\":\"ListItem\",\"position\":1,\"name\":\"Ondernemend Venlo\",\"item\":\"https:\/\/www.ondernemendvenlo.nl\/\"},{\"@type\":\"ListItem\",\"position\":2,\"name\":\"Nieuws\",\"item\":\"https:\/\/www.ondernemendvenlo.nl\/categorie\/nieuws\/\"},{\"@type\":\"ListItem\",\"position\":3,\"name\":\"Rapportage handhaving vrachtwagenparkeren\"}]},{\"@type\":\"WebSite\",\"@id\":\"https:\/\/www.ondernemendvenlo.nl\/#website\",\"url\":\"https:\/\/www.ondernemendvenlo.nl\/\",\"name\":\"Ondernemend Venlo\",\"description\":\"Samen succesvol ondernemen\",\"publisher\":{\"@id\":\"https:\/\/www.ondernemendvenlo.nl\/#organization\"},\"potentialAction\":[{\"@type\":\"SearchAction\",\"target\":{\"@type\":\"EntryPoint\",\"urlTemplate\":\"https:\/\/www.ondernemendvenlo.nl\/?s={search_term_string}\"},\"query-input\":{\"@type\":\"PropertyValueSpecification\",\"valueRequired\":true,\"valueName\":\"search_term_string\"}}],\"inLanguage\":\"de\"},{\"@type\":\"Organization\",\"@id\":\"https:\/\/www.ondernemendvenlo.nl\/#organization\",\"name\":\"Ondernemend Venlo\",\"url\":\"https:\/\/www.ondernemendvenlo.nl\/\",\"logo\":{\"@type\":\"ImageObject\",\"inLanguage\":\"de\",\"@id\":\"https:\/\/www.ondernemendvenlo.nl\/#\/schema\/logo\/image\/\",\"url\":\"https:\/\/www.ondernemendvenlo.nl\/wp-content\/uploads\/2025\/02\/Ondernemend-Venlo-logo-scaled.webp\",\"contentUrl\":\"https:\/\/www.ondernemendvenlo.nl\/wp-content\/uploads\/2025\/02\/Ondernemend-Venlo-logo-scaled.webp\",\"width\":2560,\"height\":1010,\"caption\":\"Ondernemend Venlo\"},\"image\":{\"@id\":\"https:\/\/www.ondernemendvenlo.nl\/#\/schema\/logo\/image\/\"},\"sameAs\":[\"https:\/\/www.linkedin.com\/company\/ondernemend-venlo\/\"]},{\"@type\":\"Person\",\"@id\":\"https:\/\/www.ondernemendvenlo.nl\/#\/schema\/person\/347e935f8ad4c7030608ef74bb57aa6e\",\"name\":\"admin\",\"image\":{\"@type\":\"ImageObject\",\"inLanguage\":\"de\",\"@id\":\"https:\/\/www.ondernemendvenlo.nl\/#\/schema\/person\/image\/\",\"url\":\"https:\/\/www.ondernemendvenlo.nl\/wp-content\/litespeed\/avatar\/720af750b037aecf6e33e12833479059.jpg?ver=1777382954\",\"contentUrl\":\"https:\/\/www.ondernemendvenlo.nl\/wp-content\/litespeed\/avatar\/720af750b037aecf6e33e12833479059.jpg?ver=1777382954\",\"caption\":\"admin\"},\"sameAs\":[\"https:\/\/www.ondernemendvenlo.nl\"]}]}<\/script>\n<!-- \/ Yoast SEO plugin. -->","yoast_head_json":{"title":"Rapportage handhaving vrachtwagenparkeren - Ondernemend Venlo","robots":{"index":"index","follow":"follow","max-snippet":"max-snippet:-1","max-image-preview":"max-image-preview:large","max-video-preview":"max-video-preview:-1"},"canonical":"https:\/\/www.ondernemendvenlo.nl\/de\/rapportage-handhaving-vrachtwagenparkeren\/","og_locale":"de_DE","og_type":"article","og_title":"Rapportage handhaving vrachtwagenparkeren - Ondernemend Venlo","og_description":"VENLO &#8211; Ondernemend Venlo ontvangt periodiek de rapportage over de handhaving van het vrachtwagen parkeren op de bedrijventerreinen. De komende maanden zal dit verder worden ge\u00efntensiveerd. Gemeente Venlo heeft hier inmiddels dedicated handhavers voor aangewezen die ook nauw met de Politie samenwerken. Over de maanden april en mei zijn: 375 vrachtwagens gewaarschuwd 38 vrachtwagens verbaliseerd [&hellip;]","og_url":"https:\/\/www.ondernemendvenlo.nl\/de\/rapportage-handhaving-vrachtwagenparkeren\/","og_site_name":"Ondernemend Venlo","article_published_time":"2021-06-12T06:03:00+00:00","og_image":[{"width":1024,"height":678,"url":"https:\/\/www.ondernemendvenlo.nl\/wp-content\/uploads\/2025\/04\/Schermafbeelding-2021-06-14-om-10.28.59-1024x678.png","type":"image\/png"}],"author":"admin","twitter_card":"summary_large_image","twitter_misc":{"Verfasst von":"admin","Gesch\u00e4tzte Lesezeit":"1\u00a0Minute"},"schema":{"@context":"https:\/\/schema.org","@graph":[{"@type":"Article","@id":"https:\/\/www.ondernemendvenlo.nl\/rapportage-handhaving-vrachtwagenparkeren\/#article","isPartOf":{"@id":"https:\/\/www.ondernemendvenlo.nl\/rapportage-handhaving-vrachtwagenparkeren\/"},"author":{"name":"admin","@id":"https:\/\/www.ondernemendvenlo.nl\/#\/schema\/person\/347e935f8ad4c7030608ef74bb57aa6e"},"headline":"Rapportage handhaving vrachtwagenparkeren","datePublished":"2021-06-12T06:03:00+00:00","mainEntityOfPage":{"@id":"https:\/\/www.ondernemendvenlo.nl\/rapportage-handhaving-vrachtwagenparkeren\/"},"wordCount":127,"publisher":{"@id":"https:\/\/www.ondernemendvenlo.nl\/#organization"},"image":{"@id":"https:\/\/www.ondernemendvenlo.nl\/rapportage-handhaving-vrachtwagenparkeren\/#primaryimage"},"thumbnailUrl":"https:\/\/www.ondernemendvenlo.nl\/wp-content\/uploads\/2025\/04\/Schermafbeelding-2021-06-14-om-10.28.59.png","articleSection":["Nieuws"],"inLanguage":"de"},{"@type":"WebPage","@id":"https:\/\/www.ondernemendvenlo.nl\/rapportage-handhaving-vrachtwagenparkeren\/","url":"https:\/\/www.ondernemendvenlo.nl\/rapportage-handhaving-vrachtwagenparkeren\/","name":"Rapportage handhaving vrachtwagenparkeren - Ondernemend Venlo","isPartOf":{"@id":"https:\/\/www.ondernemendvenlo.nl\/#website"},"primaryImageOfPage":{"@id":"https:\/\/www.ondernemendvenlo.nl\/rapportage-handhaving-vrachtwagenparkeren\/#primaryimage"},"image":{"@id":"https:\/\/www.ondernemendvenlo.nl\/rapportage-handhaving-vrachtwagenparkeren\/#primaryimage"},"thumbnailUrl":"https:\/\/www.ondernemendvenlo.nl\/wp-content\/uploads\/2025\/04\/Schermafbeelding-2021-06-14-om-10.28.59.png","datePublished":"2021-06-12T06:03:00+00:00","breadcrumb":{"@id":"https:\/\/www.ondernemendvenlo.nl\/rapportage-handhaving-vrachtwagenparkeren\/#breadcrumb"},"inLanguage":"de","potentialAction":[{"@type":"ReadAction","target":["https:\/\/www.ondernemendvenlo.nl\/rapportage-handhaving-vrachtwagenparkeren\/"]}]},{"@type":"ImageObject","inLanguage":"de","@id":"https:\/\/www.ondernemendvenlo.nl\/rapportage-handhaving-vrachtwagenparkeren\/#primaryimage","url":"https:\/\/www.ondernemendvenlo.nl\/wp-content\/uploads\/2025\/04\/Schermafbeelding-2021-06-14-om-10.28.59.png","contentUrl":"https:\/\/www.ondernemendvenlo.nl\/wp-content\/uploads\/2025\/04\/Schermafbeelding-2021-06-14-om-10.28.59.png","width":3680,"height":2438},{"@type":"BreadcrumbList","@id":"https:\/\/www.ondernemendvenlo.nl\/rapportage-handhaving-vrachtwagenparkeren\/#breadcrumb","itemListElement":[{"@type":"ListItem","position":1,"name":"Ondernemend Venlo","item":"https:\/\/www.ondernemendvenlo.nl\/"},{"@type":"ListItem","position":2,"name":"Nieuws","item":"https:\/\/www.ondernemendvenlo.nl\/categorie\/nieuws\/"},{"@type":"ListItem","position":3,"name":"Rapportage handhaving vrachtwagenparkeren"}]},{"@type":"WebSite","@id":"https:\/\/www.ondernemendvenlo.nl\/#website","url":"https:\/\/www.ondernemendvenlo.nl\/","name":"Unternehmerisches Venlo","description":"Samen succesvol ondernemen","publisher":{"@id":"https:\/\/www.ondernemendvenlo.nl\/#organization"},"potentialAction":[{"@type":"SearchAction","target":{"@type":"EntryPoint","urlTemplate":"https:\/\/www.ondernemendvenlo.nl\/?s={search_term_string}"},"query-input":{"@type":"PropertyValueSpecification","valueRequired":true,"valueName":"search_term_string"}}],"inLanguage":"de"},{"@type":"Organization","@id":"https:\/\/www.ondernemendvenlo.nl\/#organization","name":"Unternehmerisches Venlo","url":"https:\/\/www.ondernemendvenlo.nl\/","logo":{"@type":"ImageObject","inLanguage":"de","@id":"https:\/\/www.ondernemendvenlo.nl\/#\/schema\/logo\/image\/","url":"https:\/\/www.ondernemendvenlo.nl\/wp-content\/uploads\/2025\/02\/Ondernemend-Venlo-logo-scaled.webp","contentUrl":"https:\/\/www.ondernemendvenlo.nl\/wp-content\/uploads\/2025\/02\/Ondernemend-Venlo-logo-scaled.webp","width":2560,"height":1010,"caption":"Ondernemend Venlo"},"image":{"@id":"https:\/\/www.ondernemendvenlo.nl\/#\/schema\/logo\/image\/"},"sameAs":["https:\/\/www.linkedin.com\/company\/ondernemend-venlo\/"]},{"@type":"Person","@id":"https:\/\/www.ondernemendvenlo.nl\/#\/schema\/person\/347e935f8ad4c7030608ef74bb57aa6e","name":"admin","image":{"@type":"ImageObject","inLanguage":"de","@id":"https:\/\/www.ondernemendvenlo.nl\/#\/schema\/person\/image\/","url":"https:\/\/www.ondernemendvenlo.nl\/wp-content\/litespeed\/avatar\/720af750b037aecf6e33e12833479059.jpg?ver=1777382954","contentUrl":"https:\/\/www.ondernemendvenlo.nl\/wp-content\/litespeed\/avatar\/720af750b037aecf6e33e12833479059.jpg?ver=1777382954","caption":"admin"},"sameAs":["https:\/\/www.ondernemendvenlo.nl"]}]}},"_links":{"self":[{"href":"https:\/\/www.ondernemendvenlo.nl\/de\/wp-json\/wp\/v2\/posts\/2518","targetHints":{"allow":["GET"]}}],"collection":[{"href":"https:\/\/www.ondernemendvenlo.nl\/de\/wp-json\/wp\/v2\/posts"}],"about":[{"href":"https:\/\/www.ondernemendvenlo.nl\/de\/wp-json\/wp\/v2\/types\/post"}],"author":[{"embeddable":true,"href":"https:\/\/www.ondernemendvenlo.nl\/de\/wp-json\/wp\/v2\/users\/1"}],"replies":[{"embeddable":true,"href":"https:\/\/www.ondernemendvenlo.nl\/de\/wp-json\/wp\/v2\/comments?post=2518"}],"version-history":[{"count":0,"href":"https:\/\/www.ondernemendvenlo.nl\/de\/wp-json\/wp\/v2\/posts\/2518\/revisions"}],"wp:featuredmedia":[{"embeddable":true,"href":"https:\/\/www.ondernemendvenlo.nl\/de\/wp-json\/wp\/v2\/media\/2519"}],"wp:attachment":[{"href":"https:\/\/www.ondernemendvenlo.nl\/de\/wp-json\/wp\/v2\/media?parent=2518"}],"wp:term":[{"taxonomy":"category","embeddable":true,"href":"https:\/\/www.ondernemendvenlo.nl\/de\/wp-json\/wp\/v2\/categories?post=2518"},{"taxonomy":"post_tag","embeddable":true,"href":"https:\/\/www.ondernemendvenlo.nl\/de\/wp-json\/wp\/v2\/tags?post=2518"}],"curies":[{"name":"wp","href":"https:\/\/api.w.org\/{rel}","templated":true}]}}