{"id":2520,"date":"2021-06-14T11:31:00","date_gmt":"2021-06-14T09:31:00","guid":{"rendered":"https:\/\/www.ondernemendvenlo.nl\/noord-limburg-de-plek-voor-agrotoerisme-in-nederland\/"},"modified":"2021-06-14T11:31:00","modified_gmt":"2021-06-14T09:31:00","slug":"noord-limburg-de-plek-voor-agrotoerisme-in-nederland","status":"publish","type":"post","link":"https:\/\/www.ondernemendvenlo.nl\/de\/noord-limburg-de-plek-voor-agrotoerisme-in-nederland\/","title":{"rendered":"Nord-Limburg der Ort f\u00fcr Agrartourismus in den Niederlanden"},"content":{"rendered":"<p><strong>VENLO - Das Ziel der Region Nord-Limburg ist klar: die ges\u00fcndeste Region der Niederlande zu werden. Und das gilt nat\u00fcrlich auch f\u00fcr Tourismus und Freizeit. Am 12. Juni starten wir mit Stolz die <a href=\"http:\/\/www.platformagrotoerisme.nl\" target=\"_blank\" rel=\"noopener noreferrer\" class=\"external\">Plattform f\u00fcr Agrartourismus<\/a> im Aardbeienland in Horst aan de Maas. Diese Plattform ist der Treffpunkt f\u00fcr Unternehmer aus dem Freizeit- und Agrarsektor. Sich zu treffen, gemeinsam Pl\u00e4ne zu schmieden, innovativ zu sein und unsere Landschaft mit ihrem Reichtum an regionalen Produkten zu sch\u00e4tzen, ist unsere gemeinsame Motivation. Eine Win-Win-Situation f\u00fcr Unternehmer und Touristen. Diese Initiative ist eine Zusammenarbeit zwischen mehr als 50 Unternehmern, dem Limburger Landwirtschafts- und Gartenbauverband (LLTB), der MKB-Limburg und der HAS University of Applied Sciences.<\/strong><\/p>\n<p>Die Plattform Agrotourismus ist aus dem Aktionsprogramm Freizeitwirtschaft hervorgegangen. Durch \u00dcberschneidungen mit anderen Sektoren wird der Erholungssektor stark gef\u00f6rdert und es werden neue Einkommensmodelle f\u00fcr landwirtschaftliche Unternehmer geschaffen. Der Agrotourismus ist nicht neu; mehr als 200 landwirtschaftliche Unternehmer in Nord-Limburg sind im Bereich der Freizeitwirtschaft t\u00e4tig. Und es werden noch viel mehr werden!<\/p>\n<p><strong>Plattform<\/strong><br \/>\nSusanne G\u00f6rtz, LLTB-Vorstandsmitglied: \"Sowohl bei den regionalen Produkten als auch bei der Landschaft haben die landwirtschaftlichen Unternehmer viel zu bieten. Durch die Plattform Agrotourismus sind unsere Mitglieder gefordert, sich darin zu professionalisieren, aber auch \u00fcber den landwirtschaftlichen Bereich hinaus zu schauen. Gerade in der Verbindung mit anderen Sektoren liegt die St\u00e4rke dieser Plattform\".<\/p>\n<p>Mit vereinten Kr\u00e4ften in der Region entstehen gro\u00dfartige Initiativen! Die kooperierenden Gemeinden der Region Nord-Limburg und der Provinz Limburg f\u00f6rdern diese gesunde Bewegung. Die Innovationsagentur Bluehub \u00fcberwacht die Umsetzung der Aktivit\u00e4ten der Agrotourismus-Plattform.<\/p>\n<p>Janine van Hulsteijn, Beigeordnete f\u00fcr Tourismus und Erholung der Gemeinde Gennep und Verwaltungsleiterin der Tourismusregion Nordlimburg: \"Die Plattform Agrotourismus ist eine innovative Zusammenarbeit. Der landwirtschaftliche Sektor ist sehr wichtig f\u00fcr den l\u00e4ndlichen Raum und damit auch f\u00fcr eine Vielzahl von Freizeitaktivit\u00e4ten. Gerade diese Zusammenarbeit st\u00e4rkt das Kollektiv und macht einen Besuch in Nord-Limburg noch angenehmer.<\/p>","protected":false},"excerpt":{"rendered":"<p>VENLO &#8211; De ambitie van de Regio Noord-Limburg is helder: de gezondste regio van Nederland worden. En daar hoort zeker ook Toerisme &amp; Leisure bij. Op 12 juni lanceren wij met trots het Platform Agrotoerisme bij Aardbeienland in Horst aan de Maas. Dit platform is d\u00e9 ontmoetingsplek voor ondernemers uit de recreatie- en agrarische sector. [&hellip;]<\/p>","protected":false},"author":1,"featured_media":2521,"comment_status":"closed","ping_status":"open","sticky":false,"template":"","format":"standard","meta":{"_acf_changed":false,"footnotes":""},"categories":[8],"tags":[],"class_list":["post-2520","post","type-post","status-publish","format-standard","has-post-thumbnail","hentry","category-nieuws"],"acf":[],"yoast_head":"<!-- This site is optimized with the Yoast SEO plugin v26.3 - https:\/\/yoast.com\/wordpress\/plugins\/seo\/ -->\n<title>Noord-Limburg d\u00e9 plek voor agrotoerisme in Nederland - Ondernemend Venlo<\/title>\n<meta name=\"robots\" content=\"index, follow, max-snippet:-1, max-image-preview:large, max-video-preview:-1\" \/>\n<link rel=\"canonical\" href=\"https:\/\/www.ondernemendvenlo.nl\/de\/noord-limburg-de-plek-voor-agrotoerisme-in-nederland\/\" \/>\n<meta property=\"og:locale\" content=\"de_DE\" \/>\n<meta property=\"og:type\" content=\"article\" \/>\n<meta property=\"og:title\" content=\"Noord-Limburg d\u00e9 plek voor agrotoerisme in Nederland - Ondernemend Venlo\" \/>\n<meta property=\"og:description\" content=\"VENLO &#8211; De ambitie van de Regio Noord-Limburg is helder: de gezondste regio van Nederland worden. En daar hoort zeker ook Toerisme &amp; Leisure bij. Op 12 juni lanceren wij met trots het Platform Agrotoerisme bij Aardbeienland in Horst aan de Maas. Dit platform is d\u00e9 ontmoetingsplek voor ondernemers uit de recreatie- en agrarische sector. [&hellip;]\" \/>\n<meta property=\"og:url\" content=\"https:\/\/www.ondernemendvenlo.nl\/de\/noord-limburg-de-plek-voor-agrotoerisme-in-nederland\/\" \/>\n<meta property=\"og:site_name\" content=\"Ondernemend Venlo\" \/>\n<meta property=\"article:published_time\" content=\"2021-06-14T09:31:00+00:00\" \/>\n<meta property=\"og:image\" content=\"https:\/\/www.ondernemendvenlo.nl\/wp-content\/uploads\/2025\/04\/2021-06-14_60c73ea4794e0_210614NoordLimburgdplekvooragro-toerisme-scaled-1.jpg\" \/>\n\t<meta property=\"og:image:width\" content=\"2560\" \/>\n\t<meta property=\"og:image:height\" content=\"1707\" \/>\n\t<meta property=\"og:image:type\" content=\"image\/jpeg\" \/>\n<meta name=\"author\" content=\"admin\" \/>\n<meta name=\"twitter:card\" content=\"summary_large_image\" \/>\n<meta name=\"twitter:label1\" content=\"Verfasst von\" \/>\n\t<meta name=\"twitter:data1\" content=\"admin\" \/>\n\t<meta name=\"twitter:label2\" content=\"Gesch\u00e4tzte Lesezeit\" \/>\n\t<meta name=\"twitter:data2\" content=\"2\u00a0Minuten\" \/>\n<script type=\"application\/ld+json\" class=\"yoast-schema-graph\">{\"@context\":\"https:\/\/schema.org\",\"@graph\":[{\"@type\":\"Article\",\"@id\":\"https:\/\/www.ondernemendvenlo.nl\/noord-limburg-de-plek-voor-agrotoerisme-in-nederland\/#article\",\"isPartOf\":{\"@id\":\"https:\/\/www.ondernemendvenlo.nl\/noord-limburg-de-plek-voor-agrotoerisme-in-nederland\/\"},\"author\":{\"name\":\"admin\",\"@id\":\"https:\/\/www.ondernemendvenlo.nl\/#\/schema\/person\/347e935f8ad4c7030608ef74bb57aa6e\"},\"headline\":\"Noord-Limburg d\u00e9 plek voor agrotoerisme in Nederland\",\"datePublished\":\"2021-06-14T09:31:00+00:00\",\"mainEntityOfPage\":{\"@id\":\"https:\/\/www.ondernemendvenlo.nl\/noord-limburg-de-plek-voor-agrotoerisme-in-nederland\/\"},\"wordCount\":315,\"publisher\":{\"@id\":\"https:\/\/www.ondernemendvenlo.nl\/#organization\"},\"image\":{\"@id\":\"https:\/\/www.ondernemendvenlo.nl\/noord-limburg-de-plek-voor-agrotoerisme-in-nederland\/#primaryimage\"},\"thumbnailUrl\":\"https:\/\/www.ondernemendvenlo.nl\/wp-content\/uploads\/2025\/04\/2021-06-14_60c73ea4794e0_210614NoordLimburgdplekvooragro-toerisme-scaled-1.jpg\",\"articleSection\":[\"Nieuws\"],\"inLanguage\":\"de\"},{\"@type\":\"WebPage\",\"@id\":\"https:\/\/www.ondernemendvenlo.nl\/noord-limburg-de-plek-voor-agrotoerisme-in-nederland\/\",\"url\":\"https:\/\/www.ondernemendvenlo.nl\/noord-limburg-de-plek-voor-agrotoerisme-in-nederland\/\",\"name\":\"Noord-Limburg d\u00e9 plek voor agrotoerisme in Nederland - Ondernemend Venlo\",\"isPartOf\":{\"@id\":\"https:\/\/www.ondernemendvenlo.nl\/#website\"},\"primaryImageOfPage\":{\"@id\":\"https:\/\/www.ondernemendvenlo.nl\/noord-limburg-de-plek-voor-agrotoerisme-in-nederland\/#primaryimage\"},\"image\":{\"@id\":\"https:\/\/www.ondernemendvenlo.nl\/noord-limburg-de-plek-voor-agrotoerisme-in-nederland\/#primaryimage\"},\"thumbnailUrl\":\"https:\/\/www.ondernemendvenlo.nl\/wp-content\/uploads\/2025\/04\/2021-06-14_60c73ea4794e0_210614NoordLimburgdplekvooragro-toerisme-scaled-1.jpg\",\"datePublished\":\"2021-06-14T09:31:00+00:00\",\"breadcrumb\":{\"@id\":\"https:\/\/www.ondernemendvenlo.nl\/noord-limburg-de-plek-voor-agrotoerisme-in-nederland\/#breadcrumb\"},\"inLanguage\":\"de\",\"potentialAction\":[{\"@type\":\"ReadAction\",\"target\":[\"https:\/\/www.ondernemendvenlo.nl\/noord-limburg-de-plek-voor-agrotoerisme-in-nederland\/\"]}]},{\"@type\":\"ImageObject\",\"inLanguage\":\"de\",\"@id\":\"https:\/\/www.ondernemendvenlo.nl\/noord-limburg-de-plek-voor-agrotoerisme-in-nederland\/#primaryimage\",\"url\":\"https:\/\/www.ondernemendvenlo.nl\/wp-content\/uploads\/2025\/04\/2021-06-14_60c73ea4794e0_210614NoordLimburgdplekvooragro-toerisme-scaled-1.jpg\",\"contentUrl\":\"https:\/\/www.ondernemendvenlo.nl\/wp-content\/uploads\/2025\/04\/2021-06-14_60c73ea4794e0_210614NoordLimburgdplekvooragro-toerisme-scaled-1.jpg\",\"width\":2560,\"height\":1707},{\"@type\":\"BreadcrumbList\",\"@id\":\"https:\/\/www.ondernemendvenlo.nl\/noord-limburg-de-plek-voor-agrotoerisme-in-nederland\/#breadcrumb\",\"itemListElement\":[{\"@type\":\"ListItem\",\"position\":1,\"name\":\"Ondernemend Venlo\",\"item\":\"https:\/\/www.ondernemendvenlo.nl\/\"},{\"@type\":\"ListItem\",\"position\":2,\"name\":\"Nieuws\",\"item\":\"https:\/\/www.ondernemendvenlo.nl\/categorie\/nieuws\/\"},{\"@type\":\"ListItem\",\"position\":3,\"name\":\"Noord-Limburg d\u00e9 plek voor agrotoerisme in Nederland\"}]},{\"@type\":\"WebSite\",\"@id\":\"https:\/\/www.ondernemendvenlo.nl\/#website\",\"url\":\"https:\/\/www.ondernemendvenlo.nl\/\",\"name\":\"Ondernemend Venlo\",\"description\":\"Samen succesvol ondernemen\",\"publisher\":{\"@id\":\"https:\/\/www.ondernemendvenlo.nl\/#organization\"},\"potentialAction\":[{\"@type\":\"SearchAction\",\"target\":{\"@type\":\"EntryPoint\",\"urlTemplate\":\"https:\/\/www.ondernemendvenlo.nl\/?s={search_term_string}\"},\"query-input\":{\"@type\":\"PropertyValueSpecification\",\"valueRequired\":true,\"valueName\":\"search_term_string\"}}],\"inLanguage\":\"de\"},{\"@type\":\"Organization\",\"@id\":\"https:\/\/www.ondernemendvenlo.nl\/#organization\",\"name\":\"Ondernemend Venlo\",\"url\":\"https:\/\/www.ondernemendvenlo.nl\/\",\"logo\":{\"@type\":\"ImageObject\",\"inLanguage\":\"de\",\"@id\":\"https:\/\/www.ondernemendvenlo.nl\/#\/schema\/logo\/image\/\",\"url\":\"https:\/\/www.ondernemendvenlo.nl\/wp-content\/uploads\/2025\/02\/Ondernemend-Venlo-logo-scaled.webp\",\"contentUrl\":\"https:\/\/www.ondernemendvenlo.nl\/wp-content\/uploads\/2025\/02\/Ondernemend-Venlo-logo-scaled.webp\",\"width\":2560,\"height\":1010,\"caption\":\"Ondernemend Venlo\"},\"image\":{\"@id\":\"https:\/\/www.ondernemendvenlo.nl\/#\/schema\/logo\/image\/\"},\"sameAs\":[\"https:\/\/www.linkedin.com\/company\/ondernemend-venlo\/\"]},{\"@type\":\"Person\",\"@id\":\"https:\/\/www.ondernemendvenlo.nl\/#\/schema\/person\/347e935f8ad4c7030608ef74bb57aa6e\",\"name\":\"admin\",\"image\":{\"@type\":\"ImageObject\",\"inLanguage\":\"de\",\"@id\":\"https:\/\/www.ondernemendvenlo.nl\/#\/schema\/person\/image\/\",\"url\":\"https:\/\/www.ondernemendvenlo.nl\/wp-content\/litespeed\/avatar\/720af750b037aecf6e33e12833479059.jpg?ver=1777382954\",\"contentUrl\":\"https:\/\/www.ondernemendvenlo.nl\/wp-content\/litespeed\/avatar\/720af750b037aecf6e33e12833479059.jpg?ver=1777382954\",\"caption\":\"admin\"},\"sameAs\":[\"https:\/\/www.ondernemendvenlo.nl\"]}]}<\/script>\n<!-- \/ Yoast SEO plugin. -->","yoast_head_json":{"title":"Noord-Limburg d\u00e9 plek voor agrotoerisme in Nederland - Ondernemend Venlo","robots":{"index":"index","follow":"follow","max-snippet":"max-snippet:-1","max-image-preview":"max-image-preview:large","max-video-preview":"max-video-preview:-1"},"canonical":"https:\/\/www.ondernemendvenlo.nl\/de\/noord-limburg-de-plek-voor-agrotoerisme-in-nederland\/","og_locale":"de_DE","og_type":"article","og_title":"Noord-Limburg d\u00e9 plek voor agrotoerisme in Nederland - Ondernemend Venlo","og_description":"VENLO &#8211; De ambitie van de Regio Noord-Limburg is helder: de gezondste regio van Nederland worden. En daar hoort zeker ook Toerisme &amp; Leisure bij. Op 12 juni lanceren wij met trots het Platform Agrotoerisme bij Aardbeienland in Horst aan de Maas. Dit platform is d\u00e9 ontmoetingsplek voor ondernemers uit de recreatie- en agrarische sector. [&hellip;]","og_url":"https:\/\/www.ondernemendvenlo.nl\/de\/noord-limburg-de-plek-voor-agrotoerisme-in-nederland\/","og_site_name":"Ondernemend Venlo","article_published_time":"2021-06-14T09:31:00+00:00","og_image":[{"width":2560,"height":1707,"url":"https:\/\/www.ondernemendvenlo.nl\/wp-content\/uploads\/2025\/04\/2021-06-14_60c73ea4794e0_210614NoordLimburgdplekvooragro-toerisme-scaled-1.jpg","type":"image\/jpeg"}],"author":"admin","twitter_card":"summary_large_image","twitter_misc":{"Verfasst von":"admin","Gesch\u00e4tzte Lesezeit":"2\u00a0Minuten"},"schema":{"@context":"https:\/\/schema.org","@graph":[{"@type":"Article","@id":"https:\/\/www.ondernemendvenlo.nl\/noord-limburg-de-plek-voor-agrotoerisme-in-nederland\/#article","isPartOf":{"@id":"https:\/\/www.ondernemendvenlo.nl\/noord-limburg-de-plek-voor-agrotoerisme-in-nederland\/"},"author":{"name":"admin","@id":"https:\/\/www.ondernemendvenlo.nl\/#\/schema\/person\/347e935f8ad4c7030608ef74bb57aa6e"},"headline":"Noord-Limburg d\u00e9 plek voor agrotoerisme in Nederland","datePublished":"2021-06-14T09:31:00+00:00","mainEntityOfPage":{"@id":"https:\/\/www.ondernemendvenlo.nl\/noord-limburg-de-plek-voor-agrotoerisme-in-nederland\/"},"wordCount":315,"publisher":{"@id":"https:\/\/www.ondernemendvenlo.nl\/#organization"},"image":{"@id":"https:\/\/www.ondernemendvenlo.nl\/noord-limburg-de-plek-voor-agrotoerisme-in-nederland\/#primaryimage"},"thumbnailUrl":"https:\/\/www.ondernemendvenlo.nl\/wp-content\/uploads\/2025\/04\/2021-06-14_60c73ea4794e0_210614NoordLimburgdplekvooragro-toerisme-scaled-1.jpg","articleSection":["Nieuws"],"inLanguage":"de"},{"@type":"WebPage","@id":"https:\/\/www.ondernemendvenlo.nl\/noord-limburg-de-plek-voor-agrotoerisme-in-nederland\/","url":"https:\/\/www.ondernemendvenlo.nl\/noord-limburg-de-plek-voor-agrotoerisme-in-nederland\/","name":"Noord-Limburg d\u00e9 plek voor agrotoerisme in Nederland - Ondernemend Venlo","isPartOf":{"@id":"https:\/\/www.ondernemendvenlo.nl\/#website"},"primaryImageOfPage":{"@id":"https:\/\/www.ondernemendvenlo.nl\/noord-limburg-de-plek-voor-agrotoerisme-in-nederland\/#primaryimage"},"image":{"@id":"https:\/\/www.ondernemendvenlo.nl\/noord-limburg-de-plek-voor-agrotoerisme-in-nederland\/#primaryimage"},"thumbnailUrl":"https:\/\/www.ondernemendvenlo.nl\/wp-content\/uploads\/2025\/04\/2021-06-14_60c73ea4794e0_210614NoordLimburgdplekvooragro-toerisme-scaled-1.jpg","datePublished":"2021-06-14T09:31:00+00:00","breadcrumb":{"@id":"https:\/\/www.ondernemendvenlo.nl\/noord-limburg-de-plek-voor-agrotoerisme-in-nederland\/#breadcrumb"},"inLanguage":"de","potentialAction":[{"@type":"ReadAction","target":["https:\/\/www.ondernemendvenlo.nl\/noord-limburg-de-plek-voor-agrotoerisme-in-nederland\/"]}]},{"@type":"ImageObject","inLanguage":"de","@id":"https:\/\/www.ondernemendvenlo.nl\/noord-limburg-de-plek-voor-agrotoerisme-in-nederland\/#primaryimage","url":"https:\/\/www.ondernemendvenlo.nl\/wp-content\/uploads\/2025\/04\/2021-06-14_60c73ea4794e0_210614NoordLimburgdplekvooragro-toerisme-scaled-1.jpg","contentUrl":"https:\/\/www.ondernemendvenlo.nl\/wp-content\/uploads\/2025\/04\/2021-06-14_60c73ea4794e0_210614NoordLimburgdplekvooragro-toerisme-scaled-1.jpg","width":2560,"height":1707},{"@type":"BreadcrumbList","@id":"https:\/\/www.ondernemendvenlo.nl\/noord-limburg-de-plek-voor-agrotoerisme-in-nederland\/#breadcrumb","itemListElement":[{"@type":"ListItem","position":1,"name":"Ondernemend Venlo","item":"https:\/\/www.ondernemendvenlo.nl\/"},{"@type":"ListItem","position":2,"name":"Nieuws","item":"https:\/\/www.ondernemendvenlo.nl\/categorie\/nieuws\/"},{"@type":"ListItem","position":3,"name":"Noord-Limburg d\u00e9 plek voor agrotoerisme in Nederland"}]},{"@type":"WebSite","@id":"https:\/\/www.ondernemendvenlo.nl\/#website","url":"https:\/\/www.ondernemendvenlo.nl\/","name":"Unternehmerisches Venlo","description":"Samen succesvol ondernemen","publisher":{"@id":"https:\/\/www.ondernemendvenlo.nl\/#organization"},"potentialAction":[{"@type":"SearchAction","target":{"@type":"EntryPoint","urlTemplate":"https:\/\/www.ondernemendvenlo.nl\/?s={search_term_string}"},"query-input":{"@type":"PropertyValueSpecification","valueRequired":true,"valueName":"search_term_string"}}],"inLanguage":"de"},{"@type":"Organization","@id":"https:\/\/www.ondernemendvenlo.nl\/#organization","name":"Unternehmerisches Venlo","url":"https:\/\/www.ondernemendvenlo.nl\/","logo":{"@type":"ImageObject","inLanguage":"de","@id":"https:\/\/www.ondernemendvenlo.nl\/#\/schema\/logo\/image\/","url":"https:\/\/www.ondernemendvenlo.nl\/wp-content\/uploads\/2025\/02\/Ondernemend-Venlo-logo-scaled.webp","contentUrl":"https:\/\/www.ondernemendvenlo.nl\/wp-content\/uploads\/2025\/02\/Ondernemend-Venlo-logo-scaled.webp","width":2560,"height":1010,"caption":"Ondernemend Venlo"},"image":{"@id":"https:\/\/www.ondernemendvenlo.nl\/#\/schema\/logo\/image\/"},"sameAs":["https:\/\/www.linkedin.com\/company\/ondernemend-venlo\/"]},{"@type":"Person","@id":"https:\/\/www.ondernemendvenlo.nl\/#\/schema\/person\/347e935f8ad4c7030608ef74bb57aa6e","name":"admin","image":{"@type":"ImageObject","inLanguage":"de","@id":"https:\/\/www.ondernemendvenlo.nl\/#\/schema\/person\/image\/","url":"https:\/\/www.ondernemendvenlo.nl\/wp-content\/litespeed\/avatar\/720af750b037aecf6e33e12833479059.jpg?ver=1777382954","contentUrl":"https:\/\/www.ondernemendvenlo.nl\/wp-content\/litespeed\/avatar\/720af750b037aecf6e33e12833479059.jpg?ver=1777382954","caption":"admin"},"sameAs":["https:\/\/www.ondernemendvenlo.nl"]}]}},"_links":{"self":[{"href":"https:\/\/www.ondernemendvenlo.nl\/de\/wp-json\/wp\/v2\/posts\/2520","targetHints":{"allow":["GET"]}}],"collection":[{"href":"https:\/\/www.ondernemendvenlo.nl\/de\/wp-json\/wp\/v2\/posts"}],"about":[{"href":"https:\/\/www.ondernemendvenlo.nl\/de\/wp-json\/wp\/v2\/types\/post"}],"author":[{"embeddable":true,"href":"https:\/\/www.ondernemendvenlo.nl\/de\/wp-json\/wp\/v2\/users\/1"}],"replies":[{"embeddable":true,"href":"https:\/\/www.ondernemendvenlo.nl\/de\/wp-json\/wp\/v2\/comments?post=2520"}],"version-history":[{"count":0,"href":"https:\/\/www.ondernemendvenlo.nl\/de\/wp-json\/wp\/v2\/posts\/2520\/revisions"}],"wp:featuredmedia":[{"embeddable":true,"href":"https:\/\/www.ondernemendvenlo.nl\/de\/wp-json\/wp\/v2\/media\/2521"}],"wp:attachment":[{"href":"https:\/\/www.ondernemendvenlo.nl\/de\/wp-json\/wp\/v2\/media?parent=2520"}],"wp:term":[{"taxonomy":"category","embeddable":true,"href":"https:\/\/www.ondernemendvenlo.nl\/de\/wp-json\/wp\/v2\/categories?post=2520"},{"taxonomy":"post_tag","embeddable":true,"href":"https:\/\/www.ondernemendvenlo.nl\/de\/wp-json\/wp\/v2\/tags?post=2520"}],"curies":[{"name":"wp","href":"https:\/\/api.w.org\/{rel}","templated":true}]}}