{"id":2532,"date":"2021-06-29T07:14:32","date_gmt":"2021-06-29T05:14:32","guid":{"rendered":"https:\/\/www.ondernemendvenlo.nl\/de-zelfredzame-medewerker-zijn-we-er-klaar-voor\/"},"modified":"2021-06-29T07:14:32","modified_gmt":"2021-06-29T05:14:32","slug":"de-zelfredzame-medewerker-zijn-we-er-klaar-voor","status":"publish","type":"post","link":"https:\/\/www.ondernemendvenlo.nl\/de\/de-zelfredzame-medewerker-zijn-we-er-klaar-voor\/","title":{"rendered":"Der eigenverantwortliche Arbeitnehmer: Sind wir bereit?"},"content":{"rendered":"<p><strong>Mehr Eigenverantwortung in der Gesellschaft. Das ist der Trend der letzten Jahre. Die Plattform Vrijwilligersorganisatie Venlo (PVOV) st\u00e4rkt und unterst\u00fctzt die Einwohner auf ihrem Weg dorthin. Und warum nicht in Zusammenarbeit mit der Wirtschaft? Schlie\u00dflich, so argumentiert die Plattform, schneidet das Messer in beide Richtungen: Es erh\u00f6ht das Wohlbefinden der Arbeitnehmer und kommt auch dem Arbeitgeber zugute. Aber ist die Praxis dazu bereit?<\/strong><\/p>\n<p><em>Saskia Overbeek und Dana Feringa<\/em><\/p>\n<p>Mit der Idee, dass Stadtverwaltung, Unternehmer und Ehrenamtliche sich die H\u00e4nde reichen k\u00f6nnen, um Mitarbeiter auf ihrem Weg zur Selbstst\u00e4ndigkeit zu unterst\u00fctzen, geht der PVOV einen innovativen Weg, der den Profit- und den Non-Profit-Sektor zusammenbringt. Die Idee ist, dass sich Arbeitnehmer aus verschiedenen Unternehmen in der Region Venlo w\u00e4hrend der Arbeitszeit gegenseitig unterst\u00fctzen k\u00f6nnen, wenn sie Hilfe in verschiedenen Lebensbereichen ben\u00f6tigen, unabh\u00e4ngig davon, ob diese mit der Arbeit zusammenh\u00e4ngen oder nicht. Dies schafft mehr Eigenst\u00e4ndigkeit, was den Bedarf an formeller Pflege verringern soll. Dar\u00fcber hinaus entsteht eine Win-Win-Situation: Wenn einem Arbeitnehmer geholfen wird, profitiert auch der Arbeitgeber. In diesem Fall \u00fcbernimmt das PVOV die Rolle des Koordinators, die Kommune stellt durch Zusch\u00fcsse f\u00fcr die beteiligten Freiwilligenorganisationen Raum zur Verf\u00fcgung und die Unternehmer helfen, indem sie Zeit und Ressourcen zur Verf\u00fcgung stellen.<\/p>\n<p><strong>Die T\u00fcr ist halb offen<br \/>\n<\/strong>Im Winter 2020-2021 wurde eine Umfrage durchgef\u00fchrt, um die Durchf\u00fchrbarkeit dieser Idee zu bewerten. Mithilfe von Frageb\u00f6gen und Interviews wurden die Mitarbeiter von Unternehmen in der Region Venlo nach ihrer Meinung zum Thema \"Hilfe f\u00fcr und durch Mitarbeiter\" und zur besten Art und Weise, diese zu organisieren, befragt.<\/p>\n<p>Die Studie hat gezeigt, dass Arbeitnehmer bei einer fiktiven Bitte um Hilfe in sieben verschiedenen Lebensbereichen in begrenztem Ma\u00dfe dazu neigen, einen Mitarbeiter des eigenen oder eines anderen Unternehmens oder einen Freiwilligen um Hilfe zu bitten. Dementsprechend sind sie auch nur begrenzt bereit, einem anderen Mitarbeiter Hilfe anzubieten. Man k\u00f6nnte sagen, die T\u00fcr steht halb offen, aber die Menschen gehen nicht hindurch.<\/p>\n<p>Eine App wird als das am besten geeignete Mittel angesehen, um diese Form der gegenseitigen Hilfe zu organisieren, wenn sie ausreichend auf die Bed\u00fcrfnisse des Nutzers zugeschnitten ist.<\/p>\n<p>Auffallend war, dass bei Hilfeersuchen, die in den letzten 12 Monaten aufgetreten sind, in keinem Fall ein Freiwilliger herangezogen wurde. Bei einem fiktiven Hilfegesuch wurde jedoch sowohl der Freiwillige als auch ein Mitarbeiter eines anderen Unternehmens (in der Rolle des Freiwilligen) als ernsthafte Option angesehen. Es scheint also, dass die Neigung, einen bestimmten Helfer um Hilfe zu bitten, gr\u00f6\u00dfer ist, wenn diese Hilfe konkret angeboten wird.<\/p>\n<p><strong>Arbeit ist Arbeit, privat ist privat<br \/>\n<\/strong>Eine weitere wichtige Erkenntnis aus der Umfrage war, dass die \u00fcberwiegende Mehrheit der Arbeitnehmer Hilfsfragen au\u00dferhalb der Arbeitszeit und nicht w\u00e4hrend der Arbeitszeit besprechen m\u00f6chte. Die Arbeit ist f\u00fcr die Arbeit da und das Private ist privat, so die Meinung der meisten. Gleichzeitig gaben Personalverantwortliche und F\u00fchrungskr\u00e4fte an, dass sie aus Sicht des Arbeitgebers bereit sind, den Mitarbeitern Zeit und Ressourcen zur Verf\u00fcgung zu stellen, um gegenseitige Hilfe zu erm\u00f6glichen. Sie sahen eine klare Win-Win-Situation. Dieselben Personalverantwortlichen und F\u00fchrungskr\u00e4fte hatten jedoch zuvor aus der Perspektive der Hilfesuchenden angegeben, dass sie bereit seien, au\u00dferhalb der Arbeitszeit Hilfe zu erhalten, wie auch die meisten anderen Arbeitnehmer.<\/p>\n<p><strong>Kultur?<\/strong><br \/>\nDie Ergebnisse der Umfrage werfen einige interessante Fragen auf. Inwieweit spielt die Kultur eine Rolle bei der Bereitschaft zur gegenseitigen Hilfe unter den Arbeitnehmern und bei der Pr\u00e4ferenz, Hilfe au\u00dferhalb der Arbeitszeit organisieren zu wollen? Im Moment ist es in den Niederlanden noch un\u00fcblich, private Probleme mit zur Arbeit zu bringen. Und wie wird sich diese Kultur in der (nahen) Zukunft entwickeln?<\/p>\n<p>Nehmen wir einmal an, die Plattform w\u00e4re bereits eingerichtet, es g\u00e4be bereits eine App und die Arbeitgeber w\u00fcrden tats\u00e4chlich Zeit und Ressourcen zur Verf\u00fcgung stellen. W\u00e4ren die Mitarbeiter mit diesem Wissen eher geneigt, sich gegenseitig um Hilfe zu bitten und Hilfe anzubieten, und auch eher geneigt, Hilfefragen w\u00e4hrend der Arbeitszeit zu diskutieren?<\/p>\n<p>Diese Frage bleibt vorerst unbeantwortet, aber es lohnt sich, sie weiter zu untersuchen. Auf jeden Fall scheint eine Reihe von Entwicklungen f\u00fcr dieses Szenario zu sprechen.<\/p>\n<p><strong>Die neue Wirtschaft: ein sozialer Charakter<br \/>\n<\/strong>Die Wirtschaft befindet sich in einer Phase des \u00dcbergangs. W\u00e4hrend wir jahrelang den Erfolg vor allem an Gewinn und unendlichem Wachstum gemessen haben, erleben wir jetzt eine Bewegung hin zu einer Wirtschaft, die \u00f6kologische Fragen und das Wohlbefinden ber\u00fccksichtigt.<\/p>\n<p>Die britische Wirtschaftswissenschaftlerin Kate Raworth ist mit ihrem Doughnut-Modell bekannt geworden. In ihrem Buch \"Doughnut Economics\" (2017) pl\u00e4diert Raworth f\u00fcr eine Wirtschaft, die sich an den Menschenrechten orientiert und von den UN-Mitgliedstaaten unterzeichnet wird (<em>Sozialstiftung<\/em>) und der Handlungsspielraum der Wirtschaft liegt zwischen diesem sozialen Fundament und der \u00f6kologischen Obergrenze. Der von ihr vorgeschlagene Donut steht im Einklang mit den von den Vereinten Nationen aufgestellten Zielen f\u00fcr nachhaltige Entwicklung (Vereinte Nationen, 2015), die bis 2030 umgesetzt werden m\u00fcssen und zu denen sich alle Mitgliedstaaten verpflichtet haben. Sie werden in der europ\u00e4ischen, nationalen und regionalen Politik umgesetzt. Auch Hochschulen und Universit\u00e4ten haben sich darauf eingestellt, und SDGs und wirtschaftliches Denken wie das von Raworth tauchen zunehmend als fester Bestandteil von Wirtschaftsstudien auf.<\/p>\n<p><strong>Wind in den Segeln?<br \/>\n<\/strong>Es w\u00fcrde uns nicht wundern, wenn die Idee des PVOV Schule macht. Die Wirtschaft bewegt sich in die richtige Richtung und die Arbeitgeber sind zunehmend bereit, ihren Beitrag zu leisten. Die T\u00fcr f\u00fcr Arbeitnehmer ist derzeit halb offen, aber mit Hilfe der Entwicklung hin zu einer sozialeren Wirtschaft und einem damit einhergehenden Kulturwandel in den Unternehmen kann sie vielleicht weiter ge\u00f6ffnet werden.<\/p>\n<p>In der Gemeinde Venlo hat der PVOV bereits einen Kooperationspartner gefunden, und auch die Beratungsstelle Samenwerkende Maatschappelijke Organisaties Limburg (SMOL) hat sich bereit erkl\u00e4rt, an dem Projekt teilzunehmen. Gemeinsam mit den teilnehmenden Unternehmen wird der PVOV nun ein Pilotprojekt starten, um zu untersuchen, wie die Hilfe f\u00fcr und durch Arbeitnehmer am besten organisiert werden kann. Wer wei\u00df, vielleicht wird die T\u00fcr bald aufgesto\u00dfen....<\/p>","protected":false},"excerpt":{"rendered":"<p>Meer zelfredzaamheid in de samenleving. Dat is de trend die de afgelopen jaren is ingezet. Het Platform Vrijwilligersorganisatie Venlo (PVOV) versterkt en ondersteunt inwoners op weg hier naartoe. En waarom niet in samenwerking met het bedrijfsleven? Het mes snijdt immers aan twee kanten, beredeneert het platform: het verhoogt welzijn bij de medewerker en komt ook [&hellip;]<\/p>","protected":false},"author":1,"featured_media":2533,"comment_status":"closed","ping_status":"open","sticky":false,"template":"","format":"standard","meta":{"_acf_changed":false,"footnotes":""},"categories":[8],"tags":[],"class_list":["post-2532","post","type-post","status-publish","format-standard","has-post-thumbnail","hentry","category-nieuws"],"acf":[],"yoast_head":"<!-- This site is optimized with the Yoast SEO plugin v26.3 - https:\/\/yoast.com\/wordpress\/plugins\/seo\/ -->\n<title>De zelfredzame medewerker: Zijn we er klaar voor? - Ondernemend Venlo<\/title>\n<meta name=\"robots\" content=\"index, follow, max-snippet:-1, max-image-preview:large, max-video-preview:-1\" \/>\n<link rel=\"canonical\" href=\"https:\/\/www.ondernemendvenlo.nl\/de\/de-zelfredzame-medewerker-zijn-we-er-klaar-voor\/\" \/>\n<meta property=\"og:locale\" content=\"de_DE\" \/>\n<meta property=\"og:type\" content=\"article\" \/>\n<meta property=\"og:title\" content=\"De zelfredzame medewerker: Zijn we er klaar voor? - Ondernemend Venlo\" \/>\n<meta property=\"og:description\" content=\"Meer zelfredzaamheid in de samenleving. Dat is de trend die de afgelopen jaren is ingezet. Het Platform Vrijwilligersorganisatie Venlo (PVOV) versterkt en ondersteunt inwoners op weg hier naartoe. En waarom niet in samenwerking met het bedrijfsleven? Het mes snijdt immers aan twee kanten, beredeneert het platform: het verhoogt welzijn bij de medewerker en komt ook [&hellip;]\" \/>\n<meta property=\"og:url\" content=\"https:\/\/www.ondernemendvenlo.nl\/de\/de-zelfredzame-medewerker-zijn-we-er-klaar-voor\/\" \/>\n<meta property=\"og:site_name\" content=\"Ondernemend Venlo\" \/>\n<meta property=\"article:published_time\" content=\"2021-06-29T05:14:32+00:00\" \/>\n<meta property=\"og:image\" content=\"https:\/\/www.ondernemendvenlo.nl\/wp-content\/uploads\/2025\/04\/Schermafbeelding-2021-06-30-om-09.08.06-1024x684.png\" \/>\n\t<meta property=\"og:image:width\" content=\"1024\" \/>\n\t<meta property=\"og:image:height\" content=\"684\" \/>\n\t<meta property=\"og:image:type\" content=\"image\/png\" \/>\n<meta name=\"author\" content=\"admin\" \/>\n<meta name=\"twitter:card\" content=\"summary_large_image\" \/>\n<meta name=\"twitter:label1\" content=\"Verfasst von\" \/>\n\t<meta name=\"twitter:data1\" content=\"admin\" \/>\n\t<meta name=\"twitter:label2\" content=\"Gesch\u00e4tzte Lesezeit\" \/>\n\t<meta name=\"twitter:data2\" content=\"5\u00a0Minuten\" \/>\n<script type=\"application\/ld+json\" class=\"yoast-schema-graph\">{\"@context\":\"https:\/\/schema.org\",\"@graph\":[{\"@type\":\"Article\",\"@id\":\"https:\/\/www.ondernemendvenlo.nl\/de-zelfredzame-medewerker-zijn-we-er-klaar-voor\/#article\",\"isPartOf\":{\"@id\":\"https:\/\/www.ondernemendvenlo.nl\/de-zelfredzame-medewerker-zijn-we-er-klaar-voor\/\"},\"author\":{\"name\":\"admin\",\"@id\":\"https:\/\/www.ondernemendvenlo.nl\/#\/schema\/person\/347e935f8ad4c7030608ef74bb57aa6e\"},\"headline\":\"De zelfredzame medewerker: Zijn we er klaar voor?\",\"datePublished\":\"2021-06-29T05:14:32+00:00\",\"mainEntityOfPage\":{\"@id\":\"https:\/\/www.ondernemendvenlo.nl\/de-zelfredzame-medewerker-zijn-we-er-klaar-voor\/\"},\"wordCount\":977,\"publisher\":{\"@id\":\"https:\/\/www.ondernemendvenlo.nl\/#organization\"},\"image\":{\"@id\":\"https:\/\/www.ondernemendvenlo.nl\/de-zelfredzame-medewerker-zijn-we-er-klaar-voor\/#primaryimage\"},\"thumbnailUrl\":\"https:\/\/www.ondernemendvenlo.nl\/wp-content\/uploads\/2025\/04\/Schermafbeelding-2021-06-30-om-09.08.06.png\",\"articleSection\":[\"Nieuws\"],\"inLanguage\":\"de\"},{\"@type\":\"WebPage\",\"@id\":\"https:\/\/www.ondernemendvenlo.nl\/de-zelfredzame-medewerker-zijn-we-er-klaar-voor\/\",\"url\":\"https:\/\/www.ondernemendvenlo.nl\/de-zelfredzame-medewerker-zijn-we-er-klaar-voor\/\",\"name\":\"De zelfredzame medewerker: Zijn we er klaar voor? - Ondernemend Venlo\",\"isPartOf\":{\"@id\":\"https:\/\/www.ondernemendvenlo.nl\/#website\"},\"primaryImageOfPage\":{\"@id\":\"https:\/\/www.ondernemendvenlo.nl\/de-zelfredzame-medewerker-zijn-we-er-klaar-voor\/#primaryimage\"},\"image\":{\"@id\":\"https:\/\/www.ondernemendvenlo.nl\/de-zelfredzame-medewerker-zijn-we-er-klaar-voor\/#primaryimage\"},\"thumbnailUrl\":\"https:\/\/www.ondernemendvenlo.nl\/wp-content\/uploads\/2025\/04\/Schermafbeelding-2021-06-30-om-09.08.06.png\",\"datePublished\":\"2021-06-29T05:14:32+00:00\",\"breadcrumb\":{\"@id\":\"https:\/\/www.ondernemendvenlo.nl\/de-zelfredzame-medewerker-zijn-we-er-klaar-voor\/#breadcrumb\"},\"inLanguage\":\"de\",\"potentialAction\":[{\"@type\":\"ReadAction\",\"target\":[\"https:\/\/www.ondernemendvenlo.nl\/de-zelfredzame-medewerker-zijn-we-er-klaar-voor\/\"]}]},{\"@type\":\"ImageObject\",\"inLanguage\":\"de\",\"@id\":\"https:\/\/www.ondernemendvenlo.nl\/de-zelfredzame-medewerker-zijn-we-er-klaar-voor\/#primaryimage\",\"url\":\"https:\/\/www.ondernemendvenlo.nl\/wp-content\/uploads\/2025\/04\/Schermafbeelding-2021-06-30-om-09.08.06.png\",\"contentUrl\":\"https:\/\/www.ondernemendvenlo.nl\/wp-content\/uploads\/2025\/04\/Schermafbeelding-2021-06-30-om-09.08.06.png\",\"width\":3704,\"height\":2474},{\"@type\":\"BreadcrumbList\",\"@id\":\"https:\/\/www.ondernemendvenlo.nl\/de-zelfredzame-medewerker-zijn-we-er-klaar-voor\/#breadcrumb\",\"itemListElement\":[{\"@type\":\"ListItem\",\"position\":1,\"name\":\"Ondernemend Venlo\",\"item\":\"https:\/\/www.ondernemendvenlo.nl\/\"},{\"@type\":\"ListItem\",\"position\":2,\"name\":\"Nieuws\",\"item\":\"https:\/\/www.ondernemendvenlo.nl\/categorie\/nieuws\/\"},{\"@type\":\"ListItem\",\"position\":3,\"name\":\"De zelfredzame medewerker: Zijn we er klaar voor?\"}]},{\"@type\":\"WebSite\",\"@id\":\"https:\/\/www.ondernemendvenlo.nl\/#website\",\"url\":\"https:\/\/www.ondernemendvenlo.nl\/\",\"name\":\"Ondernemend Venlo\",\"description\":\"Samen succesvol ondernemen\",\"publisher\":{\"@id\":\"https:\/\/www.ondernemendvenlo.nl\/#organization\"},\"potentialAction\":[{\"@type\":\"SearchAction\",\"target\":{\"@type\":\"EntryPoint\",\"urlTemplate\":\"https:\/\/www.ondernemendvenlo.nl\/?s={search_term_string}\"},\"query-input\":{\"@type\":\"PropertyValueSpecification\",\"valueRequired\":true,\"valueName\":\"search_term_string\"}}],\"inLanguage\":\"de\"},{\"@type\":\"Organization\",\"@id\":\"https:\/\/www.ondernemendvenlo.nl\/#organization\",\"name\":\"Ondernemend Venlo\",\"url\":\"https:\/\/www.ondernemendvenlo.nl\/\",\"logo\":{\"@type\":\"ImageObject\",\"inLanguage\":\"de\",\"@id\":\"https:\/\/www.ondernemendvenlo.nl\/#\/schema\/logo\/image\/\",\"url\":\"https:\/\/www.ondernemendvenlo.nl\/wp-content\/uploads\/2025\/02\/Ondernemend-Venlo-logo-scaled.webp\",\"contentUrl\":\"https:\/\/www.ondernemendvenlo.nl\/wp-content\/uploads\/2025\/02\/Ondernemend-Venlo-logo-scaled.webp\",\"width\":2560,\"height\":1010,\"caption\":\"Ondernemend Venlo\"},\"image\":{\"@id\":\"https:\/\/www.ondernemendvenlo.nl\/#\/schema\/logo\/image\/\"},\"sameAs\":[\"https:\/\/www.linkedin.com\/company\/ondernemend-venlo\/\"]},{\"@type\":\"Person\",\"@id\":\"https:\/\/www.ondernemendvenlo.nl\/#\/schema\/person\/347e935f8ad4c7030608ef74bb57aa6e\",\"name\":\"admin\",\"image\":{\"@type\":\"ImageObject\",\"inLanguage\":\"de\",\"@id\":\"https:\/\/www.ondernemendvenlo.nl\/#\/schema\/person\/image\/\",\"url\":\"https:\/\/www.ondernemendvenlo.nl\/wp-content\/litespeed\/avatar\/720af750b037aecf6e33e12833479059.jpg?ver=1777382954\",\"contentUrl\":\"https:\/\/www.ondernemendvenlo.nl\/wp-content\/litespeed\/avatar\/720af750b037aecf6e33e12833479059.jpg?ver=1777382954\",\"caption\":\"admin\"},\"sameAs\":[\"https:\/\/www.ondernemendvenlo.nl\"]}]}<\/script>\n<!-- \/ Yoast SEO plugin. -->","yoast_head_json":{"title":"De zelfredzame medewerker: Zijn we er klaar voor? - Ondernemend Venlo","robots":{"index":"index","follow":"follow","max-snippet":"max-snippet:-1","max-image-preview":"max-image-preview:large","max-video-preview":"max-video-preview:-1"},"canonical":"https:\/\/www.ondernemendvenlo.nl\/de\/de-zelfredzame-medewerker-zijn-we-er-klaar-voor\/","og_locale":"de_DE","og_type":"article","og_title":"De zelfredzame medewerker: Zijn we er klaar voor? - Ondernemend Venlo","og_description":"Meer zelfredzaamheid in de samenleving. Dat is de trend die de afgelopen jaren is ingezet. Het Platform Vrijwilligersorganisatie Venlo (PVOV) versterkt en ondersteunt inwoners op weg hier naartoe. En waarom niet in samenwerking met het bedrijfsleven? Het mes snijdt immers aan twee kanten, beredeneert het platform: het verhoogt welzijn bij de medewerker en komt ook [&hellip;]","og_url":"https:\/\/www.ondernemendvenlo.nl\/de\/de-zelfredzame-medewerker-zijn-we-er-klaar-voor\/","og_site_name":"Ondernemend Venlo","article_published_time":"2021-06-29T05:14:32+00:00","og_image":[{"width":1024,"height":684,"url":"https:\/\/www.ondernemendvenlo.nl\/wp-content\/uploads\/2025\/04\/Schermafbeelding-2021-06-30-om-09.08.06-1024x684.png","type":"image\/png"}],"author":"admin","twitter_card":"summary_large_image","twitter_misc":{"Verfasst von":"admin","Gesch\u00e4tzte Lesezeit":"5\u00a0Minuten"},"schema":{"@context":"https:\/\/schema.org","@graph":[{"@type":"Article","@id":"https:\/\/www.ondernemendvenlo.nl\/de-zelfredzame-medewerker-zijn-we-er-klaar-voor\/#article","isPartOf":{"@id":"https:\/\/www.ondernemendvenlo.nl\/de-zelfredzame-medewerker-zijn-we-er-klaar-voor\/"},"author":{"name":"admin","@id":"https:\/\/www.ondernemendvenlo.nl\/#\/schema\/person\/347e935f8ad4c7030608ef74bb57aa6e"},"headline":"De zelfredzame medewerker: Zijn we er klaar voor?","datePublished":"2021-06-29T05:14:32+00:00","mainEntityOfPage":{"@id":"https:\/\/www.ondernemendvenlo.nl\/de-zelfredzame-medewerker-zijn-we-er-klaar-voor\/"},"wordCount":977,"publisher":{"@id":"https:\/\/www.ondernemendvenlo.nl\/#organization"},"image":{"@id":"https:\/\/www.ondernemendvenlo.nl\/de-zelfredzame-medewerker-zijn-we-er-klaar-voor\/#primaryimage"},"thumbnailUrl":"https:\/\/www.ondernemendvenlo.nl\/wp-content\/uploads\/2025\/04\/Schermafbeelding-2021-06-30-om-09.08.06.png","articleSection":["Nieuws"],"inLanguage":"de"},{"@type":"WebPage","@id":"https:\/\/www.ondernemendvenlo.nl\/de-zelfredzame-medewerker-zijn-we-er-klaar-voor\/","url":"https:\/\/www.ondernemendvenlo.nl\/de-zelfredzame-medewerker-zijn-we-er-klaar-voor\/","name":"De zelfredzame medewerker: Zijn we er klaar voor? - Ondernemend Venlo","isPartOf":{"@id":"https:\/\/www.ondernemendvenlo.nl\/#website"},"primaryImageOfPage":{"@id":"https:\/\/www.ondernemendvenlo.nl\/de-zelfredzame-medewerker-zijn-we-er-klaar-voor\/#primaryimage"},"image":{"@id":"https:\/\/www.ondernemendvenlo.nl\/de-zelfredzame-medewerker-zijn-we-er-klaar-voor\/#primaryimage"},"thumbnailUrl":"https:\/\/www.ondernemendvenlo.nl\/wp-content\/uploads\/2025\/04\/Schermafbeelding-2021-06-30-om-09.08.06.png","datePublished":"2021-06-29T05:14:32+00:00","breadcrumb":{"@id":"https:\/\/www.ondernemendvenlo.nl\/de-zelfredzame-medewerker-zijn-we-er-klaar-voor\/#breadcrumb"},"inLanguage":"de","potentialAction":[{"@type":"ReadAction","target":["https:\/\/www.ondernemendvenlo.nl\/de-zelfredzame-medewerker-zijn-we-er-klaar-voor\/"]}]},{"@type":"ImageObject","inLanguage":"de","@id":"https:\/\/www.ondernemendvenlo.nl\/de-zelfredzame-medewerker-zijn-we-er-klaar-voor\/#primaryimage","url":"https:\/\/www.ondernemendvenlo.nl\/wp-content\/uploads\/2025\/04\/Schermafbeelding-2021-06-30-om-09.08.06.png","contentUrl":"https:\/\/www.ondernemendvenlo.nl\/wp-content\/uploads\/2025\/04\/Schermafbeelding-2021-06-30-om-09.08.06.png","width":3704,"height":2474},{"@type":"BreadcrumbList","@id":"https:\/\/www.ondernemendvenlo.nl\/de-zelfredzame-medewerker-zijn-we-er-klaar-voor\/#breadcrumb","itemListElement":[{"@type":"ListItem","position":1,"name":"Ondernemend Venlo","item":"https:\/\/www.ondernemendvenlo.nl\/"},{"@type":"ListItem","position":2,"name":"Nieuws","item":"https:\/\/www.ondernemendvenlo.nl\/categorie\/nieuws\/"},{"@type":"ListItem","position":3,"name":"De zelfredzame medewerker: Zijn we er klaar voor?"}]},{"@type":"WebSite","@id":"https:\/\/www.ondernemendvenlo.nl\/#website","url":"https:\/\/www.ondernemendvenlo.nl\/","name":"Unternehmerisches Venlo","description":"Samen succesvol ondernemen","publisher":{"@id":"https:\/\/www.ondernemendvenlo.nl\/#organization"},"potentialAction":[{"@type":"SearchAction","target":{"@type":"EntryPoint","urlTemplate":"https:\/\/www.ondernemendvenlo.nl\/?s={search_term_string}"},"query-input":{"@type":"PropertyValueSpecification","valueRequired":true,"valueName":"search_term_string"}}],"inLanguage":"de"},{"@type":"Organization","@id":"https:\/\/www.ondernemendvenlo.nl\/#organization","name":"Unternehmerisches Venlo","url":"https:\/\/www.ondernemendvenlo.nl\/","logo":{"@type":"ImageObject","inLanguage":"de","@id":"https:\/\/www.ondernemendvenlo.nl\/#\/schema\/logo\/image\/","url":"https:\/\/www.ondernemendvenlo.nl\/wp-content\/uploads\/2025\/02\/Ondernemend-Venlo-logo-scaled.webp","contentUrl":"https:\/\/www.ondernemendvenlo.nl\/wp-content\/uploads\/2025\/02\/Ondernemend-Venlo-logo-scaled.webp","width":2560,"height":1010,"caption":"Ondernemend Venlo"},"image":{"@id":"https:\/\/www.ondernemendvenlo.nl\/#\/schema\/logo\/image\/"},"sameAs":["https:\/\/www.linkedin.com\/company\/ondernemend-venlo\/"]},{"@type":"Person","@id":"https:\/\/www.ondernemendvenlo.nl\/#\/schema\/person\/347e935f8ad4c7030608ef74bb57aa6e","name":"admin","image":{"@type":"ImageObject","inLanguage":"de","@id":"https:\/\/www.ondernemendvenlo.nl\/#\/schema\/person\/image\/","url":"https:\/\/www.ondernemendvenlo.nl\/wp-content\/litespeed\/avatar\/720af750b037aecf6e33e12833479059.jpg?ver=1777382954","contentUrl":"https:\/\/www.ondernemendvenlo.nl\/wp-content\/litespeed\/avatar\/720af750b037aecf6e33e12833479059.jpg?ver=1777382954","caption":"admin"},"sameAs":["https:\/\/www.ondernemendvenlo.nl"]}]}},"_links":{"self":[{"href":"https:\/\/www.ondernemendvenlo.nl\/de\/wp-json\/wp\/v2\/posts\/2532","targetHints":{"allow":["GET"]}}],"collection":[{"href":"https:\/\/www.ondernemendvenlo.nl\/de\/wp-json\/wp\/v2\/posts"}],"about":[{"href":"https:\/\/www.ondernemendvenlo.nl\/de\/wp-json\/wp\/v2\/types\/post"}],"author":[{"embeddable":true,"href":"https:\/\/www.ondernemendvenlo.nl\/de\/wp-json\/wp\/v2\/users\/1"}],"replies":[{"embeddable":true,"href":"https:\/\/www.ondernemendvenlo.nl\/de\/wp-json\/wp\/v2\/comments?post=2532"}],"version-history":[{"count":0,"href":"https:\/\/www.ondernemendvenlo.nl\/de\/wp-json\/wp\/v2\/posts\/2532\/revisions"}],"wp:featuredmedia":[{"embeddable":true,"href":"https:\/\/www.ondernemendvenlo.nl\/de\/wp-json\/wp\/v2\/media\/2533"}],"wp:attachment":[{"href":"https:\/\/www.ondernemendvenlo.nl\/de\/wp-json\/wp\/v2\/media?parent=2532"}],"wp:term":[{"taxonomy":"category","embeddable":true,"href":"https:\/\/www.ondernemendvenlo.nl\/de\/wp-json\/wp\/v2\/categories?post=2532"},{"taxonomy":"post_tag","embeddable":true,"href":"https:\/\/www.ondernemendvenlo.nl\/de\/wp-json\/wp\/v2\/tags?post=2532"}],"curies":[{"name":"wp","href":"https:\/\/api.w.org\/{rel}","templated":true}]}}