{"id":2714,"date":"2022-07-01T11:20:39","date_gmt":"2022-07-01T09:20:39","guid":{"rendered":"https:\/\/www.ondernemendvenlo.nl\/top-maakbedrijven-noord-limburg-lanceert-plannen\/"},"modified":"2022-07-01T11:20:39","modified_gmt":"2022-07-01T09:20:39","slug":"top-maakbedrijven-noord-limburg-lanceert-plannen","status":"publish","type":"post","link":"https:\/\/www.ondernemendvenlo.nl\/de\/top-maakbedrijven-noord-limburg-lanceert-plannen\/","title":{"rendered":"Top maakbedrijven Noord-Limburg lanceert plannen"},"content":{"rendered":"<p class=\"p2\"><b>De Noord-Limburgse maakindustrie is de belangrijkste drager van de regionale economie. De 300 maakbedrijven die in de regio gevestigd zijn genereren jaarlijks 7,5 miljard euro aan waarde. Dit is 33% van het totaal bruto regionaal product! 21 van deze bedrijven zijn wereldmarktleiders. Om deze kopposities te behouden wil de maakindustrie gezamenlijk innoveren en samenwerken. De 70 eigenaren en directeuren van maakbedrijven kwamen bij Canon bijeen op initiatief van Land van de Makers.<\/b><\/p>\n<p class=\"p3\"><strong>Samenwerken versnelt innovatieve vermogen<br \/>\n<\/strong>Tijdens het evenement benadrukte Canon\u2019s Senior Vice President Manufacturing &amp; Logistics en voorzitter van Land<span class=\"Apple-converted-space\">\u00a0<\/span>van de Makers Dick Moerkens het belang van samenwerken.<span class=\"Apple-converted-space\">\u00a0<\/span><\/p>\n<p class=\"p2\"><i>\u201cDe huidige ontwikkelingen in de markt gaan erg snel en het vraagt veel van ondernemers om die bij te benen. Juist door samen te werken, van elkaar te leren, kennis te delen en zoveel mogelijk bedrijven erbij te betrekken, kunnen maakbedrijven in de regio hun concurrentiekracht behouden en vergroten. Er zijn nu al programma\u2019s opgesteld voor lean manufacturing en circulariteit zodat bedrijven qua innovatie en efficiency competitief blijven en duurzaam kunnen doorgroeien.<span class=\"Apple-converted-space\">\u00a0<\/span><\/i><i>Dit laatste is ook weer ontzettend belangrijk om talentvolle mensen te werven. Op HR gebied zien we nu al mooie samenwerkingen ontstaan tussen de bedrijven.\u201d<span class=\"Apple-converted-space\">\u00a0<\/span><\/i><\/p>\n<p class=\"p3\"><strong>Land van de Makers biedt burgemeester actieprogramma aan<br \/>\n<\/strong>Aandachtige deelnemer van het evenement was burgemeester Antoin Scholten van Venlo.<\/p>\n<p class=\"p2\">Hij kreeg het Actieprogramma Maakindustrie Noord-Limburg uitgereikt. Dit actieprogramma is opgesteld door leden van Land van de Makers en Crossroads. <i>\u201cDoor als ondernemers onze investeringen te bundelen en samen te werken kan er vanuit de regionale gemeenten subsidiair worden bijgedragen. Een zeer positieve ontwikkeling.\u201d<span class=\"Apple-converted-space\">\u00a0<\/span><\/i>Aldus Dick Moerkens.<span class=\"Apple-converted-space\">\u00a0<\/span><\/p>\n<p class=\"p2\">Burgemeester Antoin Scholten gaf aan bijzonder blij te zijn met het initiatief van Land van de Makers. <i>\u201cDe maakindustrie is ontzettend belangrijk voor de regio en er zijn regionaal \u00e9n euregionaal diverse mogelijkheden op het gebied van ondersteuning. De bal ligt bij de maakbedrijven uit de regio om zich bij dit initiatief aan te sluiten en ook daadwerkelijk gebruik te maken van de mogelijkheden die er zijn.\u201d<\/i><\/p>\n<p class=\"p3\"><strong>Een mooi toekomstperspectief!<br \/>\n<\/strong>Gedurende de dag is er concreet toegelicht welke samenwerkingen er al zijn op het gebied van<span class=\"Apple-converted-space\">\u00a0<\/span>Lean manufacturing, circulariteit \u00e9n HR.<span class=\"Apple-converted-space\">\u00a0<\/span><\/p>\n<p class=\"p2\">Dit moet in de nabije toekomst leiden tot een regionaal netwerk van HR-managers van verschillende bedrijven die met elkaar samenwerken. Minder wervingsinspanningen en -kosten, sneller vacatures ingevuld. En bijvoorbeeld ook uitwisseling van personeel in geval van piekbelasting. Ontwikkelperspectieven voor medewerkers over onze maakbedrijven heen. Daarbij zien we een in Nederland herkenbare regionale \u201clean manufacturing valley\u201d uitstraling ontstaan. Een circulaire hoogwaardige, veelzijdige en effici\u00ebnte maakindustrie. Waarbij de transitie van alleen aandacht voor financi\u00eble groei naar \u00e9cht duurzame groei stap voor stap verder wordt gerealiseerd.<\/p>\n<p class=\"p1\"><strong>Wil je meer weten<span class=\"Apple-converted-space\">\u00a0<\/span>over onze plannen,<span class=\"Apple-converted-space\">\u00a0<\/span>het actieprogramma<span class=\"Apple-converted-space\">\u00a0<\/span>en de mogelijkheden<span class=\"Apple-converted-space\">\u00a0<\/span>binnen het Land van<span class=\"Apple-converted-space\">\u00a0<\/span>de Makers?<\/strong><span class=\"Apple-converted-space\"><br \/>\n<\/span>Neem dan gerust contact<span class=\"Apple-converted-space\">\u00a0<\/span>op met Vera Schatorj\u00e9,<span class=\"Apple-converted-space\">\u00a0<\/span>tel. 06 4894 5101 of via<span class=\"Apple-converted-space\">\u00a0<\/span>het contactformulier<span class=\"Apple-converted-space\"> op <a href=\"https:\/\/www.landvandemakers.nl\/contact\/\">www.landvandemakers.nl<\/a><\/span><\/p>","protected":false},"excerpt":{"rendered":"<p>De Noord-Limburgse maakindustrie is de belangrijkste drager van de regionale economie. De 300 maakbedrijven die in de regio gevestigd zijn genereren jaarlijks 7,5 miljard euro aan waarde. Dit is 33% van het totaal bruto regionaal product! 21 van deze bedrijven zijn wereldmarktleiders. Om deze kopposities te behouden wil de maakindustrie gezamenlijk innoveren en samenwerken. De [&hellip;]<\/p>","protected":false},"author":1,"featured_media":2715,"comment_status":"closed","ping_status":"open","sticky":false,"template":"","format":"standard","meta":{"_acf_changed":false,"footnotes":""},"categories":[8],"tags":[],"class_list":["post-2714","post","type-post","status-publish","format-standard","has-post-thumbnail","hentry","category-nieuws"],"acf":[],"yoast_head":"<!-- This site is optimized with the Yoast SEO plugin v26.3 - https:\/\/yoast.com\/wordpress\/plugins\/seo\/ -->\n<title>Top maakbedrijven Noord-Limburg lanceert plannen - Ondernemend Venlo<\/title>\n<meta name=\"robots\" content=\"index, follow, max-snippet:-1, max-image-preview:large, max-video-preview:-1\" \/>\n<link rel=\"canonical\" href=\"https:\/\/www.ondernemendvenlo.nl\/de\/top-maakbedrijven-noord-limburg-lanceert-plannen\/\" \/>\n<meta property=\"og:locale\" content=\"de_DE\" \/>\n<meta property=\"og:type\" content=\"article\" \/>\n<meta property=\"og:title\" content=\"Top maakbedrijven Noord-Limburg lanceert plannen - Ondernemend Venlo\" \/>\n<meta property=\"og:description\" content=\"De Noord-Limburgse maakindustrie is de belangrijkste drager van de regionale economie. De 300 maakbedrijven die in de regio gevestigd zijn genereren jaarlijks 7,5 miljard euro aan waarde. Dit is 33% van het totaal bruto regionaal product! 21 van deze bedrijven zijn wereldmarktleiders. Om deze kopposities te behouden wil de maakindustrie gezamenlijk innoveren en samenwerken. De [&hellip;]\" \/>\n<meta property=\"og:url\" content=\"https:\/\/www.ondernemendvenlo.nl\/de\/top-maakbedrijven-noord-limburg-lanceert-plannen\/\" \/>\n<meta property=\"og:site_name\" content=\"Ondernemend Venlo\" \/>\n<meta property=\"article:published_time\" content=\"2022-07-01T09:20:39+00:00\" \/>\n<meta property=\"og:image\" content=\"https:\/\/www.ondernemendvenlo.nl\/wp-content\/uploads\/2025\/04\/Plannen_LandvdMakers.jpg\" \/>\n\t<meta property=\"og:image:width\" content=\"1920\" \/>\n\t<meta property=\"og:image:height\" content=\"1080\" \/>\n\t<meta property=\"og:image:type\" content=\"image\/jpeg\" \/>\n<meta name=\"author\" content=\"admin\" \/>\n<meta name=\"twitter:card\" content=\"summary_large_image\" \/>\n<meta name=\"twitter:label1\" content=\"Verfasst von\" \/>\n\t<meta name=\"twitter:data1\" content=\"admin\" \/>\n\t<meta name=\"twitter:label2\" content=\"Gesch\u00e4tzte Lesezeit\" \/>\n\t<meta name=\"twitter:data2\" content=\"2\u00a0Minuten\" \/>\n<script type=\"application\/ld+json\" class=\"yoast-schema-graph\">{\"@context\":\"https:\/\/schema.org\",\"@graph\":[{\"@type\":\"Article\",\"@id\":\"https:\/\/www.ondernemendvenlo.nl\/top-maakbedrijven-noord-limburg-lanceert-plannen\/#article\",\"isPartOf\":{\"@id\":\"https:\/\/www.ondernemendvenlo.nl\/top-maakbedrijven-noord-limburg-lanceert-plannen\/\"},\"author\":{\"name\":\"admin\",\"@id\":\"https:\/\/www.ondernemendvenlo.nl\/#\/schema\/person\/347e935f8ad4c7030608ef74bb57aa6e\"},\"headline\":\"Top maakbedrijven Noord-Limburg lanceert plannen\",\"datePublished\":\"2022-07-01T09:20:39+00:00\",\"mainEntityOfPage\":{\"@id\":\"https:\/\/www.ondernemendvenlo.nl\/top-maakbedrijven-noord-limburg-lanceert-plannen\/\"},\"wordCount\":476,\"publisher\":{\"@id\":\"https:\/\/www.ondernemendvenlo.nl\/#organization\"},\"image\":{\"@id\":\"https:\/\/www.ondernemendvenlo.nl\/top-maakbedrijven-noord-limburg-lanceert-plannen\/#primaryimage\"},\"thumbnailUrl\":\"https:\/\/www.ondernemendvenlo.nl\/wp-content\/uploads\/2025\/04\/Plannen_LandvdMakers.jpg\",\"articleSection\":[\"Nieuws\"],\"inLanguage\":\"de\"},{\"@type\":\"WebPage\",\"@id\":\"https:\/\/www.ondernemendvenlo.nl\/top-maakbedrijven-noord-limburg-lanceert-plannen\/\",\"url\":\"https:\/\/www.ondernemendvenlo.nl\/top-maakbedrijven-noord-limburg-lanceert-plannen\/\",\"name\":\"Top maakbedrijven Noord-Limburg lanceert plannen - Ondernemend Venlo\",\"isPartOf\":{\"@id\":\"https:\/\/www.ondernemendvenlo.nl\/#website\"},\"primaryImageOfPage\":{\"@id\":\"https:\/\/www.ondernemendvenlo.nl\/top-maakbedrijven-noord-limburg-lanceert-plannen\/#primaryimage\"},\"image\":{\"@id\":\"https:\/\/www.ondernemendvenlo.nl\/top-maakbedrijven-noord-limburg-lanceert-plannen\/#primaryimage\"},\"thumbnailUrl\":\"https:\/\/www.ondernemendvenlo.nl\/wp-content\/uploads\/2025\/04\/Plannen_LandvdMakers.jpg\",\"datePublished\":\"2022-07-01T09:20:39+00:00\",\"breadcrumb\":{\"@id\":\"https:\/\/www.ondernemendvenlo.nl\/top-maakbedrijven-noord-limburg-lanceert-plannen\/#breadcrumb\"},\"inLanguage\":\"de\",\"potentialAction\":[{\"@type\":\"ReadAction\",\"target\":[\"https:\/\/www.ondernemendvenlo.nl\/top-maakbedrijven-noord-limburg-lanceert-plannen\/\"]}]},{\"@type\":\"ImageObject\",\"inLanguage\":\"de\",\"@id\":\"https:\/\/www.ondernemendvenlo.nl\/top-maakbedrijven-noord-limburg-lanceert-plannen\/#primaryimage\",\"url\":\"https:\/\/www.ondernemendvenlo.nl\/wp-content\/uploads\/2025\/04\/Plannen_LandvdMakers.jpg\",\"contentUrl\":\"https:\/\/www.ondernemendvenlo.nl\/wp-content\/uploads\/2025\/04\/Plannen_LandvdMakers.jpg\",\"width\":1920,\"height\":1080},{\"@type\":\"BreadcrumbList\",\"@id\":\"https:\/\/www.ondernemendvenlo.nl\/top-maakbedrijven-noord-limburg-lanceert-plannen\/#breadcrumb\",\"itemListElement\":[{\"@type\":\"ListItem\",\"position\":1,\"name\":\"Ondernemend Venlo\",\"item\":\"https:\/\/www.ondernemendvenlo.nl\/\"},{\"@type\":\"ListItem\",\"position\":2,\"name\":\"Nieuws\",\"item\":\"https:\/\/www.ondernemendvenlo.nl\/categorie\/nieuws\/\"},{\"@type\":\"ListItem\",\"position\":3,\"name\":\"Top maakbedrijven Noord-Limburg lanceert plannen\"}]},{\"@type\":\"WebSite\",\"@id\":\"https:\/\/www.ondernemendvenlo.nl\/#website\",\"url\":\"https:\/\/www.ondernemendvenlo.nl\/\",\"name\":\"Ondernemend Venlo\",\"description\":\"Samen succesvol ondernemen\",\"publisher\":{\"@id\":\"https:\/\/www.ondernemendvenlo.nl\/#organization\"},\"potentialAction\":[{\"@type\":\"SearchAction\",\"target\":{\"@type\":\"EntryPoint\",\"urlTemplate\":\"https:\/\/www.ondernemendvenlo.nl\/?s={search_term_string}\"},\"query-input\":{\"@type\":\"PropertyValueSpecification\",\"valueRequired\":true,\"valueName\":\"search_term_string\"}}],\"inLanguage\":\"de\"},{\"@type\":\"Organization\",\"@id\":\"https:\/\/www.ondernemendvenlo.nl\/#organization\",\"name\":\"Ondernemend Venlo\",\"url\":\"https:\/\/www.ondernemendvenlo.nl\/\",\"logo\":{\"@type\":\"ImageObject\",\"inLanguage\":\"de\",\"@id\":\"https:\/\/www.ondernemendvenlo.nl\/#\/schema\/logo\/image\/\",\"url\":\"https:\/\/www.ondernemendvenlo.nl\/wp-content\/uploads\/2025\/02\/Ondernemend-Venlo-logo-scaled.webp\",\"contentUrl\":\"https:\/\/www.ondernemendvenlo.nl\/wp-content\/uploads\/2025\/02\/Ondernemend-Venlo-logo-scaled.webp\",\"width\":2560,\"height\":1010,\"caption\":\"Ondernemend Venlo\"},\"image\":{\"@id\":\"https:\/\/www.ondernemendvenlo.nl\/#\/schema\/logo\/image\/\"},\"sameAs\":[\"https:\/\/www.linkedin.com\/company\/ondernemend-venlo\/\"]},{\"@type\":\"Person\",\"@id\":\"https:\/\/www.ondernemendvenlo.nl\/#\/schema\/person\/347e935f8ad4c7030608ef74bb57aa6e\",\"name\":\"admin\",\"image\":{\"@type\":\"ImageObject\",\"inLanguage\":\"de\",\"@id\":\"https:\/\/www.ondernemendvenlo.nl\/#\/schema\/person\/image\/\",\"url\":\"https:\/\/www.ondernemendvenlo.nl\/wp-content\/litespeed\/avatar\/720af750b037aecf6e33e12833479059.jpg?ver=1777382954\",\"contentUrl\":\"https:\/\/www.ondernemendvenlo.nl\/wp-content\/litespeed\/avatar\/720af750b037aecf6e33e12833479059.jpg?ver=1777382954\",\"caption\":\"admin\"},\"sameAs\":[\"https:\/\/www.ondernemendvenlo.nl\"]}]}<\/script>\n<!-- \/ Yoast SEO plugin. -->","yoast_head_json":{"title":"Top maakbedrijven Noord-Limburg lanceert plannen - Ondernemend Venlo","robots":{"index":"index","follow":"follow","max-snippet":"max-snippet:-1","max-image-preview":"max-image-preview:large","max-video-preview":"max-video-preview:-1"},"canonical":"https:\/\/www.ondernemendvenlo.nl\/de\/top-maakbedrijven-noord-limburg-lanceert-plannen\/","og_locale":"de_DE","og_type":"article","og_title":"Top maakbedrijven Noord-Limburg lanceert plannen - Ondernemend Venlo","og_description":"De Noord-Limburgse maakindustrie is de belangrijkste drager van de regionale economie. De 300 maakbedrijven die in de regio gevestigd zijn genereren jaarlijks 7,5 miljard euro aan waarde. Dit is 33% van het totaal bruto regionaal product! 21 van deze bedrijven zijn wereldmarktleiders. Om deze kopposities te behouden wil de maakindustrie gezamenlijk innoveren en samenwerken. De [&hellip;]","og_url":"https:\/\/www.ondernemendvenlo.nl\/de\/top-maakbedrijven-noord-limburg-lanceert-plannen\/","og_site_name":"Ondernemend Venlo","article_published_time":"2022-07-01T09:20:39+00:00","og_image":[{"width":1920,"height":1080,"url":"https:\/\/www.ondernemendvenlo.nl\/wp-content\/uploads\/2025\/04\/Plannen_LandvdMakers.jpg","type":"image\/jpeg"}],"author":"admin","twitter_card":"summary_large_image","twitter_misc":{"Verfasst von":"admin","Gesch\u00e4tzte Lesezeit":"2\u00a0Minuten"},"schema":{"@context":"https:\/\/schema.org","@graph":[{"@type":"Article","@id":"https:\/\/www.ondernemendvenlo.nl\/top-maakbedrijven-noord-limburg-lanceert-plannen\/#article","isPartOf":{"@id":"https:\/\/www.ondernemendvenlo.nl\/top-maakbedrijven-noord-limburg-lanceert-plannen\/"},"author":{"name":"admin","@id":"https:\/\/www.ondernemendvenlo.nl\/#\/schema\/person\/347e935f8ad4c7030608ef74bb57aa6e"},"headline":"Top maakbedrijven Noord-Limburg lanceert plannen","datePublished":"2022-07-01T09:20:39+00:00","mainEntityOfPage":{"@id":"https:\/\/www.ondernemendvenlo.nl\/top-maakbedrijven-noord-limburg-lanceert-plannen\/"},"wordCount":476,"publisher":{"@id":"https:\/\/www.ondernemendvenlo.nl\/#organization"},"image":{"@id":"https:\/\/www.ondernemendvenlo.nl\/top-maakbedrijven-noord-limburg-lanceert-plannen\/#primaryimage"},"thumbnailUrl":"https:\/\/www.ondernemendvenlo.nl\/wp-content\/uploads\/2025\/04\/Plannen_LandvdMakers.jpg","articleSection":["Nieuws"],"inLanguage":"de"},{"@type":"WebPage","@id":"https:\/\/www.ondernemendvenlo.nl\/top-maakbedrijven-noord-limburg-lanceert-plannen\/","url":"https:\/\/www.ondernemendvenlo.nl\/top-maakbedrijven-noord-limburg-lanceert-plannen\/","name":"Top maakbedrijven Noord-Limburg lanceert plannen - Ondernemend Venlo","isPartOf":{"@id":"https:\/\/www.ondernemendvenlo.nl\/#website"},"primaryImageOfPage":{"@id":"https:\/\/www.ondernemendvenlo.nl\/top-maakbedrijven-noord-limburg-lanceert-plannen\/#primaryimage"},"image":{"@id":"https:\/\/www.ondernemendvenlo.nl\/top-maakbedrijven-noord-limburg-lanceert-plannen\/#primaryimage"},"thumbnailUrl":"https:\/\/www.ondernemendvenlo.nl\/wp-content\/uploads\/2025\/04\/Plannen_LandvdMakers.jpg","datePublished":"2022-07-01T09:20:39+00:00","breadcrumb":{"@id":"https:\/\/www.ondernemendvenlo.nl\/top-maakbedrijven-noord-limburg-lanceert-plannen\/#breadcrumb"},"inLanguage":"de","potentialAction":[{"@type":"ReadAction","target":["https:\/\/www.ondernemendvenlo.nl\/top-maakbedrijven-noord-limburg-lanceert-plannen\/"]}]},{"@type":"ImageObject","inLanguage":"de","@id":"https:\/\/www.ondernemendvenlo.nl\/top-maakbedrijven-noord-limburg-lanceert-plannen\/#primaryimage","url":"https:\/\/www.ondernemendvenlo.nl\/wp-content\/uploads\/2025\/04\/Plannen_LandvdMakers.jpg","contentUrl":"https:\/\/www.ondernemendvenlo.nl\/wp-content\/uploads\/2025\/04\/Plannen_LandvdMakers.jpg","width":1920,"height":1080},{"@type":"BreadcrumbList","@id":"https:\/\/www.ondernemendvenlo.nl\/top-maakbedrijven-noord-limburg-lanceert-plannen\/#breadcrumb","itemListElement":[{"@type":"ListItem","position":1,"name":"Ondernemend Venlo","item":"https:\/\/www.ondernemendvenlo.nl\/"},{"@type":"ListItem","position":2,"name":"Nieuws","item":"https:\/\/www.ondernemendvenlo.nl\/categorie\/nieuws\/"},{"@type":"ListItem","position":3,"name":"Top maakbedrijven Noord-Limburg lanceert plannen"}]},{"@type":"WebSite","@id":"https:\/\/www.ondernemendvenlo.nl\/#website","url":"https:\/\/www.ondernemendvenlo.nl\/","name":"Unternehmerisches Venlo","description":"Samen succesvol ondernemen","publisher":{"@id":"https:\/\/www.ondernemendvenlo.nl\/#organization"},"potentialAction":[{"@type":"SearchAction","target":{"@type":"EntryPoint","urlTemplate":"https:\/\/www.ondernemendvenlo.nl\/?s={search_term_string}"},"query-input":{"@type":"PropertyValueSpecification","valueRequired":true,"valueName":"search_term_string"}}],"inLanguage":"de"},{"@type":"Organization","@id":"https:\/\/www.ondernemendvenlo.nl\/#organization","name":"Unternehmerisches Venlo","url":"https:\/\/www.ondernemendvenlo.nl\/","logo":{"@type":"ImageObject","inLanguage":"de","@id":"https:\/\/www.ondernemendvenlo.nl\/#\/schema\/logo\/image\/","url":"https:\/\/www.ondernemendvenlo.nl\/wp-content\/uploads\/2025\/02\/Ondernemend-Venlo-logo-scaled.webp","contentUrl":"https:\/\/www.ondernemendvenlo.nl\/wp-content\/uploads\/2025\/02\/Ondernemend-Venlo-logo-scaled.webp","width":2560,"height":1010,"caption":"Ondernemend Venlo"},"image":{"@id":"https:\/\/www.ondernemendvenlo.nl\/#\/schema\/logo\/image\/"},"sameAs":["https:\/\/www.linkedin.com\/company\/ondernemend-venlo\/"]},{"@type":"Person","@id":"https:\/\/www.ondernemendvenlo.nl\/#\/schema\/person\/347e935f8ad4c7030608ef74bb57aa6e","name":"admin","image":{"@type":"ImageObject","inLanguage":"de","@id":"https:\/\/www.ondernemendvenlo.nl\/#\/schema\/person\/image\/","url":"https:\/\/www.ondernemendvenlo.nl\/wp-content\/litespeed\/avatar\/720af750b037aecf6e33e12833479059.jpg?ver=1777382954","contentUrl":"https:\/\/www.ondernemendvenlo.nl\/wp-content\/litespeed\/avatar\/720af750b037aecf6e33e12833479059.jpg?ver=1777382954","caption":"admin"},"sameAs":["https:\/\/www.ondernemendvenlo.nl"]}]}},"_links":{"self":[{"href":"https:\/\/www.ondernemendvenlo.nl\/de\/wp-json\/wp\/v2\/posts\/2714","targetHints":{"allow":["GET"]}}],"collection":[{"href":"https:\/\/www.ondernemendvenlo.nl\/de\/wp-json\/wp\/v2\/posts"}],"about":[{"href":"https:\/\/www.ondernemendvenlo.nl\/de\/wp-json\/wp\/v2\/types\/post"}],"author":[{"embeddable":true,"href":"https:\/\/www.ondernemendvenlo.nl\/de\/wp-json\/wp\/v2\/users\/1"}],"replies":[{"embeddable":true,"href":"https:\/\/www.ondernemendvenlo.nl\/de\/wp-json\/wp\/v2\/comments?post=2714"}],"version-history":[{"count":0,"href":"https:\/\/www.ondernemendvenlo.nl\/de\/wp-json\/wp\/v2\/posts\/2714\/revisions"}],"wp:featuredmedia":[{"embeddable":true,"href":"https:\/\/www.ondernemendvenlo.nl\/de\/wp-json\/wp\/v2\/media\/2715"}],"wp:attachment":[{"href":"https:\/\/www.ondernemendvenlo.nl\/de\/wp-json\/wp\/v2\/media?parent=2714"}],"wp:term":[{"taxonomy":"category","embeddable":true,"href":"https:\/\/www.ondernemendvenlo.nl\/de\/wp-json\/wp\/v2\/categories?post=2714"},{"taxonomy":"post_tag","embeddable":true,"href":"https:\/\/www.ondernemendvenlo.nl\/de\/wp-json\/wp\/v2\/tags?post=2714"}],"curies":[{"name":"wp","href":"https:\/\/api.w.org\/{rel}","templated":true}]}}