{"id":2759,"date":"2022-09-15T11:51:19","date_gmt":"2022-09-15T09:51:19","guid":{"rendered":"https:\/\/www.ondernemendvenlo.nl\/bijeenkomst-venlosupport-19-oktober\/"},"modified":"2022-09-15T11:51:19","modified_gmt":"2022-09-15T09:51:19","slug":"bijeenkomst-venlosupport-19-oktober","status":"publish","type":"post","link":"https:\/\/www.ondernemendvenlo.nl\/de\/bijeenkomst-venlosupport-19-oktober\/","title":{"rendered":"Treffen VenloSupport 19. Oktober"},"content":{"rendered":"<p><strong>Hilfe, meine Mitarbeiter gehen unter!<\/strong><\/p>\n<p>Steigende Energiepreise und die Inflation haben dazu gef\u00fchrt, dass sich viele Arbeitnehmer nicht mehr \u00fcber Wasser halten k\u00f6nnen. Selbst wenn sie ein gutes Einkommen haben und noch nie finanzielle Probleme hatten. Sie fragen sich, wie Sie sie unterst\u00fctzen k\u00f6nnen und welche Hilfen es daf\u00fcr gibt?<\/p>\n<p>Am 19. Oktober organisiert VenloSupport ein Treffen f\u00fcr Arbeitgeber in Venlo, bei dem Informationen und Instrumente zur Unterst\u00fctzung von Arbeitnehmern angeboten werden, die finanzielle Probleme haben oder damit konfrontiert sind. Dieses Treffen wird von der Genossenschaft Rabobank und der Stadt Venlo gemeinsam gesponsert und ist Teil der Woche der Armut, die von der Stadt Venlo vom 16. bis 21. Oktober 2022 organisiert wird.<\/p>\n<p>Machen Sie eine Notiz in Ihrem Terminkalender:<\/p>\n<p>Datum: 19. Oktober<\/p>\n<p>Zeit: von 15.00 Uhr bis 18.30 Uhr.<\/p>\n<p>Standort:               Rabobank Venlo<\/p>\n<p>W\u00e4hrend dieses Treffens erhalten Sie Handouts, wie Sie finanzielle Probleme Ihrer Mitarbeiter angehen k\u00f6nnen:<\/p>\n<ul>\n<li>Wie erkenne ich fr\u00fchzeitig, ob ein Arbeitnehmer von finanziellen Schwierigkeiten bedroht ist?<\/li>\n<li>Wie beginne ich das Gespr\u00e4ch mit dem Mitarbeiter? Wie schaffe ich eine Kultur, in der dieses Thema diskutiert werden kann, und wie schaffe ich eine Person, mit der ich dieses Gespr\u00e4ch f\u00fchren kann?<\/li>\n<li>Welche Instrumente kann ich nutzen, um einem Mitarbeiter zu helfen?<\/li>\n<\/ul>\n<p>Au\u00dferdem k\u00f6nnen Sie Partner treffen, die Sie unterst\u00fctzen k\u00f6nnen.<\/p>\n<p>Zu diesem Treffen laden wir ein:<\/p>\n<ul>\n<li>Arbeitgeber in der Gemeinde Venlo, die erkennen, dass Arbeitnehmer Probleme haben und etwas dagegen tun wollen<\/li>\n<li>Kontakte innerhalb dieser Organisationen, die \u00fcber die Entscheidungsbefugnis zum Einsatz von Tools verf\u00fcgen und ein internes Gespr\u00e4ch beginnen k\u00f6nnen (z. B. Eigent\u00fcmer, Direktor, Personalleiter)<\/li>\n<\/ul>\n<p>Weitere Informationen werden in K\u00fcrze auf unserer Website ver\u00f6ffentlicht. <a href=\"http:\/\/www.venlosupport.nl\" target=\"_blank\" rel=\"noopener\">www.venlosupport.nl<\/a> oder folgen Sie uns auf LinkedIn.<\/p>\n<p>F\u00fcr weitere Informationen oder eine (Vor-)Anmeldung senden Sie bitte eine E-Mail:<\/p>\n<p><a href=\"mailto:welkom@platformvrijwilligers.nl\" target=\"_blank\" rel=\"noopener\">welkom@platformvrijwilligers.nl<\/a><\/p>\n<p>&nbsp;<\/p>","protected":false},"excerpt":{"rendered":"<p>Help, mijn medewerkers gaan kopje onder! Door torenhoge energieprijzen en inflatie kunnen veel medewerkers het hoofd niet meer boven water houden. Ook als zij een goed inkomen hebben en nooit eerder problemen op financieel gebied hebben gehad. U vraagt zich af hoe u hen kunt ondersteunen en welke hulp daarvoor beschikbaar is? Op 19 oktober [&hellip;]<\/p>","protected":false},"author":1,"featured_media":2760,"comment_status":"closed","ping_status":"open","sticky":false,"template":"","format":"standard","meta":{"_acf_changed":false,"footnotes":""},"categories":[8],"tags":[],"class_list":["post-2759","post","type-post","status-publish","format-standard","has-post-thumbnail","hentry","category-nieuws"],"acf":[],"yoast_head":"<!-- This site is optimized with the Yoast SEO plugin v26.3 - https:\/\/yoast.com\/wordpress\/plugins\/seo\/ -->\n<title>Bijeenkomst VenloSupport 19 oktober - Ondernemend Venlo<\/title>\n<meta name=\"robots\" content=\"index, follow, max-snippet:-1, max-image-preview:large, max-video-preview:-1\" \/>\n<link rel=\"canonical\" href=\"https:\/\/www.ondernemendvenlo.nl\/de\/bijeenkomst-venlosupport-19-oktober\/\" \/>\n<meta property=\"og:locale\" content=\"de_DE\" \/>\n<meta property=\"og:type\" content=\"article\" \/>\n<meta property=\"og:title\" content=\"Bijeenkomst VenloSupport 19 oktober - Ondernemend Venlo\" \/>\n<meta property=\"og:description\" content=\"Help, mijn medewerkers gaan kopje onder! Door torenhoge energieprijzen en inflatie kunnen veel medewerkers het hoofd niet meer boven water houden. Ook als zij een goed inkomen hebben en nooit eerder problemen op financieel gebied hebben gehad. U vraagt zich af hoe u hen kunt ondersteunen en welke hulp daarvoor beschikbaar is? Op 19 oktober [&hellip;]\" \/>\n<meta property=\"og:url\" content=\"https:\/\/www.ondernemendvenlo.nl\/de\/bijeenkomst-venlosupport-19-oktober\/\" \/>\n<meta property=\"og:site_name\" content=\"Ondernemend Venlo\" \/>\n<meta property=\"article:published_time\" content=\"2022-09-15T09:51:19+00:00\" \/>\n<meta property=\"og:image\" content=\"https:\/\/www.ondernemendvenlo.nl\/wp-content\/uploads\/2025\/04\/19-oktober-VenloSupport.png\" \/>\n\t<meta property=\"og:image:width\" content=\"600\" \/>\n\t<meta property=\"og:image:height\" content=\"339\" \/>\n\t<meta property=\"og:image:type\" content=\"image\/png\" \/>\n<meta name=\"author\" content=\"admin\" \/>\n<meta name=\"twitter:card\" content=\"summary_large_image\" \/>\n<meta name=\"twitter:label1\" content=\"Verfasst von\" \/>\n\t<meta name=\"twitter:data1\" content=\"admin\" \/>\n\t<meta name=\"twitter:label2\" content=\"Gesch\u00e4tzte Lesezeit\" \/>\n\t<meta name=\"twitter:data2\" content=\"1\u00a0Minute\" \/>\n<script type=\"application\/ld+json\" class=\"yoast-schema-graph\">{\"@context\":\"https:\/\/schema.org\",\"@graph\":[{\"@type\":\"Article\",\"@id\":\"https:\/\/www.ondernemendvenlo.nl\/bijeenkomst-venlosupport-19-oktober\/#article\",\"isPartOf\":{\"@id\":\"https:\/\/www.ondernemendvenlo.nl\/bijeenkomst-venlosupport-19-oktober\/\"},\"author\":{\"name\":\"admin\",\"@id\":\"https:\/\/www.ondernemendvenlo.nl\/#\/schema\/person\/347e935f8ad4c7030608ef74bb57aa6e\"},\"headline\":\"Bijeenkomst VenloSupport 19 oktober\",\"datePublished\":\"2022-09-15T09:51:19+00:00\",\"mainEntityOfPage\":{\"@id\":\"https:\/\/www.ondernemendvenlo.nl\/bijeenkomst-venlosupport-19-oktober\/\"},\"wordCount\":288,\"publisher\":{\"@id\":\"https:\/\/www.ondernemendvenlo.nl\/#organization\"},\"image\":{\"@id\":\"https:\/\/www.ondernemendvenlo.nl\/bijeenkomst-venlosupport-19-oktober\/#primaryimage\"},\"thumbnailUrl\":\"https:\/\/www.ondernemendvenlo.nl\/wp-content\/uploads\/2025\/04\/19-oktober-VenloSupport.png\",\"articleSection\":[\"Nieuws\"],\"inLanguage\":\"de\"},{\"@type\":\"WebPage\",\"@id\":\"https:\/\/www.ondernemendvenlo.nl\/bijeenkomst-venlosupport-19-oktober\/\",\"url\":\"https:\/\/www.ondernemendvenlo.nl\/bijeenkomst-venlosupport-19-oktober\/\",\"name\":\"Bijeenkomst VenloSupport 19 oktober - Ondernemend Venlo\",\"isPartOf\":{\"@id\":\"https:\/\/www.ondernemendvenlo.nl\/#website\"},\"primaryImageOfPage\":{\"@id\":\"https:\/\/www.ondernemendvenlo.nl\/bijeenkomst-venlosupport-19-oktober\/#primaryimage\"},\"image\":{\"@id\":\"https:\/\/www.ondernemendvenlo.nl\/bijeenkomst-venlosupport-19-oktober\/#primaryimage\"},\"thumbnailUrl\":\"https:\/\/www.ondernemendvenlo.nl\/wp-content\/uploads\/2025\/04\/19-oktober-VenloSupport.png\",\"datePublished\":\"2022-09-15T09:51:19+00:00\",\"breadcrumb\":{\"@id\":\"https:\/\/www.ondernemendvenlo.nl\/bijeenkomst-venlosupport-19-oktober\/#breadcrumb\"},\"inLanguage\":\"de\",\"potentialAction\":[{\"@type\":\"ReadAction\",\"target\":[\"https:\/\/www.ondernemendvenlo.nl\/bijeenkomst-venlosupport-19-oktober\/\"]}]},{\"@type\":\"ImageObject\",\"inLanguage\":\"de\",\"@id\":\"https:\/\/www.ondernemendvenlo.nl\/bijeenkomst-venlosupport-19-oktober\/#primaryimage\",\"url\":\"https:\/\/www.ondernemendvenlo.nl\/wp-content\/uploads\/2025\/04\/19-oktober-VenloSupport.png\",\"contentUrl\":\"https:\/\/www.ondernemendvenlo.nl\/wp-content\/uploads\/2025\/04\/19-oktober-VenloSupport.png\",\"width\":600,\"height\":339},{\"@type\":\"BreadcrumbList\",\"@id\":\"https:\/\/www.ondernemendvenlo.nl\/bijeenkomst-venlosupport-19-oktober\/#breadcrumb\",\"itemListElement\":[{\"@type\":\"ListItem\",\"position\":1,\"name\":\"Ondernemend Venlo\",\"item\":\"https:\/\/www.ondernemendvenlo.nl\/\"},{\"@type\":\"ListItem\",\"position\":2,\"name\":\"Nieuws\",\"item\":\"https:\/\/www.ondernemendvenlo.nl\/categorie\/nieuws\/\"},{\"@type\":\"ListItem\",\"position\":3,\"name\":\"Bijeenkomst VenloSupport 19 oktober\"}]},{\"@type\":\"WebSite\",\"@id\":\"https:\/\/www.ondernemendvenlo.nl\/#website\",\"url\":\"https:\/\/www.ondernemendvenlo.nl\/\",\"name\":\"Ondernemend Venlo\",\"description\":\"Samen succesvol ondernemen\",\"publisher\":{\"@id\":\"https:\/\/www.ondernemendvenlo.nl\/#organization\"},\"potentialAction\":[{\"@type\":\"SearchAction\",\"target\":{\"@type\":\"EntryPoint\",\"urlTemplate\":\"https:\/\/www.ondernemendvenlo.nl\/?s={search_term_string}\"},\"query-input\":{\"@type\":\"PropertyValueSpecification\",\"valueRequired\":true,\"valueName\":\"search_term_string\"}}],\"inLanguage\":\"de\"},{\"@type\":\"Organization\",\"@id\":\"https:\/\/www.ondernemendvenlo.nl\/#organization\",\"name\":\"Ondernemend Venlo\",\"url\":\"https:\/\/www.ondernemendvenlo.nl\/\",\"logo\":{\"@type\":\"ImageObject\",\"inLanguage\":\"de\",\"@id\":\"https:\/\/www.ondernemendvenlo.nl\/#\/schema\/logo\/image\/\",\"url\":\"https:\/\/www.ondernemendvenlo.nl\/wp-content\/uploads\/2025\/02\/Ondernemend-Venlo-logo-scaled.webp\",\"contentUrl\":\"https:\/\/www.ondernemendvenlo.nl\/wp-content\/uploads\/2025\/02\/Ondernemend-Venlo-logo-scaled.webp\",\"width\":2560,\"height\":1010,\"caption\":\"Ondernemend Venlo\"},\"image\":{\"@id\":\"https:\/\/www.ondernemendvenlo.nl\/#\/schema\/logo\/image\/\"},\"sameAs\":[\"https:\/\/www.linkedin.com\/company\/ondernemend-venlo\/\"]},{\"@type\":\"Person\",\"@id\":\"https:\/\/www.ondernemendvenlo.nl\/#\/schema\/person\/347e935f8ad4c7030608ef74bb57aa6e\",\"name\":\"admin\",\"image\":{\"@type\":\"ImageObject\",\"inLanguage\":\"de\",\"@id\":\"https:\/\/www.ondernemendvenlo.nl\/#\/schema\/person\/image\/\",\"url\":\"https:\/\/www.ondernemendvenlo.nl\/wp-content\/litespeed\/avatar\/720af750b037aecf6e33e12833479059.jpg?ver=1777382954\",\"contentUrl\":\"https:\/\/www.ondernemendvenlo.nl\/wp-content\/litespeed\/avatar\/720af750b037aecf6e33e12833479059.jpg?ver=1777382954\",\"caption\":\"admin\"},\"sameAs\":[\"https:\/\/www.ondernemendvenlo.nl\"]}]}<\/script>\n<!-- \/ Yoast SEO plugin. -->","yoast_head_json":{"title":"Bijeenkomst VenloSupport 19 oktober - Ondernemend Venlo","robots":{"index":"index","follow":"follow","max-snippet":"max-snippet:-1","max-image-preview":"max-image-preview:large","max-video-preview":"max-video-preview:-1"},"canonical":"https:\/\/www.ondernemendvenlo.nl\/de\/bijeenkomst-venlosupport-19-oktober\/","og_locale":"de_DE","og_type":"article","og_title":"Bijeenkomst VenloSupport 19 oktober - Ondernemend Venlo","og_description":"Help, mijn medewerkers gaan kopje onder! Door torenhoge energieprijzen en inflatie kunnen veel medewerkers het hoofd niet meer boven water houden. Ook als zij een goed inkomen hebben en nooit eerder problemen op financieel gebied hebben gehad. U vraagt zich af hoe u hen kunt ondersteunen en welke hulp daarvoor beschikbaar is? Op 19 oktober [&hellip;]","og_url":"https:\/\/www.ondernemendvenlo.nl\/de\/bijeenkomst-venlosupport-19-oktober\/","og_site_name":"Ondernemend Venlo","article_published_time":"2022-09-15T09:51:19+00:00","og_image":[{"width":600,"height":339,"url":"https:\/\/www.ondernemendvenlo.nl\/wp-content\/uploads\/2025\/04\/19-oktober-VenloSupport.png","type":"image\/png"}],"author":"admin","twitter_card":"summary_large_image","twitter_misc":{"Verfasst von":"admin","Gesch\u00e4tzte Lesezeit":"1\u00a0Minute"},"schema":{"@context":"https:\/\/schema.org","@graph":[{"@type":"Article","@id":"https:\/\/www.ondernemendvenlo.nl\/bijeenkomst-venlosupport-19-oktober\/#article","isPartOf":{"@id":"https:\/\/www.ondernemendvenlo.nl\/bijeenkomst-venlosupport-19-oktober\/"},"author":{"name":"admin","@id":"https:\/\/www.ondernemendvenlo.nl\/#\/schema\/person\/347e935f8ad4c7030608ef74bb57aa6e"},"headline":"Bijeenkomst VenloSupport 19 oktober","datePublished":"2022-09-15T09:51:19+00:00","mainEntityOfPage":{"@id":"https:\/\/www.ondernemendvenlo.nl\/bijeenkomst-venlosupport-19-oktober\/"},"wordCount":288,"publisher":{"@id":"https:\/\/www.ondernemendvenlo.nl\/#organization"},"image":{"@id":"https:\/\/www.ondernemendvenlo.nl\/bijeenkomst-venlosupport-19-oktober\/#primaryimage"},"thumbnailUrl":"https:\/\/www.ondernemendvenlo.nl\/wp-content\/uploads\/2025\/04\/19-oktober-VenloSupport.png","articleSection":["Nieuws"],"inLanguage":"de"},{"@type":"WebPage","@id":"https:\/\/www.ondernemendvenlo.nl\/bijeenkomst-venlosupport-19-oktober\/","url":"https:\/\/www.ondernemendvenlo.nl\/bijeenkomst-venlosupport-19-oktober\/","name":"Bijeenkomst VenloSupport 19 oktober - Ondernemend Venlo","isPartOf":{"@id":"https:\/\/www.ondernemendvenlo.nl\/#website"},"primaryImageOfPage":{"@id":"https:\/\/www.ondernemendvenlo.nl\/bijeenkomst-venlosupport-19-oktober\/#primaryimage"},"image":{"@id":"https:\/\/www.ondernemendvenlo.nl\/bijeenkomst-venlosupport-19-oktober\/#primaryimage"},"thumbnailUrl":"https:\/\/www.ondernemendvenlo.nl\/wp-content\/uploads\/2025\/04\/19-oktober-VenloSupport.png","datePublished":"2022-09-15T09:51:19+00:00","breadcrumb":{"@id":"https:\/\/www.ondernemendvenlo.nl\/bijeenkomst-venlosupport-19-oktober\/#breadcrumb"},"inLanguage":"de","potentialAction":[{"@type":"ReadAction","target":["https:\/\/www.ondernemendvenlo.nl\/bijeenkomst-venlosupport-19-oktober\/"]}]},{"@type":"ImageObject","inLanguage":"de","@id":"https:\/\/www.ondernemendvenlo.nl\/bijeenkomst-venlosupport-19-oktober\/#primaryimage","url":"https:\/\/www.ondernemendvenlo.nl\/wp-content\/uploads\/2025\/04\/19-oktober-VenloSupport.png","contentUrl":"https:\/\/www.ondernemendvenlo.nl\/wp-content\/uploads\/2025\/04\/19-oktober-VenloSupport.png","width":600,"height":339},{"@type":"BreadcrumbList","@id":"https:\/\/www.ondernemendvenlo.nl\/bijeenkomst-venlosupport-19-oktober\/#breadcrumb","itemListElement":[{"@type":"ListItem","position":1,"name":"Ondernemend Venlo","item":"https:\/\/www.ondernemendvenlo.nl\/"},{"@type":"ListItem","position":2,"name":"Nieuws","item":"https:\/\/www.ondernemendvenlo.nl\/categorie\/nieuws\/"},{"@type":"ListItem","position":3,"name":"Bijeenkomst VenloSupport 19 oktober"}]},{"@type":"WebSite","@id":"https:\/\/www.ondernemendvenlo.nl\/#website","url":"https:\/\/www.ondernemendvenlo.nl\/","name":"Unternehmerisches Venlo","description":"Samen succesvol ondernemen","publisher":{"@id":"https:\/\/www.ondernemendvenlo.nl\/#organization"},"potentialAction":[{"@type":"SearchAction","target":{"@type":"EntryPoint","urlTemplate":"https:\/\/www.ondernemendvenlo.nl\/?s={search_term_string}"},"query-input":{"@type":"PropertyValueSpecification","valueRequired":true,"valueName":"search_term_string"}}],"inLanguage":"de"},{"@type":"Organization","@id":"https:\/\/www.ondernemendvenlo.nl\/#organization","name":"Unternehmerisches Venlo","url":"https:\/\/www.ondernemendvenlo.nl\/","logo":{"@type":"ImageObject","inLanguage":"de","@id":"https:\/\/www.ondernemendvenlo.nl\/#\/schema\/logo\/image\/","url":"https:\/\/www.ondernemendvenlo.nl\/wp-content\/uploads\/2025\/02\/Ondernemend-Venlo-logo-scaled.webp","contentUrl":"https:\/\/www.ondernemendvenlo.nl\/wp-content\/uploads\/2025\/02\/Ondernemend-Venlo-logo-scaled.webp","width":2560,"height":1010,"caption":"Ondernemend Venlo"},"image":{"@id":"https:\/\/www.ondernemendvenlo.nl\/#\/schema\/logo\/image\/"},"sameAs":["https:\/\/www.linkedin.com\/company\/ondernemend-venlo\/"]},{"@type":"Person","@id":"https:\/\/www.ondernemendvenlo.nl\/#\/schema\/person\/347e935f8ad4c7030608ef74bb57aa6e","name":"admin","image":{"@type":"ImageObject","inLanguage":"de","@id":"https:\/\/www.ondernemendvenlo.nl\/#\/schema\/person\/image\/","url":"https:\/\/www.ondernemendvenlo.nl\/wp-content\/litespeed\/avatar\/720af750b037aecf6e33e12833479059.jpg?ver=1777382954","contentUrl":"https:\/\/www.ondernemendvenlo.nl\/wp-content\/litespeed\/avatar\/720af750b037aecf6e33e12833479059.jpg?ver=1777382954","caption":"admin"},"sameAs":["https:\/\/www.ondernemendvenlo.nl"]}]}},"_links":{"self":[{"href":"https:\/\/www.ondernemendvenlo.nl\/de\/wp-json\/wp\/v2\/posts\/2759","targetHints":{"allow":["GET"]}}],"collection":[{"href":"https:\/\/www.ondernemendvenlo.nl\/de\/wp-json\/wp\/v2\/posts"}],"about":[{"href":"https:\/\/www.ondernemendvenlo.nl\/de\/wp-json\/wp\/v2\/types\/post"}],"author":[{"embeddable":true,"href":"https:\/\/www.ondernemendvenlo.nl\/de\/wp-json\/wp\/v2\/users\/1"}],"replies":[{"embeddable":true,"href":"https:\/\/www.ondernemendvenlo.nl\/de\/wp-json\/wp\/v2\/comments?post=2759"}],"version-history":[{"count":0,"href":"https:\/\/www.ondernemendvenlo.nl\/de\/wp-json\/wp\/v2\/posts\/2759\/revisions"}],"wp:featuredmedia":[{"embeddable":true,"href":"https:\/\/www.ondernemendvenlo.nl\/de\/wp-json\/wp\/v2\/media\/2760"}],"wp:attachment":[{"href":"https:\/\/www.ondernemendvenlo.nl\/de\/wp-json\/wp\/v2\/media?parent=2759"}],"wp:term":[{"taxonomy":"category","embeddable":true,"href":"https:\/\/www.ondernemendvenlo.nl\/de\/wp-json\/wp\/v2\/categories?post=2759"},{"taxonomy":"post_tag","embeddable":true,"href":"https:\/\/www.ondernemendvenlo.nl\/de\/wp-json\/wp\/v2\/tags?post=2759"}],"curies":[{"name":"wp","href":"https:\/\/api.w.org\/{rel}","templated":true}]}}