{"id":2761,"date":"2022-09-15T12:13:33","date_gmt":"2022-09-15T10:13:33","guid":{"rendered":"https:\/\/www.ondernemendvenlo.nl\/convenant-veiligheid-getekend\/"},"modified":"2022-09-15T12:13:33","modified_gmt":"2022-09-15T10:13:33","slug":"convenant-veiligheid-getekend","status":"publish","type":"post","link":"https:\/\/www.ondernemendvenlo.nl\/de\/convenant-veiligheid-getekend\/","title":{"rendered":"Pakt f\u00fcr Sicherheit unterzeichnet"},"content":{"rendered":"<p>Sicherheit des B\u00fcndnisses<a href=\"https:\/\/www.linkedin.com\/feed\/hashtag\/?keywords=politie&amp;highlightedUpdateUrns=urn%3Ali%3Aactivity%3A6961374453360402432\"> Polizei<\/a>,\u00a0<a href=\"https:\/\/www.linkedin.com\/feed\/hashtag\/?keywords=brandweer&amp;highlightedUpdateUrns=urn%3Ali%3Aactivity%3A6961374453360402432\">Feuerwehr<\/a>,\u00a0<a href=\"https:\/\/www.linkedin.com\/company\/gemeente-venlo\/\">Stadtverwaltung Venlo<\/a>\u00a0und\u00a0<a href=\"https:\/\/www.linkedin.com\/company\/ondernemend-venlo\/\">Unternehmerisches Venlo<\/a>\u00a0unterschrieben!<\/p>\n<p>Mit der Unterschrift des Vorsitzenden Peter Thissen wurde die Zusammenarbeit zwischen allen Parteien offiziell besiegelt.<\/p>\n<p>Alle Beteiligten arbeiten zusammen, um die Sicherheit in den Gewerbegebieten von Keurmerk Veilig Ondernemen zu gew\u00e4hrleisten. Dass dies seit Jahren ein Erfolg ist, wurde k\u00fcrzlich durch die erneute Akkreditierung des Zertifikats best\u00e4tigt: Die Sch\u00e4den sind deutlich zur\u00fcckgegangen und durch die gewonnenen Erfahrungen steigt das Sicherheitsgef\u00fchl.<\/p>\n<p>Einbr\u00fcche, unsichere Situationen im Verkehr und in den Unternehmen selbst, Cybersicherheit, st\u00f6rendes Lkw-Parken und Abf\u00e4lle sind wichtige Kriminalit\u00e4tsprobleme, auf die wir uns konzentrieren. Die gemeinsamen Anstrengungen sollen dazu f\u00fchren, die Sicherheit, die Lebensqualit\u00e4t und die Wirtschaftsstruktur in unseren Gewerbegebieten zu verbessern und zu sichern. Nicht nur die Beh\u00f6rden arbeiten daran, ein sauberes, vollst\u00e4ndiges und sicheres Gewerbegebiet zu gew\u00e4hrleisten, sondern auch die Unternehmer und ihre Mitarbeiter tragen dazu bei.<\/p>\n<p>Parkmanagerin Lidy Rutten steht in engem Kontakt mit allen Beteiligten und arbeitet im Sicherheitsausschuss mit den Unternehmern, der Nachbarschaftspolizei, Safe Venlo und Vertretern der Feuerwehr und der Gemeinde zusammen.<\/p>\n<p>Diese Vereinbarung wurde mitunterzeichnet von:<br \/>\nB\u00fcrgermeister Antoin Scholten<br \/>\nHans de Haas EMTP, Leiter des Basisteams Venlo-Beesel der Polizeieinheit Limburg<br \/>\nLeon Triepels, Leiter Brand- und Krisenmanagement Sicherheitsregion Limburg Nord<\/p>","protected":false},"excerpt":{"rendered":"<p>Convenant Veiligheid Politie,\u00a0Brandweer,\u00a0Gemeente Venlo\u00a0en\u00a0Ondernemend Venlo\u00a0getekend! Met de handtekening van voorzitter Peter Thissen is de samenwerking tussen alle partijen officieel vastgelegd. Alle belanghebbenden werken samen om de bedrijventerreinen veilig te houden in het Keurmerk Veilig Ondernemen. Dat dit al jaren een succes is werd pasgeleden bevestigd door het wederom behalen van Certificaat: de schade is aanzienlijk [&hellip;]<\/p>","protected":false},"author":1,"featured_media":0,"comment_status":"closed","ping_status":"open","sticky":false,"template":"","format":"standard","meta":{"_acf_changed":false,"footnotes":""},"categories":[8],"tags":[],"class_list":["post-2761","post","type-post","status-publish","format-standard","hentry","category-nieuws"],"acf":[],"yoast_head":"<!-- This site is optimized with the Yoast SEO plugin v26.3 - https:\/\/yoast.com\/wordpress\/plugins\/seo\/ -->\n<title>Convenant Veiligheid getekend - Ondernemend Venlo<\/title>\n<meta name=\"robots\" content=\"index, follow, max-snippet:-1, max-image-preview:large, max-video-preview:-1\" \/>\n<link rel=\"canonical\" href=\"https:\/\/www.ondernemendvenlo.nl\/de\/convenant-veiligheid-getekend\/\" \/>\n<meta property=\"og:locale\" content=\"de_DE\" \/>\n<meta property=\"og:type\" content=\"article\" \/>\n<meta property=\"og:title\" content=\"Convenant Veiligheid getekend - Ondernemend Venlo\" \/>\n<meta property=\"og:description\" content=\"Convenant Veiligheid Politie,\u00a0Brandweer,\u00a0Gemeente Venlo\u00a0en\u00a0Ondernemend Venlo\u00a0getekend! Met de handtekening van voorzitter Peter Thissen is de samenwerking tussen alle partijen officieel vastgelegd. Alle belanghebbenden werken samen om de bedrijventerreinen veilig te houden in het Keurmerk Veilig Ondernemen. Dat dit al jaren een succes is werd pasgeleden bevestigd door het wederom behalen van Certificaat: de schade is aanzienlijk [&hellip;]\" \/>\n<meta property=\"og:url\" content=\"https:\/\/www.ondernemendvenlo.nl\/de\/convenant-veiligheid-getekend\/\" \/>\n<meta property=\"og:site_name\" content=\"Ondernemend Venlo\" \/>\n<meta property=\"article:published_time\" content=\"2022-09-15T10:13:33+00:00\" \/>\n<meta name=\"author\" content=\"admin\" \/>\n<meta name=\"twitter:card\" content=\"summary_large_image\" \/>\n<meta name=\"twitter:label1\" content=\"Verfasst von\" \/>\n\t<meta name=\"twitter:data1\" content=\"admin\" \/>\n\t<meta name=\"twitter:label2\" content=\"Gesch\u00e4tzte Lesezeit\" \/>\n\t<meta name=\"twitter:data2\" content=\"1\u00a0Minute\" \/>\n<script type=\"application\/ld+json\" class=\"yoast-schema-graph\">{\"@context\":\"https:\/\/schema.org\",\"@graph\":[{\"@type\":\"Article\",\"@id\":\"https:\/\/www.ondernemendvenlo.nl\/convenant-veiligheid-getekend\/#article\",\"isPartOf\":{\"@id\":\"https:\/\/www.ondernemendvenlo.nl\/convenant-veiligheid-getekend\/\"},\"author\":{\"name\":\"admin\",\"@id\":\"https:\/\/www.ondernemendvenlo.nl\/#\/schema\/person\/347e935f8ad4c7030608ef74bb57aa6e\"},\"headline\":\"Convenant Veiligheid getekend\",\"datePublished\":\"2022-09-15T10:13:33+00:00\",\"mainEntityOfPage\":{\"@id\":\"https:\/\/www.ondernemendvenlo.nl\/convenant-veiligheid-getekend\/\"},\"wordCount\":200,\"publisher\":{\"@id\":\"https:\/\/www.ondernemendvenlo.nl\/#organization\"},\"articleSection\":[\"Nieuws\"],\"inLanguage\":\"de\"},{\"@type\":\"WebPage\",\"@id\":\"https:\/\/www.ondernemendvenlo.nl\/convenant-veiligheid-getekend\/\",\"url\":\"https:\/\/www.ondernemendvenlo.nl\/convenant-veiligheid-getekend\/\",\"name\":\"Convenant Veiligheid getekend - Ondernemend Venlo\",\"isPartOf\":{\"@id\":\"https:\/\/www.ondernemendvenlo.nl\/#website\"},\"datePublished\":\"2022-09-15T10:13:33+00:00\",\"breadcrumb\":{\"@id\":\"https:\/\/www.ondernemendvenlo.nl\/convenant-veiligheid-getekend\/#breadcrumb\"},\"inLanguage\":\"de\",\"potentialAction\":[{\"@type\":\"ReadAction\",\"target\":[\"https:\/\/www.ondernemendvenlo.nl\/convenant-veiligheid-getekend\/\"]}]},{\"@type\":\"BreadcrumbList\",\"@id\":\"https:\/\/www.ondernemendvenlo.nl\/convenant-veiligheid-getekend\/#breadcrumb\",\"itemListElement\":[{\"@type\":\"ListItem\",\"position\":1,\"name\":\"Ondernemend Venlo\",\"item\":\"https:\/\/www.ondernemendvenlo.nl\/\"},{\"@type\":\"ListItem\",\"position\":2,\"name\":\"Nieuws\",\"item\":\"https:\/\/www.ondernemendvenlo.nl\/categorie\/nieuws\/\"},{\"@type\":\"ListItem\",\"position\":3,\"name\":\"Convenant Veiligheid getekend\"}]},{\"@type\":\"WebSite\",\"@id\":\"https:\/\/www.ondernemendvenlo.nl\/#website\",\"url\":\"https:\/\/www.ondernemendvenlo.nl\/\",\"name\":\"Ondernemend Venlo\",\"description\":\"Samen succesvol ondernemen\",\"publisher\":{\"@id\":\"https:\/\/www.ondernemendvenlo.nl\/#organization\"},\"potentialAction\":[{\"@type\":\"SearchAction\",\"target\":{\"@type\":\"EntryPoint\",\"urlTemplate\":\"https:\/\/www.ondernemendvenlo.nl\/?s={search_term_string}\"},\"query-input\":{\"@type\":\"PropertyValueSpecification\",\"valueRequired\":true,\"valueName\":\"search_term_string\"}}],\"inLanguage\":\"de\"},{\"@type\":\"Organization\",\"@id\":\"https:\/\/www.ondernemendvenlo.nl\/#organization\",\"name\":\"Ondernemend Venlo\",\"url\":\"https:\/\/www.ondernemendvenlo.nl\/\",\"logo\":{\"@type\":\"ImageObject\",\"inLanguage\":\"de\",\"@id\":\"https:\/\/www.ondernemendvenlo.nl\/#\/schema\/logo\/image\/\",\"url\":\"https:\/\/www.ondernemendvenlo.nl\/wp-content\/uploads\/2025\/02\/Ondernemend-Venlo-logo-scaled.webp\",\"contentUrl\":\"https:\/\/www.ondernemendvenlo.nl\/wp-content\/uploads\/2025\/02\/Ondernemend-Venlo-logo-scaled.webp\",\"width\":2560,\"height\":1010,\"caption\":\"Ondernemend Venlo\"},\"image\":{\"@id\":\"https:\/\/www.ondernemendvenlo.nl\/#\/schema\/logo\/image\/\"},\"sameAs\":[\"https:\/\/www.linkedin.com\/company\/ondernemend-venlo\/\"]},{\"@type\":\"Person\",\"@id\":\"https:\/\/www.ondernemendvenlo.nl\/#\/schema\/person\/347e935f8ad4c7030608ef74bb57aa6e\",\"name\":\"admin\",\"image\":{\"@type\":\"ImageObject\",\"inLanguage\":\"de\",\"@id\":\"https:\/\/www.ondernemendvenlo.nl\/#\/schema\/person\/image\/\",\"url\":\"https:\/\/www.ondernemendvenlo.nl\/wp-content\/litespeed\/avatar\/720af750b037aecf6e33e12833479059.jpg?ver=1777382954\",\"contentUrl\":\"https:\/\/www.ondernemendvenlo.nl\/wp-content\/litespeed\/avatar\/720af750b037aecf6e33e12833479059.jpg?ver=1777382954\",\"caption\":\"admin\"},\"sameAs\":[\"https:\/\/www.ondernemendvenlo.nl\"]}]}<\/script>\n<!-- \/ Yoast SEO plugin. -->","yoast_head_json":{"title":"Convenant Veiligheid getekend - Ondernemend Venlo","robots":{"index":"index","follow":"follow","max-snippet":"max-snippet:-1","max-image-preview":"max-image-preview:large","max-video-preview":"max-video-preview:-1"},"canonical":"https:\/\/www.ondernemendvenlo.nl\/de\/convenant-veiligheid-getekend\/","og_locale":"de_DE","og_type":"article","og_title":"Convenant Veiligheid getekend - Ondernemend Venlo","og_description":"Convenant Veiligheid Politie,\u00a0Brandweer,\u00a0Gemeente Venlo\u00a0en\u00a0Ondernemend Venlo\u00a0getekend! Met de handtekening van voorzitter Peter Thissen is de samenwerking tussen alle partijen officieel vastgelegd. Alle belanghebbenden werken samen om de bedrijventerreinen veilig te houden in het Keurmerk Veilig Ondernemen. Dat dit al jaren een succes is werd pasgeleden bevestigd door het wederom behalen van Certificaat: de schade is aanzienlijk [&hellip;]","og_url":"https:\/\/www.ondernemendvenlo.nl\/de\/convenant-veiligheid-getekend\/","og_site_name":"Ondernemend Venlo","article_published_time":"2022-09-15T10:13:33+00:00","author":"admin","twitter_card":"summary_large_image","twitter_misc":{"Verfasst von":"admin","Gesch\u00e4tzte Lesezeit":"1\u00a0Minute"},"schema":{"@context":"https:\/\/schema.org","@graph":[{"@type":"Article","@id":"https:\/\/www.ondernemendvenlo.nl\/convenant-veiligheid-getekend\/#article","isPartOf":{"@id":"https:\/\/www.ondernemendvenlo.nl\/convenant-veiligheid-getekend\/"},"author":{"name":"admin","@id":"https:\/\/www.ondernemendvenlo.nl\/#\/schema\/person\/347e935f8ad4c7030608ef74bb57aa6e"},"headline":"Convenant Veiligheid getekend","datePublished":"2022-09-15T10:13:33+00:00","mainEntityOfPage":{"@id":"https:\/\/www.ondernemendvenlo.nl\/convenant-veiligheid-getekend\/"},"wordCount":200,"publisher":{"@id":"https:\/\/www.ondernemendvenlo.nl\/#organization"},"articleSection":["Nieuws"],"inLanguage":"de"},{"@type":"WebPage","@id":"https:\/\/www.ondernemendvenlo.nl\/convenant-veiligheid-getekend\/","url":"https:\/\/www.ondernemendvenlo.nl\/convenant-veiligheid-getekend\/","name":"Convenant Veiligheid getekend - Ondernemend Venlo","isPartOf":{"@id":"https:\/\/www.ondernemendvenlo.nl\/#website"},"datePublished":"2022-09-15T10:13:33+00:00","breadcrumb":{"@id":"https:\/\/www.ondernemendvenlo.nl\/convenant-veiligheid-getekend\/#breadcrumb"},"inLanguage":"de","potentialAction":[{"@type":"ReadAction","target":["https:\/\/www.ondernemendvenlo.nl\/convenant-veiligheid-getekend\/"]}]},{"@type":"BreadcrumbList","@id":"https:\/\/www.ondernemendvenlo.nl\/convenant-veiligheid-getekend\/#breadcrumb","itemListElement":[{"@type":"ListItem","position":1,"name":"Ondernemend Venlo","item":"https:\/\/www.ondernemendvenlo.nl\/"},{"@type":"ListItem","position":2,"name":"Nieuws","item":"https:\/\/www.ondernemendvenlo.nl\/categorie\/nieuws\/"},{"@type":"ListItem","position":3,"name":"Convenant Veiligheid getekend"}]},{"@type":"WebSite","@id":"https:\/\/www.ondernemendvenlo.nl\/#website","url":"https:\/\/www.ondernemendvenlo.nl\/","name":"Unternehmerisches Venlo","description":"Samen succesvol ondernemen","publisher":{"@id":"https:\/\/www.ondernemendvenlo.nl\/#organization"},"potentialAction":[{"@type":"SearchAction","target":{"@type":"EntryPoint","urlTemplate":"https:\/\/www.ondernemendvenlo.nl\/?s={search_term_string}"},"query-input":{"@type":"PropertyValueSpecification","valueRequired":true,"valueName":"search_term_string"}}],"inLanguage":"de"},{"@type":"Organization","@id":"https:\/\/www.ondernemendvenlo.nl\/#organization","name":"Unternehmerisches Venlo","url":"https:\/\/www.ondernemendvenlo.nl\/","logo":{"@type":"ImageObject","inLanguage":"de","@id":"https:\/\/www.ondernemendvenlo.nl\/#\/schema\/logo\/image\/","url":"https:\/\/www.ondernemendvenlo.nl\/wp-content\/uploads\/2025\/02\/Ondernemend-Venlo-logo-scaled.webp","contentUrl":"https:\/\/www.ondernemendvenlo.nl\/wp-content\/uploads\/2025\/02\/Ondernemend-Venlo-logo-scaled.webp","width":2560,"height":1010,"caption":"Ondernemend Venlo"},"image":{"@id":"https:\/\/www.ondernemendvenlo.nl\/#\/schema\/logo\/image\/"},"sameAs":["https:\/\/www.linkedin.com\/company\/ondernemend-venlo\/"]},{"@type":"Person","@id":"https:\/\/www.ondernemendvenlo.nl\/#\/schema\/person\/347e935f8ad4c7030608ef74bb57aa6e","name":"admin","image":{"@type":"ImageObject","inLanguage":"de","@id":"https:\/\/www.ondernemendvenlo.nl\/#\/schema\/person\/image\/","url":"https:\/\/www.ondernemendvenlo.nl\/wp-content\/litespeed\/avatar\/720af750b037aecf6e33e12833479059.jpg?ver=1777382954","contentUrl":"https:\/\/www.ondernemendvenlo.nl\/wp-content\/litespeed\/avatar\/720af750b037aecf6e33e12833479059.jpg?ver=1777382954","caption":"admin"},"sameAs":["https:\/\/www.ondernemendvenlo.nl"]}]}},"_links":{"self":[{"href":"https:\/\/www.ondernemendvenlo.nl\/de\/wp-json\/wp\/v2\/posts\/2761","targetHints":{"allow":["GET"]}}],"collection":[{"href":"https:\/\/www.ondernemendvenlo.nl\/de\/wp-json\/wp\/v2\/posts"}],"about":[{"href":"https:\/\/www.ondernemendvenlo.nl\/de\/wp-json\/wp\/v2\/types\/post"}],"author":[{"embeddable":true,"href":"https:\/\/www.ondernemendvenlo.nl\/de\/wp-json\/wp\/v2\/users\/1"}],"replies":[{"embeddable":true,"href":"https:\/\/www.ondernemendvenlo.nl\/de\/wp-json\/wp\/v2\/comments?post=2761"}],"version-history":[{"count":0,"href":"https:\/\/www.ondernemendvenlo.nl\/de\/wp-json\/wp\/v2\/posts\/2761\/revisions"}],"wp:attachment":[{"href":"https:\/\/www.ondernemendvenlo.nl\/de\/wp-json\/wp\/v2\/media?parent=2761"}],"wp:term":[{"taxonomy":"category","embeddable":true,"href":"https:\/\/www.ondernemendvenlo.nl\/de\/wp-json\/wp\/v2\/categories?post=2761"},{"taxonomy":"post_tag","embeddable":true,"href":"https:\/\/www.ondernemendvenlo.nl\/de\/wp-json\/wp\/v2\/tags?post=2761"}],"curies":[{"name":"wp","href":"https:\/\/api.w.org\/{rel}","templated":true}]}}