{"id":2770,"date":"2021-09-25T13:16:39","date_gmt":"2021-09-25T11:16:39","guid":{"rendered":"https:\/\/www.ondernemendvenlo.nl\/plannen-op-het-gebied-van-arbeidsmarkt-en-logistiek-uit-de-doeken\/"},"modified":"2021-09-25T13:16:39","modified_gmt":"2021-09-25T11:16:39","slug":"plannen-op-het-gebied-van-arbeidsmarkt-en-logistiek-uit-de-doeken","status":"publish","type":"post","link":"https:\/\/www.ondernemendvenlo.nl\/de\/plannen-op-het-gebied-van-arbeidsmarkt-en-logistiek-uit-de-doeken\/","title":{"rendered":"Arbeitsmarkt- und Logistikpl\u00e4ne enth\u00fcllt"},"content":{"rendered":"<p><strong>Ondernemend Venlo setzt sich f\u00fcr die Interessen von \u00fcber 1.200 Unternehmen in Venlo ein. Dies geschieht so, wie es Unternehmer gewohnt sind: mit Leidenschaft und ergebnisorientiert. Um als unternehmerische Region voranzukommen, wurden f\u00fcr wichtige Themen Aussch\u00fcsse eingerichtet. Die neuen Vorsitzenden der Aussch\u00fcsse Arbeitsmarkt &amp; Wissensentwicklung und Logistik &amp; Infrastruktur haben gemeinsam mit den Ausschussmitgliedern einen dynamischen Start hingelegt und erl\u00e4utern ihre Pl\u00e4ne.<\/strong><\/p>\n<p><em>Von Wesley Hegge<\/em><\/p>\n<p>Die Ausschussvorsitzenden Marivonne van Kralingen (Arbeitsmarkt &amp; Wissensentwicklung) und Sylvester van de Logt (Logistik &amp; Infrastruktur) treffen sich im neuen Geb\u00e4ude des Van der Valk Hotels Venlo. Die oberste Etage des zweiten Turms bietet einen Panoramablick unter anderem auf den Businesspark Noorderpoort, einen der Businessparks von Ondernemend Venlo (OV).<\/p>\n<p><strong>Gemeinsame Herausforderungen<br \/>\n<\/strong>Man hat hier einen wunderbaren Blick aus dem Hubschrauber\", sagt Van Kralingen. Mit dieser Feststellung verweist sie auf die OV-Aussch\u00fcsse. In diesen Aussch\u00fcssen nehmen wir im Grunde auch eine Helikopterperspektive ein. Wir schauen nicht so sehr auf die einzelnen Unternehmen, sondern auf die gemeinsamen Herausforderungen, vor denen sie stehen. Zum Beispiel auf dem Arbeitsmarkt. Viele Unternehmen haben einen Mangel an Arbeitskr\u00e4ften. Das spielt sich auf allen Ebenen und in verschiedenen Sektoren ab: Gesundheitswesen, Technik, IKT, \u00f6ffentliche Verwaltung, Sicherheit, Logistik und Rechtsberufe.<\/p>\n<p><strong>Arbeitsmarkt und Wissensentwicklung<br \/>\n<\/strong>Damit kommt Van Kralingen auf die Arbeit ihres Ausschusses zu sprechen, dessen Vorsitz sie seit Mai dieses Jahres innehat: Arbeitsmarkt und Wissensentwicklung. In letzter Zeit hat sich der Ausschuss vor allem auf die Einrichtung des Zentrums f\u00fcr innovatives Handwerk und die Beteiligung an der Studentenstadt Venlo konzentriert. In der Studentenstadt Venlo liegt der Schwerpunkt des Ausschusses auf der Verbindung zwischen dem Arbeitsmarkt und den Studenten. Wie k\u00f6nnen wir Studenten in der Region halten und sie f\u00fcr die Arbeit in den guten Unternehmen in Venlo begeistern?<\/p>\n<p><a href=\"https:\/\/mlabusiness.nl\/wp-content\/uploads\/sites\/7\/2021\/10\/Schermafbeelding-2021-10-05-om-15.24.08.png\"><img fetchpriority=\"high\" decoding=\"async\" class=\"alignleft wp-image-20584 size-medium\" src=\"https:\/\/mlabusiness.nl\/wp-content\/uploads\/sites\/7\/2021\/10\/Schermafbeelding-2021-10-05-om-15.24.08-300x199.png\" alt=\"\" width=\"300\" height=\"199\" \/><\/a>Van Kralingen hat in den letzten Monaten erfolgreich daran gearbeitet, den Ausschuss zu erweitern. Die Mitgliederzahl ist gestiegen. In diesem neuen Umfeld arbeiten wir an einem neuen Plan f\u00fcr die kommenden Jahre. Der Ausgangspunkt ist zum einen, dass der Ausschuss eine Plattformfunktion hat, in der wir uns gegenseitig \u00fcber die Entwicklungen und Initiativen der Ausschussmitglieder informieren. Auf diese Weise verhindern wir, dass verschiedene Parteien an derselben Initiative arbeiten, wenn sie sich auch einer bestehenden Initiative anschlie\u00dfen oder dort eine Zusammenarbeit suchen k\u00f6nnten. Andererseits enth\u00e4lt der Plan eine Reihe von Projekten, bei denen wir etwas bewirken k\u00f6nnen.<\/p>\n<p><strong>Logistik und Infrastruktur<br \/>\n<\/strong>Wie Van Kralingen hat auch Van de Logt vor kurzem in seinem Ausschuss f\u00fcr Logistik und Infrastruktur an einer klaren Struktur gearbeitet. Wir haben miteinander besprochen, was wir erreichen wollen und wie wir dies am besten tun k\u00f6nnen. Wir sind eine gemischte Gruppe von Unternehmern, die sowohl auf lokaler als auch auf \u00fcberregionaler Ebene Interessen haben. Wir sind zu dem Schluss gekommen, dass wir eine Dichotomie schaffen m\u00fcssen, um diese Interessen zu vertreten.<\/p>\n<p><a href=\"https:\/\/mlabusiness.nl\/wp-content\/uploads\/sites\/7\/2021\/10\/Schermafbeelding-2021-10-05-om-15.24.16.png\"><img decoding=\"async\" class=\"alignright wp-image-20585 size-medium\" src=\"https:\/\/mlabusiness.nl\/wp-content\/uploads\/sites\/7\/2021\/10\/Schermafbeelding-2021-10-05-om-15.24.16-300x200.png\" alt=\"\" width=\"300\" height=\"200\" \/><\/a>Zun\u00e4chst einmal will er die langfristigen Ziele thematisieren. Wir werden in regelm\u00e4\u00dfigen Abst\u00e4nden an einem oder zwei Themen arbeiten, was zu besseren Ergebnissen f\u00fchren wird als die Arbeit an 10 Themen auf einmal. Stellen Sie sich diese Themen zum Beispiel als gro\u00dfe infrastrukturelle Verbesserungen in und um Venlo vor. Um diese Schritte zu unternehmen, m\u00fcssen wir mit den Gemeinden, der Provinz und anderen interessierten Parteien zusammenarbeiten. Bei diesen Prozessen vertreten wir als Ausschuss die Unternehmer von Venlo. Es ist wichtig, dass wir unsere Unterst\u00fctzer, die Mitglieder von OV, auf dem Laufenden halten. Das tun wir durch diese Zeitschrift, die Website und wann immer m\u00f6glich auch vor Ort.<\/p>\n<p>Dies erfordert eine andere Herangehensweise als die eher banalen Probleme, wie gef\u00e4hrlich geparkte Lastwagen und umgest\u00fcrzte Laternenpf\u00e4hle. Van de Logt: \"In der Tat m\u00fcssen wir uns dar\u00fcber im Klaren sein: Das ist nicht die Aufgabe unseres Ausschusses. Parkmanagerin Lidy Rutten k\u00fcmmert sich um die operativen Angelegenheiten. Sie macht das perfekt, man denke nur daran, was sie w\u00e4hrend des Hochwassers im Juli getan hat. Wir m\u00fcssen bei dieser Aufgabenteilung Transparenz walten lassen. Nat\u00fcrlich kann die Parkmanagerin nicht alles l\u00f6sen. Wenn es also Probleme gibt, die besondere Aufmerksamkeit erfordern, k\u00f6nnen wir spezielle Arbeitsgruppen einrichten, die sie unterst\u00fctzen.<\/p>\n<p><strong>Enthusiasmus<br \/>\n<\/strong>Die Begeisterung und das Engagement in den Aussch\u00fcssen sind gro\u00df. Van Kralingen: \"Wir haben 17 Mitglieder. Ein gro\u00dfer Ausschuss, aber der Arbeitsmarkt ist auch ein gro\u00dfes Thema. Meine pers\u00f6nliche Motivation liegt in den M\u00f6glichkeiten, die ich selbst als junger Berufst\u00e4tiger in Venlo erhalten habe. Da ich aus Rotterdam stamme und somit ein Au\u00dfenseiter bin, habe ich in Venlo alle M\u00f6glichkeiten und Unterst\u00fctzung erhalten, um das Unternehmercaf\u00e9 Venlo zu gr\u00fcnden. Dadurch kam ich in Kontakt mit vielen Unternehmern, aber auch mit der Stadtverwaltung und OV. Dies war mit ausschlaggebend f\u00fcr meine Rolle als Kommissar bei der Rabobank Nord-Limburg, die Teilnahme am Brightlands Excellence Programm der Provinz und mein Engagement bei OV. Es ist toll, dass ich in dieser Funktion nun zeigen kann, welche M\u00f6glichkeiten die Region Venlo f\u00fcr junge Fachkr\u00e4fte bietet. Au\u00dferdem liebe ich es, Menschen zusammenzubringen und sie daf\u00fcr zu begeistern, gemeinsam ein Ziel anzustreben. Gemeinsam etwas bewirken, das ist die Leidenschaft, die ich hier einbringen kann.<\/p>\n<p>Auch Van de Logt ist ehrgeizig. Mit Blick auf die Unternehmen kommt er zu dem Schluss: \"Jetzt, wo wir eine klare Struktur haben, werden wir die Themen so schnell wie m\u00f6glich festlegen. Die St\u00e4rke liegt in unserer offenen und transparenten Kommunikation mit den OV-Mitgliedern. Schlie\u00dflich arbeiten wir nur f\u00fcr die Venloer Unternehmen\".<\/p>","protected":false},"excerpt":{"rendered":"<p>Ondernemend Venlo komt op voor de belangen van ruim 1200 bedrijven in Venlo. Dat gebeurt zoals ondernemers dat gewend zijn: met passie en gericht op resultaten. Om als ondernemende regio vooruit te komen, zijn voor belangrijke thema\u2019s commissies in het leven geroepen. De nieuwe voorzitters van de commissies Arbeidsmarkt &amp; Kennisontwikkeling en Logistiek &amp; Infrastructuur [&hellip;]<\/p>","protected":false},"author":1,"featured_media":0,"comment_status":"closed","ping_status":"open","sticky":false,"template":"","format":"standard","meta":{"_acf_changed":false,"footnotes":""},"categories":[8],"tags":[],"class_list":["post-2770","post","type-post","status-publish","format-standard","hentry","category-nieuws"],"acf":[],"yoast_head":"<!-- This site is optimized with the Yoast SEO plugin v26.3 - https:\/\/yoast.com\/wordpress\/plugins\/seo\/ -->\n<title>Plannen op het gebied van arbeidsmarkt en logistiek uit de doeken - Ondernemend Venlo<\/title>\n<meta name=\"robots\" content=\"index, follow, max-snippet:-1, max-image-preview:large, max-video-preview:-1\" \/>\n<link rel=\"canonical\" href=\"https:\/\/www.ondernemendvenlo.nl\/de\/plannen-op-het-gebied-van-arbeidsmarkt-en-logistiek-uit-de-doeken\/\" \/>\n<meta property=\"og:locale\" content=\"de_DE\" \/>\n<meta property=\"og:type\" content=\"article\" \/>\n<meta property=\"og:title\" content=\"Plannen op het gebied van arbeidsmarkt en logistiek uit de doeken - Ondernemend Venlo\" \/>\n<meta property=\"og:description\" content=\"Ondernemend Venlo komt op voor de belangen van ruim 1200 bedrijven in Venlo. Dat gebeurt zoals ondernemers dat gewend zijn: met passie en gericht op resultaten. Om als ondernemende regio vooruit te komen, zijn voor belangrijke thema\u2019s commissies in het leven geroepen. De nieuwe voorzitters van de commissies Arbeidsmarkt &amp; Kennisontwikkeling en Logistiek &amp; Infrastructuur [&hellip;]\" \/>\n<meta property=\"og:url\" content=\"https:\/\/www.ondernemendvenlo.nl\/de\/plannen-op-het-gebied-van-arbeidsmarkt-en-logistiek-uit-de-doeken\/\" \/>\n<meta property=\"og:site_name\" content=\"Ondernemend Venlo\" \/>\n<meta property=\"article:published_time\" content=\"2021-09-25T11:16:39+00:00\" \/>\n<meta name=\"author\" content=\"admin\" \/>\n<meta name=\"twitter:card\" content=\"summary_large_image\" \/>\n<meta name=\"twitter:label1\" content=\"Verfasst von\" \/>\n\t<meta name=\"twitter:data1\" content=\"admin\" \/>\n\t<meta name=\"twitter:label2\" content=\"Gesch\u00e4tzte Lesezeit\" \/>\n\t<meta name=\"twitter:data2\" content=\"4\u00a0Minuten\" \/>\n<script type=\"application\/ld+json\" class=\"yoast-schema-graph\">{\"@context\":\"https:\/\/schema.org\",\"@graph\":[{\"@type\":\"Article\",\"@id\":\"https:\/\/www.ondernemendvenlo.nl\/plannen-op-het-gebied-van-arbeidsmarkt-en-logistiek-uit-de-doeken\/#article\",\"isPartOf\":{\"@id\":\"https:\/\/www.ondernemendvenlo.nl\/plannen-op-het-gebied-van-arbeidsmarkt-en-logistiek-uit-de-doeken\/\"},\"author\":{\"name\":\"admin\",\"@id\":\"https:\/\/www.ondernemendvenlo.nl\/#\/schema\/person\/347e935f8ad4c7030608ef74bb57aa6e\"},\"headline\":\"Plannen op het gebied van arbeidsmarkt en logistiek uit de doeken\",\"datePublished\":\"2021-09-25T11:16:39+00:00\",\"mainEntityOfPage\":{\"@id\":\"https:\/\/www.ondernemendvenlo.nl\/plannen-op-het-gebied-van-arbeidsmarkt-en-logistiek-uit-de-doeken\/\"},\"wordCount\":894,\"publisher\":{\"@id\":\"https:\/\/www.ondernemendvenlo.nl\/#organization\"},\"image\":{\"@id\":\"https:\/\/www.ondernemendvenlo.nl\/plannen-op-het-gebied-van-arbeidsmarkt-en-logistiek-uit-de-doeken\/#primaryimage\"},\"thumbnailUrl\":\"https:\/\/mlabusiness.nl\/wp-content\/uploads\/sites\/7\/2021\/10\/Schermafbeelding-2021-10-05-om-15.24.08-300x199.png\",\"articleSection\":[\"Nieuws\"],\"inLanguage\":\"de\"},{\"@type\":\"WebPage\",\"@id\":\"https:\/\/www.ondernemendvenlo.nl\/plannen-op-het-gebied-van-arbeidsmarkt-en-logistiek-uit-de-doeken\/\",\"url\":\"https:\/\/www.ondernemendvenlo.nl\/plannen-op-het-gebied-van-arbeidsmarkt-en-logistiek-uit-de-doeken\/\",\"name\":\"Plannen op het gebied van arbeidsmarkt en logistiek uit de doeken - Ondernemend Venlo\",\"isPartOf\":{\"@id\":\"https:\/\/www.ondernemendvenlo.nl\/#website\"},\"primaryImageOfPage\":{\"@id\":\"https:\/\/www.ondernemendvenlo.nl\/plannen-op-het-gebied-van-arbeidsmarkt-en-logistiek-uit-de-doeken\/#primaryimage\"},\"image\":{\"@id\":\"https:\/\/www.ondernemendvenlo.nl\/plannen-op-het-gebied-van-arbeidsmarkt-en-logistiek-uit-de-doeken\/#primaryimage\"},\"thumbnailUrl\":\"https:\/\/mlabusiness.nl\/wp-content\/uploads\/sites\/7\/2021\/10\/Schermafbeelding-2021-10-05-om-15.24.08-300x199.png\",\"datePublished\":\"2021-09-25T11:16:39+00:00\",\"breadcrumb\":{\"@id\":\"https:\/\/www.ondernemendvenlo.nl\/plannen-op-het-gebied-van-arbeidsmarkt-en-logistiek-uit-de-doeken\/#breadcrumb\"},\"inLanguage\":\"de\",\"potentialAction\":[{\"@type\":\"ReadAction\",\"target\":[\"https:\/\/www.ondernemendvenlo.nl\/plannen-op-het-gebied-van-arbeidsmarkt-en-logistiek-uit-de-doeken\/\"]}]},{\"@type\":\"ImageObject\",\"inLanguage\":\"de\",\"@id\":\"https:\/\/www.ondernemendvenlo.nl\/plannen-op-het-gebied-van-arbeidsmarkt-en-logistiek-uit-de-doeken\/#primaryimage\",\"url\":\"https:\/\/mlabusiness.nl\/wp-content\/uploads\/sites\/7\/2021\/10\/Schermafbeelding-2021-10-05-om-15.24.08-300x199.png\",\"contentUrl\":\"https:\/\/mlabusiness.nl\/wp-content\/uploads\/sites\/7\/2021\/10\/Schermafbeelding-2021-10-05-om-15.24.08-300x199.png\"},{\"@type\":\"BreadcrumbList\",\"@id\":\"https:\/\/www.ondernemendvenlo.nl\/plannen-op-het-gebied-van-arbeidsmarkt-en-logistiek-uit-de-doeken\/#breadcrumb\",\"itemListElement\":[{\"@type\":\"ListItem\",\"position\":1,\"name\":\"Ondernemend Venlo\",\"item\":\"https:\/\/www.ondernemendvenlo.nl\/\"},{\"@type\":\"ListItem\",\"position\":2,\"name\":\"Nieuws\",\"item\":\"https:\/\/www.ondernemendvenlo.nl\/categorie\/nieuws\/\"},{\"@type\":\"ListItem\",\"position\":3,\"name\":\"Plannen op het gebied van arbeidsmarkt en logistiek uit de doeken\"}]},{\"@type\":\"WebSite\",\"@id\":\"https:\/\/www.ondernemendvenlo.nl\/#website\",\"url\":\"https:\/\/www.ondernemendvenlo.nl\/\",\"name\":\"Ondernemend Venlo\",\"description\":\"Samen succesvol ondernemen\",\"publisher\":{\"@id\":\"https:\/\/www.ondernemendvenlo.nl\/#organization\"},\"potentialAction\":[{\"@type\":\"SearchAction\",\"target\":{\"@type\":\"EntryPoint\",\"urlTemplate\":\"https:\/\/www.ondernemendvenlo.nl\/?s={search_term_string}\"},\"query-input\":{\"@type\":\"PropertyValueSpecification\",\"valueRequired\":true,\"valueName\":\"search_term_string\"}}],\"inLanguage\":\"de\"},{\"@type\":\"Organization\",\"@id\":\"https:\/\/www.ondernemendvenlo.nl\/#organization\",\"name\":\"Ondernemend Venlo\",\"url\":\"https:\/\/www.ondernemendvenlo.nl\/\",\"logo\":{\"@type\":\"ImageObject\",\"inLanguage\":\"de\",\"@id\":\"https:\/\/www.ondernemendvenlo.nl\/#\/schema\/logo\/image\/\",\"url\":\"https:\/\/www.ondernemendvenlo.nl\/wp-content\/uploads\/2025\/02\/Ondernemend-Venlo-logo-scaled.webp\",\"contentUrl\":\"https:\/\/www.ondernemendvenlo.nl\/wp-content\/uploads\/2025\/02\/Ondernemend-Venlo-logo-scaled.webp\",\"width\":2560,\"height\":1010,\"caption\":\"Ondernemend Venlo\"},\"image\":{\"@id\":\"https:\/\/www.ondernemendvenlo.nl\/#\/schema\/logo\/image\/\"},\"sameAs\":[\"https:\/\/www.linkedin.com\/company\/ondernemend-venlo\/\"]},{\"@type\":\"Person\",\"@id\":\"https:\/\/www.ondernemendvenlo.nl\/#\/schema\/person\/347e935f8ad4c7030608ef74bb57aa6e\",\"name\":\"admin\",\"image\":{\"@type\":\"ImageObject\",\"inLanguage\":\"de\",\"@id\":\"https:\/\/www.ondernemendvenlo.nl\/#\/schema\/person\/image\/\",\"url\":\"https:\/\/www.ondernemendvenlo.nl\/wp-content\/litespeed\/avatar\/720af750b037aecf6e33e12833479059.jpg?ver=1777382954\",\"contentUrl\":\"https:\/\/www.ondernemendvenlo.nl\/wp-content\/litespeed\/avatar\/720af750b037aecf6e33e12833479059.jpg?ver=1777382954\",\"caption\":\"admin\"},\"sameAs\":[\"https:\/\/www.ondernemendvenlo.nl\"]}]}<\/script>\n<!-- \/ Yoast SEO plugin. -->","yoast_head_json":{"title":"Plannen op het gebied van arbeidsmarkt en logistiek uit de doeken - Ondernemend Venlo","robots":{"index":"index","follow":"follow","max-snippet":"max-snippet:-1","max-image-preview":"max-image-preview:large","max-video-preview":"max-video-preview:-1"},"canonical":"https:\/\/www.ondernemendvenlo.nl\/de\/plannen-op-het-gebied-van-arbeidsmarkt-en-logistiek-uit-de-doeken\/","og_locale":"de_DE","og_type":"article","og_title":"Plannen op het gebied van arbeidsmarkt en logistiek uit de doeken - Ondernemend Venlo","og_description":"Ondernemend Venlo komt op voor de belangen van ruim 1200 bedrijven in Venlo. Dat gebeurt zoals ondernemers dat gewend zijn: met passie en gericht op resultaten. Om als ondernemende regio vooruit te komen, zijn voor belangrijke thema\u2019s commissies in het leven geroepen. De nieuwe voorzitters van de commissies Arbeidsmarkt &amp; Kennisontwikkeling en Logistiek &amp; Infrastructuur [&hellip;]","og_url":"https:\/\/www.ondernemendvenlo.nl\/de\/plannen-op-het-gebied-van-arbeidsmarkt-en-logistiek-uit-de-doeken\/","og_site_name":"Ondernemend Venlo","article_published_time":"2021-09-25T11:16:39+00:00","author":"admin","twitter_card":"summary_large_image","twitter_misc":{"Verfasst von":"admin","Gesch\u00e4tzte Lesezeit":"4\u00a0Minuten"},"schema":{"@context":"https:\/\/schema.org","@graph":[{"@type":"Article","@id":"https:\/\/www.ondernemendvenlo.nl\/plannen-op-het-gebied-van-arbeidsmarkt-en-logistiek-uit-de-doeken\/#article","isPartOf":{"@id":"https:\/\/www.ondernemendvenlo.nl\/plannen-op-het-gebied-van-arbeidsmarkt-en-logistiek-uit-de-doeken\/"},"author":{"name":"admin","@id":"https:\/\/www.ondernemendvenlo.nl\/#\/schema\/person\/347e935f8ad4c7030608ef74bb57aa6e"},"headline":"Plannen op het gebied van arbeidsmarkt en logistiek uit de doeken","datePublished":"2021-09-25T11:16:39+00:00","mainEntityOfPage":{"@id":"https:\/\/www.ondernemendvenlo.nl\/plannen-op-het-gebied-van-arbeidsmarkt-en-logistiek-uit-de-doeken\/"},"wordCount":894,"publisher":{"@id":"https:\/\/www.ondernemendvenlo.nl\/#organization"},"image":{"@id":"https:\/\/www.ondernemendvenlo.nl\/plannen-op-het-gebied-van-arbeidsmarkt-en-logistiek-uit-de-doeken\/#primaryimage"},"thumbnailUrl":"https:\/\/mlabusiness.nl\/wp-content\/uploads\/sites\/7\/2021\/10\/Schermafbeelding-2021-10-05-om-15.24.08-300x199.png","articleSection":["Nieuws"],"inLanguage":"de"},{"@type":"WebPage","@id":"https:\/\/www.ondernemendvenlo.nl\/plannen-op-het-gebied-van-arbeidsmarkt-en-logistiek-uit-de-doeken\/","url":"https:\/\/www.ondernemendvenlo.nl\/plannen-op-het-gebied-van-arbeidsmarkt-en-logistiek-uit-de-doeken\/","name":"Plannen op het gebied van arbeidsmarkt en logistiek uit de doeken - Ondernemend Venlo","isPartOf":{"@id":"https:\/\/www.ondernemendvenlo.nl\/#website"},"primaryImageOfPage":{"@id":"https:\/\/www.ondernemendvenlo.nl\/plannen-op-het-gebied-van-arbeidsmarkt-en-logistiek-uit-de-doeken\/#primaryimage"},"image":{"@id":"https:\/\/www.ondernemendvenlo.nl\/plannen-op-het-gebied-van-arbeidsmarkt-en-logistiek-uit-de-doeken\/#primaryimage"},"thumbnailUrl":"https:\/\/mlabusiness.nl\/wp-content\/uploads\/sites\/7\/2021\/10\/Schermafbeelding-2021-10-05-om-15.24.08-300x199.png","datePublished":"2021-09-25T11:16:39+00:00","breadcrumb":{"@id":"https:\/\/www.ondernemendvenlo.nl\/plannen-op-het-gebied-van-arbeidsmarkt-en-logistiek-uit-de-doeken\/#breadcrumb"},"inLanguage":"de","potentialAction":[{"@type":"ReadAction","target":["https:\/\/www.ondernemendvenlo.nl\/plannen-op-het-gebied-van-arbeidsmarkt-en-logistiek-uit-de-doeken\/"]}]},{"@type":"ImageObject","inLanguage":"de","@id":"https:\/\/www.ondernemendvenlo.nl\/plannen-op-het-gebied-van-arbeidsmarkt-en-logistiek-uit-de-doeken\/#primaryimage","url":"https:\/\/mlabusiness.nl\/wp-content\/uploads\/sites\/7\/2021\/10\/Schermafbeelding-2021-10-05-om-15.24.08-300x199.png","contentUrl":"https:\/\/mlabusiness.nl\/wp-content\/uploads\/sites\/7\/2021\/10\/Schermafbeelding-2021-10-05-om-15.24.08-300x199.png"},{"@type":"BreadcrumbList","@id":"https:\/\/www.ondernemendvenlo.nl\/plannen-op-het-gebied-van-arbeidsmarkt-en-logistiek-uit-de-doeken\/#breadcrumb","itemListElement":[{"@type":"ListItem","position":1,"name":"Ondernemend Venlo","item":"https:\/\/www.ondernemendvenlo.nl\/"},{"@type":"ListItem","position":2,"name":"Nieuws","item":"https:\/\/www.ondernemendvenlo.nl\/categorie\/nieuws\/"},{"@type":"ListItem","position":3,"name":"Plannen op het gebied van arbeidsmarkt en logistiek uit de doeken"}]},{"@type":"WebSite","@id":"https:\/\/www.ondernemendvenlo.nl\/#website","url":"https:\/\/www.ondernemendvenlo.nl\/","name":"Unternehmerisches Venlo","description":"Samen succesvol ondernemen","publisher":{"@id":"https:\/\/www.ondernemendvenlo.nl\/#organization"},"potentialAction":[{"@type":"SearchAction","target":{"@type":"EntryPoint","urlTemplate":"https:\/\/www.ondernemendvenlo.nl\/?s={search_term_string}"},"query-input":{"@type":"PropertyValueSpecification","valueRequired":true,"valueName":"search_term_string"}}],"inLanguage":"de"},{"@type":"Organization","@id":"https:\/\/www.ondernemendvenlo.nl\/#organization","name":"Unternehmerisches Venlo","url":"https:\/\/www.ondernemendvenlo.nl\/","logo":{"@type":"ImageObject","inLanguage":"de","@id":"https:\/\/www.ondernemendvenlo.nl\/#\/schema\/logo\/image\/","url":"https:\/\/www.ondernemendvenlo.nl\/wp-content\/uploads\/2025\/02\/Ondernemend-Venlo-logo-scaled.webp","contentUrl":"https:\/\/www.ondernemendvenlo.nl\/wp-content\/uploads\/2025\/02\/Ondernemend-Venlo-logo-scaled.webp","width":2560,"height":1010,"caption":"Ondernemend Venlo"},"image":{"@id":"https:\/\/www.ondernemendvenlo.nl\/#\/schema\/logo\/image\/"},"sameAs":["https:\/\/www.linkedin.com\/company\/ondernemend-venlo\/"]},{"@type":"Person","@id":"https:\/\/www.ondernemendvenlo.nl\/#\/schema\/person\/347e935f8ad4c7030608ef74bb57aa6e","name":"admin","image":{"@type":"ImageObject","inLanguage":"de","@id":"https:\/\/www.ondernemendvenlo.nl\/#\/schema\/person\/image\/","url":"https:\/\/www.ondernemendvenlo.nl\/wp-content\/litespeed\/avatar\/720af750b037aecf6e33e12833479059.jpg?ver=1777382954","contentUrl":"https:\/\/www.ondernemendvenlo.nl\/wp-content\/litespeed\/avatar\/720af750b037aecf6e33e12833479059.jpg?ver=1777382954","caption":"admin"},"sameAs":["https:\/\/www.ondernemendvenlo.nl"]}]}},"_links":{"self":[{"href":"https:\/\/www.ondernemendvenlo.nl\/de\/wp-json\/wp\/v2\/posts\/2770","targetHints":{"allow":["GET"]}}],"collection":[{"href":"https:\/\/www.ondernemendvenlo.nl\/de\/wp-json\/wp\/v2\/posts"}],"about":[{"href":"https:\/\/www.ondernemendvenlo.nl\/de\/wp-json\/wp\/v2\/types\/post"}],"author":[{"embeddable":true,"href":"https:\/\/www.ondernemendvenlo.nl\/de\/wp-json\/wp\/v2\/users\/1"}],"replies":[{"embeddable":true,"href":"https:\/\/www.ondernemendvenlo.nl\/de\/wp-json\/wp\/v2\/comments?post=2770"}],"version-history":[{"count":0,"href":"https:\/\/www.ondernemendvenlo.nl\/de\/wp-json\/wp\/v2\/posts\/2770\/revisions"}],"wp:attachment":[{"href":"https:\/\/www.ondernemendvenlo.nl\/de\/wp-json\/wp\/v2\/media?parent=2770"}],"wp:term":[{"taxonomy":"category","embeddable":true,"href":"https:\/\/www.ondernemendvenlo.nl\/de\/wp-json\/wp\/v2\/categories?post=2770"},{"taxonomy":"post_tag","embeddable":true,"href":"https:\/\/www.ondernemendvenlo.nl\/de\/wp-json\/wp\/v2\/tags?post=2770"}],"curies":[{"name":"wp","href":"https:\/\/api.w.org\/{rel}","templated":true}]}}