{"id":2897,"date":"2023-01-20T11:12:46","date_gmt":"2023-01-20T10:12:46","guid":{"rendered":"https:\/\/www.ondernemendvenlo.nl\/drie-miljoen-euro-voor-het-kazernekwartier-venlo\/"},"modified":"2023-01-20T11:12:46","modified_gmt":"2023-01-20T10:12:46","slug":"drie-miljoen-euro-voor-het-kazernekwartier-venlo","status":"publish","type":"post","link":"https:\/\/www.ondernemendvenlo.nl\/de\/drie-miljoen-euro-voor-het-kazernekwartier-venlo\/","title":{"rendered":"Drei Millionen Euro f\u00fcr Kazernekwartier Venlo"},"content":{"rendered":"<div id=\"_idContainer269\" class=\"Basistekstkader\">\n<p class=\"Platte-tekst\" lang=\"nl-NL\"><em><strong>De minister van Volkshuisvesting maakte bekend dat Venlo een bijdrage krijgt vanuit de Woningbouwimpuls. Hugo de Jonge stelt 3 miljoen euro beschikbaar voor het Kazernekwartier.\u00a0<span class=\"afbreken-einde-zin\" lang=\"\">Mit\u00a0<\/span>de regeling draagt het ministerie van Binnenlandse Zaken en Koninkrijksrelaties sinds 2019 bij om de realisatie van vooral betaalbare woningen in gemeentes te versnellen.<\/strong><\/em><\/p>\n<p class=\"Platte-tekst\" lang=\"nl-NL\">Donderdag 15 december werd bekend dat er twintig projecten geld krijgen uit de vierde tranche. Hierbij zit dus ook het project Kazernekwartier. Wethouder <strong><a href=\"https:\/\/www.linkedin.com\/in\/tom-verhaegh-4945735a\/\" class=\"external\" target=\"_blank\">Tom Verhaegh<\/a><\/strong>: \u201cDeze bijdrage brengt de herontwikkeling van het kazerneterrein weer een stukje dichterbij en maakt het mogelijk om woningen voor iedere beurs aan te bieden.\u00a0<span class=\"afbreken-einde-zin\" lang=\"\">Wir\u00a0<\/span>zijn erg blij dat de Rijksoverheid het belang inziet van woningbouw op deze unieke en historische locatie.\u201d<\/p>\n<p class=\"Tussenkopje\" lang=\"nl-NL\"><strong>Betaalbare woningbouw<br \/>\n<\/strong>In bouwfase 1 worden er 502 woningen en 100 studenten-woningen gebouwd op het kazerneterrein.\u00a0<span class=\"afbreken-einde-zin\" lang=\"\">Die\u00a0<\/span>Rijk investeert het bedrag onder de voorwaarde dat minimaal de helft van de te bouwen woningen zich in de betaalbare sector bevindt.\u00a0<span class=\"afbreken-einde-zin\" lang=\"\">Diese\u00a0<\/span>zijn woningen met een sociale huur of middenhuur tot \u20ac 1.023,- of koopwoningen tot de grens van de Nationale hypotheekgarantie. Andere voorwaarden zijn dat er cofinanciering is vanuit de provincie en\/of gemeente en dat er binnen 3 jaar gestart wordt met de woningbouw.<\/p>\n<p class=\"Platte-tekst\" lang=\"nl-NL\">\u201cOnlangs hebben we van de provincie Limburg een bedrag toegezegd gekregen vanuit de regeling Kwaliteit Limburgse Centra. Gezamenlijk zorgen we dus dat er aan de voorwaarde voor cofinanciering wordt voldaan.\u00a0<span class=\"afbreken-einde-zin\" lang=\"\">Die\u00a0<\/span>is mooi dat de mijlpalen zich nu sneller opvolgen. Onlangs hebben we met onze ontwikkelpartners de uitgifteovereenkomsten ondertekend en momenteel loopt ook de bestemmingsplanprocedure.\u00a0<span class=\"afbreken-einde-zin\" lang=\"\">Unser\u00a0<\/span>streven is dan ook om zo snel mogelijk te starten met de voorbereidende werkzaamheden\u201d, aldus wethouder Verhaegh.<\/p>\n<p class=\"Tussenkopje\" lang=\"nl-NL\"><strong>Levendige stadswijk<br \/>\n<\/strong>Het Kazernekwartier Venlo is geen woonwijk, maar een levendige stadswijk.\u00a0<span class=\"afbreken-einde-zin\" lang=\"\">Die\u00a0<\/span>vormt de schakel tussen de binnenstad van Venlo en het stadsdeel Blerick met volop ruimte om te wonen, werken, leren en te genieten van het leven.\u00a0<span class=\"afbreken-einde-zin\" lang=\"\">Die\u00a0<\/span>militaire verleden van het gebied is een belangrijke inspiratiebron.\u00a0<span class=\"afbreken-einde-zin\" lang=\"\">Die\u00a0<\/span>erfgoed wordt functioneel ingericht en is daarmee onderdeel van het dagelijks leven.\u00a0<span class=\"afbreken-einde-zin\" lang=\"\">Die\u00a0<\/span>militaire geschiedenis is voelbaar, zichtbaar en beleefbaar.\u00a0<span class=\"afbreken-einde-zin\" lang=\"\">Die\u00a0<\/span>Kazernekwartier Venlo heeft drie tijdslagen zoals dat zo mooi heet.\u00a0<span class=\"afbreken-einde-zin\" lang=\"\">Mit\u00a0<\/span>daar bovenop een nieuwe laag in een eigentijdse baksteenarchitectuur, die volledig past binnen de stijl van het kazernepaviljoen.\u00a0<span class=\"afbreken-einde-zin\" lang=\"\">Und\u00a0<\/span>dat allemaal met een knipoog naar fort Sint-Michiel.<\/p>\n<p class=\"Tussenkopje\" lang=\"nl-NL\"><strong>Groen en duurzaam<br \/>\n<\/strong>Duurzaamheid, gezondheid en aandacht voor het klimaat zitten in de genen van het Kazernekwartier Venlo. Kortom: zo veel mogelijk elektrisch, veel zonnepanelen, duurzame mobiliteit. Maximaal de ruimte voor voetgangers, fietsers, deelscooters en deel-auto\u2019s.<\/p>\n<p class=\"Tussenkopje\" lang=\"nl-NL\"><a href=\"http:\/\/www.kazernekwartiervenlo.nl\" class=\"external\" target=\"_blank\">www.kazernekwartiervenlo.nl<\/a><\/p>\n<\/div>","protected":false},"excerpt":{"rendered":"<p>Der Wohnungsbauminister k\u00fcndigte an, dass Venlo einen Beitrag aus dem Wohnungsbauimpuls erhalten wird. Hugo de Jonge stellt 3 Millionen Euro f\u00fcr das Kazernekwartier zur Verf\u00fcgung. Mit diesem Programm tr\u00e4gt das Ministerium f\u00fcr Inneres und K\u00f6nigreichsbeziehungen seit 2019 dazu bei, die Realisierung von besonders erschwinglichem Wohnraum in den Gemeinden zu beschleunigen. Am Donnerstag, den 15. Dezember, wurde bekannt gegeben, dass [...]<\/p>","protected":false},"author":1,"featured_media":0,"comment_status":"closed","ping_status":"open","sticky":false,"template":"","format":"standard","meta":{"_acf_changed":false,"footnotes":""},"categories":[8],"tags":[],"class_list":["post-2897","post","type-post","status-publish","format-standard","hentry","category-nieuws"],"acf":[],"yoast_head":"<!-- This site is optimized with the Yoast SEO plugin v26.3 - https:\/\/yoast.com\/wordpress\/plugins\/seo\/ -->\n<title>Drie miljoen euro voor het Kazernekwartier Venlo - Ondernemend Venlo<\/title>\n<meta name=\"robots\" content=\"index, follow, max-snippet:-1, max-image-preview:large, max-video-preview:-1\" \/>\n<link rel=\"canonical\" href=\"https:\/\/www.ondernemendvenlo.nl\/de\/drie-miljoen-euro-voor-het-kazernekwartier-venlo\/\" \/>\n<meta property=\"og:locale\" content=\"de_DE\" \/>\n<meta property=\"og:type\" content=\"article\" \/>\n<meta property=\"og:title\" content=\"Drie miljoen euro voor het Kazernekwartier Venlo - Ondernemend Venlo\" \/>\n<meta property=\"og:description\" content=\"De minister van Volkshuisvesting maakte bekend dat Venlo een bijdrage krijgt vanuit de Woningbouwimpuls. Hugo de Jonge stelt 3 miljoen euro beschikbaar voor het Kazernekwartier.\u00a0Met\u00a0de regeling draagt het ministerie van Binnenlandse Zaken en Koninkrijksrelaties sinds 2019 bij om de realisatie van vooral betaalbare woningen in gemeentes te versnellen. Donderdag 15 december werd bekend dat er [&hellip;]\" \/>\n<meta property=\"og:url\" content=\"https:\/\/www.ondernemendvenlo.nl\/de\/drie-miljoen-euro-voor-het-kazernekwartier-venlo\/\" \/>\n<meta property=\"og:site_name\" content=\"Ondernemend Venlo\" \/>\n<meta property=\"article:published_time\" content=\"2023-01-20T10:12:46+00:00\" \/>\n<meta name=\"author\" content=\"admin\" \/>\n<meta name=\"twitter:card\" content=\"summary_large_image\" \/>\n<meta name=\"twitter:label1\" content=\"Verfasst von\" \/>\n\t<meta name=\"twitter:data1\" content=\"admin\" \/>\n\t<meta name=\"twitter:label2\" content=\"Gesch\u00e4tzte Lesezeit\" \/>\n\t<meta name=\"twitter:data2\" content=\"2\u00a0Minuten\" \/>\n<script type=\"application\/ld+json\" class=\"yoast-schema-graph\">{\"@context\":\"https:\/\/schema.org\",\"@graph\":[{\"@type\":\"Article\",\"@id\":\"https:\/\/www.ondernemendvenlo.nl\/drie-miljoen-euro-voor-het-kazernekwartier-venlo\/#article\",\"isPartOf\":{\"@id\":\"https:\/\/www.ondernemendvenlo.nl\/drie-miljoen-euro-voor-het-kazernekwartier-venlo\/\"},\"author\":{\"name\":\"admin\",\"@id\":\"https:\/\/www.ondernemendvenlo.nl\/#\/schema\/person\/347e935f8ad4c7030608ef74bb57aa6e\"},\"headline\":\"Drie miljoen euro voor het Kazernekwartier Venlo\",\"datePublished\":\"2023-01-20T10:12:46+00:00\",\"mainEntityOfPage\":{\"@id\":\"https:\/\/www.ondernemendvenlo.nl\/drie-miljoen-euro-voor-het-kazernekwartier-venlo\/\"},\"wordCount\":422,\"publisher\":{\"@id\":\"https:\/\/www.ondernemendvenlo.nl\/#organization\"},\"articleSection\":[\"Nieuws\"],\"inLanguage\":\"de\"},{\"@type\":\"WebPage\",\"@id\":\"https:\/\/www.ondernemendvenlo.nl\/drie-miljoen-euro-voor-het-kazernekwartier-venlo\/\",\"url\":\"https:\/\/www.ondernemendvenlo.nl\/drie-miljoen-euro-voor-het-kazernekwartier-venlo\/\",\"name\":\"Drie miljoen euro voor het Kazernekwartier Venlo - Ondernemend Venlo\",\"isPartOf\":{\"@id\":\"https:\/\/www.ondernemendvenlo.nl\/#website\"},\"datePublished\":\"2023-01-20T10:12:46+00:00\",\"breadcrumb\":{\"@id\":\"https:\/\/www.ondernemendvenlo.nl\/drie-miljoen-euro-voor-het-kazernekwartier-venlo\/#breadcrumb\"},\"inLanguage\":\"de\",\"potentialAction\":[{\"@type\":\"ReadAction\",\"target\":[\"https:\/\/www.ondernemendvenlo.nl\/drie-miljoen-euro-voor-het-kazernekwartier-venlo\/\"]}]},{\"@type\":\"BreadcrumbList\",\"@id\":\"https:\/\/www.ondernemendvenlo.nl\/drie-miljoen-euro-voor-het-kazernekwartier-venlo\/#breadcrumb\",\"itemListElement\":[{\"@type\":\"ListItem\",\"position\":1,\"name\":\"Ondernemend Venlo\",\"item\":\"https:\/\/www.ondernemendvenlo.nl\/\"},{\"@type\":\"ListItem\",\"position\":2,\"name\":\"Nieuws\",\"item\":\"https:\/\/www.ondernemendvenlo.nl\/categorie\/nieuws\/\"},{\"@type\":\"ListItem\",\"position\":3,\"name\":\"Drie miljoen euro voor het Kazernekwartier Venlo\"}]},{\"@type\":\"WebSite\",\"@id\":\"https:\/\/www.ondernemendvenlo.nl\/#website\",\"url\":\"https:\/\/www.ondernemendvenlo.nl\/\",\"name\":\"Ondernemend Venlo\",\"description\":\"Samen succesvol ondernemen\",\"publisher\":{\"@id\":\"https:\/\/www.ondernemendvenlo.nl\/#organization\"},\"potentialAction\":[{\"@type\":\"SearchAction\",\"target\":{\"@type\":\"EntryPoint\",\"urlTemplate\":\"https:\/\/www.ondernemendvenlo.nl\/?s={search_term_string}\"},\"query-input\":{\"@type\":\"PropertyValueSpecification\",\"valueRequired\":true,\"valueName\":\"search_term_string\"}}],\"inLanguage\":\"de\"},{\"@type\":\"Organization\",\"@id\":\"https:\/\/www.ondernemendvenlo.nl\/#organization\",\"name\":\"Ondernemend Venlo\",\"url\":\"https:\/\/www.ondernemendvenlo.nl\/\",\"logo\":{\"@type\":\"ImageObject\",\"inLanguage\":\"de\",\"@id\":\"https:\/\/www.ondernemendvenlo.nl\/#\/schema\/logo\/image\/\",\"url\":\"https:\/\/www.ondernemendvenlo.nl\/wp-content\/uploads\/2025\/02\/Ondernemend-Venlo-logo-scaled.webp\",\"contentUrl\":\"https:\/\/www.ondernemendvenlo.nl\/wp-content\/uploads\/2025\/02\/Ondernemend-Venlo-logo-scaled.webp\",\"width\":2560,\"height\":1010,\"caption\":\"Ondernemend Venlo\"},\"image\":{\"@id\":\"https:\/\/www.ondernemendvenlo.nl\/#\/schema\/logo\/image\/\"},\"sameAs\":[\"https:\/\/www.linkedin.com\/company\/ondernemend-venlo\/\"]},{\"@type\":\"Person\",\"@id\":\"https:\/\/www.ondernemendvenlo.nl\/#\/schema\/person\/347e935f8ad4c7030608ef74bb57aa6e\",\"name\":\"admin\",\"image\":{\"@type\":\"ImageObject\",\"inLanguage\":\"de\",\"@id\":\"https:\/\/www.ondernemendvenlo.nl\/#\/schema\/person\/image\/\",\"url\":\"https:\/\/www.ondernemendvenlo.nl\/wp-content\/litespeed\/avatar\/720af750b037aecf6e33e12833479059.jpg?ver=1777382954\",\"contentUrl\":\"https:\/\/www.ondernemendvenlo.nl\/wp-content\/litespeed\/avatar\/720af750b037aecf6e33e12833479059.jpg?ver=1777382954\",\"caption\":\"admin\"},\"sameAs\":[\"https:\/\/www.ondernemendvenlo.nl\"]}]}<\/script>\n<!-- \/ Yoast SEO plugin. -->","yoast_head_json":{"title":"Drie miljoen euro voor het Kazernekwartier Venlo - Ondernemend Venlo","robots":{"index":"index","follow":"follow","max-snippet":"max-snippet:-1","max-image-preview":"max-image-preview:large","max-video-preview":"max-video-preview:-1"},"canonical":"https:\/\/www.ondernemendvenlo.nl\/de\/drie-miljoen-euro-voor-het-kazernekwartier-venlo\/","og_locale":"de_DE","og_type":"article","og_title":"Drie miljoen euro voor het Kazernekwartier Venlo - Ondernemend Venlo","og_description":"De minister van Volkshuisvesting maakte bekend dat Venlo een bijdrage krijgt vanuit de Woningbouwimpuls. Hugo de Jonge stelt 3 miljoen euro beschikbaar voor het Kazernekwartier.\u00a0Met\u00a0de regeling draagt het ministerie van Binnenlandse Zaken en Koninkrijksrelaties sinds 2019 bij om de realisatie van vooral betaalbare woningen in gemeentes te versnellen. Donderdag 15 december werd bekend dat er [&hellip;]","og_url":"https:\/\/www.ondernemendvenlo.nl\/de\/drie-miljoen-euro-voor-het-kazernekwartier-venlo\/","og_site_name":"Ondernemend Venlo","article_published_time":"2023-01-20T10:12:46+00:00","author":"admin","twitter_card":"summary_large_image","twitter_misc":{"Verfasst von":"admin","Gesch\u00e4tzte Lesezeit":"2\u00a0Minuten"},"schema":{"@context":"https:\/\/schema.org","@graph":[{"@type":"Article","@id":"https:\/\/www.ondernemendvenlo.nl\/drie-miljoen-euro-voor-het-kazernekwartier-venlo\/#article","isPartOf":{"@id":"https:\/\/www.ondernemendvenlo.nl\/drie-miljoen-euro-voor-het-kazernekwartier-venlo\/"},"author":{"name":"admin","@id":"https:\/\/www.ondernemendvenlo.nl\/#\/schema\/person\/347e935f8ad4c7030608ef74bb57aa6e"},"headline":"Drie miljoen euro voor het Kazernekwartier Venlo","datePublished":"2023-01-20T10:12:46+00:00","mainEntityOfPage":{"@id":"https:\/\/www.ondernemendvenlo.nl\/drie-miljoen-euro-voor-het-kazernekwartier-venlo\/"},"wordCount":422,"publisher":{"@id":"https:\/\/www.ondernemendvenlo.nl\/#organization"},"articleSection":["Nieuws"],"inLanguage":"de"},{"@type":"WebPage","@id":"https:\/\/www.ondernemendvenlo.nl\/drie-miljoen-euro-voor-het-kazernekwartier-venlo\/","url":"https:\/\/www.ondernemendvenlo.nl\/drie-miljoen-euro-voor-het-kazernekwartier-venlo\/","name":"Drie miljoen euro voor het Kazernekwartier Venlo - Ondernemend Venlo","isPartOf":{"@id":"https:\/\/www.ondernemendvenlo.nl\/#website"},"datePublished":"2023-01-20T10:12:46+00:00","breadcrumb":{"@id":"https:\/\/www.ondernemendvenlo.nl\/drie-miljoen-euro-voor-het-kazernekwartier-venlo\/#breadcrumb"},"inLanguage":"de","potentialAction":[{"@type":"ReadAction","target":["https:\/\/www.ondernemendvenlo.nl\/drie-miljoen-euro-voor-het-kazernekwartier-venlo\/"]}]},{"@type":"BreadcrumbList","@id":"https:\/\/www.ondernemendvenlo.nl\/drie-miljoen-euro-voor-het-kazernekwartier-venlo\/#breadcrumb","itemListElement":[{"@type":"ListItem","position":1,"name":"Ondernemend Venlo","item":"https:\/\/www.ondernemendvenlo.nl\/"},{"@type":"ListItem","position":2,"name":"Nieuws","item":"https:\/\/www.ondernemendvenlo.nl\/categorie\/nieuws\/"},{"@type":"ListItem","position":3,"name":"Drie miljoen euro voor het Kazernekwartier Venlo"}]},{"@type":"WebSite","@id":"https:\/\/www.ondernemendvenlo.nl\/#website","url":"https:\/\/www.ondernemendvenlo.nl\/","name":"Unternehmerisches Venlo","description":"Samen succesvol ondernemen","publisher":{"@id":"https:\/\/www.ondernemendvenlo.nl\/#organization"},"potentialAction":[{"@type":"SearchAction","target":{"@type":"EntryPoint","urlTemplate":"https:\/\/www.ondernemendvenlo.nl\/?s={search_term_string}"},"query-input":{"@type":"PropertyValueSpecification","valueRequired":true,"valueName":"search_term_string"}}],"inLanguage":"de"},{"@type":"Organization","@id":"https:\/\/www.ondernemendvenlo.nl\/#organization","name":"Unternehmerisches Venlo","url":"https:\/\/www.ondernemendvenlo.nl\/","logo":{"@type":"ImageObject","inLanguage":"de","@id":"https:\/\/www.ondernemendvenlo.nl\/#\/schema\/logo\/image\/","url":"https:\/\/www.ondernemendvenlo.nl\/wp-content\/uploads\/2025\/02\/Ondernemend-Venlo-logo-scaled.webp","contentUrl":"https:\/\/www.ondernemendvenlo.nl\/wp-content\/uploads\/2025\/02\/Ondernemend-Venlo-logo-scaled.webp","width":2560,"height":1010,"caption":"Ondernemend Venlo"},"image":{"@id":"https:\/\/www.ondernemendvenlo.nl\/#\/schema\/logo\/image\/"},"sameAs":["https:\/\/www.linkedin.com\/company\/ondernemend-venlo\/"]},{"@type":"Person","@id":"https:\/\/www.ondernemendvenlo.nl\/#\/schema\/person\/347e935f8ad4c7030608ef74bb57aa6e","name":"admin","image":{"@type":"ImageObject","inLanguage":"de","@id":"https:\/\/www.ondernemendvenlo.nl\/#\/schema\/person\/image\/","url":"https:\/\/www.ondernemendvenlo.nl\/wp-content\/litespeed\/avatar\/720af750b037aecf6e33e12833479059.jpg?ver=1777382954","contentUrl":"https:\/\/www.ondernemendvenlo.nl\/wp-content\/litespeed\/avatar\/720af750b037aecf6e33e12833479059.jpg?ver=1777382954","caption":"admin"},"sameAs":["https:\/\/www.ondernemendvenlo.nl"]}]}},"_links":{"self":[{"href":"https:\/\/www.ondernemendvenlo.nl\/de\/wp-json\/wp\/v2\/posts\/2897","targetHints":{"allow":["GET"]}}],"collection":[{"href":"https:\/\/www.ondernemendvenlo.nl\/de\/wp-json\/wp\/v2\/posts"}],"about":[{"href":"https:\/\/www.ondernemendvenlo.nl\/de\/wp-json\/wp\/v2\/types\/post"}],"author":[{"embeddable":true,"href":"https:\/\/www.ondernemendvenlo.nl\/de\/wp-json\/wp\/v2\/users\/1"}],"replies":[{"embeddable":true,"href":"https:\/\/www.ondernemendvenlo.nl\/de\/wp-json\/wp\/v2\/comments?post=2897"}],"version-history":[{"count":0,"href":"https:\/\/www.ondernemendvenlo.nl\/de\/wp-json\/wp\/v2\/posts\/2897\/revisions"}],"wp:attachment":[{"href":"https:\/\/www.ondernemendvenlo.nl\/de\/wp-json\/wp\/v2\/media?parent=2897"}],"wp:term":[{"taxonomy":"category","embeddable":true,"href":"https:\/\/www.ondernemendvenlo.nl\/de\/wp-json\/wp\/v2\/categories?post=2897"},{"taxonomy":"post_tag","embeddable":true,"href":"https:\/\/www.ondernemendvenlo.nl\/de\/wp-json\/wp\/v2\/tags?post=2897"}],"curies":[{"name":"wp","href":"https:\/\/api.w.org\/{rel}","templated":true}]}}