{"id":2898,"date":"2023-01-20T11:06:04","date_gmt":"2023-01-20T10:06:04","guid":{"rendered":"https:\/\/www.ondernemendvenlo.nl\/crossroads-limburg-samenwerking-en-flexibiliteit-is-de-key\/"},"modified":"2023-01-20T11:06:04","modified_gmt":"2023-01-20T10:06:04","slug":"crossroads-limburg-samenwerking-en-flexibiliteit-is-de-key","status":"publish","type":"post","link":"https:\/\/www.ondernemendvenlo.nl\/de\/crossroads-limburg-samenwerking-en-flexibiliteit-is-de-key\/","title":{"rendered":"Crossroads Limburg: Zusammenarbeit und Flexibilit\u00e4t sind der \"Schl\u00fcssel"},"content":{"rendered":"<div id=\"_idContainer213\" class=\"_idGenObjectStyleOverride-1\">\n<p class=\"Intro-zwart ParaOverride-3\" lang=\"nl-NL\"><em><strong>Am 7. November 2022 wurde Angely Waajen-Crins offiziell in ihr neues Amt als Direktorin von Crossroads Limburg eingef\u00fchrt. <span class=\"afbreken-einde-zin\" lang=\"\">Unter\u00a0<\/span>der Verbindungsplattform f\u00fcr Unternehmer, Bildung, Regierung und Umwelt in Nord-Limburg, wird sie den Vorsitz von Tjebbe Smit \u00fcbernehmen. Waajen hat sich f\u00fcr 2023 ein klares Ziel gesetzt: \"Die Verbindung der Quatro-Helix, um unsere Region wirtschaftlich gesund zu erhalten. Zusammenarbeit und Flexibilit\u00e4t aller Beteiligten sind dabei der 'Schl\u00fcssel'.<\/strong><\/em><\/p>\n<\/div>\n<div id=\"_idContainer214\" class=\"Basistekstkader\">\n<p class=\"Platte-tekst\" lang=\"nl-NL\">Gespr\u00e4ch mit brandneuem Direktor <strong><a href=\"https:\/\/www.linkedin.com\/in\/angely-waajen-crins-25a33119\/\" class=\"external\" target=\"_blank\">Angely Waajen<\/a><\/strong> findet in der Venloer Villa Flora statt, dem Sitz des 2016 gegr\u00fcndeten kompakten Teams von Crossroads Limburg. Crossroads hat die Aufgabe, Unternehmer, Regierung, Bildung und Umwelt f\u00fcr eine gesunde Weiterentwicklung der Region zu verbinden. Gemeinsam wird eine wirtschaftliche Agenda f\u00fcr die Zukunft der ges\u00fcndesten Region Nordlimburgs erstellt.\u00a0<span class=\"afbreken-einde-zin\" lang=\"\">Die\u00a0<\/span>Der Staat, die Provinz und die regionalen Gemeinden zahlen f\u00fcr die St\u00e4rkung der Zusammenarbeit. Dar\u00fcber hinaus leisten auch Unternehmer einen Beitrag.\u00a0<span class=\"afbreken-einde-zin\" lang=\"\">Die\u00a0<\/span>Das Jahr 2023 soll genutzt werden, um die Finanzierung der Kooperation und die inhaltliche Agenda mit allen Partnern weiter zu gestalten. Waajen: \"Es liegt an Crossroads zu zeigen, dass eine weitere Entwicklung wirklich nur mit einer starken Zusammenarbeit und viel Unterst\u00fctzung f\u00fcr die Zukunftspl\u00e4ne m\u00f6glich ist.\"<\/p>\n<p class=\"Tussenkopje\" lang=\"nl-NL\"><strong>Leidenschaft f\u00fcr Verbindungen<br \/>\n<\/strong>Waajen wurde gebeten, als Direktorin bei Crossroads Limburg anzufangen, und nach eigener Aussage war diese Stelle wie geschaffen f\u00fcr sie: \"Bei den Vorstellungsgespr\u00e4chen bekam ich ein gutes Gef\u00fchl f\u00fcr die Organisation, die Ziele, das Team und nat\u00fcrlich die Stelle. Zusammenarbeit liegt in meiner Natur: In mir brennt ein Feuer, Menschen zu verbinden. Und ein gro\u00dfer Vorteil ist, dass ich als ehemaliger Beigeordneter der Gemeinde Roermond und ehemaliger Regionalsekret\u00e4r der De Limburgse Werkgevers Vereniging Situationen mit verschiedenen H\u00fcten betrachten kann.\"<\/p>\n<p class=\"Platte-tekst\" lang=\"nl-NL\">Ihre Hauptaufgabe wird es sein, die Quatrohelix in der Region Nordlimburg zu verbinden.\u00a0<span class=\"afbreken-einde-zin\" lang=\"\">\"Es\u00a0<\/span>Mein Ziel ist es, alle Beteiligten dazu zu bringen, sich gemeinsam f\u00fcr eine wirtschaftlich gesunde Region einzusetzen.\u00a0<span class=\"afbreken-einde-zin\" lang=\"\">Die\u00a0<\/span>Die sozialen Probleme, mit denen die Gesellschaft heute konfrontiert ist, sind so komplex, dass keine Partei sie allein l\u00f6sen kann.\u00a0<span class=\"afbreken-einde-zin\" lang=\"\">Die\u00a0<\/span>Die Regierung kann es nicht allein tun, das Bildungswesen kann es nicht allein tun, und die Unternehmer k\u00f6nnen es auch nicht.\u00a0<span class=\"afbreken-einde-zin\" lang=\"\">Wir\u00a0<\/span>brauchen sich gegenseitig und die Umwelt dringend. Nehmen wir zum Beispiel das Problem des Arbeitsmarktes: Liegt es daran, dass die Ausbildung die falschen Leute hervorbringt? Verlangen die Unternehmer zu viel? Arbeitet die Regierung nicht schnell genug, um die Ausbildung anzupassen?\u00a0<span class=\"afbreken-einde-zin\" lang=\"\">Oder\u00a0<\/span>Erziehen Eltern ihre Kinder falsch?\u00a0<span class=\"afbreken-einde-zin\" lang=\"\">Dort\u00a0<\/span>gibt es bei keiner dieser Parteien eine einfache L\u00f6sung.\u00a0<span class=\"afbreken-einde-zin\" lang=\"\">Wir\u00a0<\/span>brauchen daher auch jede Partei. Zusammenarbeit ist der neue Wettbewerb\", sagte Doekle Terpstra. Dem kann ich nur zustimmen.\"<\/p>\n<p class=\"Platte-tekst\" lang=\"nl-NL\">Waajen zufolge erkennen die meisten Menschen die Bedeutung der Zusammenarbeit, suchen aber nicht von sich aus die Verbindung.\u00a0<span class=\"afbreken-einde-zin\" lang=\"\">\"Wenn\u00a0<\/span>Mit Crossroads Limburg werden wir Instrumente zur Verf\u00fcgung stellen, denn der Schritt zur regionalen Zusammenarbeit geschieht nicht automatisch.\u00a0<span class=\"afbreken-einde-zin\" lang=\"\">Wir\u00a0<\/span>Wir werden uns beispielsweise noch mehr um unsere Kundenbetreuer bem\u00fchen, die sich um die Belange von Unternehmern k\u00fcmmern und sie mit den anderen Os verbinden.\"<\/p>\n<p class=\"Tussenkopje\" lang=\"nl-NL\"><strong>Verst\u00e4ndnis f\u00fcr die Umwelt schaffen<br \/>\n<\/strong>Um regionale Kooperationen zu erm\u00f6glichen, ist nach Ansicht des Direktors von allen Beteiligten Flexibilit\u00e4t gefragt.\u00a0<span class=\"afbreken-einde-zin\" lang=\"\">\"Die\u00a0<\/span>Der Arbeitsmarkt ver\u00e4ndert sich st\u00e4ndig, und wir m\u00fcssen entsprechend reagieren.\u00a0<span class=\"afbreken-einde-zin\" lang=\"\">Die\u00a0<\/span>Die st\u00e4ndige Schaffung neuer Arbeitspl\u00e4tze in der Region ist von entscheidender Bedeutung, da gen\u00fcgend Arbeitspl\u00e4tze vorhanden sein m\u00fcssen, um unsere Wirtschaft gesund zu erhalten.\u00a0<span class=\"afbreken-einde-zin\" lang=\"\">Unter\u00a0<\/span>In der nahen Zukunft werden neue Stellen frei werden, die es heute noch nicht gibt. Daf\u00fcr m\u00fcssen wir neue Ausbildungsg\u00e4nge schaffen, was wiederum die Hilfe der Regierung erfordert\". Nach Ansicht des Direktors dauert das derzeitige Genehmigungsverfahren der Regierung zu lange. \"Stillstand ist 't\u00f6dlich' f\u00fcr die wirtschaftliche Entwicklung.\u00a0<span class=\"afbreken-einde-zin\" lang=\"\">Als\u00a0<\/span>Wir k\u00f6nnen nicht jahrelang auf gr\u00fcnes Licht warten, wenn neue Kurse f\u00fcr neue Stellen auf dem (k\u00fcnftigen) Arbeitsmarkt eingerichtet werden. Im Gegenteil, wir sollten gemeinsam nach M\u00f6glichkeiten suchen, denn das gibt Energie und sorgt f\u00fcr Fortschritt, und das ist es, was die Regierung will\".<\/p>\n<p class=\"Platte-tekst\" lang=\"nl-NL\">Das Verst\u00e4ndnis der Umwelt f\u00fcr die Aufgaben von Crossroads Limburg zu wecken, ist das Ziel, das Waajen im kommenden Jahr mit Nachdruck verfolgt.\u00a0<span class=\"afbreken-einde-zin\" lang=\"\">\"Zum\u00a0<\/span>Um Ver\u00e4nderungen herbeizuf\u00fchren, ist ein Verst\u00e4ndnis f\u00fcr die Umwelt erforderlich. Denn jeder will sich f\u00fcr Nachhaltigkeit engagieren, aber \"nicht in meinem Hinterhof\".\u00a0<span class=\"afbreken-einde-zin\" lang=\"\">Wir\u00a0<\/span>werden das n\u00e4chste Jahr damit verbringen, das Umland \u00fcber unsere Pl\u00e4ne zu informieren, zu erkl\u00e4ren, warum wir etwas tun und was die Einwohner zu einer ges\u00fcnderen Wirtschaftsregion beitragen k\u00f6nnen.\u00a0<span class=\"afbreken-einde-zin\" lang=\"\">Die\u00a0<\/span>Es ist wichtig, dass die Menschen wissen, dass Crossroads Limburg nicht f\u00fcr einzelne kommerzielle Parteien arbeitet, sondern f\u00fcr die Gesellschaft.\u00a0<span class=\"afbreken-einde-zin\" lang=\"\">Wir\u00a0<\/span>alles zu tun, um unsere Wirtschaft gesund zu erhalten, zum Wohle aller Einwohner\".<\/p>\n<p class=\"Tussenkopje\" lang=\"nl-NL\"><strong>Finanzielle Zukunft Crossroads Limburg<br \/>\n<\/strong>Crossroads Limburg wird gr\u00f6\u00dftenteils mit Mitteln aus dem Region Deal finanziert, aber auch der Staat, die Provinz und Unternehmer zahlen einen Anteil.\u00a0<span class=\"afbreken-einde-zin\" lang=\"\">Die\u00a0<\/span>Die mittel- und langfristige Finanzierung wird mit den Partnern im Jahr 2023 weiter entwickelt.\u00a0<span class=\"afbreken-einde-zin\" lang=\"\">\"Mit\u00a0<\/span>Das Team ist dabei, einen Arbeitsplan f\u00fcr 2023 zu erstellen, mit Agenden und Pl\u00e4nen, die wir im kommenden Jahr umsetzen wollen. Anschlie\u00dfend werden wir einen regionalen Fahrplan f\u00fcr 2024-2028 erstellen\". Waajen selbst besucht derzeit die verschiedenen Partner. \"Denn: Eine gute Zusammenarbeit beginnt damit, dass man sich gegenseitig gut kennenlernt und Vertrauen aufbaut\", so Waajen.\u00a0<span class=\"afbreken-einde-zin\" lang=\"\">Die\u00a0<\/span>Der neue Direktor sieht in jedem Fall eine positive Zukunft f\u00fcr Crossroads Limburg. \"Es geht darum, dass wir allen Partnern richtig zeigen k\u00f6nnen, dass die Investition in genau diese Verbindung die gesamte Region in sehr vielen Bereichen voranbringt. Denn eine gesunde wirtschaftliche Entwicklung ist eine wichtige Voraussetzung f\u00fcr ein zukunftstr\u00e4chtiges Lebensumfeld.\"<\/p>\n<p class=\"Platte-tekst\" lang=\"nl-NL\">Waajen ist eine energiegeladene Frau, die sich gerne in ihre Aufgabe als Leiterin von Crossroads Limburg st\u00fcrzt.\u00a0<span class=\"afbreken-einde-zin\" lang=\"\">Die\u00a0<\/span>positive Einstellung, charakterisiert sie sich selbst, sagt sie.\u00a0<span class=\"afbreken-einde-zin\" lang=\"\">\"Bei\u00a0<\/span>Bei mir ist das Glas immer halb voll, das h\u00f6re ich auch \u00f6fter von anderen.\u00a0<span class=\"afbreken-einde-zin\" lang=\"\">Ich\u00a0<\/span>immer nach Kooperationen und alternativen M\u00f6glichkeiten suchen. Stimulieren, motivieren und nicht aufgeben sind daher meine Schl\u00fcsselw\u00f6rter.\u00a0<span class=\"afbreken-einde-zin\" lang=\"\">Ich\u00a0<\/span>Haben Sie Vertrauen in das Team und die Partner.\u00a0<span class=\"afbreken-einde-zin\" lang=\"\">Die\u00a0<\/span>ist eine raue, sch\u00f6ne Region, die wir mit guter Zusammenarbeit noch besser auf die Landkarte bringen k\u00f6nnen.\u00a0<span class=\"afbreken-einde-zin\" lang=\"\">Die\u00a0<\/span>Die Partner der Ges\u00fcndesten Region haben bereits gut zueinander gefunden, das ist ein guter Anfang!\"<\/p>\n<p class=\"Tussenkopje\" lang=\"nl-NL\"><a href=\"http:\/\/www.crossroadslimburg.com\" class=\"external\" target=\"_blank\">www.crossroadslimburg.com<\/a><\/p>\n<\/div>","protected":false},"excerpt":{"rendered":"<p>Ab dem 7. November 2022 ist Angely Waajen-Crins offiziell in ihre neue Funktion als Direktorin von Crossroads Limburg berufen worden. Bei der Verbindungsplattform f\u00fcr Unternehmer, Bildung, Regierung und Umwelt in Nord-Limburg wird sie die Nachfolge von Interimschef Tjebbe Smit antreten. Waajen hat ihr Ziel f\u00fcr 2023 gesch\u00e4rft: \"Die Quatro-Helix verbinden, um unsere Region wirtschaftlich zu machen [...]<\/p>","protected":false},"author":1,"featured_media":0,"comment_status":"closed","ping_status":"open","sticky":false,"template":"","format":"standard","meta":{"_acf_changed":false,"footnotes":""},"categories":[8],"tags":[],"class_list":["post-2898","post","type-post","status-publish","format-standard","hentry","category-nieuws"],"acf":[],"yoast_head":"<!-- This site is optimized with the Yoast SEO plugin v26.3 - https:\/\/yoast.com\/wordpress\/plugins\/seo\/ -->\n<title>Crossroads Limburg: samenwerking en flexibiliteit is de \u2018key\u2019 - Ondernemend Venlo<\/title>\n<meta name=\"robots\" content=\"index, follow, max-snippet:-1, max-image-preview:large, max-video-preview:-1\" \/>\n<link rel=\"canonical\" href=\"https:\/\/www.ondernemendvenlo.nl\/de\/crossroads-limburg-samenwerking-en-flexibiliteit-is-de-key\/\" \/>\n<meta property=\"og:locale\" content=\"de_DE\" \/>\n<meta property=\"og:type\" content=\"article\" \/>\n<meta property=\"og:title\" content=\"Crossroads Limburg: samenwerking en flexibiliteit is de \u2018key\u2019 - Ondernemend Venlo\" \/>\n<meta property=\"og:description\" content=\"Per 7 november 2022 is Angely Waajen-Crins officieel aangesteld in haar nieuwe rol als directeur van Crossroads Limburg. Bij\u00a0het verbindingsplatform voor ondernemers, onderwijs, overheid en omgeving in Noord-Limburg neemt ze de taken over van interim-voorzitter Tjebbe Smit. Waajen heeft haar doel voor 2023 scherp gesteld: \u201cDe quatro helix met elkaar verbinden om onze regio economisch [&hellip;]\" \/>\n<meta property=\"og:url\" content=\"https:\/\/www.ondernemendvenlo.nl\/de\/crossroads-limburg-samenwerking-en-flexibiliteit-is-de-key\/\" \/>\n<meta property=\"og:site_name\" content=\"Ondernemend Venlo\" \/>\n<meta property=\"article:published_time\" content=\"2023-01-20T10:06:04+00:00\" \/>\n<meta name=\"author\" content=\"admin\" \/>\n<meta name=\"twitter:card\" content=\"summary_large_image\" \/>\n<meta name=\"twitter:label1\" content=\"Verfasst von\" \/>\n\t<meta name=\"twitter:data1\" content=\"admin\" \/>\n\t<meta name=\"twitter:label2\" content=\"Gesch\u00e4tzte Lesezeit\" \/>\n\t<meta name=\"twitter:data2\" content=\"5\u00a0Minuten\" \/>\n<script type=\"application\/ld+json\" class=\"yoast-schema-graph\">{\"@context\":\"https:\/\/schema.org\",\"@graph\":[{\"@type\":\"Article\",\"@id\":\"https:\/\/www.ondernemendvenlo.nl\/crossroads-limburg-samenwerking-en-flexibiliteit-is-de-key\/#article\",\"isPartOf\":{\"@id\":\"https:\/\/www.ondernemendvenlo.nl\/crossroads-limburg-samenwerking-en-flexibiliteit-is-de-key\/\"},\"author\":{\"name\":\"admin\",\"@id\":\"https:\/\/www.ondernemendvenlo.nl\/#\/schema\/person\/347e935f8ad4c7030608ef74bb57aa6e\"},\"headline\":\"Crossroads Limburg: samenwerking en flexibiliteit is de \u2018key\u2019\",\"datePublished\":\"2023-01-20T10:06:04+00:00\",\"mainEntityOfPage\":{\"@id\":\"https:\/\/www.ondernemendvenlo.nl\/crossroads-limburg-samenwerking-en-flexibiliteit-is-de-key\/\"},\"wordCount\":1019,\"publisher\":{\"@id\":\"https:\/\/www.ondernemendvenlo.nl\/#organization\"},\"articleSection\":[\"Nieuws\"],\"inLanguage\":\"de\"},{\"@type\":\"WebPage\",\"@id\":\"https:\/\/www.ondernemendvenlo.nl\/crossroads-limburg-samenwerking-en-flexibiliteit-is-de-key\/\",\"url\":\"https:\/\/www.ondernemendvenlo.nl\/crossroads-limburg-samenwerking-en-flexibiliteit-is-de-key\/\",\"name\":\"Crossroads Limburg: samenwerking en flexibiliteit is de \u2018key\u2019 - Ondernemend Venlo\",\"isPartOf\":{\"@id\":\"https:\/\/www.ondernemendvenlo.nl\/#website\"},\"datePublished\":\"2023-01-20T10:06:04+00:00\",\"breadcrumb\":{\"@id\":\"https:\/\/www.ondernemendvenlo.nl\/crossroads-limburg-samenwerking-en-flexibiliteit-is-de-key\/#breadcrumb\"},\"inLanguage\":\"de\",\"potentialAction\":[{\"@type\":\"ReadAction\",\"target\":[\"https:\/\/www.ondernemendvenlo.nl\/crossroads-limburg-samenwerking-en-flexibiliteit-is-de-key\/\"]}]},{\"@type\":\"BreadcrumbList\",\"@id\":\"https:\/\/www.ondernemendvenlo.nl\/crossroads-limburg-samenwerking-en-flexibiliteit-is-de-key\/#breadcrumb\",\"itemListElement\":[{\"@type\":\"ListItem\",\"position\":1,\"name\":\"Ondernemend Venlo\",\"item\":\"https:\/\/www.ondernemendvenlo.nl\/\"},{\"@type\":\"ListItem\",\"position\":2,\"name\":\"Nieuws\",\"item\":\"https:\/\/www.ondernemendvenlo.nl\/categorie\/nieuws\/\"},{\"@type\":\"ListItem\",\"position\":3,\"name\":\"Crossroads Limburg: samenwerking en flexibiliteit is de \u2018key\u2019\"}]},{\"@type\":\"WebSite\",\"@id\":\"https:\/\/www.ondernemendvenlo.nl\/#website\",\"url\":\"https:\/\/www.ondernemendvenlo.nl\/\",\"name\":\"Ondernemend Venlo\",\"description\":\"Samen succesvol ondernemen\",\"publisher\":{\"@id\":\"https:\/\/www.ondernemendvenlo.nl\/#organization\"},\"potentialAction\":[{\"@type\":\"SearchAction\",\"target\":{\"@type\":\"EntryPoint\",\"urlTemplate\":\"https:\/\/www.ondernemendvenlo.nl\/?s={search_term_string}\"},\"query-input\":{\"@type\":\"PropertyValueSpecification\",\"valueRequired\":true,\"valueName\":\"search_term_string\"}}],\"inLanguage\":\"de\"},{\"@type\":\"Organization\",\"@id\":\"https:\/\/www.ondernemendvenlo.nl\/#organization\",\"name\":\"Ondernemend Venlo\",\"url\":\"https:\/\/www.ondernemendvenlo.nl\/\",\"logo\":{\"@type\":\"ImageObject\",\"inLanguage\":\"de\",\"@id\":\"https:\/\/www.ondernemendvenlo.nl\/#\/schema\/logo\/image\/\",\"url\":\"https:\/\/www.ondernemendvenlo.nl\/wp-content\/uploads\/2025\/02\/Ondernemend-Venlo-logo-scaled.webp\",\"contentUrl\":\"https:\/\/www.ondernemendvenlo.nl\/wp-content\/uploads\/2025\/02\/Ondernemend-Venlo-logo-scaled.webp\",\"width\":2560,\"height\":1010,\"caption\":\"Ondernemend Venlo\"},\"image\":{\"@id\":\"https:\/\/www.ondernemendvenlo.nl\/#\/schema\/logo\/image\/\"},\"sameAs\":[\"https:\/\/www.linkedin.com\/company\/ondernemend-venlo\/\"]},{\"@type\":\"Person\",\"@id\":\"https:\/\/www.ondernemendvenlo.nl\/#\/schema\/person\/347e935f8ad4c7030608ef74bb57aa6e\",\"name\":\"admin\",\"image\":{\"@type\":\"ImageObject\",\"inLanguage\":\"de\",\"@id\":\"https:\/\/www.ondernemendvenlo.nl\/#\/schema\/person\/image\/\",\"url\":\"https:\/\/www.ondernemendvenlo.nl\/wp-content\/litespeed\/avatar\/720af750b037aecf6e33e12833479059.jpg?ver=1777382954\",\"contentUrl\":\"https:\/\/www.ondernemendvenlo.nl\/wp-content\/litespeed\/avatar\/720af750b037aecf6e33e12833479059.jpg?ver=1777382954\",\"caption\":\"admin\"},\"sameAs\":[\"https:\/\/www.ondernemendvenlo.nl\"]}]}<\/script>\n<!-- \/ Yoast SEO plugin. -->","yoast_head_json":{"title":"Crossroads Limburg: samenwerking en flexibiliteit is de \u2018key\u2019 - Ondernemend Venlo","robots":{"index":"index","follow":"follow","max-snippet":"max-snippet:-1","max-image-preview":"max-image-preview:large","max-video-preview":"max-video-preview:-1"},"canonical":"https:\/\/www.ondernemendvenlo.nl\/de\/crossroads-limburg-samenwerking-en-flexibiliteit-is-de-key\/","og_locale":"de_DE","og_type":"article","og_title":"Crossroads Limburg: samenwerking en flexibiliteit is de \u2018key\u2019 - Ondernemend Venlo","og_description":"Per 7 november 2022 is Angely Waajen-Crins officieel aangesteld in haar nieuwe rol als directeur van Crossroads Limburg. Bij\u00a0het verbindingsplatform voor ondernemers, onderwijs, overheid en omgeving in Noord-Limburg neemt ze de taken over van interim-voorzitter Tjebbe Smit. Waajen heeft haar doel voor 2023 scherp gesteld: \u201cDe quatro helix met elkaar verbinden om onze regio economisch [&hellip;]","og_url":"https:\/\/www.ondernemendvenlo.nl\/de\/crossroads-limburg-samenwerking-en-flexibiliteit-is-de-key\/","og_site_name":"Ondernemend Venlo","article_published_time":"2023-01-20T10:06:04+00:00","author":"admin","twitter_card":"summary_large_image","twitter_misc":{"Verfasst von":"admin","Gesch\u00e4tzte Lesezeit":"5\u00a0Minuten"},"schema":{"@context":"https:\/\/schema.org","@graph":[{"@type":"Article","@id":"https:\/\/www.ondernemendvenlo.nl\/crossroads-limburg-samenwerking-en-flexibiliteit-is-de-key\/#article","isPartOf":{"@id":"https:\/\/www.ondernemendvenlo.nl\/crossroads-limburg-samenwerking-en-flexibiliteit-is-de-key\/"},"author":{"name":"admin","@id":"https:\/\/www.ondernemendvenlo.nl\/#\/schema\/person\/347e935f8ad4c7030608ef74bb57aa6e"},"headline":"Crossroads Limburg: samenwerking en flexibiliteit is de \u2018key\u2019","datePublished":"2023-01-20T10:06:04+00:00","mainEntityOfPage":{"@id":"https:\/\/www.ondernemendvenlo.nl\/crossroads-limburg-samenwerking-en-flexibiliteit-is-de-key\/"},"wordCount":1019,"publisher":{"@id":"https:\/\/www.ondernemendvenlo.nl\/#organization"},"articleSection":["Nieuws"],"inLanguage":"de"},{"@type":"WebPage","@id":"https:\/\/www.ondernemendvenlo.nl\/crossroads-limburg-samenwerking-en-flexibiliteit-is-de-key\/","url":"https:\/\/www.ondernemendvenlo.nl\/crossroads-limburg-samenwerking-en-flexibiliteit-is-de-key\/","name":"Crossroads Limburg: samenwerking en flexibiliteit is de \u2018key\u2019 - Ondernemend Venlo","isPartOf":{"@id":"https:\/\/www.ondernemendvenlo.nl\/#website"},"datePublished":"2023-01-20T10:06:04+00:00","breadcrumb":{"@id":"https:\/\/www.ondernemendvenlo.nl\/crossroads-limburg-samenwerking-en-flexibiliteit-is-de-key\/#breadcrumb"},"inLanguage":"de","potentialAction":[{"@type":"ReadAction","target":["https:\/\/www.ondernemendvenlo.nl\/crossroads-limburg-samenwerking-en-flexibiliteit-is-de-key\/"]}]},{"@type":"BreadcrumbList","@id":"https:\/\/www.ondernemendvenlo.nl\/crossroads-limburg-samenwerking-en-flexibiliteit-is-de-key\/#breadcrumb","itemListElement":[{"@type":"ListItem","position":1,"name":"Ondernemend Venlo","item":"https:\/\/www.ondernemendvenlo.nl\/"},{"@type":"ListItem","position":2,"name":"Nieuws","item":"https:\/\/www.ondernemendvenlo.nl\/categorie\/nieuws\/"},{"@type":"ListItem","position":3,"name":"Crossroads Limburg: samenwerking en flexibiliteit is de \u2018key\u2019"}]},{"@type":"WebSite","@id":"https:\/\/www.ondernemendvenlo.nl\/#website","url":"https:\/\/www.ondernemendvenlo.nl\/","name":"Unternehmerisches Venlo","description":"Samen succesvol ondernemen","publisher":{"@id":"https:\/\/www.ondernemendvenlo.nl\/#organization"},"potentialAction":[{"@type":"SearchAction","target":{"@type":"EntryPoint","urlTemplate":"https:\/\/www.ondernemendvenlo.nl\/?s={search_term_string}"},"query-input":{"@type":"PropertyValueSpecification","valueRequired":true,"valueName":"search_term_string"}}],"inLanguage":"de"},{"@type":"Organization","@id":"https:\/\/www.ondernemendvenlo.nl\/#organization","name":"Unternehmerisches Venlo","url":"https:\/\/www.ondernemendvenlo.nl\/","logo":{"@type":"ImageObject","inLanguage":"de","@id":"https:\/\/www.ondernemendvenlo.nl\/#\/schema\/logo\/image\/","url":"https:\/\/www.ondernemendvenlo.nl\/wp-content\/uploads\/2025\/02\/Ondernemend-Venlo-logo-scaled.webp","contentUrl":"https:\/\/www.ondernemendvenlo.nl\/wp-content\/uploads\/2025\/02\/Ondernemend-Venlo-logo-scaled.webp","width":2560,"height":1010,"caption":"Ondernemend Venlo"},"image":{"@id":"https:\/\/www.ondernemendvenlo.nl\/#\/schema\/logo\/image\/"},"sameAs":["https:\/\/www.linkedin.com\/company\/ondernemend-venlo\/"]},{"@type":"Person","@id":"https:\/\/www.ondernemendvenlo.nl\/#\/schema\/person\/347e935f8ad4c7030608ef74bb57aa6e","name":"admin","image":{"@type":"ImageObject","inLanguage":"de","@id":"https:\/\/www.ondernemendvenlo.nl\/#\/schema\/person\/image\/","url":"https:\/\/www.ondernemendvenlo.nl\/wp-content\/litespeed\/avatar\/720af750b037aecf6e33e12833479059.jpg?ver=1777382954","contentUrl":"https:\/\/www.ondernemendvenlo.nl\/wp-content\/litespeed\/avatar\/720af750b037aecf6e33e12833479059.jpg?ver=1777382954","caption":"admin"},"sameAs":["https:\/\/www.ondernemendvenlo.nl"]}]}},"_links":{"self":[{"href":"https:\/\/www.ondernemendvenlo.nl\/de\/wp-json\/wp\/v2\/posts\/2898","targetHints":{"allow":["GET"]}}],"collection":[{"href":"https:\/\/www.ondernemendvenlo.nl\/de\/wp-json\/wp\/v2\/posts"}],"about":[{"href":"https:\/\/www.ondernemendvenlo.nl\/de\/wp-json\/wp\/v2\/types\/post"}],"author":[{"embeddable":true,"href":"https:\/\/www.ondernemendvenlo.nl\/de\/wp-json\/wp\/v2\/users\/1"}],"replies":[{"embeddable":true,"href":"https:\/\/www.ondernemendvenlo.nl\/de\/wp-json\/wp\/v2\/comments?post=2898"}],"version-history":[{"count":0,"href":"https:\/\/www.ondernemendvenlo.nl\/de\/wp-json\/wp\/v2\/posts\/2898\/revisions"}],"wp:attachment":[{"href":"https:\/\/www.ondernemendvenlo.nl\/de\/wp-json\/wp\/v2\/media?parent=2898"}],"wp:term":[{"taxonomy":"category","embeddable":true,"href":"https:\/\/www.ondernemendvenlo.nl\/de\/wp-json\/wp\/v2\/categories?post=2898"},{"taxonomy":"post_tag","embeddable":true,"href":"https:\/\/www.ondernemendvenlo.nl\/de\/wp-json\/wp\/v2\/tags?post=2898"}],"curies":[{"name":"wp","href":"https:\/\/api.w.org\/{rel}","templated":true}]}}