{"id":2907,"date":"2023-01-20T08:00:23","date_gmt":"2023-01-20T07:00:23","guid":{"rendered":"https:\/\/www.ondernemendvenlo.nl\/column-vol-vertrouwen\/"},"modified":"2023-01-20T08:00:23","modified_gmt":"2023-01-20T07:00:23","slug":"column-vol-vertrouwen","status":"publish","type":"post","link":"https:\/\/www.ondernemendvenlo.nl\/de\/column-vol-vertrouwen\/","title":{"rendered":"Kolumne: Voller Zuversicht"},"content":{"rendered":"<p class=\"Kop ParaOverride-3\" lang=\"nl-NL\"><span class=\"CharOverride-28\" lang=\"\">Erz\u00e4hlen Sie doch einmal von sich selbst\", lautete der Auftrag f\u00fcr diese Kolumne. Daf\u00fcr ist eine Kolumne ja da. Was erleben und besprechen Sie beim Besuch eines Unternehmers?\u00a0<\/span><span class=\"CharOverride-28\" lang=\"\">Hier begebe ich mich nat\u00fcrlich auf d\u00fcnnes Eis. Ich m\u00f6chte niemanden kurzschlie\u00dfen oder sch\u00e4digen. Was ich mit einem Unternehmer oder einer Beh\u00f6rde bespreche, ist vertraulich und soll es auch bleiben.<\/span><\/p>\n<p class=\"Kop ParaOverride-3\" lang=\"nl-NL\"><span class=\"CharOverride-28\" lang=\"\">Was ich Ihnen berichten kann, sind die Vorf\u00e4lle, die sich k\u00fcrzlich in Noorderpoort und Trade Port West ereignet haben. Beide Male wurde ich von einem Unternehmer alarmiert. Ich habe mich daraufhin an die Mitglieder der Sicherheitsregion Limburg-Noord (VRLN) gewandt, mit der wir eine gute Zusammenarbeit pflegen. Sie werden aktiv und bleiben mit mir in Kontakt. Ich informiere - wenn n\u00f6tig - den\/die Unternehmer, und wenn ein Unternehmen eine Frage hat, stimme ich mich mit der VRLN ab und versuche, sie zu l\u00f6sen.<\/span><\/p>\n<p class=\"Kop ParaOverride-3\" lang=\"nl-NL\"><span class=\"CharOverride-28\" lang=\"\">Mache ich es auf diese Weise richtig? <\/span><span class=\"CharOverride-28\" lang=\"\">Wenn in meinem Bekanntenkreis Fragen von Kollegen auftauchen wie \"Deine Kontaktperson wird das schon regeln, oder?\" und \"Sie wird daf\u00fcr sorgen, dass wir in Sicherheit sind, oder?\", sage ich: \"Nat\u00fcrlich wird es uns gut gehen!\"\u00a0<\/span><span class=\"CharOverride-28\" lang=\"\">Der Vorstand, die Unternehmer und die Mitarbeiter in den Gewerbegebieten von Ondernemend Venlo haben volles Vertrauen in die Parkverwaltung. Dies ist auch einer der Gr\u00fcnde, warum ich kontaktiert werde.<\/span><\/p>\n<p class=\"Kop ParaOverride-3\" lang=\"nl-NL\"><span class=\"CharOverride-28\" lang=\"\">Ellie Lust besuchte uns im Juni anl\u00e4sslich des Tages der Sicherheit, der von Entrepreneurial Venlo, Rabobank und Interpolis organisiert wurde. Sie erkl\u00e4rte, dass man sich sicherer und anonymer f\u00fchlt, wenn man nicht die 112 anruft, sondern sich direkt an den Polizeibeamten in der Nachbarschaft oder die Parkverwaltung wendet. Schlie\u00dflich \u00fcbertr\u00e4gt man die Verantwortung auf jemand anderen.<\/span><\/p>\n<p class=\"Kop ParaOverride-3\" lang=\"nl-NL\"><span class=\"CharOverride-28\" lang=\"\">Ich denke, es gibt noch einen anderen Grund: Oft wissen die Menschen nicht sofort, wohin sie sich wenden sollen. Handelt es sich \u00fcberhaupt um einen Notfall und wie lautet noch einmal die Nummer der Polizei (0900-8844)? Normalerweise bin ich unter der Direktwahltaste.... zu erreichen, und mir wird nichts passieren.<\/span><\/p>\n<p class=\"Tussenkopje\" lang=\"nl-NL\"><strong>Lidy Rutten, Parkleiter<\/strong><br \/>\n<a href=\"mailto:info@parkmanagementvenlo.nl\">info@parkmanagementvenlo.nl <\/a>| <a href=\"https:\/\/www.ondernemendvenlo.nl\/de\/parkmanager\/\" class=\"external\" target=\"_blank\" rel=\"noopener\">entrepreneurendvenlo.nl\/parkmanager<\/a><\/p>","protected":false},"excerpt":{"rendered":"<p>Erz\u00e4hlen Sie doch einmal von sich selbst\", lautete der Auftrag f\u00fcr diese Kolumne. Daf\u00fcr ist eine Kolumne ja da. Was erleben und besprechen Sie beim Besuch eines Unternehmers?' Hier bewege ich mich nat\u00fcrlich auf d\u00fcnnem Eis. Ich m\u00f6chte niemanden \u00fcbervorteilen oder gar sch\u00e4digen. Was ich mit einem Unternehmer oder einer Beh\u00f6rde bespreche [...]<\/p>","protected":false},"author":1,"featured_media":0,"comment_status":"closed","ping_status":"open","sticky":false,"template":"","format":"standard","meta":{"_acf_changed":false,"footnotes":""},"categories":[8],"tags":[],"class_list":["post-2907","post","type-post","status-publish","format-standard","hentry","category-nieuws"],"acf":[],"yoast_head":"<!-- This site is optimized with the Yoast SEO plugin v26.3 - https:\/\/yoast.com\/wordpress\/plugins\/seo\/ -->\n<title>Column: Vol vertrouwen - Ondernemend Venlo<\/title>\n<meta name=\"robots\" content=\"index, follow, max-snippet:-1, max-image-preview:large, max-video-preview:-1\" \/>\n<link rel=\"canonical\" href=\"https:\/\/www.ondernemendvenlo.nl\/de\/column-vol-vertrouwen\/\" \/>\n<meta property=\"og:locale\" content=\"de_DE\" \/>\n<meta property=\"og:type\" content=\"article\" \/>\n<meta property=\"og:title\" content=\"Column: Vol vertrouwen - Ondernemend Venlo\" \/>\n<meta property=\"og:description\" content=\"Vertel eens een keer over jezelf\u2019, was de opdracht voor deze column. \u2018Daar is een column voor. Wat maak je mee en bespreek je tijdens een bezoek aan een ondernemer?\u2019\u00a0Hier begeef ik mij natuurlijk op glad ijs. Ik wil niemand tekortdoen of ook maar iets van schade toebrengen. Wat ik met een ondernemer of overheidsinstantie [&hellip;]\" \/>\n<meta property=\"og:url\" content=\"https:\/\/www.ondernemendvenlo.nl\/de\/column-vol-vertrouwen\/\" \/>\n<meta property=\"og:site_name\" content=\"Ondernemend Venlo\" \/>\n<meta property=\"article:published_time\" content=\"2023-01-20T07:00:23+00:00\" \/>\n<meta name=\"author\" content=\"admin\" \/>\n<meta name=\"twitter:card\" content=\"summary_large_image\" \/>\n<meta name=\"twitter:label1\" content=\"Verfasst von\" \/>\n\t<meta name=\"twitter:data1\" content=\"admin\" \/>\n\t<meta name=\"twitter:label2\" content=\"Gesch\u00e4tzte Lesezeit\" \/>\n\t<meta name=\"twitter:data2\" content=\"2\u00a0Minuten\" \/>\n<script type=\"application\/ld+json\" class=\"yoast-schema-graph\">{\"@context\":\"https:\/\/schema.org\",\"@graph\":[{\"@type\":\"Article\",\"@id\":\"https:\/\/www.ondernemendvenlo.nl\/column-vol-vertrouwen\/#article\",\"isPartOf\":{\"@id\":\"https:\/\/www.ondernemendvenlo.nl\/column-vol-vertrouwen\/\"},\"author\":{\"name\":\"admin\",\"@id\":\"https:\/\/www.ondernemendvenlo.nl\/#\/schema\/person\/347e935f8ad4c7030608ef74bb57aa6e\"},\"headline\":\"Column: Vol vertrouwen\",\"datePublished\":\"2023-01-20T07:00:23+00:00\",\"mainEntityOfPage\":{\"@id\":\"https:\/\/www.ondernemendvenlo.nl\/column-vol-vertrouwen\/\"},\"wordCount\":334,\"publisher\":{\"@id\":\"https:\/\/www.ondernemendvenlo.nl\/#organization\"},\"articleSection\":[\"Nieuws\"],\"inLanguage\":\"de\"},{\"@type\":\"WebPage\",\"@id\":\"https:\/\/www.ondernemendvenlo.nl\/column-vol-vertrouwen\/\",\"url\":\"https:\/\/www.ondernemendvenlo.nl\/column-vol-vertrouwen\/\",\"name\":\"Column: Vol vertrouwen - Ondernemend Venlo\",\"isPartOf\":{\"@id\":\"https:\/\/www.ondernemendvenlo.nl\/#website\"},\"datePublished\":\"2023-01-20T07:00:23+00:00\",\"breadcrumb\":{\"@id\":\"https:\/\/www.ondernemendvenlo.nl\/column-vol-vertrouwen\/#breadcrumb\"},\"inLanguage\":\"de\",\"potentialAction\":[{\"@type\":\"ReadAction\",\"target\":[\"https:\/\/www.ondernemendvenlo.nl\/column-vol-vertrouwen\/\"]}]},{\"@type\":\"BreadcrumbList\",\"@id\":\"https:\/\/www.ondernemendvenlo.nl\/column-vol-vertrouwen\/#breadcrumb\",\"itemListElement\":[{\"@type\":\"ListItem\",\"position\":1,\"name\":\"Ondernemend Venlo\",\"item\":\"https:\/\/www.ondernemendvenlo.nl\/\"},{\"@type\":\"ListItem\",\"position\":2,\"name\":\"Nieuws\",\"item\":\"https:\/\/www.ondernemendvenlo.nl\/categorie\/nieuws\/\"},{\"@type\":\"ListItem\",\"position\":3,\"name\":\"Column: Vol vertrouwen\"}]},{\"@type\":\"WebSite\",\"@id\":\"https:\/\/www.ondernemendvenlo.nl\/#website\",\"url\":\"https:\/\/www.ondernemendvenlo.nl\/\",\"name\":\"Ondernemend Venlo\",\"description\":\"Samen succesvol ondernemen\",\"publisher\":{\"@id\":\"https:\/\/www.ondernemendvenlo.nl\/#organization\"},\"potentialAction\":[{\"@type\":\"SearchAction\",\"target\":{\"@type\":\"EntryPoint\",\"urlTemplate\":\"https:\/\/www.ondernemendvenlo.nl\/?s={search_term_string}\"},\"query-input\":{\"@type\":\"PropertyValueSpecification\",\"valueRequired\":true,\"valueName\":\"search_term_string\"}}],\"inLanguage\":\"de\"},{\"@type\":\"Organization\",\"@id\":\"https:\/\/www.ondernemendvenlo.nl\/#organization\",\"name\":\"Ondernemend Venlo\",\"url\":\"https:\/\/www.ondernemendvenlo.nl\/\",\"logo\":{\"@type\":\"ImageObject\",\"inLanguage\":\"de\",\"@id\":\"https:\/\/www.ondernemendvenlo.nl\/#\/schema\/logo\/image\/\",\"url\":\"https:\/\/www.ondernemendvenlo.nl\/wp-content\/uploads\/2025\/02\/Ondernemend-Venlo-logo-scaled.webp\",\"contentUrl\":\"https:\/\/www.ondernemendvenlo.nl\/wp-content\/uploads\/2025\/02\/Ondernemend-Venlo-logo-scaled.webp\",\"width\":2560,\"height\":1010,\"caption\":\"Ondernemend Venlo\"},\"image\":{\"@id\":\"https:\/\/www.ondernemendvenlo.nl\/#\/schema\/logo\/image\/\"},\"sameAs\":[\"https:\/\/www.linkedin.com\/company\/ondernemend-venlo\/\"]},{\"@type\":\"Person\",\"@id\":\"https:\/\/www.ondernemendvenlo.nl\/#\/schema\/person\/347e935f8ad4c7030608ef74bb57aa6e\",\"name\":\"admin\",\"image\":{\"@type\":\"ImageObject\",\"inLanguage\":\"de\",\"@id\":\"https:\/\/www.ondernemendvenlo.nl\/#\/schema\/person\/image\/\",\"url\":\"https:\/\/www.ondernemendvenlo.nl\/wp-content\/litespeed\/avatar\/720af750b037aecf6e33e12833479059.jpg?ver=1777382954\",\"contentUrl\":\"https:\/\/www.ondernemendvenlo.nl\/wp-content\/litespeed\/avatar\/720af750b037aecf6e33e12833479059.jpg?ver=1777382954\",\"caption\":\"admin\"},\"sameAs\":[\"https:\/\/www.ondernemendvenlo.nl\"]}]}<\/script>\n<!-- \/ Yoast SEO plugin. -->","yoast_head_json":{"title":"Column: Vol vertrouwen - Ondernemend Venlo","robots":{"index":"index","follow":"follow","max-snippet":"max-snippet:-1","max-image-preview":"max-image-preview:large","max-video-preview":"max-video-preview:-1"},"canonical":"https:\/\/www.ondernemendvenlo.nl\/de\/column-vol-vertrouwen\/","og_locale":"de_DE","og_type":"article","og_title":"Column: Vol vertrouwen - Ondernemend Venlo","og_description":"Vertel eens een keer over jezelf\u2019, was de opdracht voor deze column. \u2018Daar is een column voor. Wat maak je mee en bespreek je tijdens een bezoek aan een ondernemer?\u2019\u00a0Hier begeef ik mij natuurlijk op glad ijs. Ik wil niemand tekortdoen of ook maar iets van schade toebrengen. Wat ik met een ondernemer of overheidsinstantie [&hellip;]","og_url":"https:\/\/www.ondernemendvenlo.nl\/de\/column-vol-vertrouwen\/","og_site_name":"Ondernemend Venlo","article_published_time":"2023-01-20T07:00:23+00:00","author":"admin","twitter_card":"summary_large_image","twitter_misc":{"Verfasst von":"admin","Gesch\u00e4tzte Lesezeit":"2\u00a0Minuten"},"schema":{"@context":"https:\/\/schema.org","@graph":[{"@type":"Article","@id":"https:\/\/www.ondernemendvenlo.nl\/column-vol-vertrouwen\/#article","isPartOf":{"@id":"https:\/\/www.ondernemendvenlo.nl\/column-vol-vertrouwen\/"},"author":{"name":"admin","@id":"https:\/\/www.ondernemendvenlo.nl\/#\/schema\/person\/347e935f8ad4c7030608ef74bb57aa6e"},"headline":"Column: Vol vertrouwen","datePublished":"2023-01-20T07:00:23+00:00","mainEntityOfPage":{"@id":"https:\/\/www.ondernemendvenlo.nl\/column-vol-vertrouwen\/"},"wordCount":334,"publisher":{"@id":"https:\/\/www.ondernemendvenlo.nl\/#organization"},"articleSection":["Nieuws"],"inLanguage":"de"},{"@type":"WebPage","@id":"https:\/\/www.ondernemendvenlo.nl\/column-vol-vertrouwen\/","url":"https:\/\/www.ondernemendvenlo.nl\/column-vol-vertrouwen\/","name":"Column: Vol vertrouwen - Ondernemend Venlo","isPartOf":{"@id":"https:\/\/www.ondernemendvenlo.nl\/#website"},"datePublished":"2023-01-20T07:00:23+00:00","breadcrumb":{"@id":"https:\/\/www.ondernemendvenlo.nl\/column-vol-vertrouwen\/#breadcrumb"},"inLanguage":"de","potentialAction":[{"@type":"ReadAction","target":["https:\/\/www.ondernemendvenlo.nl\/column-vol-vertrouwen\/"]}]},{"@type":"BreadcrumbList","@id":"https:\/\/www.ondernemendvenlo.nl\/column-vol-vertrouwen\/#breadcrumb","itemListElement":[{"@type":"ListItem","position":1,"name":"Ondernemend Venlo","item":"https:\/\/www.ondernemendvenlo.nl\/"},{"@type":"ListItem","position":2,"name":"Nieuws","item":"https:\/\/www.ondernemendvenlo.nl\/categorie\/nieuws\/"},{"@type":"ListItem","position":3,"name":"Column: Vol vertrouwen"}]},{"@type":"WebSite","@id":"https:\/\/www.ondernemendvenlo.nl\/#website","url":"https:\/\/www.ondernemendvenlo.nl\/","name":"Unternehmerisches Venlo","description":"Samen succesvol ondernemen","publisher":{"@id":"https:\/\/www.ondernemendvenlo.nl\/#organization"},"potentialAction":[{"@type":"SearchAction","target":{"@type":"EntryPoint","urlTemplate":"https:\/\/www.ondernemendvenlo.nl\/?s={search_term_string}"},"query-input":{"@type":"PropertyValueSpecification","valueRequired":true,"valueName":"search_term_string"}}],"inLanguage":"de"},{"@type":"Organization","@id":"https:\/\/www.ondernemendvenlo.nl\/#organization","name":"Unternehmerisches Venlo","url":"https:\/\/www.ondernemendvenlo.nl\/","logo":{"@type":"ImageObject","inLanguage":"de","@id":"https:\/\/www.ondernemendvenlo.nl\/#\/schema\/logo\/image\/","url":"https:\/\/www.ondernemendvenlo.nl\/wp-content\/uploads\/2025\/02\/Ondernemend-Venlo-logo-scaled.webp","contentUrl":"https:\/\/www.ondernemendvenlo.nl\/wp-content\/uploads\/2025\/02\/Ondernemend-Venlo-logo-scaled.webp","width":2560,"height":1010,"caption":"Ondernemend Venlo"},"image":{"@id":"https:\/\/www.ondernemendvenlo.nl\/#\/schema\/logo\/image\/"},"sameAs":["https:\/\/www.linkedin.com\/company\/ondernemend-venlo\/"]},{"@type":"Person","@id":"https:\/\/www.ondernemendvenlo.nl\/#\/schema\/person\/347e935f8ad4c7030608ef74bb57aa6e","name":"admin","image":{"@type":"ImageObject","inLanguage":"de","@id":"https:\/\/www.ondernemendvenlo.nl\/#\/schema\/person\/image\/","url":"https:\/\/www.ondernemendvenlo.nl\/wp-content\/litespeed\/avatar\/720af750b037aecf6e33e12833479059.jpg?ver=1777382954","contentUrl":"https:\/\/www.ondernemendvenlo.nl\/wp-content\/litespeed\/avatar\/720af750b037aecf6e33e12833479059.jpg?ver=1777382954","caption":"admin"},"sameAs":["https:\/\/www.ondernemendvenlo.nl"]}]}},"_links":{"self":[{"href":"https:\/\/www.ondernemendvenlo.nl\/de\/wp-json\/wp\/v2\/posts\/2907","targetHints":{"allow":["GET"]}}],"collection":[{"href":"https:\/\/www.ondernemendvenlo.nl\/de\/wp-json\/wp\/v2\/posts"}],"about":[{"href":"https:\/\/www.ondernemendvenlo.nl\/de\/wp-json\/wp\/v2\/types\/post"}],"author":[{"embeddable":true,"href":"https:\/\/www.ondernemendvenlo.nl\/de\/wp-json\/wp\/v2\/users\/1"}],"replies":[{"embeddable":true,"href":"https:\/\/www.ondernemendvenlo.nl\/de\/wp-json\/wp\/v2\/comments?post=2907"}],"version-history":[{"count":0,"href":"https:\/\/www.ondernemendvenlo.nl\/de\/wp-json\/wp\/v2\/posts\/2907\/revisions"}],"wp:attachment":[{"href":"https:\/\/www.ondernemendvenlo.nl\/de\/wp-json\/wp\/v2\/media?parent=2907"}],"wp:term":[{"taxonomy":"category","embeddable":true,"href":"https:\/\/www.ondernemendvenlo.nl\/de\/wp-json\/wp\/v2\/categories?post=2907"},{"taxonomy":"post_tag","embeddable":true,"href":"https:\/\/www.ondernemendvenlo.nl\/de\/wp-json\/wp\/v2\/tags?post=2907"}],"curies":[{"name":"wp","href":"https:\/\/api.w.org\/{rel}","templated":true}]}}