{"id":2944,"date":"2023-03-31T21:59:58","date_gmt":"2023-03-31T19:59:58","guid":{"rendered":"https:\/\/www.ondernemendvenlo.nl\/een-duurzaamheidsagenda-is-onmisbaar-voor-ondernemers-2\/"},"modified":"2023-03-31T21:59:58","modified_gmt":"2023-03-31T19:59:58","slug":"een-duurzaamheidsagenda-is-onmisbaar-voor-ondernemers-2","status":"publish","type":"post","link":"https:\/\/www.ondernemendvenlo.nl\/de\/een-duurzaamheidsagenda-is-onmisbaar-voor-ondernemers-2\/","title":{"rendered":"Eine Nachhaltigkeitsagenda ist f\u00fcr Unternehmer unverzichtbar\"."},"content":{"rendered":"<div id=\"_idContainer154\" class=\"_idGenObjectStyleOverride-1\"><strong><a href=\"https:\/\/www.linkedin.com\/company\/supply-chain-valley\/\" class=\"external\" target=\"_blank\" rel=\"noopener\">Stiftung Supply Chain Valley<\/a> wird Unternehmern in Nordlimburg helfen, ihre Unternehmen nachhaltiger zu gestalten. Auf diese Weise, so die <a href=\"https:\/\/www.linkedin.com\/in\/peter-pardoel-a35819185\/\" class=\"external\" target=\"_blank\" rel=\"noopener\">Peter Pardoel<\/a>F\u00fcr den Vorstandsvorsitzenden ist vor allem eines wichtig: eine Nachhaltigkeitsagenda zu haben. <span class=\"afbreken-einde-zin\" lang=\"\">\"Die\u00a0<\/span>Die Uhr tickt: Die Unternehmer m\u00fcssen jetzt handeln\".<\/strong><\/div>\n<div><\/div>\n<div id=\"_idContainer158\" class=\"Basistekstkader\">\n<p class=\"Platte-tekst\" lang=\"nl-NL\">Im Supply Chain Valley arbeiten Unternehmen, Wissenseinrichtungen und Beh\u00f6rden in der (Eu-)Region Nordlimburg eng zusammen an Projekten in Bereichen wie Nachhaltigkeit, Arbeitsmarkt, Energiewende, Digitalisierung, Innovation, Infrastruktur und Mobilit\u00e4t. Beim Thema Nachhaltigkeit konzentriert sich die Stiftung auf die Strategie zur Reduzierung der CO2-Emissionen in der Logistik.<\/p>\n<p class=\"Platte-tekst\" lang=\"nl-NL\">SMART, der Vorl\u00e4ufer des Supply Chain Valley, befasst sich seit 2014 mit diesem Thema.\u00a0<span class=\"afbreken-einde-zin\" lang=\"\">\"Diese\u00a0<\/span>Das Thema ist den Unternehmern und Initiatoren von Supply Chain Valley immanent\", sagt Peter Pardoel, Vorsitzender des Verwaltungsrats, \"schon lange bevor die EU-Klimaziele f\u00fcr 2050 verk\u00fcndet wurden.\" Diese Klimaziele sind laut Pardoel besonders langfristig angelegt.\u00a0<span class=\"afbreken-einde-zin\" lang=\"\">\"Es\u00a0<\/span>sind Punkte am Horizont, w\u00e4hrend es auch kurzfristige Verpflichtungen der Regierung f\u00fcr Unternehmer gibt. Zum Beispiel die verpflichtende CO2-Aufzeichnung f\u00fcr Transportunternehmen im Jahr 2023\".<\/p>\n<p class=\"Platte-tekst\" lang=\"nl-NL\">Um einen klaren \u00dcberblick mit erreichbaren Nachhaltigkeitszielen zu schaffen, ist laut Pardoel eines unabdingbar: \"Eine Nachhaltigkeitsagenda, die einen Plan f\u00fcr die kommenden Jahre enth\u00e4lt, aus dem hervorgeht, wann Ihr Unternehmen welche Anforderung erf\u00fcllen muss. Vom Supply Chain Valley aus werden wir Unternehmern in Nord-Limburg dabei helfen, diese Agenda zu erstellen. Ohne eine Nachhaltigkeitsagenda wird man es als Unternehmer nicht schaffen: Der staatliche Druck und die Verpflichtungen nehmen zu, und die unverbindliche Art, wie wir jetzt mit Nachhaltigkeit umgehen, wird irgendwann verschwinden.\u00a0<span class=\"afbreken-einde-zin\" lang=\"\">Als\u00a0<\/span>Wenn die Unternehmer bis zum f\u00fcnften oder zw\u00f6lften Jahr warten, besteht die Gefahr, dass sie kaum in der Lage sind, Investitionen zu t\u00e4tigen, oder dass sie als Unternehmen den Klimazielen weit hinterherhinken. Daher ist es das Ziel der Stiftung, diese Ziele gut zu verstehen und sie den Unternehmern klar zu vermitteln, indem Workshops und Treffen organisiert werden.\"<\/p>\n<p class=\"Tussenkopje ParaOverride-2\" lang=\"nl-NL\"><strong>Fr\u00fche \u00dcbernehmer<\/strong><\/p>\n<p class=\"Platte-tekst\" lang=\"nl-NL\">Gerbert Vissers ist Gesch\u00e4ftsf\u00fchrer der Vissers Energy Group und Vorsitzender des Bausteins \"Nachhaltigkeit\" im Supply Chain Valley.\u00a0<span class=\"afbreken-einde-zin\" lang=\"\">Als\u00a0<\/span>Als Unternehmer legt er Wert auf nachhaltige Investitionen und er\u00f6ffnete deshalb im April 2022 in Horst die erste Wasserstofftankstelle Limburgs. \"Wasserstoff spielt eine wichtige Rolle bei der Energiewende, weil er ein effizienter Energietr\u00e4ger ist\", sagt er. \"Wasserstoff ist preislich mit Benzin vergleichbar, hat aber null Emissionen\", sagt Vissers.\u00a0<span class=\"afbreken-einde-zin\" lang=\"\">\"Es\u00a0<\/span>ist daher f\u00fcr Autos, Lastwagen und Traktoren geeignet\". Mit dieser Investition in die Nachhaltigkeit ist Vissers laut Pardoel ein Vorbild f\u00fcr Unternehmer in der Region. \"Indem er eine Tankstelle erm\u00f6glicht, obwohl es noch keine wasserstoffbetriebenen Autos gibt, ist er als Unternehmer ein Vorreiter auf dem Gebiet der nachhaltigen L\u00f6sungen. F\u00fcr die Zukunft der Unternehmen sind Wasserstofftanks eine M\u00f6glichkeit, kohlenstoffneutral zu werden. Damit steht Vissers als Unternehmer an der Spitze einer Nachhaltigkeitsl\u00f6sung: Wir brauchen diese Early Adopters in ganz Nordlimburg\". Vissers: \"Mit Supply Chain Valley wollen wir auch anderen Unternehmern in der Region helfen, Investitionen zu t\u00e4tigen, die sie an die Spitze von Nachhaltigkeitsl\u00f6sungen bringen, um Supply Chain Valley zum nachhaltigsten Logistik-Hotspot in den Niederlanden zu machen.\"<\/p>\n<p class=\"Platte-tekst\" lang=\"nl-NL\"><strong><span class=\"CharOverride-14\" lang=\"\">Kette<\/span><\/strong><\/p>\n<p class=\"Platte-tekst\" lang=\"nl-NL\">Die soziale Verantwortung der Unternehmen ist nach Ansicht der beiden Herren die Zukunft. \"Die gro\u00dfen Global Player, die einen enormen Einfluss auf den Planeten haben, sp\u00fcren weltweit einen enormen Druck von Seiten der Umweltsch\u00fctzer\", erkl\u00e4rt Vissers, \"mit dem Ergebnis, dass diese Unternehmen bei der Nachhaltigkeit und damit bei der sozialen Verantwortung der Unternehmen an vorderster Front stehen wollen.\u00a0<span class=\"afbreken-einde-zin\" lang=\"\">Diese\u00a0<\/span>bedeutet: Gleichberechtigung, Gleichstellung der Geschlechter, Inklusion, Bek\u00e4mpfung von Kinderarbeit und eine Nachhaltigkeitsagenda\". Pardoel f\u00fcgte hinzu: \"Eine Kette ist jedoch nur so stark wie ihr schw\u00e4chstes Glied.\u00a0<span class=\"afbreken-einde-zin\" lang=\"\">Als\u00a0<\/span>Wenn ein solcher Global Player mit seinem Unternehmen bestimmte Nachhaltigkeitsanforderungen erf\u00fcllt, m\u00fcssen sich alle Unternehmen in der Lieferkette daran halten. Hier in der Region gibt es viele Logistikunternehmen, die als Zulieferer in die Kette der gro\u00dfen Akteure fallen.\u00a0<span class=\"afbreken-einde-zin\" lang=\"\">Als\u00a0<\/span>Wenn Ihr Unternehmen die Nachhaltigkeitsanforderungen Ihrer Kunden nicht erf\u00fcllen kann, werden diese sich nach anderen Anbietern umsehen, die dies k\u00f6nnen.\u00a0<span class=\"afbreken-einde-zin\" lang=\"\">An\u00a0<\/span>Um dem vorzubeugen, ist es f\u00fcr die Unternehmer in der Region wichtig, in Nachhaltigkeit zu investieren. Diese Botschaft wollen wir ihnen vermitteln\".<\/p>\n<p class=\"Platte-tekst\" lang=\"nl-NL\">Pardoel unterstreicht die Dringlichkeit. \"\u00dcber den Nutzen und die Notwendigkeit zu sprechen, geh\u00f6rt schon fast der Vergangenheit an.\u00a0<span class=\"afbreken-einde-zin\" lang=\"\">Die\u00a0<\/span>Die Uhr tickt: Es ist h\u00f6chste Zeit, zu handeln!\"<\/p>\n<p class=\"Tussenkopje ParaOverride-2\" lang=\"nl-NL\"><a href=\"http:\/\/www.supplychainvalley.com\" class=\"external\" target=\"_blank\" rel=\"noopener\"><strong>www.supplychainvalley.com<\/strong><\/a><\/p>\n<\/div>\n<p class=\"Platte-tekst ParaOverride-2\" lang=\"nl-NL\"><strong><span class=\"CharOverride-36\" lang=\"\">Kostenlose Veranstaltung\u00a0<\/span><span class=\"CharOverride-36\" lang=\"\">Aufladen von Elektroautos: Chancen und Herausforderungen\".<\/span><\/strong><\/p>\n<p class=\"Platte-tekst ParaOverride-2\" lang=\"nl-NL\"><span class=\"CharOverride-45\" lang=\"\">Am kommenden Mittwoch, den 17. Mai.\u00a0<\/span>Die Supply Chain Valley Foundation organisiert gemeinsam mit Entrepreneurial Venlo, dem RVO (Rijkdienst Voor Ondernemend Nederland) und der Stichting Duurzame Bedrijventerreinen am kommenden Mittwoch, dem 17. Mai, die kostenlose Veranstaltung \"Laden von Elektroautos: Chancen und Herausforderungen\". Referenten sind Mitglieder der RVO-Brigade \"De Vliegende Brigade\", die sich daf\u00fcr einsetzt, Kommunen und Unternehmern bei der Realisierung einer logistischen Ladeinfrastruktur zu helfen. Bitte registrieren Sie sich \u00fcber<\/p>\n<p class=\"Platte-tekst\" lang=\"nl-NL\"><em>info@supplychainvalley.com (bitte Firmenname, Vor- und Nachname angeben)<\/em><\/p>\n<div id=\"_idContainer164\" class=\"Basistekstkader\"><strong>Baustein 'Nachhaltigkeit'<\/strong><\/div>\n<div>\n<p class=\"Platte-tekst ParaOverride-2\" lang=\"nl-NL\">Das Supply Chain Valley hat 11 S\u00e4ulen oder Bausteine, auf denen das Fundament ruht. Vom Supply Chain Valley aus k\u00f6nnen gro\u00dfe, gesellschaftliche Themen mit einer gemeinsamen Vision und einem gemeinsamen Ansatz angegangen werden. <span class=\"afbreken-einde-zin\" lang=\"\">Die\u00a0<\/span>Der Baustein \"Nachhaltigkeit\" ist ein starkes Argument f\u00fcr Nachhaltigkeit im Supply Chain Valley.\u00a0<span class=\"afbreken-einde-zin\" lang=\"\">Die\u00a0<\/span>Die im Tal erzeugte Energie sollte idealerweise sofort in den Prozess einflie\u00dfen und der Energieverbrauch sollte begrenzt werden.\u00a0<span class=\"afbreken-einde-zin\" lang=\"\">Die\u00a0<\/span>sammelt und teilt Wissen \u00fcber unternehmerische Nachhaltigkeit, um gemeinsam mit allen Beteiligten sicherzustellen, dass der \u00f6kologische Fu\u00dfabdruck von Supply Chain Valley so klein wie m\u00f6glich ist. Abgestimmt und ausgeglichen mit der Rentabilit\u00e4t; profitables nachhaltiges Wachstum.<\/p>\n<p class=\"Platte-tekst ParaOverride-2\" lang=\"nl-NL\">Die F\u00f6rderung und Umsetzung von mehr Nachhaltigkeit im Lieferkettenprozess ist das Ziel dieses Bausteins. Denken Sie an die Installation von Windturbinen und Sonnenkollektoren und die Inbetriebnahme von Lastwagen und Terminals, die mit im Supply Chain Valley erzeugter Energie betrieben werden.\u00a0<span class=\"afbreken-einde-zin\" lang=\"\">Wir\u00a0<\/span>wollen durch die Nutzung von Wasserstoff und Elektrizit\u00e4t f\u00fcr den Antrieb von Lastkraftwagen innovativ sein.\u00a0<span class=\"afbreken-einde-zin\" lang=\"\">Die\u00a0<\/span>Das Stromnetz ist derzeit nicht ausreichend dimensioniert; es wird \"zu viel\" Energie in das Netz zur\u00fcckgespeist. Die Windkraftanlagen m\u00fcssen dann abgeschaltet werden, weil die erzeugte Energie \"nirgendwo hin kann\".\u00a0<span class=\"afbreken-einde-zin\" lang=\"\">Als\u00a0<\/span>die Energie vor Ort \"verbraucht\" werden kann, geht weniger Energie verloren.\u00a0<span class=\"afbreken-einde-zin\" lang=\"\">Die\u00a0<\/span>Baustein will auch Wissen f\u00fcr eine nachhaltigere Politik vermitteln.\u00a0<span class=\"afbreken-einde-zin\" lang=\"\">Die\u00a0<\/span>Ziel aller Bem\u00fchungen ist es nat\u00fcrlich, den CO2-Fu\u00dfabdruck der Unternehmen im Supply Chain Valley zu minimieren.<\/p>\n<\/div>\n<div id=\"_idContainer167\" class=\"Basistekstkader\">\n<p class=\"Platte-tekst\" lang=\"nl-NL\">\n<\/div>\n<div class=\"_idGenObjectLayout-1\">\n<div id=\"_idContainer168\" class=\"_idGenObjectStyleOverride-8\"><img decoding=\"async\" class=\"_idGenObjectAttribute-1\" src=\"OVenlo_nr1_2023_Binnenwerk_40pag-web-resources\/image\/Jella_Theeuwen_-_Foto_3.jpg\" alt=\"\" \/><\/div>\n<\/div>\n<div><\/div>\n<div><\/div>","protected":false},"excerpt":{"rendered":"<p>Stichting Supply Chain Valley gaat ondernemers in Noord-Limburg helpen bij het verduurzamen van hun onderneming. Daarbij is volgens Peter Pardoel, voorzitter Raad van Bestuur, \u00e9\u00e9n zaak het allerbelangrijkst: het hebben van een duurzaamheidsagenda. \u201cDe\u00a0klok tikt: ondernemers moeten nu actie ondernemen.\u201d Bij Supply Chain Valley werken bedrijven, kennisinstellingen en overheid in de (Eu)regio Noord-Limburg nauw samen [&hellip;]<\/p>","protected":false},"author":1,"featured_media":0,"comment_status":"closed","ping_status":"open","sticky":false,"template":"","format":"standard","meta":{"_acf_changed":false,"footnotes":""},"categories":[8],"tags":[],"class_list":["post-2944","post","type-post","status-publish","format-standard","hentry","category-nieuws"],"acf":[],"yoast_head":"<!-- This site is optimized with the Yoast SEO plugin v26.3 - https:\/\/yoast.com\/wordpress\/plugins\/seo\/ -->\n<title>\u2018Een duurzaamheidsagenda is onmisbaar voor ondernemers\u2019 - Ondernemend Venlo<\/title>\n<meta name=\"robots\" content=\"index, follow, max-snippet:-1, max-image-preview:large, max-video-preview:-1\" \/>\n<link rel=\"canonical\" href=\"https:\/\/www.ondernemendvenlo.nl\/de\/een-duurzaamheidsagenda-is-onmisbaar-voor-ondernemers-2\/\" \/>\n<meta property=\"og:locale\" content=\"de_DE\" \/>\n<meta property=\"og:type\" content=\"article\" \/>\n<meta property=\"og:title\" content=\"\u2018Een duurzaamheidsagenda is onmisbaar voor ondernemers\u2019 - Ondernemend Venlo\" \/>\n<meta property=\"og:description\" content=\"Stichting Supply Chain Valley gaat ondernemers in Noord-Limburg helpen bij het verduurzamen van hun onderneming. Daarbij is volgens Peter Pardoel, voorzitter Raad van Bestuur, \u00e9\u00e9n zaak het allerbelangrijkst: het hebben van een duurzaamheidsagenda. \u201cDe\u00a0klok tikt: ondernemers moeten nu actie ondernemen.\u201d Bij Supply Chain Valley werken bedrijven, kennisinstellingen en overheid in de (Eu)regio Noord-Limburg nauw samen [&hellip;]\" \/>\n<meta property=\"og:url\" content=\"https:\/\/www.ondernemendvenlo.nl\/de\/een-duurzaamheidsagenda-is-onmisbaar-voor-ondernemers-2\/\" \/>\n<meta property=\"og:site_name\" content=\"Ondernemend Venlo\" \/>\n<meta property=\"article:published_time\" content=\"2023-03-31T19:59:58+00:00\" \/>\n<meta name=\"author\" content=\"admin\" \/>\n<meta name=\"twitter:card\" content=\"summary_large_image\" \/>\n<meta name=\"twitter:label1\" content=\"Verfasst von\" \/>\n\t<meta name=\"twitter:data1\" content=\"admin\" \/>\n\t<meta name=\"twitter:label2\" content=\"Gesch\u00e4tzte Lesezeit\" \/>\n\t<meta name=\"twitter:data2\" content=\"5\u00a0Minuten\" \/>\n<script type=\"application\/ld+json\" class=\"yoast-schema-graph\">{\"@context\":\"https:\/\/schema.org\",\"@graph\":[{\"@type\":\"Article\",\"@id\":\"https:\/\/www.ondernemendvenlo.nl\/een-duurzaamheidsagenda-is-onmisbaar-voor-ondernemers-2\/#article\",\"isPartOf\":{\"@id\":\"https:\/\/www.ondernemendvenlo.nl\/een-duurzaamheidsagenda-is-onmisbaar-voor-ondernemers-2\/\"},\"author\":{\"name\":\"admin\",\"@id\":\"https:\/\/www.ondernemendvenlo.nl\/#\/schema\/person\/347e935f8ad4c7030608ef74bb57aa6e\"},\"headline\":\"\u2018Een duurzaamheidsagenda is onmisbaar voor ondernemers\u2019\",\"datePublished\":\"2023-03-31T19:59:58+00:00\",\"mainEntityOfPage\":{\"@id\":\"https:\/\/www.ondernemendvenlo.nl\/een-duurzaamheidsagenda-is-onmisbaar-voor-ondernemers-2\/\"},\"wordCount\":1044,\"publisher\":{\"@id\":\"https:\/\/www.ondernemendvenlo.nl\/#organization\"},\"articleSection\":[\"Nieuws\"],\"inLanguage\":\"de\"},{\"@type\":\"WebPage\",\"@id\":\"https:\/\/www.ondernemendvenlo.nl\/een-duurzaamheidsagenda-is-onmisbaar-voor-ondernemers-2\/\",\"url\":\"https:\/\/www.ondernemendvenlo.nl\/een-duurzaamheidsagenda-is-onmisbaar-voor-ondernemers-2\/\",\"name\":\"\u2018Een duurzaamheidsagenda is onmisbaar voor ondernemers\u2019 - Ondernemend Venlo\",\"isPartOf\":{\"@id\":\"https:\/\/www.ondernemendvenlo.nl\/#website\"},\"datePublished\":\"2023-03-31T19:59:58+00:00\",\"breadcrumb\":{\"@id\":\"https:\/\/www.ondernemendvenlo.nl\/een-duurzaamheidsagenda-is-onmisbaar-voor-ondernemers-2\/#breadcrumb\"},\"inLanguage\":\"de\",\"potentialAction\":[{\"@type\":\"ReadAction\",\"target\":[\"https:\/\/www.ondernemendvenlo.nl\/een-duurzaamheidsagenda-is-onmisbaar-voor-ondernemers-2\/\"]}]},{\"@type\":\"BreadcrumbList\",\"@id\":\"https:\/\/www.ondernemendvenlo.nl\/een-duurzaamheidsagenda-is-onmisbaar-voor-ondernemers-2\/#breadcrumb\",\"itemListElement\":[{\"@type\":\"ListItem\",\"position\":1,\"name\":\"Ondernemend Venlo\",\"item\":\"https:\/\/www.ondernemendvenlo.nl\/\"},{\"@type\":\"ListItem\",\"position\":2,\"name\":\"Nieuws\",\"item\":\"https:\/\/www.ondernemendvenlo.nl\/categorie\/nieuws\/\"},{\"@type\":\"ListItem\",\"position\":3,\"name\":\"\u2018Een duurzaamheidsagenda is onmisbaar voor ondernemers\u2019\"}]},{\"@type\":\"WebSite\",\"@id\":\"https:\/\/www.ondernemendvenlo.nl\/#website\",\"url\":\"https:\/\/www.ondernemendvenlo.nl\/\",\"name\":\"Ondernemend Venlo\",\"description\":\"Samen succesvol ondernemen\",\"publisher\":{\"@id\":\"https:\/\/www.ondernemendvenlo.nl\/#organization\"},\"potentialAction\":[{\"@type\":\"SearchAction\",\"target\":{\"@type\":\"EntryPoint\",\"urlTemplate\":\"https:\/\/www.ondernemendvenlo.nl\/?s={search_term_string}\"},\"query-input\":{\"@type\":\"PropertyValueSpecification\",\"valueRequired\":true,\"valueName\":\"search_term_string\"}}],\"inLanguage\":\"de\"},{\"@type\":\"Organization\",\"@id\":\"https:\/\/www.ondernemendvenlo.nl\/#organization\",\"name\":\"Ondernemend Venlo\",\"url\":\"https:\/\/www.ondernemendvenlo.nl\/\",\"logo\":{\"@type\":\"ImageObject\",\"inLanguage\":\"de\",\"@id\":\"https:\/\/www.ondernemendvenlo.nl\/#\/schema\/logo\/image\/\",\"url\":\"https:\/\/www.ondernemendvenlo.nl\/wp-content\/uploads\/2025\/02\/Ondernemend-Venlo-logo-scaled.webp\",\"contentUrl\":\"https:\/\/www.ondernemendvenlo.nl\/wp-content\/uploads\/2025\/02\/Ondernemend-Venlo-logo-scaled.webp\",\"width\":2560,\"height\":1010,\"caption\":\"Ondernemend Venlo\"},\"image\":{\"@id\":\"https:\/\/www.ondernemendvenlo.nl\/#\/schema\/logo\/image\/\"},\"sameAs\":[\"https:\/\/www.linkedin.com\/company\/ondernemend-venlo\/\"]},{\"@type\":\"Person\",\"@id\":\"https:\/\/www.ondernemendvenlo.nl\/#\/schema\/person\/347e935f8ad4c7030608ef74bb57aa6e\",\"name\":\"admin\",\"image\":{\"@type\":\"ImageObject\",\"inLanguage\":\"de\",\"@id\":\"https:\/\/www.ondernemendvenlo.nl\/#\/schema\/person\/image\/\",\"url\":\"https:\/\/www.ondernemendvenlo.nl\/wp-content\/litespeed\/avatar\/720af750b037aecf6e33e12833479059.jpg?ver=1777382954\",\"contentUrl\":\"https:\/\/www.ondernemendvenlo.nl\/wp-content\/litespeed\/avatar\/720af750b037aecf6e33e12833479059.jpg?ver=1777382954\",\"caption\":\"admin\"},\"sameAs\":[\"https:\/\/www.ondernemendvenlo.nl\"]}]}<\/script>\n<!-- \/ Yoast SEO plugin. -->","yoast_head_json":{"title":"\u2018Een duurzaamheidsagenda is onmisbaar voor ondernemers\u2019 - Ondernemend Venlo","robots":{"index":"index","follow":"follow","max-snippet":"max-snippet:-1","max-image-preview":"max-image-preview:large","max-video-preview":"max-video-preview:-1"},"canonical":"https:\/\/www.ondernemendvenlo.nl\/de\/een-duurzaamheidsagenda-is-onmisbaar-voor-ondernemers-2\/","og_locale":"de_DE","og_type":"article","og_title":"\u2018Een duurzaamheidsagenda is onmisbaar voor ondernemers\u2019 - Ondernemend Venlo","og_description":"Stichting Supply Chain Valley gaat ondernemers in Noord-Limburg helpen bij het verduurzamen van hun onderneming. Daarbij is volgens Peter Pardoel, voorzitter Raad van Bestuur, \u00e9\u00e9n zaak het allerbelangrijkst: het hebben van een duurzaamheidsagenda. \u201cDe\u00a0klok tikt: ondernemers moeten nu actie ondernemen.\u201d Bij Supply Chain Valley werken bedrijven, kennisinstellingen en overheid in de (Eu)regio Noord-Limburg nauw samen [&hellip;]","og_url":"https:\/\/www.ondernemendvenlo.nl\/de\/een-duurzaamheidsagenda-is-onmisbaar-voor-ondernemers-2\/","og_site_name":"Ondernemend Venlo","article_published_time":"2023-03-31T19:59:58+00:00","author":"admin","twitter_card":"summary_large_image","twitter_misc":{"Verfasst von":"admin","Gesch\u00e4tzte Lesezeit":"5\u00a0Minuten"},"schema":{"@context":"https:\/\/schema.org","@graph":[{"@type":"Article","@id":"https:\/\/www.ondernemendvenlo.nl\/een-duurzaamheidsagenda-is-onmisbaar-voor-ondernemers-2\/#article","isPartOf":{"@id":"https:\/\/www.ondernemendvenlo.nl\/een-duurzaamheidsagenda-is-onmisbaar-voor-ondernemers-2\/"},"author":{"name":"admin","@id":"https:\/\/www.ondernemendvenlo.nl\/#\/schema\/person\/347e935f8ad4c7030608ef74bb57aa6e"},"headline":"\u2018Een duurzaamheidsagenda is onmisbaar voor ondernemers\u2019","datePublished":"2023-03-31T19:59:58+00:00","mainEntityOfPage":{"@id":"https:\/\/www.ondernemendvenlo.nl\/een-duurzaamheidsagenda-is-onmisbaar-voor-ondernemers-2\/"},"wordCount":1044,"publisher":{"@id":"https:\/\/www.ondernemendvenlo.nl\/#organization"},"articleSection":["Nieuws"],"inLanguage":"de"},{"@type":"WebPage","@id":"https:\/\/www.ondernemendvenlo.nl\/een-duurzaamheidsagenda-is-onmisbaar-voor-ondernemers-2\/","url":"https:\/\/www.ondernemendvenlo.nl\/een-duurzaamheidsagenda-is-onmisbaar-voor-ondernemers-2\/","name":"\u2018Een duurzaamheidsagenda is onmisbaar voor ondernemers\u2019 - Ondernemend Venlo","isPartOf":{"@id":"https:\/\/www.ondernemendvenlo.nl\/#website"},"datePublished":"2023-03-31T19:59:58+00:00","breadcrumb":{"@id":"https:\/\/www.ondernemendvenlo.nl\/een-duurzaamheidsagenda-is-onmisbaar-voor-ondernemers-2\/#breadcrumb"},"inLanguage":"de","potentialAction":[{"@type":"ReadAction","target":["https:\/\/www.ondernemendvenlo.nl\/een-duurzaamheidsagenda-is-onmisbaar-voor-ondernemers-2\/"]}]},{"@type":"BreadcrumbList","@id":"https:\/\/www.ondernemendvenlo.nl\/een-duurzaamheidsagenda-is-onmisbaar-voor-ondernemers-2\/#breadcrumb","itemListElement":[{"@type":"ListItem","position":1,"name":"Ondernemend Venlo","item":"https:\/\/www.ondernemendvenlo.nl\/"},{"@type":"ListItem","position":2,"name":"Nieuws","item":"https:\/\/www.ondernemendvenlo.nl\/categorie\/nieuws\/"},{"@type":"ListItem","position":3,"name":"\u2018Een duurzaamheidsagenda is onmisbaar voor ondernemers\u2019"}]},{"@type":"WebSite","@id":"https:\/\/www.ondernemendvenlo.nl\/#website","url":"https:\/\/www.ondernemendvenlo.nl\/","name":"Unternehmerisches Venlo","description":"Samen succesvol ondernemen","publisher":{"@id":"https:\/\/www.ondernemendvenlo.nl\/#organization"},"potentialAction":[{"@type":"SearchAction","target":{"@type":"EntryPoint","urlTemplate":"https:\/\/www.ondernemendvenlo.nl\/?s={search_term_string}"},"query-input":{"@type":"PropertyValueSpecification","valueRequired":true,"valueName":"search_term_string"}}],"inLanguage":"de"},{"@type":"Organization","@id":"https:\/\/www.ondernemendvenlo.nl\/#organization","name":"Unternehmerisches Venlo","url":"https:\/\/www.ondernemendvenlo.nl\/","logo":{"@type":"ImageObject","inLanguage":"de","@id":"https:\/\/www.ondernemendvenlo.nl\/#\/schema\/logo\/image\/","url":"https:\/\/www.ondernemendvenlo.nl\/wp-content\/uploads\/2025\/02\/Ondernemend-Venlo-logo-scaled.webp","contentUrl":"https:\/\/www.ondernemendvenlo.nl\/wp-content\/uploads\/2025\/02\/Ondernemend-Venlo-logo-scaled.webp","width":2560,"height":1010,"caption":"Ondernemend Venlo"},"image":{"@id":"https:\/\/www.ondernemendvenlo.nl\/#\/schema\/logo\/image\/"},"sameAs":["https:\/\/www.linkedin.com\/company\/ondernemend-venlo\/"]},{"@type":"Person","@id":"https:\/\/www.ondernemendvenlo.nl\/#\/schema\/person\/347e935f8ad4c7030608ef74bb57aa6e","name":"admin","image":{"@type":"ImageObject","inLanguage":"de","@id":"https:\/\/www.ondernemendvenlo.nl\/#\/schema\/person\/image\/","url":"https:\/\/www.ondernemendvenlo.nl\/wp-content\/litespeed\/avatar\/720af750b037aecf6e33e12833479059.jpg?ver=1777382954","contentUrl":"https:\/\/www.ondernemendvenlo.nl\/wp-content\/litespeed\/avatar\/720af750b037aecf6e33e12833479059.jpg?ver=1777382954","caption":"admin"},"sameAs":["https:\/\/www.ondernemendvenlo.nl"]}]}},"_links":{"self":[{"href":"https:\/\/www.ondernemendvenlo.nl\/de\/wp-json\/wp\/v2\/posts\/2944","targetHints":{"allow":["GET"]}}],"collection":[{"href":"https:\/\/www.ondernemendvenlo.nl\/de\/wp-json\/wp\/v2\/posts"}],"about":[{"href":"https:\/\/www.ondernemendvenlo.nl\/de\/wp-json\/wp\/v2\/types\/post"}],"author":[{"embeddable":true,"href":"https:\/\/www.ondernemendvenlo.nl\/de\/wp-json\/wp\/v2\/users\/1"}],"replies":[{"embeddable":true,"href":"https:\/\/www.ondernemendvenlo.nl\/de\/wp-json\/wp\/v2\/comments?post=2944"}],"version-history":[{"count":0,"href":"https:\/\/www.ondernemendvenlo.nl\/de\/wp-json\/wp\/v2\/posts\/2944\/revisions"}],"wp:attachment":[{"href":"https:\/\/www.ondernemendvenlo.nl\/de\/wp-json\/wp\/v2\/media?parent=2944"}],"wp:term":[{"taxonomy":"category","embeddable":true,"href":"https:\/\/www.ondernemendvenlo.nl\/de\/wp-json\/wp\/v2\/categories?post=2944"},{"taxonomy":"post_tag","embeddable":true,"href":"https:\/\/www.ondernemendvenlo.nl\/de\/wp-json\/wp\/v2\/tags?post=2944"}],"curies":[{"name":"wp","href":"https:\/\/api.w.org\/{rel}","templated":true}]}}