{"id":2968,"date":"2023-01-20T11:18:26","date_gmt":"2023-01-20T10:18:26","guid":{"rendered":"https:\/\/www.ondernemendvenlo.nl\/aftredend-voorzitter-peter-thissen-blikt-terug\/"},"modified":"2023-01-20T11:18:26","modified_gmt":"2023-01-20T10:18:26","slug":"aftredend-voorzitter-peter-thissen-blikt-terug","status":"publish","type":"post","link":"https:\/\/www.ondernemendvenlo.nl\/de\/aftredend-voorzitter-peter-thissen-blikt-terug\/","title":{"rendered":"Der scheidende Vorsitzende Peter Thissen blickt zur\u00fcck"},"content":{"rendered":"<p><em><strong>Peter Thissen, der geborene Unternehmer, der Ondernemend Venlo zu einem Kollektiv von 1.400 teilnehmenden Unternehmen in 20 Gewerbegebieten wachsen lie\u00df, tritt nach mehr als 12 Jahren als Vorsitzender zur\u00fcck. Zufrieden blickt er auf die vergangenen Jahre zur\u00fcck, in denen er sich mit Leib und Seele f\u00fcr die Interessen der Venloer Unternehmer eingesetzt hat. \"Wir sind ein einzigartiges Kollektiv und darauf k\u00f6nnen wir alle sehr stolz sein\", so Thissen.<\/strong><\/em><\/p>\n<p>Er mag sich zwar als geb\u00fcrtiger Venloner bezeichnen - schlie\u00dflich lebt er schon seit vielen Jahren hier -, aber Peter Thissen ist in Geleen geboren und aufgewachsen. Thissen hat das Familienunternehmen, das sich auf nachhaltige Installationstechnik spezialisiert hat, von seinem Vater \u00fcbernommen. Im Jahr 2010 verkaufte er das Unternehmen mit Sitz im Trade Port West an Unica, ein Unternehmen mit Niederlassungen im ganzen Land. Thissen ist der geborene Unternehmer und das war 2011 der Grund f\u00fcr Jacques Scheuten (Mitglied des Beirats von Entrepreneurial Venlo), ihn als Vorsitzenden f\u00fcr die Stiftung Entrepreneurial Venlo zu gewinnen. Schlie\u00dflich war Thissen damals auch im Vorstand von Tradeport, damals einer der vier Unternehmerverb\u00e4nde in Venlo neben Noorderpoort, Spikweien (Lomm) und Tegelen\/Belfeld. \"Auf Initiative des damaligen Ratsherrn Stephan Satijn wurde ich gebeten, diese vier Verb\u00e4nde zu einer schlagkr\u00e4ftigen Organisation zu verschmelzen, die die Interessen der Unternehmen in den Gewerbegebieten der Gemeinde Venlo vertritt\", sagt Thissen. \"Diese vier Verb\u00e4nde hatten genau die gleichen Probleme, klopften daf\u00fcr aber getrennt an die T\u00fcr der Gemeinde. Ich habe den Unternehmern gesagt, dass wir mit dem 'Vastelaovend' ziemlich chauvinistisch sein k\u00f6nnen, aber wir m\u00fcssen ein Gro\u00df-Venlo in wirtschaftlicher Hinsicht ausstrahlen. Das Ziel eines Kollektivs war ein professionellerer Ansatz mit mehr Wirkung. Obwohl es sich um ganz unterschiedliche Teile von Venlo handelt, haben die Vorstandsmitglieder den Nutzen des Zusammenschlusses verstanden, und die Umstrukturierung verlief recht reibungslos.\"<\/p>\n<p>Der Ansatz erwies sich als erfolgreich, da die Fusion am 2. November 2017 rechtlich formalisiert wurde. Die Verb\u00e4nde wurden aufgel\u00f6st und als Abteilungen des neu gegr\u00fcndeten Verbands Ondernemend Venlo weitergef\u00fchrt. Dieser umfasst nun \u00fcber 1.400 Unternehmen mit mehr als 40.000 Besch\u00e4ftigten, verteilt auf die 20 Gewerbegebiete Venlos. Thissen: \"Ich bin stolz auf das, was wir gemeinsam mit all diesen Unternehmern erreicht haben.\"<\/p>\n<p>In seiner mehr als 12-j\u00e4hrigen Pr\u00e4sidentschaft hat Thissen mit Entrepreneurial Venlo viele Erfolge erzielt. \"Der vielleicht gr\u00f6\u00dfte Erfolg ist unser BIZ (Business Investment Zone), das k\u00fcrzlich um f\u00fcnf Jahre bis 2025 verl\u00e4ngert wurde\", sagt er. \"Nicht einmal unsere Innenstadt hat ein BIZ, so wie viele Gewerbegebiete in anderen Gro\u00dfst\u00e4dten. Dass wir ein Kollektiv mit 1.400 Unternehmen bilden k\u00f6nnen, ist einzigartig. Unser BIZ ist das gr\u00f6\u00dfte in den Niederlanden; unsere Unternehmer verstehen das kollektive Interesse. Sicherlich gibt es noch Chauvinismus, aber nicht mehr in gesch\u00e4ftlicher Hinsicht. Das ist Unternehmertum pur.\"<\/p>\n<p><strong>Erfolgreiches BIZ<br \/>\n<\/strong>Der ehemalige Vorsitzende blickt mit Zufriedenheit auf mehrere Meilensteine zur\u00fcck, die Entrepreneurial Venlo erreicht hat. \"Trade Port Noord ist beispielsweise eines der nachhaltigsten Gewerbegebiete in den Niederlanden, wir haben erneut das Keurmerk Veilig Ondernemen (KVO)-Zertifikat f\u00fcr sicheres Unternehmertum erhalten, alle Mitglieds-Gewerbegebiete wurden mit einem erkennbaren Eingangsschild f\u00fcr \u00f6ffentliche Verkehrsmittel versehen und gemeinsam mit Veilig Venlo haben wir alle Gewerbegebiete mit Kameras zur \u00dcberwachung und Durchsetzung ausgestattet (was zu einer minimalen Kriminalit\u00e4t gef\u00fchrt hat).\" Thissen bezeichnet auch den Ausschuss f\u00fcr nachhaltige Gewerbegebiete als etwas Besonderes. \"Ondernemend Venlo ist es gelungen, eine Ausschreibung zu gewinnen, die zu einem Zuschuss von 2,1 Millionen Euro f\u00fchrte. Das alles haben wir mit den 90 ehrenamtlichen Mitarbeitern von Ondernemend Venlo geschafft: Sie alle sind Unternehmer, die jeden Tag ihr eigenes Gesch\u00e4ft f\u00fchren m\u00fcssen und sich dennoch die Zeit nehmen, sich den Interessen von Ondernemend Venlo zu widmen.\"<\/p>\n<p>Thissen seufzt - auf positive Weise -, dass es zu viele erreichte Ziele gibt, um sie zu erw\u00e4hnen. \"Wenn ich aber einige herausgreifen darf, dann ist die Zusammenarbeit mit der Gemeinde Venlo im Rahmen des EUP (Economic Implementation Programme) etwas ganz Besonderes.\"<\/p>\n<p>Ein Schandfleck waren zum Beispiel die vielen illegal abgestellten Lastwagen in Venlo, vor allem weil sie am Ruhetag nicht nach Deutschland einfahren d\u00fcrfen. \"Damals waren in den Industriegebieten von Venlo Hunderte von Lastwagen illegal geparkt. Dank einer Kofinanzierung von Ondernemend Venlo mit der Stadt Venlo konnten eine Reihe von Verbesserungen erzielt werden. Dazu geh\u00f6ren die Durchsetzung der Vorschriften in den Gewerbegebieten und der Bau eines Lkw-Parkplatzes am James Cookweg. Defekte und unbeleuchtete Lastwagen werden nun abgeschleppt.<\/p>\n<p>Dank unseres BIZ verf\u00fcgen wir als Entrepreneurial Venlo \u00fcber ausreichende finanzielle Mittel, um erhebliche Summen zu investieren und solche Themen gemeinsam mit der Gemeinde Venlo zu realisieren.\"<\/p>\n<p><strong>Kollaborationen<br \/>\n<\/strong>Ein wichtiger Partner von Entrepreneurial Venlo ist die Gemeinde Venlo. W\u00e4hrend seiner Zeit als Vorsitzender hat Thissen gesehen, wie die Verbindung enorm gewachsen ist. \"In meinen ersten Jahren war der Kontakt manchmal noch unbeholfen, aber auch dank unserer starken Gemeinschaft hat die Gemeinde erkannt, dass sie Entrepreneurial Venlo noch mehr ber\u00fccksichtigen muss. Wir sehen uns als gleichberechtigte Partner, wenn es darum geht, die Interessen der Unternehmer in den Gewerbegebieten zu vertreten.\" Laut Thissen hat der Beigeordnete Erwin Boom (Wirtschaft) eine wichtige Rolle bei der St\u00e4rkung der Zusammenarbeit gespielt. \"Boom hat als Wirtschaftsstadtrat ein echtes Interesse an den Interessen der Unternehmer in den Gewerbegebieten.\"<\/p>\n<p>Alle drei Jahre muss eine Unterst\u00fctzungsmessung - durch eine Umfrage - zeigen, dass Ondernemend Venlo tats\u00e4chlich der Vertreter und F\u00fcrsprecher aller 1.400 Unternehmen ist. Dabei ist es wichtig, dass so viele Unternehmer wie m\u00f6glich (mindestens 50 Prozent) ihre Stimme abgeben. Die Vorstandsmitglieder von OV werden alle Unternehmen pers\u00f6nlich besuchen, um die Umfrage zu besprechen. \"Auch Beigeordneter Boom war schon mehrmals mit uns unterwegs, um diese F\u00f6rderma\u00dfnahme zum Erfolg zu f\u00fchren. Die Unternehmer brauchen diese pers\u00f6nliche Betreuung, sie ist notwendig, damit das BIZ ein Erfolg wird. Mit dieser engagierten Aktion hat er sowohl die OV-Vorstandsmitglieder als auch die Unternehmer begeistert.\"<\/p>\n<p><strong>Unternehmertum in Venlo<br \/>\n<\/strong>Nat\u00fcrlich waren all diese Jahre nicht nur rosig, aber man kann mit Sicherheit sagen, dass Thissen in seiner Zeit als Vorsitzender das unternehmerische Venlo auf die n\u00e4chste Stufe gebracht hat. Der Vorsitz wurde nun an die Unternehmerin Lizbeth van den Boogaart \u00fcbergeben, ebenfalls eine ehemalige Top Woman Limburg (2019). \"Es ist Zeit f\u00fcr einen frischen Wind. Meiner Meinung nach ist Lizbeth eine ausgezeichnete Wahl und ich bin stolz, dass sie meine Anfrage zur Nachfolge angenommen hat.\"<\/p>\n<p>Thissen verl\u00e4sst Entrepreneurial Venlo nicht ganz, sondern wird als Mitglied des Beirats ernannt. Zufrieden blickt er auf seine Rolle als Vorsitzender zur\u00fcck. \"Ich konnte erleben, was f\u00fcr ein starker Wirtschaftsverband Ondernemend Venlo ist. Mit einer Fl\u00e4che von 1.500 Hektar verf\u00fcgt Venlo \u00fcber das viertgr\u00f6\u00dfte Industriegebiet der Niederlande und 34 Weltmarktf\u00fchrer sind hier ans\u00e4ssig. Alle diese Weltmarktf\u00fchrer wurden von Venloer Unternehmern gegr\u00fcndet; unglaublich clever. Meiner Meinung nach k\u00f6nnten die Stadtteile weniger chauvinistisch sein und mehr Einigkeit ausstrahlen. Die Venloer sollten noch stolzer auf ihre Unternehmer sein; die St\u00e4rke des Venloer Unternehmertums ist beispiellos.\"<\/p>","protected":false},"excerpt":{"rendered":"<p>Peter Thissen, de rasondernemer die Ondernemend Venlo hielp groeien tot een collectief van 1.400 deelnemende bedrijven op 20 bedrijventerreinen, neemt na ruim twaalf jaar afscheid als voorzitter. Tevreden blikt hij terug op de afgelopen jaren waarin hij zich met hart en ziel inzette voor de belangen van Venlose ondernemers. \u201cWij zijn een uniek collectief en [&hellip;]<\/p>","protected":false},"author":1,"featured_media":0,"comment_status":"closed","ping_status":"open","sticky":false,"template":"","format":"standard","meta":{"_acf_changed":false,"footnotes":""},"categories":[8],"tags":[],"class_list":["post-2968","post","type-post","status-publish","format-standard","hentry","category-nieuws"],"acf":[],"yoast_head":"<!-- This site is optimized with the Yoast SEO plugin v26.3 - https:\/\/yoast.com\/wordpress\/plugins\/seo\/ -->\n<title>Aftredend voorzitter Peter Thissen blikt terug - Ondernemend Venlo<\/title>\n<meta name=\"robots\" content=\"index, follow, max-snippet:-1, max-image-preview:large, max-video-preview:-1\" \/>\n<link rel=\"canonical\" href=\"https:\/\/www.ondernemendvenlo.nl\/de\/aftredend-voorzitter-peter-thissen-blikt-terug\/\" \/>\n<meta property=\"og:locale\" content=\"de_DE\" \/>\n<meta property=\"og:type\" content=\"article\" \/>\n<meta property=\"og:title\" content=\"Aftredend voorzitter Peter Thissen blikt terug - Ondernemend Venlo\" \/>\n<meta property=\"og:description\" content=\"Peter Thissen, de rasondernemer die Ondernemend Venlo hielp groeien tot een collectief van 1.400 deelnemende bedrijven op 20 bedrijventerreinen, neemt na ruim twaalf jaar afscheid als voorzitter. Tevreden blikt hij terug op de afgelopen jaren waarin hij zich met hart en ziel inzette voor de belangen van Venlose ondernemers. \u201cWij zijn een uniek collectief en [&hellip;]\" \/>\n<meta property=\"og:url\" content=\"https:\/\/www.ondernemendvenlo.nl\/de\/aftredend-voorzitter-peter-thissen-blikt-terug\/\" \/>\n<meta property=\"og:site_name\" content=\"Ondernemend Venlo\" \/>\n<meta property=\"article:published_time\" content=\"2023-01-20T10:18:26+00:00\" \/>\n<meta name=\"author\" content=\"admin\" \/>\n<meta name=\"twitter:card\" content=\"summary_large_image\" \/>\n<meta name=\"twitter:label1\" content=\"Verfasst von\" \/>\n\t<meta name=\"twitter:data1\" content=\"admin\" \/>\n\t<meta name=\"twitter:label2\" content=\"Gesch\u00e4tzte Lesezeit\" \/>\n\t<meta name=\"twitter:data2\" content=\"6\u00a0Minuten\" \/>\n<script type=\"application\/ld+json\" class=\"yoast-schema-graph\">{\"@context\":\"https:\/\/schema.org\",\"@graph\":[{\"@type\":\"Article\",\"@id\":\"https:\/\/www.ondernemendvenlo.nl\/aftredend-voorzitter-peter-thissen-blikt-terug\/#article\",\"isPartOf\":{\"@id\":\"https:\/\/www.ondernemendvenlo.nl\/aftredend-voorzitter-peter-thissen-blikt-terug\/\"},\"author\":{\"name\":\"admin\",\"@id\":\"https:\/\/www.ondernemendvenlo.nl\/#\/schema\/person\/347e935f8ad4c7030608ef74bb57aa6e\"},\"headline\":\"Aftredend voorzitter Peter Thissen blikt terug\",\"datePublished\":\"2023-01-20T10:18:26+00:00\",\"mainEntityOfPage\":{\"@id\":\"https:\/\/www.ondernemendvenlo.nl\/aftredend-voorzitter-peter-thissen-blikt-terug\/\"},\"wordCount\":1130,\"publisher\":{\"@id\":\"https:\/\/www.ondernemendvenlo.nl\/#organization\"},\"articleSection\":[\"Nieuws\"],\"inLanguage\":\"de\"},{\"@type\":\"WebPage\",\"@id\":\"https:\/\/www.ondernemendvenlo.nl\/aftredend-voorzitter-peter-thissen-blikt-terug\/\",\"url\":\"https:\/\/www.ondernemendvenlo.nl\/aftredend-voorzitter-peter-thissen-blikt-terug\/\",\"name\":\"Aftredend voorzitter Peter Thissen blikt terug - Ondernemend Venlo\",\"isPartOf\":{\"@id\":\"https:\/\/www.ondernemendvenlo.nl\/#website\"},\"datePublished\":\"2023-01-20T10:18:26+00:00\",\"breadcrumb\":{\"@id\":\"https:\/\/www.ondernemendvenlo.nl\/aftredend-voorzitter-peter-thissen-blikt-terug\/#breadcrumb\"},\"inLanguage\":\"de\",\"potentialAction\":[{\"@type\":\"ReadAction\",\"target\":[\"https:\/\/www.ondernemendvenlo.nl\/aftredend-voorzitter-peter-thissen-blikt-terug\/\"]}]},{\"@type\":\"BreadcrumbList\",\"@id\":\"https:\/\/www.ondernemendvenlo.nl\/aftredend-voorzitter-peter-thissen-blikt-terug\/#breadcrumb\",\"itemListElement\":[{\"@type\":\"ListItem\",\"position\":1,\"name\":\"Ondernemend Venlo\",\"item\":\"https:\/\/www.ondernemendvenlo.nl\/\"},{\"@type\":\"ListItem\",\"position\":2,\"name\":\"Nieuws\",\"item\":\"https:\/\/www.ondernemendvenlo.nl\/categorie\/nieuws\/\"},{\"@type\":\"ListItem\",\"position\":3,\"name\":\"Aftredend voorzitter Peter Thissen blikt terug\"}]},{\"@type\":\"WebSite\",\"@id\":\"https:\/\/www.ondernemendvenlo.nl\/#website\",\"url\":\"https:\/\/www.ondernemendvenlo.nl\/\",\"name\":\"Ondernemend Venlo\",\"description\":\"Samen succesvol ondernemen\",\"publisher\":{\"@id\":\"https:\/\/www.ondernemendvenlo.nl\/#organization\"},\"potentialAction\":[{\"@type\":\"SearchAction\",\"target\":{\"@type\":\"EntryPoint\",\"urlTemplate\":\"https:\/\/www.ondernemendvenlo.nl\/?s={search_term_string}\"},\"query-input\":{\"@type\":\"PropertyValueSpecification\",\"valueRequired\":true,\"valueName\":\"search_term_string\"}}],\"inLanguage\":\"de\"},{\"@type\":\"Organization\",\"@id\":\"https:\/\/www.ondernemendvenlo.nl\/#organization\",\"name\":\"Ondernemend Venlo\",\"url\":\"https:\/\/www.ondernemendvenlo.nl\/\",\"logo\":{\"@type\":\"ImageObject\",\"inLanguage\":\"de\",\"@id\":\"https:\/\/www.ondernemendvenlo.nl\/#\/schema\/logo\/image\/\",\"url\":\"https:\/\/www.ondernemendvenlo.nl\/wp-content\/uploads\/2025\/02\/Ondernemend-Venlo-logo-scaled.webp\",\"contentUrl\":\"https:\/\/www.ondernemendvenlo.nl\/wp-content\/uploads\/2025\/02\/Ondernemend-Venlo-logo-scaled.webp\",\"width\":2560,\"height\":1010,\"caption\":\"Ondernemend Venlo\"},\"image\":{\"@id\":\"https:\/\/www.ondernemendvenlo.nl\/#\/schema\/logo\/image\/\"},\"sameAs\":[\"https:\/\/www.linkedin.com\/company\/ondernemend-venlo\/\"]},{\"@type\":\"Person\",\"@id\":\"https:\/\/www.ondernemendvenlo.nl\/#\/schema\/person\/347e935f8ad4c7030608ef74bb57aa6e\",\"name\":\"admin\",\"image\":{\"@type\":\"ImageObject\",\"inLanguage\":\"de\",\"@id\":\"https:\/\/www.ondernemendvenlo.nl\/#\/schema\/person\/image\/\",\"url\":\"https:\/\/www.ondernemendvenlo.nl\/wp-content\/litespeed\/avatar\/720af750b037aecf6e33e12833479059.jpg?ver=1777382954\",\"contentUrl\":\"https:\/\/www.ondernemendvenlo.nl\/wp-content\/litespeed\/avatar\/720af750b037aecf6e33e12833479059.jpg?ver=1777382954\",\"caption\":\"admin\"},\"sameAs\":[\"https:\/\/www.ondernemendvenlo.nl\"]}]}<\/script>\n<!-- \/ Yoast SEO plugin. -->","yoast_head_json":{"title":"Aftredend voorzitter Peter Thissen blikt terug - Ondernemend Venlo","robots":{"index":"index","follow":"follow","max-snippet":"max-snippet:-1","max-image-preview":"max-image-preview:large","max-video-preview":"max-video-preview:-1"},"canonical":"https:\/\/www.ondernemendvenlo.nl\/de\/aftredend-voorzitter-peter-thissen-blikt-terug\/","og_locale":"de_DE","og_type":"article","og_title":"Aftredend voorzitter Peter Thissen blikt terug - Ondernemend Venlo","og_description":"Peter Thissen, de rasondernemer die Ondernemend Venlo hielp groeien tot een collectief van 1.400 deelnemende bedrijven op 20 bedrijventerreinen, neemt na ruim twaalf jaar afscheid als voorzitter. Tevreden blikt hij terug op de afgelopen jaren waarin hij zich met hart en ziel inzette voor de belangen van Venlose ondernemers. \u201cWij zijn een uniek collectief en [&hellip;]","og_url":"https:\/\/www.ondernemendvenlo.nl\/de\/aftredend-voorzitter-peter-thissen-blikt-terug\/","og_site_name":"Ondernemend Venlo","article_published_time":"2023-01-20T10:18:26+00:00","author":"admin","twitter_card":"summary_large_image","twitter_misc":{"Verfasst von":"admin","Gesch\u00e4tzte Lesezeit":"6\u00a0Minuten"},"schema":{"@context":"https:\/\/schema.org","@graph":[{"@type":"Article","@id":"https:\/\/www.ondernemendvenlo.nl\/aftredend-voorzitter-peter-thissen-blikt-terug\/#article","isPartOf":{"@id":"https:\/\/www.ondernemendvenlo.nl\/aftredend-voorzitter-peter-thissen-blikt-terug\/"},"author":{"name":"admin","@id":"https:\/\/www.ondernemendvenlo.nl\/#\/schema\/person\/347e935f8ad4c7030608ef74bb57aa6e"},"headline":"Aftredend voorzitter Peter Thissen blikt terug","datePublished":"2023-01-20T10:18:26+00:00","mainEntityOfPage":{"@id":"https:\/\/www.ondernemendvenlo.nl\/aftredend-voorzitter-peter-thissen-blikt-terug\/"},"wordCount":1130,"publisher":{"@id":"https:\/\/www.ondernemendvenlo.nl\/#organization"},"articleSection":["Nieuws"],"inLanguage":"de"},{"@type":"WebPage","@id":"https:\/\/www.ondernemendvenlo.nl\/aftredend-voorzitter-peter-thissen-blikt-terug\/","url":"https:\/\/www.ondernemendvenlo.nl\/aftredend-voorzitter-peter-thissen-blikt-terug\/","name":"Aftredend voorzitter Peter Thissen blikt terug - Ondernemend Venlo","isPartOf":{"@id":"https:\/\/www.ondernemendvenlo.nl\/#website"},"datePublished":"2023-01-20T10:18:26+00:00","breadcrumb":{"@id":"https:\/\/www.ondernemendvenlo.nl\/aftredend-voorzitter-peter-thissen-blikt-terug\/#breadcrumb"},"inLanguage":"de","potentialAction":[{"@type":"ReadAction","target":["https:\/\/www.ondernemendvenlo.nl\/aftredend-voorzitter-peter-thissen-blikt-terug\/"]}]},{"@type":"BreadcrumbList","@id":"https:\/\/www.ondernemendvenlo.nl\/aftredend-voorzitter-peter-thissen-blikt-terug\/#breadcrumb","itemListElement":[{"@type":"ListItem","position":1,"name":"Ondernemend Venlo","item":"https:\/\/www.ondernemendvenlo.nl\/"},{"@type":"ListItem","position":2,"name":"Nieuws","item":"https:\/\/www.ondernemendvenlo.nl\/categorie\/nieuws\/"},{"@type":"ListItem","position":3,"name":"Aftredend voorzitter Peter Thissen blikt terug"}]},{"@type":"WebSite","@id":"https:\/\/www.ondernemendvenlo.nl\/#website","url":"https:\/\/www.ondernemendvenlo.nl\/","name":"Unternehmerisches Venlo","description":"Samen succesvol ondernemen","publisher":{"@id":"https:\/\/www.ondernemendvenlo.nl\/#organization"},"potentialAction":[{"@type":"SearchAction","target":{"@type":"EntryPoint","urlTemplate":"https:\/\/www.ondernemendvenlo.nl\/?s={search_term_string}"},"query-input":{"@type":"PropertyValueSpecification","valueRequired":true,"valueName":"search_term_string"}}],"inLanguage":"de"},{"@type":"Organization","@id":"https:\/\/www.ondernemendvenlo.nl\/#organization","name":"Unternehmerisches Venlo","url":"https:\/\/www.ondernemendvenlo.nl\/","logo":{"@type":"ImageObject","inLanguage":"de","@id":"https:\/\/www.ondernemendvenlo.nl\/#\/schema\/logo\/image\/","url":"https:\/\/www.ondernemendvenlo.nl\/wp-content\/uploads\/2025\/02\/Ondernemend-Venlo-logo-scaled.webp","contentUrl":"https:\/\/www.ondernemendvenlo.nl\/wp-content\/uploads\/2025\/02\/Ondernemend-Venlo-logo-scaled.webp","width":2560,"height":1010,"caption":"Ondernemend Venlo"},"image":{"@id":"https:\/\/www.ondernemendvenlo.nl\/#\/schema\/logo\/image\/"},"sameAs":["https:\/\/www.linkedin.com\/company\/ondernemend-venlo\/"]},{"@type":"Person","@id":"https:\/\/www.ondernemendvenlo.nl\/#\/schema\/person\/347e935f8ad4c7030608ef74bb57aa6e","name":"admin","image":{"@type":"ImageObject","inLanguage":"de","@id":"https:\/\/www.ondernemendvenlo.nl\/#\/schema\/person\/image\/","url":"https:\/\/www.ondernemendvenlo.nl\/wp-content\/litespeed\/avatar\/720af750b037aecf6e33e12833479059.jpg?ver=1777382954","contentUrl":"https:\/\/www.ondernemendvenlo.nl\/wp-content\/litespeed\/avatar\/720af750b037aecf6e33e12833479059.jpg?ver=1777382954","caption":"admin"},"sameAs":["https:\/\/www.ondernemendvenlo.nl"]}]}},"_links":{"self":[{"href":"https:\/\/www.ondernemendvenlo.nl\/de\/wp-json\/wp\/v2\/posts\/2968","targetHints":{"allow":["GET"]}}],"collection":[{"href":"https:\/\/www.ondernemendvenlo.nl\/de\/wp-json\/wp\/v2\/posts"}],"about":[{"href":"https:\/\/www.ondernemendvenlo.nl\/de\/wp-json\/wp\/v2\/types\/post"}],"author":[{"embeddable":true,"href":"https:\/\/www.ondernemendvenlo.nl\/de\/wp-json\/wp\/v2\/users\/1"}],"replies":[{"embeddable":true,"href":"https:\/\/www.ondernemendvenlo.nl\/de\/wp-json\/wp\/v2\/comments?post=2968"}],"version-history":[{"count":0,"href":"https:\/\/www.ondernemendvenlo.nl\/de\/wp-json\/wp\/v2\/posts\/2968\/revisions"}],"wp:attachment":[{"href":"https:\/\/www.ondernemendvenlo.nl\/de\/wp-json\/wp\/v2\/media?parent=2968"}],"wp:term":[{"taxonomy":"category","embeddable":true,"href":"https:\/\/www.ondernemendvenlo.nl\/de\/wp-json\/wp\/v2\/categories?post=2968"},{"taxonomy":"post_tag","embeddable":true,"href":"https:\/\/www.ondernemendvenlo.nl\/de\/wp-json\/wp\/v2\/tags?post=2968"}],"curies":[{"name":"wp","href":"https:\/\/api.w.org\/{rel}","templated":true}]}}