{"id":2995,"date":"2023-11-06T12:31:46","date_gmt":"2023-11-06T11:31:46","guid":{"rendered":"https:\/\/www.ondernemendvenlo.nl\/topvrouw-limburg-2023\/"},"modified":"2023-11-06T12:31:46","modified_gmt":"2023-11-06T11:31:46","slug":"topvrouw-limburg-2023","status":"publish","type":"post","link":"https:\/\/www.ondernemendvenlo.nl\/de\/topvrouw-limburg-2023\/","title":{"rendered":"Spitzenfrau Limburg 2023"},"content":{"rendered":"<p>Am 2. November wurde Pamela Habibovic im Rahmen eines inspirierenden Abends von der Jury zur Top Woman Limburg 2023 gek\u00fcrt.<\/p>\n<p><strong>Pamela Habibovi\u0107<\/strong><\/p>\n<p>Pamela Habibovi\u0107 ist Professorin f\u00fcr anorganische Biomaterialien an der Universit\u00e4t Maastricht. Der Schwerpunkt ihrer Forschungst\u00e4tigkeit liegt dabei insbesondere auf dem Gebiet der Biomaterialien und<br \/>\nregenerative Medizin. Bem\u00fchungen, die unter anderem mit den prestigetr\u00e4chtigen Veni, Vidi, Aspasia und Zwaartekracht-Stipendien des niederl\u00e4ndischen Forschungsrats gew\u00fcrdigt wurden.<br \/>\nSeit Februar 2022 ist Pamela Mitglied des Pr\u00e4sidiums der Universit\u00e4t Maastricht und bekleidet die Funktion des Rector Magnificus. In dieser Funktion hat sie neun Neben\u00e4mter inne, vom Mitglied des Empfehlungsausschusses des Niederl\u00e4ndischen Studentenorchesters bis zum Vorsitzenden des Beirats f\u00fcr studentisches Wohlergehen. Dar\u00fcber hinaus \u00fcbt sie sechs weitere Neben\u00e4mter aus, darunter die Mitgliedschaft in verschiedenen Redaktionsaussch\u00fcssen von Fachzeitschriften im Bereich Biomaterialien und regenerative Medizin.<\/p>\n<p>Die beiden anderen Finalisten:<\/p>\n<p><strong>Vera Steuer<\/strong><\/p>\n<p>Vera Tax ist seit 2019 Mitglied des Europ\u00e4ischen Parlaments in Br\u00fcssel. Dort vertritt sie die Ansichten der Arbeiterpartei, insbesondere zu den Themen: Bedeutung der Region, Nachhaltigkeit, Verkehr und (Chancen-)Gleichheit.<br \/>\nVera war zuvor in der Kommunalpolitik in Venlo aktiv, unter anderem als Fraktionsvorsitzende der Labour Party, Stadtr\u00e4tin und Stadtr\u00e4tin f\u00fcr Soziales und Jugendpflege. Ein Ressort, das sie dazu inspirierte, nach ihrer Amtszeit als Stadtr\u00e4tin in den Jahren 2018 bis 2019 die Leitung der Jugendpflege bei BOEI-Limburg zu \u00fcbernehmen.<br \/>\nIm Einklang mit ihrem Hintergrund und ihrem Engagement in den Bereichen Kultur und Soziales<br \/>\nEntwicklungen, gr\u00fcndete Vera im Jahr 2010 das Frauennetzwerk Sablones und organisierte 2019 den Pink Saturday in Venlo. Derzeit ist sie au\u00dferdem Pr\u00e4sidentin der K\u00f6niglichen Philharmonischen Gesellschaft Venlo.<\/p>\n<p><strong>Nele Valkeneers<\/strong><\/p>\n<p>Nele Valkeneers ist Miteigent\u00fcmerin der Medizintechnikunternehmen 2BMedical und ArchiMEDes in Maastricht. In dieser Funktion ist sie haupts\u00e4chlich f\u00fcr die Gesch\u00e4ftsentwicklung, kommerzielle Kontakte und Marketing zust\u00e4ndig. Au\u00dferdem arbeitet sie als Beraterin f\u00fcr externe Zusammenarbeit f\u00fcr das Verteidigungsministerium, wo sie das Innovationszentrum des Landtechnologiezentrums der Armee leitet. Seit kurzem ist Nele Vorsitzende des Medienrats L1.<br \/>\nNele hat au\u00dferdem eine Reihe von Neben\u00e4mtern inne: Sie ist Mitglied des Regionalrats S\u00fcd der Handelskammer, Vorstandsmitglied des Brightlands Business Club und der Stichting Stilgezet sowie aktives Mitglied einer Organisation, die Kinder in Peru im Bereich der Bildung unterst\u00fctzt.<br \/>\n<img fetchpriority=\"high\" decoding=\"async\" class=\"alignnone wp-image-21006 size-full\" src=\"https:\/\/www.ondernemendvenlo.nl\/wp-content\/uploads\/2025\/04\/genominieerden-Topvrouw-2023.png\" alt=\"\" width=\"1119\" height=\"366\" \/><\/p>\n<p>An diesem Abend im Van der Valk Hotel Venlo werden die <strong>Weibliches Nachwuchstalent Limburg<\/strong> Auszeichnung. Die Kriterien f\u00fcr dieses Nachwuchstalent sind, dass es einen Bezug zu Limburg hat, unverwechselbar ist und zwischen 21 und 28 Jahre alt ist. Als junges weibliches Talent wurde Limburg ausgew\u00e4hlt: <strong>Kelly Engelen<\/strong>. Die anderen Finalisten waren Britt Mooren und Laura Nieboer.<\/p>\n<p>&nbsp;<\/p>\n<p>Fotografie: Die Frau des Fotografen<\/p>","protected":false},"excerpt":{"rendered":"<p>Op 2 november werd tijdens een inspirerende avond Pamela Habibovic door de jury uitgeroepen tot Topvrouw Limburg 2023. Pamela Habibovi\u0107 Pamela Habibovi\u0107 is hoogleraar Anorganische Biomaterialen aan de Universiteit Maastricht. De focus van het onderzoek dat zij in dit kader verricht, ligt met name op het gebied van biomaterialen en regeneratieve geneeskunde. Inspanningen die onder [&hellip;]<\/p>","protected":false},"author":1,"featured_media":2996,"comment_status":"closed","ping_status":"open","sticky":false,"template":"","format":"standard","meta":{"_acf_changed":false,"footnotes":""},"categories":[8],"tags":[],"class_list":["post-2995","post","type-post","status-publish","format-standard","has-post-thumbnail","hentry","category-nieuws"],"acf":[],"yoast_head":"<!-- This site is optimized with the Yoast SEO plugin v26.3 - https:\/\/yoast.com\/wordpress\/plugins\/seo\/ -->\n<title>Topvrouw Limburg 2023 - Ondernemend Venlo<\/title>\n<meta name=\"robots\" content=\"index, follow, max-snippet:-1, max-image-preview:large, max-video-preview:-1\" \/>\n<link rel=\"canonical\" href=\"https:\/\/www.ondernemendvenlo.nl\/de\/topvrouw-limburg-2023\/\" \/>\n<meta property=\"og:locale\" content=\"de_DE\" \/>\n<meta property=\"og:type\" content=\"article\" \/>\n<meta property=\"og:title\" content=\"Topvrouw Limburg 2023 - Ondernemend Venlo\" \/>\n<meta property=\"og:description\" content=\"Op 2 november werd tijdens een inspirerende avond Pamela Habibovic door de jury uitgeroepen tot Topvrouw Limburg 2023. Pamela Habibovi\u0107 Pamela Habibovi\u0107 is hoogleraar Anorganische Biomaterialen aan de Universiteit Maastricht. De focus van het onderzoek dat zij in dit kader verricht, ligt met name op het gebied van biomaterialen en regeneratieve geneeskunde. Inspanningen die onder [&hellip;]\" \/>\n<meta property=\"og:url\" content=\"https:\/\/www.ondernemendvenlo.nl\/de\/topvrouw-limburg-2023\/\" \/>\n<meta property=\"og:site_name\" content=\"Ondernemend Venlo\" \/>\n<meta property=\"article:published_time\" content=\"2023-11-06T11:31:46+00:00\" \/>\n<meta property=\"og:image\" content=\"https:\/\/www.ondernemendvenlo.nl\/wp-content\/uploads\/2025\/04\/genominieerden-Topvrouw-2023.png\" \/>\n\t<meta property=\"og:image:width\" content=\"1119\" \/>\n\t<meta property=\"og:image:height\" content=\"366\" \/>\n\t<meta property=\"og:image:type\" content=\"image\/png\" \/>\n<meta name=\"author\" content=\"admin\" \/>\n<meta name=\"twitter:card\" content=\"summary_large_image\" \/>\n<meta name=\"twitter:label1\" content=\"Verfasst von\" \/>\n\t<meta name=\"twitter:data1\" content=\"admin\" \/>\n\t<meta name=\"twitter:label2\" content=\"Gesch\u00e4tzte Lesezeit\" \/>\n\t<meta name=\"twitter:data2\" content=\"2\u00a0Minuten\" \/>\n<script type=\"application\/ld+json\" class=\"yoast-schema-graph\">{\"@context\":\"https:\/\/schema.org\",\"@graph\":[{\"@type\":\"Article\",\"@id\":\"https:\/\/www.ondernemendvenlo.nl\/topvrouw-limburg-2023\/#article\",\"isPartOf\":{\"@id\":\"https:\/\/www.ondernemendvenlo.nl\/topvrouw-limburg-2023\/\"},\"author\":{\"name\":\"admin\",\"@id\":\"https:\/\/www.ondernemendvenlo.nl\/#\/schema\/person\/347e935f8ad4c7030608ef74bb57aa6e\"},\"headline\":\"Topvrouw Limburg 2023\",\"datePublished\":\"2023-11-06T11:31:46+00:00\",\"mainEntityOfPage\":{\"@id\":\"https:\/\/www.ondernemendvenlo.nl\/topvrouw-limburg-2023\/\"},\"wordCount\":457,\"publisher\":{\"@id\":\"https:\/\/www.ondernemendvenlo.nl\/#organization\"},\"image\":{\"@id\":\"https:\/\/www.ondernemendvenlo.nl\/topvrouw-limburg-2023\/#primaryimage\"},\"thumbnailUrl\":\"https:\/\/www.ondernemendvenlo.nl\/wp-content\/uploads\/2025\/04\/genominieerden-Topvrouw-2023.png\",\"articleSection\":[\"Nieuws\"],\"inLanguage\":\"de\"},{\"@type\":\"WebPage\",\"@id\":\"https:\/\/www.ondernemendvenlo.nl\/topvrouw-limburg-2023\/\",\"url\":\"https:\/\/www.ondernemendvenlo.nl\/topvrouw-limburg-2023\/\",\"name\":\"Topvrouw Limburg 2023 - Ondernemend Venlo\",\"isPartOf\":{\"@id\":\"https:\/\/www.ondernemendvenlo.nl\/#website\"},\"primaryImageOfPage\":{\"@id\":\"https:\/\/www.ondernemendvenlo.nl\/topvrouw-limburg-2023\/#primaryimage\"},\"image\":{\"@id\":\"https:\/\/www.ondernemendvenlo.nl\/topvrouw-limburg-2023\/#primaryimage\"},\"thumbnailUrl\":\"https:\/\/www.ondernemendvenlo.nl\/wp-content\/uploads\/2025\/04\/genominieerden-Topvrouw-2023.png\",\"datePublished\":\"2023-11-06T11:31:46+00:00\",\"breadcrumb\":{\"@id\":\"https:\/\/www.ondernemendvenlo.nl\/topvrouw-limburg-2023\/#breadcrumb\"},\"inLanguage\":\"de\",\"potentialAction\":[{\"@type\":\"ReadAction\",\"target\":[\"https:\/\/www.ondernemendvenlo.nl\/topvrouw-limburg-2023\/\"]}]},{\"@type\":\"ImageObject\",\"inLanguage\":\"de\",\"@id\":\"https:\/\/www.ondernemendvenlo.nl\/topvrouw-limburg-2023\/#primaryimage\",\"url\":\"https:\/\/www.ondernemendvenlo.nl\/wp-content\/uploads\/2025\/04\/genominieerden-Topvrouw-2023.png\",\"contentUrl\":\"https:\/\/www.ondernemendvenlo.nl\/wp-content\/uploads\/2025\/04\/genominieerden-Topvrouw-2023.png\",\"width\":1119,\"height\":366},{\"@type\":\"BreadcrumbList\",\"@id\":\"https:\/\/www.ondernemendvenlo.nl\/topvrouw-limburg-2023\/#breadcrumb\",\"itemListElement\":[{\"@type\":\"ListItem\",\"position\":1,\"name\":\"Ondernemend Venlo\",\"item\":\"https:\/\/www.ondernemendvenlo.nl\/\"},{\"@type\":\"ListItem\",\"position\":2,\"name\":\"Nieuws\",\"item\":\"https:\/\/www.ondernemendvenlo.nl\/categorie\/nieuws\/\"},{\"@type\":\"ListItem\",\"position\":3,\"name\":\"Topvrouw Limburg 2023\"}]},{\"@type\":\"WebSite\",\"@id\":\"https:\/\/www.ondernemendvenlo.nl\/#website\",\"url\":\"https:\/\/www.ondernemendvenlo.nl\/\",\"name\":\"Ondernemend Venlo\",\"description\":\"Samen succesvol ondernemen\",\"publisher\":{\"@id\":\"https:\/\/www.ondernemendvenlo.nl\/#organization\"},\"potentialAction\":[{\"@type\":\"SearchAction\",\"target\":{\"@type\":\"EntryPoint\",\"urlTemplate\":\"https:\/\/www.ondernemendvenlo.nl\/?s={search_term_string}\"},\"query-input\":{\"@type\":\"PropertyValueSpecification\",\"valueRequired\":true,\"valueName\":\"search_term_string\"}}],\"inLanguage\":\"de\"},{\"@type\":\"Organization\",\"@id\":\"https:\/\/www.ondernemendvenlo.nl\/#organization\",\"name\":\"Ondernemend Venlo\",\"url\":\"https:\/\/www.ondernemendvenlo.nl\/\",\"logo\":{\"@type\":\"ImageObject\",\"inLanguage\":\"de\",\"@id\":\"https:\/\/www.ondernemendvenlo.nl\/#\/schema\/logo\/image\/\",\"url\":\"https:\/\/www.ondernemendvenlo.nl\/wp-content\/uploads\/2025\/02\/Ondernemend-Venlo-logo-scaled.webp\",\"contentUrl\":\"https:\/\/www.ondernemendvenlo.nl\/wp-content\/uploads\/2025\/02\/Ondernemend-Venlo-logo-scaled.webp\",\"width\":2560,\"height\":1010,\"caption\":\"Ondernemend Venlo\"},\"image\":{\"@id\":\"https:\/\/www.ondernemendvenlo.nl\/#\/schema\/logo\/image\/\"},\"sameAs\":[\"https:\/\/www.linkedin.com\/company\/ondernemend-venlo\/\"]},{\"@type\":\"Person\",\"@id\":\"https:\/\/www.ondernemendvenlo.nl\/#\/schema\/person\/347e935f8ad4c7030608ef74bb57aa6e\",\"name\":\"admin\",\"image\":{\"@type\":\"ImageObject\",\"inLanguage\":\"de\",\"@id\":\"https:\/\/www.ondernemendvenlo.nl\/#\/schema\/person\/image\/\",\"url\":\"https:\/\/www.ondernemendvenlo.nl\/wp-content\/litespeed\/avatar\/720af750b037aecf6e33e12833479059.jpg?ver=1777382954\",\"contentUrl\":\"https:\/\/www.ondernemendvenlo.nl\/wp-content\/litespeed\/avatar\/720af750b037aecf6e33e12833479059.jpg?ver=1777382954\",\"caption\":\"admin\"},\"sameAs\":[\"https:\/\/www.ondernemendvenlo.nl\"]}]}<\/script>\n<!-- \/ Yoast SEO plugin. -->","yoast_head_json":{"title":"Topvrouw Limburg 2023 - Ondernemend Venlo","robots":{"index":"index","follow":"follow","max-snippet":"max-snippet:-1","max-image-preview":"max-image-preview:large","max-video-preview":"max-video-preview:-1"},"canonical":"https:\/\/www.ondernemendvenlo.nl\/de\/topvrouw-limburg-2023\/","og_locale":"de_DE","og_type":"article","og_title":"Topvrouw Limburg 2023 - Ondernemend Venlo","og_description":"Op 2 november werd tijdens een inspirerende avond Pamela Habibovic door de jury uitgeroepen tot Topvrouw Limburg 2023. Pamela Habibovi\u0107 Pamela Habibovi\u0107 is hoogleraar Anorganische Biomaterialen aan de Universiteit Maastricht. De focus van het onderzoek dat zij in dit kader verricht, ligt met name op het gebied van biomaterialen en regeneratieve geneeskunde. Inspanningen die onder [&hellip;]","og_url":"https:\/\/www.ondernemendvenlo.nl\/de\/topvrouw-limburg-2023\/","og_site_name":"Ondernemend Venlo","article_published_time":"2023-11-06T11:31:46+00:00","og_image":[{"width":1119,"height":366,"url":"https:\/\/www.ondernemendvenlo.nl\/wp-content\/uploads\/2025\/04\/genominieerden-Topvrouw-2023.png","type":"image\/png"}],"author":"admin","twitter_card":"summary_large_image","twitter_misc":{"Verfasst von":"admin","Gesch\u00e4tzte Lesezeit":"2\u00a0Minuten"},"schema":{"@context":"https:\/\/schema.org","@graph":[{"@type":"Article","@id":"https:\/\/www.ondernemendvenlo.nl\/topvrouw-limburg-2023\/#article","isPartOf":{"@id":"https:\/\/www.ondernemendvenlo.nl\/topvrouw-limburg-2023\/"},"author":{"name":"admin","@id":"https:\/\/www.ondernemendvenlo.nl\/#\/schema\/person\/347e935f8ad4c7030608ef74bb57aa6e"},"headline":"Topvrouw Limburg 2023","datePublished":"2023-11-06T11:31:46+00:00","mainEntityOfPage":{"@id":"https:\/\/www.ondernemendvenlo.nl\/topvrouw-limburg-2023\/"},"wordCount":457,"publisher":{"@id":"https:\/\/www.ondernemendvenlo.nl\/#organization"},"image":{"@id":"https:\/\/www.ondernemendvenlo.nl\/topvrouw-limburg-2023\/#primaryimage"},"thumbnailUrl":"https:\/\/www.ondernemendvenlo.nl\/wp-content\/uploads\/2025\/04\/genominieerden-Topvrouw-2023.png","articleSection":["Nieuws"],"inLanguage":"de"},{"@type":"WebPage","@id":"https:\/\/www.ondernemendvenlo.nl\/topvrouw-limburg-2023\/","url":"https:\/\/www.ondernemendvenlo.nl\/topvrouw-limburg-2023\/","name":"Topvrouw Limburg 2023 - Ondernemend Venlo","isPartOf":{"@id":"https:\/\/www.ondernemendvenlo.nl\/#website"},"primaryImageOfPage":{"@id":"https:\/\/www.ondernemendvenlo.nl\/topvrouw-limburg-2023\/#primaryimage"},"image":{"@id":"https:\/\/www.ondernemendvenlo.nl\/topvrouw-limburg-2023\/#primaryimage"},"thumbnailUrl":"https:\/\/www.ondernemendvenlo.nl\/wp-content\/uploads\/2025\/04\/genominieerden-Topvrouw-2023.png","datePublished":"2023-11-06T11:31:46+00:00","breadcrumb":{"@id":"https:\/\/www.ondernemendvenlo.nl\/topvrouw-limburg-2023\/#breadcrumb"},"inLanguage":"de","potentialAction":[{"@type":"ReadAction","target":["https:\/\/www.ondernemendvenlo.nl\/topvrouw-limburg-2023\/"]}]},{"@type":"ImageObject","inLanguage":"de","@id":"https:\/\/www.ondernemendvenlo.nl\/topvrouw-limburg-2023\/#primaryimage","url":"https:\/\/www.ondernemendvenlo.nl\/wp-content\/uploads\/2025\/04\/genominieerden-Topvrouw-2023.png","contentUrl":"https:\/\/www.ondernemendvenlo.nl\/wp-content\/uploads\/2025\/04\/genominieerden-Topvrouw-2023.png","width":1119,"height":366},{"@type":"BreadcrumbList","@id":"https:\/\/www.ondernemendvenlo.nl\/topvrouw-limburg-2023\/#breadcrumb","itemListElement":[{"@type":"ListItem","position":1,"name":"Ondernemend Venlo","item":"https:\/\/www.ondernemendvenlo.nl\/"},{"@type":"ListItem","position":2,"name":"Nieuws","item":"https:\/\/www.ondernemendvenlo.nl\/categorie\/nieuws\/"},{"@type":"ListItem","position":3,"name":"Topvrouw Limburg 2023"}]},{"@type":"WebSite","@id":"https:\/\/www.ondernemendvenlo.nl\/#website","url":"https:\/\/www.ondernemendvenlo.nl\/","name":"Unternehmerisches Venlo","description":"Samen succesvol ondernemen","publisher":{"@id":"https:\/\/www.ondernemendvenlo.nl\/#organization"},"potentialAction":[{"@type":"SearchAction","target":{"@type":"EntryPoint","urlTemplate":"https:\/\/www.ondernemendvenlo.nl\/?s={search_term_string}"},"query-input":{"@type":"PropertyValueSpecification","valueRequired":true,"valueName":"search_term_string"}}],"inLanguage":"de"},{"@type":"Organization","@id":"https:\/\/www.ondernemendvenlo.nl\/#organization","name":"Unternehmerisches Venlo","url":"https:\/\/www.ondernemendvenlo.nl\/","logo":{"@type":"ImageObject","inLanguage":"de","@id":"https:\/\/www.ondernemendvenlo.nl\/#\/schema\/logo\/image\/","url":"https:\/\/www.ondernemendvenlo.nl\/wp-content\/uploads\/2025\/02\/Ondernemend-Venlo-logo-scaled.webp","contentUrl":"https:\/\/www.ondernemendvenlo.nl\/wp-content\/uploads\/2025\/02\/Ondernemend-Venlo-logo-scaled.webp","width":2560,"height":1010,"caption":"Ondernemend Venlo"},"image":{"@id":"https:\/\/www.ondernemendvenlo.nl\/#\/schema\/logo\/image\/"},"sameAs":["https:\/\/www.linkedin.com\/company\/ondernemend-venlo\/"]},{"@type":"Person","@id":"https:\/\/www.ondernemendvenlo.nl\/#\/schema\/person\/347e935f8ad4c7030608ef74bb57aa6e","name":"admin","image":{"@type":"ImageObject","inLanguage":"de","@id":"https:\/\/www.ondernemendvenlo.nl\/#\/schema\/person\/image\/","url":"https:\/\/www.ondernemendvenlo.nl\/wp-content\/litespeed\/avatar\/720af750b037aecf6e33e12833479059.jpg?ver=1777382954","contentUrl":"https:\/\/www.ondernemendvenlo.nl\/wp-content\/litespeed\/avatar\/720af750b037aecf6e33e12833479059.jpg?ver=1777382954","caption":"admin"},"sameAs":["https:\/\/www.ondernemendvenlo.nl"]}]}},"_links":{"self":[{"href":"https:\/\/www.ondernemendvenlo.nl\/de\/wp-json\/wp\/v2\/posts\/2995","targetHints":{"allow":["GET"]}}],"collection":[{"href":"https:\/\/www.ondernemendvenlo.nl\/de\/wp-json\/wp\/v2\/posts"}],"about":[{"href":"https:\/\/www.ondernemendvenlo.nl\/de\/wp-json\/wp\/v2\/types\/post"}],"author":[{"embeddable":true,"href":"https:\/\/www.ondernemendvenlo.nl\/de\/wp-json\/wp\/v2\/users\/1"}],"replies":[{"embeddable":true,"href":"https:\/\/www.ondernemendvenlo.nl\/de\/wp-json\/wp\/v2\/comments?post=2995"}],"version-history":[{"count":0,"href":"https:\/\/www.ondernemendvenlo.nl\/de\/wp-json\/wp\/v2\/posts\/2995\/revisions"}],"wp:featuredmedia":[{"embeddable":true,"href":"https:\/\/www.ondernemendvenlo.nl\/de\/wp-json\/wp\/v2\/media\/2996"}],"wp:attachment":[{"href":"https:\/\/www.ondernemendvenlo.nl\/de\/wp-json\/wp\/v2\/media?parent=2995"}],"wp:term":[{"taxonomy":"category","embeddable":true,"href":"https:\/\/www.ondernemendvenlo.nl\/de\/wp-json\/wp\/v2\/categories?post=2995"},{"taxonomy":"post_tag","embeddable":true,"href":"https:\/\/www.ondernemendvenlo.nl\/de\/wp-json\/wp\/v2\/tags?post=2995"}],"curies":[{"name":"wp","href":"https:\/\/api.w.org\/{rel}","templated":true}]}}