{"id":3129,"date":"2024-05-14T14:01:14","date_gmt":"2024-05-14T12:01:14","guid":{"rendered":"https:\/\/www.ondernemendvenlo.nl\/15-juni-trots-op-belfeld-dag-2024\/"},"modified":"2024-05-14T14:01:14","modified_gmt":"2024-05-14T12:01:14","slug":"15-juni-trots-op-belfeld-dag-2024","status":"publish","type":"post","link":"https:\/\/www.ondernemendvenlo.nl\/de\/15-juni-trots-op-belfeld-dag-2024\/","title":{"rendered":"15. Juni 'Tag des Stolzes auf Belfeld' 2024"},"content":{"rendered":"<p style=\"font-weight: 400;\"><strong>Am 15. Juni 2024 findet die zweite Auflage des \"Proud of Belfeld Day\" statt. Dabei werden zahlreiche Vereine und Unternehmen hervorgehoben und in eine Route aufgenommen, die Hunderte von Menschen aus Belfeld und Umgebung besichtigen k\u00f6nnen.<\/strong><\/p>\n<p style=\"font-weight: 400;\">Wie im Jahr 2022 bleibt das Ziel des \"Proud of Belfeld Day\" bestehen:<\/p>\n<ul>\n<li style=\"font-weight: 400;\">Mit Stolz pr\u00e4sentieren wir, was Belfeld zu bieten hat\".<\/li>\n<li style=\"font-weight: 400;\">Information und Werbung f\u00fcr die Aktivit\u00e4ten und\/oder Aufforderung zur Teilnahme\/Bewerbung.<\/li>\n<\/ul>\n<p style=\"font-weight: 400;\">An den Gewerbegebieten sind bisher folgende Unternehmen beteiligt: Kal-Fire, Garage Storm und Elmec.<br \/>\nNeben einem interaktiven Rundgang und der ELMEC-Ausstellung k\u00f6nnen sich kleine und gro\u00dfe Besucher auf einer H\u00fcpfburg und bei verschiedenen Spielen am\u00fcsieren und Belfeld-K\u00f6stlichkeiten wie Eis von Jo's Eisdiele und vieles mehr genie\u00dfen.<\/p>\n<p style=\"font-weight: 400;\">Von 11 bis 14 Uhr richtet sich das Programm an alle Vereine und Stiftungen in Belfeld.<br \/>\nVon 14:00 bis 17:00 Uhr steht das Programm allen Unternehmen und Betrieben in Belfeld offen.<\/p>\n<p style=\"font-weight: 400;\">Die Teilnahme ist kostenlos.<\/p>\n<p style=\"font-weight: 400;\">Es wird vom Dorfrat Belfeld in Zusammenarbeit mit der Stiftung Evenemente veur Belvend organisiert.<br \/>\nKlicken Sie hier f\u00fcr die Website mit dem aktuellen Programm und der Karte mit der Route: <a href=\"https:\/\/belfeld.nu\/nieuws\/kom-naar-de-trots-op-belfeld-dag\/\" data-outlook-id=\"0eea3918-fdac-4b65-9d52-854431c551a7\">https:\/\/belfeld.nu\/nieuws\/kom-naar-de-trots-op-belfeld-dag\/<\/a><\/p>","protected":false},"excerpt":{"rendered":"<p>Op 15 juni 2024 is de tweede editie &#8216;Trots op Belfeld-dag\u2019. Daarbij worden tal van verenigingen en bedrijven in het zonnetje gezet en opgenomen in een route waarlangs honderden mensen uit Belfeld en omstreken een kijkje kunnen nemen. Net als in 2022 blijft het doel van &#8216;Trots op Belfeld-dag\u2019: \u2018Met trots presenteren wat Belfeld te [&hellip;]<\/p>","protected":false},"author":1,"featured_media":3130,"comment_status":"closed","ping_status":"open","sticky":false,"template":"","format":"standard","meta":{"_acf_changed":false,"footnotes":""},"categories":[8],"tags":[],"class_list":["post-3129","post","type-post","status-publish","format-standard","has-post-thumbnail","hentry","category-nieuws"],"acf":[],"yoast_head":"<!-- This site is optimized with the Yoast SEO plugin v26.3 - https:\/\/yoast.com\/wordpress\/plugins\/seo\/ -->\n<title>15 Juni &#039;Trots op Belfeld-dag&#039; 2024 - Ondernemend Venlo<\/title>\n<meta name=\"robots\" content=\"index, follow, max-snippet:-1, max-image-preview:large, max-video-preview:-1\" \/>\n<link rel=\"canonical\" href=\"https:\/\/www.ondernemendvenlo.nl\/de\/15-juni-trots-op-belfeld-dag-2024\/\" \/>\n<meta property=\"og:locale\" content=\"de_DE\" \/>\n<meta property=\"og:type\" content=\"article\" \/>\n<meta property=\"og:title\" content=\"15 Juni &#039;Trots op Belfeld-dag&#039; 2024 - Ondernemend Venlo\" \/>\n<meta property=\"og:description\" content=\"Op 15 juni 2024 is de tweede editie &#8216;Trots op Belfeld-dag\u2019. Daarbij worden tal van verenigingen en bedrijven in het zonnetje gezet en opgenomen in een route waarlangs honderden mensen uit Belfeld en omstreken een kijkje kunnen nemen. Net als in 2022 blijft het doel van &#8216;Trots op Belfeld-dag\u2019: \u2018Met trots presenteren wat Belfeld te [&hellip;]\" \/>\n<meta property=\"og:url\" content=\"https:\/\/www.ondernemendvenlo.nl\/de\/15-juni-trots-op-belfeld-dag-2024\/\" \/>\n<meta property=\"og:site_name\" content=\"Ondernemend Venlo\" \/>\n<meta property=\"article:published_time\" content=\"2024-05-14T12:01:14+00:00\" \/>\n<meta property=\"og:image\" content=\"https:\/\/www.ondernemendvenlo.nl\/wp-content\/uploads\/2025\/04\/trots-op-belfeld-dag.jpg\" \/>\n\t<meta property=\"og:image:width\" content=\"1920\" \/>\n\t<meta property=\"og:image:height\" content=\"1080\" \/>\n\t<meta property=\"og:image:type\" content=\"image\/jpeg\" \/>\n<meta name=\"author\" content=\"admin\" \/>\n<meta name=\"twitter:card\" content=\"summary_large_image\" \/>\n<meta name=\"twitter:label1\" content=\"Verfasst von\" \/>\n\t<meta name=\"twitter:data1\" content=\"admin\" \/>\n\t<meta name=\"twitter:label2\" content=\"Gesch\u00e4tzte Lesezeit\" \/>\n\t<meta name=\"twitter:data2\" content=\"1\u00a0Minute\" \/>\n<script type=\"application\/ld+json\" class=\"yoast-schema-graph\">{\"@context\":\"https:\/\/schema.org\",\"@graph\":[{\"@type\":\"Article\",\"@id\":\"https:\/\/www.ondernemendvenlo.nl\/15-juni-trots-op-belfeld-dag-2024\/#article\",\"isPartOf\":{\"@id\":\"https:\/\/www.ondernemendvenlo.nl\/15-juni-trots-op-belfeld-dag-2024\/\"},\"author\":{\"name\":\"admin\",\"@id\":\"https:\/\/www.ondernemendvenlo.nl\/#\/schema\/person\/347e935f8ad4c7030608ef74bb57aa6e\"},\"headline\":\"15 Juni &#8216;Trots op Belfeld-dag&#8217; 2024\",\"datePublished\":\"2024-05-14T12:01:14+00:00\",\"mainEntityOfPage\":{\"@id\":\"https:\/\/www.ondernemendvenlo.nl\/15-juni-trots-op-belfeld-dag-2024\/\"},\"wordCount\":190,\"publisher\":{\"@id\":\"https:\/\/www.ondernemendvenlo.nl\/#organization\"},\"image\":{\"@id\":\"https:\/\/www.ondernemendvenlo.nl\/15-juni-trots-op-belfeld-dag-2024\/#primaryimage\"},\"thumbnailUrl\":\"https:\/\/www.ondernemendvenlo.nl\/wp-content\/uploads\/2025\/04\/trots-op-belfeld-dag.jpg\",\"articleSection\":[\"Nieuws\"],\"inLanguage\":\"de\"},{\"@type\":\"WebPage\",\"@id\":\"https:\/\/www.ondernemendvenlo.nl\/15-juni-trots-op-belfeld-dag-2024\/\",\"url\":\"https:\/\/www.ondernemendvenlo.nl\/15-juni-trots-op-belfeld-dag-2024\/\",\"name\":\"15 Juni 'Trots op Belfeld-dag' 2024 - Ondernemend Venlo\",\"isPartOf\":{\"@id\":\"https:\/\/www.ondernemendvenlo.nl\/#website\"},\"primaryImageOfPage\":{\"@id\":\"https:\/\/www.ondernemendvenlo.nl\/15-juni-trots-op-belfeld-dag-2024\/#primaryimage\"},\"image\":{\"@id\":\"https:\/\/www.ondernemendvenlo.nl\/15-juni-trots-op-belfeld-dag-2024\/#primaryimage\"},\"thumbnailUrl\":\"https:\/\/www.ondernemendvenlo.nl\/wp-content\/uploads\/2025\/04\/trots-op-belfeld-dag.jpg\",\"datePublished\":\"2024-05-14T12:01:14+00:00\",\"breadcrumb\":{\"@id\":\"https:\/\/www.ondernemendvenlo.nl\/15-juni-trots-op-belfeld-dag-2024\/#breadcrumb\"},\"inLanguage\":\"de\",\"potentialAction\":[{\"@type\":\"ReadAction\",\"target\":[\"https:\/\/www.ondernemendvenlo.nl\/15-juni-trots-op-belfeld-dag-2024\/\"]}]},{\"@type\":\"ImageObject\",\"inLanguage\":\"de\",\"@id\":\"https:\/\/www.ondernemendvenlo.nl\/15-juni-trots-op-belfeld-dag-2024\/#primaryimage\",\"url\":\"https:\/\/www.ondernemendvenlo.nl\/wp-content\/uploads\/2025\/04\/trots-op-belfeld-dag.jpg\",\"contentUrl\":\"https:\/\/www.ondernemendvenlo.nl\/wp-content\/uploads\/2025\/04\/trots-op-belfeld-dag.jpg\",\"width\":1920,\"height\":1080},{\"@type\":\"BreadcrumbList\",\"@id\":\"https:\/\/www.ondernemendvenlo.nl\/15-juni-trots-op-belfeld-dag-2024\/#breadcrumb\",\"itemListElement\":[{\"@type\":\"ListItem\",\"position\":1,\"name\":\"Ondernemend Venlo\",\"item\":\"https:\/\/www.ondernemendvenlo.nl\/\"},{\"@type\":\"ListItem\",\"position\":2,\"name\":\"Nieuws\",\"item\":\"https:\/\/www.ondernemendvenlo.nl\/categorie\/nieuws\/\"},{\"@type\":\"ListItem\",\"position\":3,\"name\":\"15 Juni &#8216;Trots op Belfeld-dag&#8217; 2024\"}]},{\"@type\":\"WebSite\",\"@id\":\"https:\/\/www.ondernemendvenlo.nl\/#website\",\"url\":\"https:\/\/www.ondernemendvenlo.nl\/\",\"name\":\"Ondernemend Venlo\",\"description\":\"Samen succesvol ondernemen\",\"publisher\":{\"@id\":\"https:\/\/www.ondernemendvenlo.nl\/#organization\"},\"potentialAction\":[{\"@type\":\"SearchAction\",\"target\":{\"@type\":\"EntryPoint\",\"urlTemplate\":\"https:\/\/www.ondernemendvenlo.nl\/?s={search_term_string}\"},\"query-input\":{\"@type\":\"PropertyValueSpecification\",\"valueRequired\":true,\"valueName\":\"search_term_string\"}}],\"inLanguage\":\"de\"},{\"@type\":\"Organization\",\"@id\":\"https:\/\/www.ondernemendvenlo.nl\/#organization\",\"name\":\"Ondernemend Venlo\",\"url\":\"https:\/\/www.ondernemendvenlo.nl\/\",\"logo\":{\"@type\":\"ImageObject\",\"inLanguage\":\"de\",\"@id\":\"https:\/\/www.ondernemendvenlo.nl\/#\/schema\/logo\/image\/\",\"url\":\"https:\/\/www.ondernemendvenlo.nl\/wp-content\/uploads\/2025\/02\/Ondernemend-Venlo-logo-scaled.webp\",\"contentUrl\":\"https:\/\/www.ondernemendvenlo.nl\/wp-content\/uploads\/2025\/02\/Ondernemend-Venlo-logo-scaled.webp\",\"width\":2560,\"height\":1010,\"caption\":\"Ondernemend Venlo\"},\"image\":{\"@id\":\"https:\/\/www.ondernemendvenlo.nl\/#\/schema\/logo\/image\/\"},\"sameAs\":[\"https:\/\/www.linkedin.com\/company\/ondernemend-venlo\/\"]},{\"@type\":\"Person\",\"@id\":\"https:\/\/www.ondernemendvenlo.nl\/#\/schema\/person\/347e935f8ad4c7030608ef74bb57aa6e\",\"name\":\"admin\",\"image\":{\"@type\":\"ImageObject\",\"inLanguage\":\"de\",\"@id\":\"https:\/\/www.ondernemendvenlo.nl\/#\/schema\/person\/image\/\",\"url\":\"https:\/\/www.ondernemendvenlo.nl\/wp-content\/litespeed\/avatar\/720af750b037aecf6e33e12833479059.jpg?ver=1777382954\",\"contentUrl\":\"https:\/\/www.ondernemendvenlo.nl\/wp-content\/litespeed\/avatar\/720af750b037aecf6e33e12833479059.jpg?ver=1777382954\",\"caption\":\"admin\"},\"sameAs\":[\"https:\/\/www.ondernemendvenlo.nl\"]}]}<\/script>\n<!-- \/ Yoast SEO plugin. -->","yoast_head_json":{"title":"15 Juni 'Trots op Belfeld-dag' 2024 - Ondernemend Venlo","robots":{"index":"index","follow":"follow","max-snippet":"max-snippet:-1","max-image-preview":"max-image-preview:large","max-video-preview":"max-video-preview:-1"},"canonical":"https:\/\/www.ondernemendvenlo.nl\/de\/15-juni-trots-op-belfeld-dag-2024\/","og_locale":"de_DE","og_type":"article","og_title":"15 Juni 'Trots op Belfeld-dag' 2024 - Ondernemend Venlo","og_description":"Op 15 juni 2024 is de tweede editie &#8216;Trots op Belfeld-dag\u2019. Daarbij worden tal van verenigingen en bedrijven in het zonnetje gezet en opgenomen in een route waarlangs honderden mensen uit Belfeld en omstreken een kijkje kunnen nemen. Net als in 2022 blijft het doel van &#8216;Trots op Belfeld-dag\u2019: \u2018Met trots presenteren wat Belfeld te [&hellip;]","og_url":"https:\/\/www.ondernemendvenlo.nl\/de\/15-juni-trots-op-belfeld-dag-2024\/","og_site_name":"Ondernemend Venlo","article_published_time":"2024-05-14T12:01:14+00:00","og_image":[{"width":1920,"height":1080,"url":"https:\/\/www.ondernemendvenlo.nl\/wp-content\/uploads\/2025\/04\/trots-op-belfeld-dag.jpg","type":"image\/jpeg"}],"author":"admin","twitter_card":"summary_large_image","twitter_misc":{"Verfasst von":"admin","Gesch\u00e4tzte Lesezeit":"1\u00a0Minute"},"schema":{"@context":"https:\/\/schema.org","@graph":[{"@type":"Article","@id":"https:\/\/www.ondernemendvenlo.nl\/15-juni-trots-op-belfeld-dag-2024\/#article","isPartOf":{"@id":"https:\/\/www.ondernemendvenlo.nl\/15-juni-trots-op-belfeld-dag-2024\/"},"author":{"name":"admin","@id":"https:\/\/www.ondernemendvenlo.nl\/#\/schema\/person\/347e935f8ad4c7030608ef74bb57aa6e"},"headline":"15 Juni &#8216;Trots op Belfeld-dag&#8217; 2024","datePublished":"2024-05-14T12:01:14+00:00","mainEntityOfPage":{"@id":"https:\/\/www.ondernemendvenlo.nl\/15-juni-trots-op-belfeld-dag-2024\/"},"wordCount":190,"publisher":{"@id":"https:\/\/www.ondernemendvenlo.nl\/#organization"},"image":{"@id":"https:\/\/www.ondernemendvenlo.nl\/15-juni-trots-op-belfeld-dag-2024\/#primaryimage"},"thumbnailUrl":"https:\/\/www.ondernemendvenlo.nl\/wp-content\/uploads\/2025\/04\/trots-op-belfeld-dag.jpg","articleSection":["Nieuws"],"inLanguage":"de"},{"@type":"WebPage","@id":"https:\/\/www.ondernemendvenlo.nl\/15-juni-trots-op-belfeld-dag-2024\/","url":"https:\/\/www.ondernemendvenlo.nl\/15-juni-trots-op-belfeld-dag-2024\/","name":"15 Juni 'Trots op Belfeld-dag' 2024 - Ondernemend Venlo","isPartOf":{"@id":"https:\/\/www.ondernemendvenlo.nl\/#website"},"primaryImageOfPage":{"@id":"https:\/\/www.ondernemendvenlo.nl\/15-juni-trots-op-belfeld-dag-2024\/#primaryimage"},"image":{"@id":"https:\/\/www.ondernemendvenlo.nl\/15-juni-trots-op-belfeld-dag-2024\/#primaryimage"},"thumbnailUrl":"https:\/\/www.ondernemendvenlo.nl\/wp-content\/uploads\/2025\/04\/trots-op-belfeld-dag.jpg","datePublished":"2024-05-14T12:01:14+00:00","breadcrumb":{"@id":"https:\/\/www.ondernemendvenlo.nl\/15-juni-trots-op-belfeld-dag-2024\/#breadcrumb"},"inLanguage":"de","potentialAction":[{"@type":"ReadAction","target":["https:\/\/www.ondernemendvenlo.nl\/15-juni-trots-op-belfeld-dag-2024\/"]}]},{"@type":"ImageObject","inLanguage":"de","@id":"https:\/\/www.ondernemendvenlo.nl\/15-juni-trots-op-belfeld-dag-2024\/#primaryimage","url":"https:\/\/www.ondernemendvenlo.nl\/wp-content\/uploads\/2025\/04\/trots-op-belfeld-dag.jpg","contentUrl":"https:\/\/www.ondernemendvenlo.nl\/wp-content\/uploads\/2025\/04\/trots-op-belfeld-dag.jpg","width":1920,"height":1080},{"@type":"BreadcrumbList","@id":"https:\/\/www.ondernemendvenlo.nl\/15-juni-trots-op-belfeld-dag-2024\/#breadcrumb","itemListElement":[{"@type":"ListItem","position":1,"name":"Ondernemend Venlo","item":"https:\/\/www.ondernemendvenlo.nl\/"},{"@type":"ListItem","position":2,"name":"Nieuws","item":"https:\/\/www.ondernemendvenlo.nl\/categorie\/nieuws\/"},{"@type":"ListItem","position":3,"name":"15 Juni &#8216;Trots op Belfeld-dag&#8217; 2024"}]},{"@type":"WebSite","@id":"https:\/\/www.ondernemendvenlo.nl\/#website","url":"https:\/\/www.ondernemendvenlo.nl\/","name":"Unternehmerisches Venlo","description":"Samen succesvol ondernemen","publisher":{"@id":"https:\/\/www.ondernemendvenlo.nl\/#organization"},"potentialAction":[{"@type":"SearchAction","target":{"@type":"EntryPoint","urlTemplate":"https:\/\/www.ondernemendvenlo.nl\/?s={search_term_string}"},"query-input":{"@type":"PropertyValueSpecification","valueRequired":true,"valueName":"search_term_string"}}],"inLanguage":"de"},{"@type":"Organization","@id":"https:\/\/www.ondernemendvenlo.nl\/#organization","name":"Unternehmerisches Venlo","url":"https:\/\/www.ondernemendvenlo.nl\/","logo":{"@type":"ImageObject","inLanguage":"de","@id":"https:\/\/www.ondernemendvenlo.nl\/#\/schema\/logo\/image\/","url":"https:\/\/www.ondernemendvenlo.nl\/wp-content\/uploads\/2025\/02\/Ondernemend-Venlo-logo-scaled.webp","contentUrl":"https:\/\/www.ondernemendvenlo.nl\/wp-content\/uploads\/2025\/02\/Ondernemend-Venlo-logo-scaled.webp","width":2560,"height":1010,"caption":"Ondernemend Venlo"},"image":{"@id":"https:\/\/www.ondernemendvenlo.nl\/#\/schema\/logo\/image\/"},"sameAs":["https:\/\/www.linkedin.com\/company\/ondernemend-venlo\/"]},{"@type":"Person","@id":"https:\/\/www.ondernemendvenlo.nl\/#\/schema\/person\/347e935f8ad4c7030608ef74bb57aa6e","name":"admin","image":{"@type":"ImageObject","inLanguage":"de","@id":"https:\/\/www.ondernemendvenlo.nl\/#\/schema\/person\/image\/","url":"https:\/\/www.ondernemendvenlo.nl\/wp-content\/litespeed\/avatar\/720af750b037aecf6e33e12833479059.jpg?ver=1777382954","contentUrl":"https:\/\/www.ondernemendvenlo.nl\/wp-content\/litespeed\/avatar\/720af750b037aecf6e33e12833479059.jpg?ver=1777382954","caption":"admin"},"sameAs":["https:\/\/www.ondernemendvenlo.nl"]}]}},"_links":{"self":[{"href":"https:\/\/www.ondernemendvenlo.nl\/de\/wp-json\/wp\/v2\/posts\/3129","targetHints":{"allow":["GET"]}}],"collection":[{"href":"https:\/\/www.ondernemendvenlo.nl\/de\/wp-json\/wp\/v2\/posts"}],"about":[{"href":"https:\/\/www.ondernemendvenlo.nl\/de\/wp-json\/wp\/v2\/types\/post"}],"author":[{"embeddable":true,"href":"https:\/\/www.ondernemendvenlo.nl\/de\/wp-json\/wp\/v2\/users\/1"}],"replies":[{"embeddable":true,"href":"https:\/\/www.ondernemendvenlo.nl\/de\/wp-json\/wp\/v2\/comments?post=3129"}],"version-history":[{"count":0,"href":"https:\/\/www.ondernemendvenlo.nl\/de\/wp-json\/wp\/v2\/posts\/3129\/revisions"}],"wp:featuredmedia":[{"embeddable":true,"href":"https:\/\/www.ondernemendvenlo.nl\/de\/wp-json\/wp\/v2\/media\/3130"}],"wp:attachment":[{"href":"https:\/\/www.ondernemendvenlo.nl\/de\/wp-json\/wp\/v2\/media?parent=3129"}],"wp:term":[{"taxonomy":"category","embeddable":true,"href":"https:\/\/www.ondernemendvenlo.nl\/de\/wp-json\/wp\/v2\/categories?post=3129"},{"taxonomy":"post_tag","embeddable":true,"href":"https:\/\/www.ondernemendvenlo.nl\/de\/wp-json\/wp\/v2\/tags?post=3129"}],"curies":[{"name":"wp","href":"https:\/\/api.w.org\/{rel}","templated":true}]}}