{"id":3131,"date":"2024-05-14T14:29:42","date_gmt":"2024-05-14T12:29:42","guid":{"rendered":"https:\/\/www.ondernemendvenlo.nl\/glansrijk-door-de-kvo-hercertificering\/"},"modified":"2024-05-14T14:29:42","modified_gmt":"2024-05-14T12:29:42","slug":"glansrijk-door-de-kvo-hercertificering","status":"publish","type":"post","link":"https:\/\/www.ondernemendvenlo.nl\/de\/glansrijk-door-de-kvo-hercertificering\/","title":{"rendered":"Gl\u00e4nzend durch KVO-Rezertifizierung!"},"content":{"rendered":"<p><strong>Am 14. Mai 2024 hat der Pr\u00fcfer von KIWA alle 20 Gewerbegebiete von Ondernemend Venlo erneut mit dem KVO-Zertifikat (Keurmerk Veilig Ondernemen) ausgezeichnet. <\/strong><strong>Wir sind stolz darauf, dass die gute Zusammenarbeit zwischen Unternehmern, der Feuerwehr, der Polizei, der Gemeinde Venlo, Safe Venlo und der Parkverwaltung seit nunmehr 15 Jahren zu diesem Zertifikat gef\u00fchrt hat.<\/strong><\/p>\n<p><span style=\"font-family: Aptos; font-size: small;\"><span style=\"font-family: Arial; font-size: small;\">Nach einem 1,5-st\u00fcndigen Rundgang durch die Gewerbegebiete, der von der Auditorin und Parkmanagerin Lidy Rutten geleitet wurde, fand die Zertifizierung mit den Mitgliedern der Arbeitsgruppen statt. Die Teilnehmer wurden ausgiebig befragt, und w\u00e4hrend der \u00dcberpr\u00fcfung wurden die letzten drei Jahre und die Vorfallzahlen besprochen. Die gro\u00dfe Beteiligung an dieser Sitzung, bei der fast alle anwesend waren, ist auch ein Zeichen f\u00fcr den Erfolg unserer Sicherheitsarbeitsgruppen.<\/span><\/span><\/p>\n<p><span style=\"font-family: Aptos; font-size: small;\"><span style=\"font-family: Arial; font-size: small;\">Alle Unternehmer sind als Freiwillige im G\u00fctesiegel \"Sicheres Unternehmen\" vertreten. Eine gute Beratung und eine optimale Zusammenarbeit mit der Gemeinde und den Rettungsdiensten sind dabei unerl\u00e4sslich. In der Zeitschrift O.Venlo k\u00f6nnen Sie lesen, dass auch B\u00fcrgermeister Scholten von der Zusammenarbeit mit Ondernemend Venlo begeistert ist.<br \/>\nSiehe:\u00a0<\/span><\/span><span style=\"font-family: Aptos; font-size: small;\"><a title=\"https:\/\/www.ondernemendvenlo.nl\/newsposts\/uitstekende-samenwerking-met-ondernemend-venlo\/\" href=\"https:\/\/www.ondernemendvenlo.nl\/de\/newsposts\/uitstekende-samenwerking-met-ondernemend-venlo\/\" data-outlook-id=\"3bd57872-4cef-4cec-8f2b-037b0b56c746\"><span style=\"color: #467886; font-family: Arial; font-size: small;\"><u>Ausgezeichnete Zusammenarbeit mit dem unternehmerischen Venlo<\/u><\/span><\/a><\/span><\/p>\n<p><span style=\"font-family: Arial; font-size: small;\">Entrepreneurial Venlo dankt DSV Solutions Netherlands f\u00fcr den Veranstaltungsort und die gute Betreuung.<br \/>\n<\/span><\/p>\n<p><span style=\"font-family: Aptos; font-size: small;\"><span style=\"font-family: Arial; font-size: small;\"><img fetchpriority=\"high\" decoding=\"async\" class=\"alignnone size-full wp-image-21629\" src=\"https:\/\/www.ondernemendvenlo.nl\/wp-content\/uploads\/2025\/04\/Hercertificering1.jpg\" alt=\"\" width=\"1920\" height=\"1080\" \/><br \/>\n<em>Im Bild von links nach rechts: Theo Hoogveld, Harold Rutten, Pascal Titulaer, Lucas Loose, Roy van Beest, Rogier Smulders, Jens Rosbinder, Lisa Klitsie, Lidy Rutten, Frank Seuren, Jack Kusters, Onno Keuker. Leon Geeraets, Hans van Dreumel, Tom Dinnessen, Ercan Vinders, Ed Pluijmen, Roland Aarts.<\/em><\/span><\/span><\/p>","protected":false},"excerpt":{"rendered":"<p>Op 14 mei 2024 heeft de auditor van KIWA alle twintig bedrijventerreinen van Ondernemend Venlo wederom het certificaat KVO (Keurmerk Veilig Ondernemen) toegekend. We zijn trots dat het al 15 jaar lukt om door de goede samenwerking tussen ondernemers, brandweer, politie, gemeente Venlo, Veilig Venlo en het parkmanagement dit certificaat toegekend te krijgen. Na een [&hellip;]<\/p>","protected":false},"author":1,"featured_media":3132,"comment_status":"closed","ping_status":"open","sticky":false,"template":"","format":"standard","meta":{"_acf_changed":false,"footnotes":""},"categories":[8],"tags":[],"class_list":["post-3131","post","type-post","status-publish","format-standard","has-post-thumbnail","hentry","category-nieuws"],"acf":[],"yoast_head":"<!-- This site is optimized with the Yoast SEO plugin v26.3 - https:\/\/yoast.com\/wordpress\/plugins\/seo\/ -->\n<title>Glansrijk door de KVO-hercertificering! - Ondernemend Venlo<\/title>\n<meta name=\"robots\" content=\"index, follow, max-snippet:-1, max-image-preview:large, max-video-preview:-1\" \/>\n<link rel=\"canonical\" href=\"https:\/\/www.ondernemendvenlo.nl\/de\/glansrijk-door-de-kvo-hercertificering\/\" \/>\n<meta property=\"og:locale\" content=\"de_DE\" \/>\n<meta property=\"og:type\" content=\"article\" \/>\n<meta property=\"og:title\" content=\"Glansrijk door de KVO-hercertificering! - Ondernemend Venlo\" \/>\n<meta property=\"og:description\" content=\"Op 14 mei 2024 heeft de auditor van KIWA alle twintig bedrijventerreinen van Ondernemend Venlo wederom het certificaat KVO (Keurmerk Veilig Ondernemen) toegekend. We zijn trots dat het al 15 jaar lukt om door de goede samenwerking tussen ondernemers, brandweer, politie, gemeente Venlo, Veilig Venlo en het parkmanagement dit certificaat toegekend te krijgen. Na een [&hellip;]\" \/>\n<meta property=\"og:url\" content=\"https:\/\/www.ondernemendvenlo.nl\/de\/glansrijk-door-de-kvo-hercertificering\/\" \/>\n<meta property=\"og:site_name\" content=\"Ondernemend Venlo\" \/>\n<meta property=\"article:published_time\" content=\"2024-05-14T12:29:42+00:00\" \/>\n<meta property=\"og:image\" content=\"https:\/\/www.ondernemendvenlo.nl\/wp-content\/uploads\/2025\/04\/Hercertificering1.jpg\" \/>\n\t<meta property=\"og:image:width\" content=\"1920\" \/>\n\t<meta property=\"og:image:height\" content=\"1080\" \/>\n\t<meta property=\"og:image:type\" content=\"image\/jpeg\" \/>\n<meta name=\"author\" content=\"admin\" \/>\n<meta name=\"twitter:card\" content=\"summary_large_image\" \/>\n<meta name=\"twitter:label1\" content=\"Verfasst von\" \/>\n\t<meta name=\"twitter:data1\" content=\"admin\" \/>\n\t<meta name=\"twitter:label2\" content=\"Gesch\u00e4tzte Lesezeit\" \/>\n\t<meta name=\"twitter:data2\" content=\"1\u00a0Minute\" \/>\n<script type=\"application\/ld+json\" class=\"yoast-schema-graph\">{\"@context\":\"https:\/\/schema.org\",\"@graph\":[{\"@type\":\"Article\",\"@id\":\"https:\/\/www.ondernemendvenlo.nl\/glansrijk-door-de-kvo-hercertificering\/#article\",\"isPartOf\":{\"@id\":\"https:\/\/www.ondernemendvenlo.nl\/glansrijk-door-de-kvo-hercertificering\/\"},\"author\":{\"name\":\"admin\",\"@id\":\"https:\/\/www.ondernemendvenlo.nl\/#\/schema\/person\/347e935f8ad4c7030608ef74bb57aa6e\"},\"headline\":\"Glansrijk door de KVO-hercertificering!\",\"datePublished\":\"2024-05-14T12:29:42+00:00\",\"mainEntityOfPage\":{\"@id\":\"https:\/\/www.ondernemendvenlo.nl\/glansrijk-door-de-kvo-hercertificering\/\"},\"wordCount\":222,\"publisher\":{\"@id\":\"https:\/\/www.ondernemendvenlo.nl\/#organization\"},\"image\":{\"@id\":\"https:\/\/www.ondernemendvenlo.nl\/glansrijk-door-de-kvo-hercertificering\/#primaryimage\"},\"thumbnailUrl\":\"https:\/\/www.ondernemendvenlo.nl\/wp-content\/uploads\/2025\/04\/Hercertificering1.jpg\",\"articleSection\":[\"Nieuws\"],\"inLanguage\":\"de\"},{\"@type\":\"WebPage\",\"@id\":\"https:\/\/www.ondernemendvenlo.nl\/glansrijk-door-de-kvo-hercertificering\/\",\"url\":\"https:\/\/www.ondernemendvenlo.nl\/glansrijk-door-de-kvo-hercertificering\/\",\"name\":\"Glansrijk door de KVO-hercertificering! - Ondernemend Venlo\",\"isPartOf\":{\"@id\":\"https:\/\/www.ondernemendvenlo.nl\/#website\"},\"primaryImageOfPage\":{\"@id\":\"https:\/\/www.ondernemendvenlo.nl\/glansrijk-door-de-kvo-hercertificering\/#primaryimage\"},\"image\":{\"@id\":\"https:\/\/www.ondernemendvenlo.nl\/glansrijk-door-de-kvo-hercertificering\/#primaryimage\"},\"thumbnailUrl\":\"https:\/\/www.ondernemendvenlo.nl\/wp-content\/uploads\/2025\/04\/Hercertificering1.jpg\",\"datePublished\":\"2024-05-14T12:29:42+00:00\",\"breadcrumb\":{\"@id\":\"https:\/\/www.ondernemendvenlo.nl\/glansrijk-door-de-kvo-hercertificering\/#breadcrumb\"},\"inLanguage\":\"de\",\"potentialAction\":[{\"@type\":\"ReadAction\",\"target\":[\"https:\/\/www.ondernemendvenlo.nl\/glansrijk-door-de-kvo-hercertificering\/\"]}]},{\"@type\":\"ImageObject\",\"inLanguage\":\"de\",\"@id\":\"https:\/\/www.ondernemendvenlo.nl\/glansrijk-door-de-kvo-hercertificering\/#primaryimage\",\"url\":\"https:\/\/www.ondernemendvenlo.nl\/wp-content\/uploads\/2025\/04\/Hercertificering1.jpg\",\"contentUrl\":\"https:\/\/www.ondernemendvenlo.nl\/wp-content\/uploads\/2025\/04\/Hercertificering1.jpg\",\"width\":1920,\"height\":1080},{\"@type\":\"BreadcrumbList\",\"@id\":\"https:\/\/www.ondernemendvenlo.nl\/glansrijk-door-de-kvo-hercertificering\/#breadcrumb\",\"itemListElement\":[{\"@type\":\"ListItem\",\"position\":1,\"name\":\"Ondernemend Venlo\",\"item\":\"https:\/\/www.ondernemendvenlo.nl\/\"},{\"@type\":\"ListItem\",\"position\":2,\"name\":\"Nieuws\",\"item\":\"https:\/\/www.ondernemendvenlo.nl\/categorie\/nieuws\/\"},{\"@type\":\"ListItem\",\"position\":3,\"name\":\"Glansrijk door de KVO-hercertificering!\"}]},{\"@type\":\"WebSite\",\"@id\":\"https:\/\/www.ondernemendvenlo.nl\/#website\",\"url\":\"https:\/\/www.ondernemendvenlo.nl\/\",\"name\":\"Ondernemend Venlo\",\"description\":\"Samen succesvol ondernemen\",\"publisher\":{\"@id\":\"https:\/\/www.ondernemendvenlo.nl\/#organization\"},\"potentialAction\":[{\"@type\":\"SearchAction\",\"target\":{\"@type\":\"EntryPoint\",\"urlTemplate\":\"https:\/\/www.ondernemendvenlo.nl\/?s={search_term_string}\"},\"query-input\":{\"@type\":\"PropertyValueSpecification\",\"valueRequired\":true,\"valueName\":\"search_term_string\"}}],\"inLanguage\":\"de\"},{\"@type\":\"Organization\",\"@id\":\"https:\/\/www.ondernemendvenlo.nl\/#organization\",\"name\":\"Ondernemend Venlo\",\"url\":\"https:\/\/www.ondernemendvenlo.nl\/\",\"logo\":{\"@type\":\"ImageObject\",\"inLanguage\":\"de\",\"@id\":\"https:\/\/www.ondernemendvenlo.nl\/#\/schema\/logo\/image\/\",\"url\":\"https:\/\/www.ondernemendvenlo.nl\/wp-content\/uploads\/2025\/02\/Ondernemend-Venlo-logo-scaled.webp\",\"contentUrl\":\"https:\/\/www.ondernemendvenlo.nl\/wp-content\/uploads\/2025\/02\/Ondernemend-Venlo-logo-scaled.webp\",\"width\":2560,\"height\":1010,\"caption\":\"Ondernemend Venlo\"},\"image\":{\"@id\":\"https:\/\/www.ondernemendvenlo.nl\/#\/schema\/logo\/image\/\"},\"sameAs\":[\"https:\/\/www.linkedin.com\/company\/ondernemend-venlo\/\"]},{\"@type\":\"Person\",\"@id\":\"https:\/\/www.ondernemendvenlo.nl\/#\/schema\/person\/347e935f8ad4c7030608ef74bb57aa6e\",\"name\":\"admin\",\"image\":{\"@type\":\"ImageObject\",\"inLanguage\":\"de\",\"@id\":\"https:\/\/www.ondernemendvenlo.nl\/#\/schema\/person\/image\/\",\"url\":\"https:\/\/www.ondernemendvenlo.nl\/wp-content\/litespeed\/avatar\/720af750b037aecf6e33e12833479059.jpg?ver=1777382954\",\"contentUrl\":\"https:\/\/www.ondernemendvenlo.nl\/wp-content\/litespeed\/avatar\/720af750b037aecf6e33e12833479059.jpg?ver=1777382954\",\"caption\":\"admin\"},\"sameAs\":[\"https:\/\/www.ondernemendvenlo.nl\"]}]}<\/script>\n<!-- \/ Yoast SEO plugin. -->","yoast_head_json":{"title":"Glansrijk door de KVO-hercertificering! - Ondernemend Venlo","robots":{"index":"index","follow":"follow","max-snippet":"max-snippet:-1","max-image-preview":"max-image-preview:large","max-video-preview":"max-video-preview:-1"},"canonical":"https:\/\/www.ondernemendvenlo.nl\/de\/glansrijk-door-de-kvo-hercertificering\/","og_locale":"de_DE","og_type":"article","og_title":"Glansrijk door de KVO-hercertificering! - Ondernemend Venlo","og_description":"Op 14 mei 2024 heeft de auditor van KIWA alle twintig bedrijventerreinen van Ondernemend Venlo wederom het certificaat KVO (Keurmerk Veilig Ondernemen) toegekend. We zijn trots dat het al 15 jaar lukt om door de goede samenwerking tussen ondernemers, brandweer, politie, gemeente Venlo, Veilig Venlo en het parkmanagement dit certificaat toegekend te krijgen. Na een [&hellip;]","og_url":"https:\/\/www.ondernemendvenlo.nl\/de\/glansrijk-door-de-kvo-hercertificering\/","og_site_name":"Ondernemend Venlo","article_published_time":"2024-05-14T12:29:42+00:00","og_image":[{"width":1920,"height":1080,"url":"https:\/\/www.ondernemendvenlo.nl\/wp-content\/uploads\/2025\/04\/Hercertificering1.jpg","type":"image\/jpeg"}],"author":"admin","twitter_card":"summary_large_image","twitter_misc":{"Verfasst von":"admin","Gesch\u00e4tzte Lesezeit":"1\u00a0Minute"},"schema":{"@context":"https:\/\/schema.org","@graph":[{"@type":"Article","@id":"https:\/\/www.ondernemendvenlo.nl\/glansrijk-door-de-kvo-hercertificering\/#article","isPartOf":{"@id":"https:\/\/www.ondernemendvenlo.nl\/glansrijk-door-de-kvo-hercertificering\/"},"author":{"name":"admin","@id":"https:\/\/www.ondernemendvenlo.nl\/#\/schema\/person\/347e935f8ad4c7030608ef74bb57aa6e"},"headline":"Glansrijk door de KVO-hercertificering!","datePublished":"2024-05-14T12:29:42+00:00","mainEntityOfPage":{"@id":"https:\/\/www.ondernemendvenlo.nl\/glansrijk-door-de-kvo-hercertificering\/"},"wordCount":222,"publisher":{"@id":"https:\/\/www.ondernemendvenlo.nl\/#organization"},"image":{"@id":"https:\/\/www.ondernemendvenlo.nl\/glansrijk-door-de-kvo-hercertificering\/#primaryimage"},"thumbnailUrl":"https:\/\/www.ondernemendvenlo.nl\/wp-content\/uploads\/2025\/04\/Hercertificering1.jpg","articleSection":["Nieuws"],"inLanguage":"de"},{"@type":"WebPage","@id":"https:\/\/www.ondernemendvenlo.nl\/glansrijk-door-de-kvo-hercertificering\/","url":"https:\/\/www.ondernemendvenlo.nl\/glansrijk-door-de-kvo-hercertificering\/","name":"Glansrijk door de KVO-hercertificering! - Ondernemend Venlo","isPartOf":{"@id":"https:\/\/www.ondernemendvenlo.nl\/#website"},"primaryImageOfPage":{"@id":"https:\/\/www.ondernemendvenlo.nl\/glansrijk-door-de-kvo-hercertificering\/#primaryimage"},"image":{"@id":"https:\/\/www.ondernemendvenlo.nl\/glansrijk-door-de-kvo-hercertificering\/#primaryimage"},"thumbnailUrl":"https:\/\/www.ondernemendvenlo.nl\/wp-content\/uploads\/2025\/04\/Hercertificering1.jpg","datePublished":"2024-05-14T12:29:42+00:00","breadcrumb":{"@id":"https:\/\/www.ondernemendvenlo.nl\/glansrijk-door-de-kvo-hercertificering\/#breadcrumb"},"inLanguage":"de","potentialAction":[{"@type":"ReadAction","target":["https:\/\/www.ondernemendvenlo.nl\/glansrijk-door-de-kvo-hercertificering\/"]}]},{"@type":"ImageObject","inLanguage":"de","@id":"https:\/\/www.ondernemendvenlo.nl\/glansrijk-door-de-kvo-hercertificering\/#primaryimage","url":"https:\/\/www.ondernemendvenlo.nl\/wp-content\/uploads\/2025\/04\/Hercertificering1.jpg","contentUrl":"https:\/\/www.ondernemendvenlo.nl\/wp-content\/uploads\/2025\/04\/Hercertificering1.jpg","width":1920,"height":1080},{"@type":"BreadcrumbList","@id":"https:\/\/www.ondernemendvenlo.nl\/glansrijk-door-de-kvo-hercertificering\/#breadcrumb","itemListElement":[{"@type":"ListItem","position":1,"name":"Ondernemend Venlo","item":"https:\/\/www.ondernemendvenlo.nl\/"},{"@type":"ListItem","position":2,"name":"Nieuws","item":"https:\/\/www.ondernemendvenlo.nl\/categorie\/nieuws\/"},{"@type":"ListItem","position":3,"name":"Glansrijk door de KVO-hercertificering!"}]},{"@type":"WebSite","@id":"https:\/\/www.ondernemendvenlo.nl\/#website","url":"https:\/\/www.ondernemendvenlo.nl\/","name":"Unternehmerisches Venlo","description":"Samen succesvol ondernemen","publisher":{"@id":"https:\/\/www.ondernemendvenlo.nl\/#organization"},"potentialAction":[{"@type":"SearchAction","target":{"@type":"EntryPoint","urlTemplate":"https:\/\/www.ondernemendvenlo.nl\/?s={search_term_string}"},"query-input":{"@type":"PropertyValueSpecification","valueRequired":true,"valueName":"search_term_string"}}],"inLanguage":"de"},{"@type":"Organization","@id":"https:\/\/www.ondernemendvenlo.nl\/#organization","name":"Unternehmerisches Venlo","url":"https:\/\/www.ondernemendvenlo.nl\/","logo":{"@type":"ImageObject","inLanguage":"de","@id":"https:\/\/www.ondernemendvenlo.nl\/#\/schema\/logo\/image\/","url":"https:\/\/www.ondernemendvenlo.nl\/wp-content\/uploads\/2025\/02\/Ondernemend-Venlo-logo-scaled.webp","contentUrl":"https:\/\/www.ondernemendvenlo.nl\/wp-content\/uploads\/2025\/02\/Ondernemend-Venlo-logo-scaled.webp","width":2560,"height":1010,"caption":"Ondernemend Venlo"},"image":{"@id":"https:\/\/www.ondernemendvenlo.nl\/#\/schema\/logo\/image\/"},"sameAs":["https:\/\/www.linkedin.com\/company\/ondernemend-venlo\/"]},{"@type":"Person","@id":"https:\/\/www.ondernemendvenlo.nl\/#\/schema\/person\/347e935f8ad4c7030608ef74bb57aa6e","name":"admin","image":{"@type":"ImageObject","inLanguage":"de","@id":"https:\/\/www.ondernemendvenlo.nl\/#\/schema\/person\/image\/","url":"https:\/\/www.ondernemendvenlo.nl\/wp-content\/litespeed\/avatar\/720af750b037aecf6e33e12833479059.jpg?ver=1777382954","contentUrl":"https:\/\/www.ondernemendvenlo.nl\/wp-content\/litespeed\/avatar\/720af750b037aecf6e33e12833479059.jpg?ver=1777382954","caption":"admin"},"sameAs":["https:\/\/www.ondernemendvenlo.nl"]}]}},"_links":{"self":[{"href":"https:\/\/www.ondernemendvenlo.nl\/de\/wp-json\/wp\/v2\/posts\/3131","targetHints":{"allow":["GET"]}}],"collection":[{"href":"https:\/\/www.ondernemendvenlo.nl\/de\/wp-json\/wp\/v2\/posts"}],"about":[{"href":"https:\/\/www.ondernemendvenlo.nl\/de\/wp-json\/wp\/v2\/types\/post"}],"author":[{"embeddable":true,"href":"https:\/\/www.ondernemendvenlo.nl\/de\/wp-json\/wp\/v2\/users\/1"}],"replies":[{"embeddable":true,"href":"https:\/\/www.ondernemendvenlo.nl\/de\/wp-json\/wp\/v2\/comments?post=3131"}],"version-history":[{"count":0,"href":"https:\/\/www.ondernemendvenlo.nl\/de\/wp-json\/wp\/v2\/posts\/3131\/revisions"}],"wp:featuredmedia":[{"embeddable":true,"href":"https:\/\/www.ondernemendvenlo.nl\/de\/wp-json\/wp\/v2\/media\/3132"}],"wp:attachment":[{"href":"https:\/\/www.ondernemendvenlo.nl\/de\/wp-json\/wp\/v2\/media?parent=3131"}],"wp:term":[{"taxonomy":"category","embeddable":true,"href":"https:\/\/www.ondernemendvenlo.nl\/de\/wp-json\/wp\/v2\/categories?post=3131"},{"taxonomy":"post_tag","embeddable":true,"href":"https:\/\/www.ondernemendvenlo.nl\/de\/wp-json\/wp\/v2\/tags?post=3131"}],"curies":[{"name":"wp","href":"https:\/\/api.w.org\/{rel}","templated":true}]}}