{"id":3142,"date":"2024-06-03T13:27:30","date_gmt":"2024-06-03T11:27:30","guid":{"rendered":"https:\/\/www.ondernemendvenlo.nl\/kick-off-event-naar-een-360-arbeidsmarkt\/"},"modified":"2024-06-03T13:27:30","modified_gmt":"2024-06-03T11:27:30","slug":"kick-off-event-naar-een-360-arbeidsmarkt","status":"publish","type":"post","link":"https:\/\/www.ondernemendvenlo.nl\/de\/kick-off-event-naar-een-360-arbeidsmarkt\/","title":{"rendered":"Auftaktveranstaltung: \"Auf dem Weg zu einem 360\u00b0-Arbeitsmarkt\"."},"content":{"rendered":"<p style=\"font-weight: 400;\"><strong>Am 17. Juni 2024 organisiert Fontys Venlo eine Auftaktveranstaltung f\u00fcr das Projekt 'Towards a 360\u00b0 labour market', die Bedeutung eines grenz\u00fcberschreitenden Arbeitsmarktes. <\/strong><strong>Die Veranstaltung findet auf dem Fontys Venlo Campus am Tegelseweg 255 in Venlo statt.<\/strong><\/p>\n<p style=\"font-weight: 400;\"><strong>Bedeutung f\u00fcr die Region<br \/>\n<\/strong>Diese Initiative ist Teil des \"North Limburg Region Deal\" und konzentriert sich auf die Schaffung eines grenz\u00fcberschreitenden Arbeitsmarktes, auf dem Angebot und Nachfrage auf beiden Seiten der Grenze nahtlos aufeinander abgestimmt sind. Vincent Pijnenburg, Dozent f\u00fcr grenz\u00fcberschreitende Unternehmensentwicklung, weist auf die Dringlichkeit dieses Projekts hin: \"Ohne eine 360-Grad-Perspektive ist es viel wahrscheinlicher, dass gut ausgebildete Menschen die Region nach ihrem Studium verlassen. Mit einer 180-Grad-Perspektive sind die Chancen am Rande des Landes ebenfalls geringer. Der Blick \u00fcber die Grenze kann diesen Nachteil beseitigen.<\/p>\n<p style=\"font-weight: 400;\">Das Programm beginnt um 15:00 Uhr mit einer Begr\u00fc\u00dfungsrede von Elianne Demollin-Schneiders, Abgeordnete f\u00fcr Bildung und Arbeitsmarkt der Provinz Limburg. Vincent Pijnenburg, Dozent f\u00fcr grenz\u00fcberschreitende Unternehmensentwicklung bei Fontys Venlo, wird als Moderator durch den Nachmittag f\u00fchren.<br \/>\nZu den H\u00f6hepunkten der Veranstaltung geh\u00f6rt eine Podiumsdiskussion \u00fcber den 360\u00b0-Arbeitsmarkt mit verschiedenen Experten, darunter Fontys Venlo-Alumnus Alex Beinert (Scheuten Glas), Inge Bloemen (HR-Managerin bei Pure Ingredients), Paul Sars (Professor f\u00fcr deutsche Sprache und Kultur an der Radboud-Universit\u00e4t) und Don Thijssen (Rayon-Manager der Arbeitsmarktregionen Nord- und Mittellimburg bei UWV WERKbedrijf).<br \/>\nDar\u00fcber hinaus wird Jos Meessen von Meet the Youngsters einen interaktiven Beitrag \u00fcber die Nutzung von Virtual Reality zur Erkundung der Euroregion leisten. Vincent Pijnenburg wird eine Vorschau auf das Projekt geben.<\/p>\n<p style=\"font-weight: 400;\">Die Veranstaltung wird mit der Unterzeichnung des Kooperationsabkommens und einem anschlie\u00dfenden Trinkspruch abgeschlossen.<\/p>\n<p style=\"font-weight: 400;\"><strong>Registrieren Sie sich<br \/>\n<\/strong>Interessierte k\u00f6nnen sich bewerben \u00fcber <u>dieser Link.<\/u><\/p>\n<p style=\"font-weight: 400;\">Kommen Sie und finden Sie heraus, wie wir gemeinsam einen 360\u00b0-Arbeitsmarkt realisieren und zum Brain Stay in der Region beitragen k\u00f6nnen. Wir sehen uns dann!<\/p>\n<p style=\"font-weight: 400;\">","protected":false},"excerpt":{"rendered":"<p>Op 17 juni 2024 organiseert Fontys Venlo een kick-off evenement voor het project \u2018Naar een 360\u00b0 arbeidsmarkt\u2019, het belang van een grensoverschrijdende arbeidsmarkt. Het evenement vindt plaats op campus Fontys Venlo aan de Tegelseweg 255 in Venlo. Belang voor de regio Dit initiatief is onderdeel van de Regio Deal Noord-Limburg en richt zich op het [&hellip;]<\/p>","protected":false},"author":1,"featured_media":3143,"comment_status":"closed","ping_status":"open","sticky":false,"template":"","format":"standard","meta":{"_acf_changed":false,"footnotes":""},"categories":[8],"tags":[],"class_list":["post-3142","post","type-post","status-publish","format-standard","has-post-thumbnail","hentry","category-nieuws"],"acf":[],"yoast_head":"<!-- This site is optimized with the Yoast SEO plugin v26.3 - https:\/\/yoast.com\/wordpress\/plugins\/seo\/ -->\n<title>Kick-off Event: \u2018Naar een 360\u00b0 arbeidsmarkt\u2019 - Ondernemend Venlo<\/title>\n<meta name=\"robots\" content=\"index, follow, max-snippet:-1, max-image-preview:large, max-video-preview:-1\" \/>\n<link rel=\"canonical\" href=\"https:\/\/www.ondernemendvenlo.nl\/de\/kick-off-event-naar-een-360-arbeidsmarkt\/\" \/>\n<meta property=\"og:locale\" content=\"de_DE\" \/>\n<meta property=\"og:type\" content=\"article\" \/>\n<meta property=\"og:title\" content=\"Kick-off Event: \u2018Naar een 360\u00b0 arbeidsmarkt\u2019 - Ondernemend Venlo\" \/>\n<meta property=\"og:description\" content=\"Op 17 juni 2024 organiseert Fontys Venlo een kick-off evenement voor het project \u2018Naar een 360\u00b0 arbeidsmarkt\u2019, het belang van een grensoverschrijdende arbeidsmarkt. Het evenement vindt plaats op campus Fontys Venlo aan de Tegelseweg 255 in Venlo. Belang voor de regio Dit initiatief is onderdeel van de Regio Deal Noord-Limburg en richt zich op het [&hellip;]\" \/>\n<meta property=\"og:url\" content=\"https:\/\/www.ondernemendvenlo.nl\/de\/kick-off-event-naar-een-360-arbeidsmarkt\/\" \/>\n<meta property=\"og:site_name\" content=\"Ondernemend Venlo\" \/>\n<meta property=\"article:published_time\" content=\"2024-06-03T11:27:30+00:00\" \/>\n<meta property=\"og:image\" content=\"https:\/\/www.ondernemendvenlo.nl\/wp-content\/uploads\/2025\/04\/Invite_Square.jpg\" \/>\n\t<meta property=\"og:image:width\" content=\"1920\" \/>\n\t<meta property=\"og:image:height\" content=\"1080\" \/>\n\t<meta property=\"og:image:type\" content=\"image\/jpeg\" \/>\n<meta name=\"author\" content=\"admin\" \/>\n<meta name=\"twitter:card\" content=\"summary_large_image\" \/>\n<meta name=\"twitter:label1\" content=\"Verfasst von\" \/>\n\t<meta name=\"twitter:data1\" content=\"admin\" \/>\n\t<meta name=\"twitter:label2\" content=\"Gesch\u00e4tzte Lesezeit\" \/>\n\t<meta name=\"twitter:data2\" content=\"1\u00a0Minute\" \/>\n<script type=\"application\/ld+json\" class=\"yoast-schema-graph\">{\"@context\":\"https:\/\/schema.org\",\"@graph\":[{\"@type\":\"Article\",\"@id\":\"https:\/\/www.ondernemendvenlo.nl\/kick-off-event-naar-een-360-arbeidsmarkt\/#article\",\"isPartOf\":{\"@id\":\"https:\/\/www.ondernemendvenlo.nl\/kick-off-event-naar-een-360-arbeidsmarkt\/\"},\"author\":{\"name\":\"admin\",\"@id\":\"https:\/\/www.ondernemendvenlo.nl\/#\/schema\/person\/347e935f8ad4c7030608ef74bb57aa6e\"},\"headline\":\"Kick-off Event: \u2018Naar een 360\u00b0 arbeidsmarkt\u2019\",\"datePublished\":\"2024-06-03T11:27:30+00:00\",\"mainEntityOfPage\":{\"@id\":\"https:\/\/www.ondernemendvenlo.nl\/kick-off-event-naar-een-360-arbeidsmarkt\/\"},\"wordCount\":292,\"publisher\":{\"@id\":\"https:\/\/www.ondernemendvenlo.nl\/#organization\"},\"image\":{\"@id\":\"https:\/\/www.ondernemendvenlo.nl\/kick-off-event-naar-een-360-arbeidsmarkt\/#primaryimage\"},\"thumbnailUrl\":\"https:\/\/www.ondernemendvenlo.nl\/wp-content\/uploads\/2025\/04\/Invite_Square.jpg\",\"articleSection\":[\"Nieuws\"],\"inLanguage\":\"de\"},{\"@type\":\"WebPage\",\"@id\":\"https:\/\/www.ondernemendvenlo.nl\/kick-off-event-naar-een-360-arbeidsmarkt\/\",\"url\":\"https:\/\/www.ondernemendvenlo.nl\/kick-off-event-naar-een-360-arbeidsmarkt\/\",\"name\":\"Kick-off Event: \u2018Naar een 360\u00b0 arbeidsmarkt\u2019 - Ondernemend Venlo\",\"isPartOf\":{\"@id\":\"https:\/\/www.ondernemendvenlo.nl\/#website\"},\"primaryImageOfPage\":{\"@id\":\"https:\/\/www.ondernemendvenlo.nl\/kick-off-event-naar-een-360-arbeidsmarkt\/#primaryimage\"},\"image\":{\"@id\":\"https:\/\/www.ondernemendvenlo.nl\/kick-off-event-naar-een-360-arbeidsmarkt\/#primaryimage\"},\"thumbnailUrl\":\"https:\/\/www.ondernemendvenlo.nl\/wp-content\/uploads\/2025\/04\/Invite_Square.jpg\",\"datePublished\":\"2024-06-03T11:27:30+00:00\",\"breadcrumb\":{\"@id\":\"https:\/\/www.ondernemendvenlo.nl\/kick-off-event-naar-een-360-arbeidsmarkt\/#breadcrumb\"},\"inLanguage\":\"de\",\"potentialAction\":[{\"@type\":\"ReadAction\",\"target\":[\"https:\/\/www.ondernemendvenlo.nl\/kick-off-event-naar-een-360-arbeidsmarkt\/\"]}]},{\"@type\":\"ImageObject\",\"inLanguage\":\"de\",\"@id\":\"https:\/\/www.ondernemendvenlo.nl\/kick-off-event-naar-een-360-arbeidsmarkt\/#primaryimage\",\"url\":\"https:\/\/www.ondernemendvenlo.nl\/wp-content\/uploads\/2025\/04\/Invite_Square.jpg\",\"contentUrl\":\"https:\/\/www.ondernemendvenlo.nl\/wp-content\/uploads\/2025\/04\/Invite_Square.jpg\",\"width\":1920,\"height\":1080},{\"@type\":\"BreadcrumbList\",\"@id\":\"https:\/\/www.ondernemendvenlo.nl\/kick-off-event-naar-een-360-arbeidsmarkt\/#breadcrumb\",\"itemListElement\":[{\"@type\":\"ListItem\",\"position\":1,\"name\":\"Ondernemend Venlo\",\"item\":\"https:\/\/www.ondernemendvenlo.nl\/\"},{\"@type\":\"ListItem\",\"position\":2,\"name\":\"Nieuws\",\"item\":\"https:\/\/www.ondernemendvenlo.nl\/categorie\/nieuws\/\"},{\"@type\":\"ListItem\",\"position\":3,\"name\":\"Kick-off Event: \u2018Naar een 360\u00b0 arbeidsmarkt\u2019\"}]},{\"@type\":\"WebSite\",\"@id\":\"https:\/\/www.ondernemendvenlo.nl\/#website\",\"url\":\"https:\/\/www.ondernemendvenlo.nl\/\",\"name\":\"Ondernemend Venlo\",\"description\":\"Samen succesvol ondernemen\",\"publisher\":{\"@id\":\"https:\/\/www.ondernemendvenlo.nl\/#organization\"},\"potentialAction\":[{\"@type\":\"SearchAction\",\"target\":{\"@type\":\"EntryPoint\",\"urlTemplate\":\"https:\/\/www.ondernemendvenlo.nl\/?s={search_term_string}\"},\"query-input\":{\"@type\":\"PropertyValueSpecification\",\"valueRequired\":true,\"valueName\":\"search_term_string\"}}],\"inLanguage\":\"de\"},{\"@type\":\"Organization\",\"@id\":\"https:\/\/www.ondernemendvenlo.nl\/#organization\",\"name\":\"Ondernemend Venlo\",\"url\":\"https:\/\/www.ondernemendvenlo.nl\/\",\"logo\":{\"@type\":\"ImageObject\",\"inLanguage\":\"de\",\"@id\":\"https:\/\/www.ondernemendvenlo.nl\/#\/schema\/logo\/image\/\",\"url\":\"https:\/\/www.ondernemendvenlo.nl\/wp-content\/uploads\/2025\/02\/Ondernemend-Venlo-logo-scaled.webp\",\"contentUrl\":\"https:\/\/www.ondernemendvenlo.nl\/wp-content\/uploads\/2025\/02\/Ondernemend-Venlo-logo-scaled.webp\",\"width\":2560,\"height\":1010,\"caption\":\"Ondernemend Venlo\"},\"image\":{\"@id\":\"https:\/\/www.ondernemendvenlo.nl\/#\/schema\/logo\/image\/\"},\"sameAs\":[\"https:\/\/www.linkedin.com\/company\/ondernemend-venlo\/\"]},{\"@type\":\"Person\",\"@id\":\"https:\/\/www.ondernemendvenlo.nl\/#\/schema\/person\/347e935f8ad4c7030608ef74bb57aa6e\",\"name\":\"admin\",\"image\":{\"@type\":\"ImageObject\",\"inLanguage\":\"de\",\"@id\":\"https:\/\/www.ondernemendvenlo.nl\/#\/schema\/person\/image\/\",\"url\":\"https:\/\/www.ondernemendvenlo.nl\/wp-content\/litespeed\/avatar\/720af750b037aecf6e33e12833479059.jpg?ver=1777382954\",\"contentUrl\":\"https:\/\/www.ondernemendvenlo.nl\/wp-content\/litespeed\/avatar\/720af750b037aecf6e33e12833479059.jpg?ver=1777382954\",\"caption\":\"admin\"},\"sameAs\":[\"https:\/\/www.ondernemendvenlo.nl\"]}]}<\/script>\n<!-- \/ Yoast SEO plugin. -->","yoast_head_json":{"title":"Kick-off Event: \u2018Naar een 360\u00b0 arbeidsmarkt\u2019 - Ondernemend Venlo","robots":{"index":"index","follow":"follow","max-snippet":"max-snippet:-1","max-image-preview":"max-image-preview:large","max-video-preview":"max-video-preview:-1"},"canonical":"https:\/\/www.ondernemendvenlo.nl\/de\/kick-off-event-naar-een-360-arbeidsmarkt\/","og_locale":"de_DE","og_type":"article","og_title":"Kick-off Event: \u2018Naar een 360\u00b0 arbeidsmarkt\u2019 - Ondernemend Venlo","og_description":"Op 17 juni 2024 organiseert Fontys Venlo een kick-off evenement voor het project \u2018Naar een 360\u00b0 arbeidsmarkt\u2019, het belang van een grensoverschrijdende arbeidsmarkt. Het evenement vindt plaats op campus Fontys Venlo aan de Tegelseweg 255 in Venlo. Belang voor de regio Dit initiatief is onderdeel van de Regio Deal Noord-Limburg en richt zich op het [&hellip;]","og_url":"https:\/\/www.ondernemendvenlo.nl\/de\/kick-off-event-naar-een-360-arbeidsmarkt\/","og_site_name":"Ondernemend Venlo","article_published_time":"2024-06-03T11:27:30+00:00","og_image":[{"width":1920,"height":1080,"url":"https:\/\/www.ondernemendvenlo.nl\/wp-content\/uploads\/2025\/04\/Invite_Square.jpg","type":"image\/jpeg"}],"author":"admin","twitter_card":"summary_large_image","twitter_misc":{"Verfasst von":"admin","Gesch\u00e4tzte Lesezeit":"1\u00a0Minute"},"schema":{"@context":"https:\/\/schema.org","@graph":[{"@type":"Article","@id":"https:\/\/www.ondernemendvenlo.nl\/kick-off-event-naar-een-360-arbeidsmarkt\/#article","isPartOf":{"@id":"https:\/\/www.ondernemendvenlo.nl\/kick-off-event-naar-een-360-arbeidsmarkt\/"},"author":{"name":"admin","@id":"https:\/\/www.ondernemendvenlo.nl\/#\/schema\/person\/347e935f8ad4c7030608ef74bb57aa6e"},"headline":"Kick-off Event: \u2018Naar een 360\u00b0 arbeidsmarkt\u2019","datePublished":"2024-06-03T11:27:30+00:00","mainEntityOfPage":{"@id":"https:\/\/www.ondernemendvenlo.nl\/kick-off-event-naar-een-360-arbeidsmarkt\/"},"wordCount":292,"publisher":{"@id":"https:\/\/www.ondernemendvenlo.nl\/#organization"},"image":{"@id":"https:\/\/www.ondernemendvenlo.nl\/kick-off-event-naar-een-360-arbeidsmarkt\/#primaryimage"},"thumbnailUrl":"https:\/\/www.ondernemendvenlo.nl\/wp-content\/uploads\/2025\/04\/Invite_Square.jpg","articleSection":["Nieuws"],"inLanguage":"de"},{"@type":"WebPage","@id":"https:\/\/www.ondernemendvenlo.nl\/kick-off-event-naar-een-360-arbeidsmarkt\/","url":"https:\/\/www.ondernemendvenlo.nl\/kick-off-event-naar-een-360-arbeidsmarkt\/","name":"Kick-off Event: \u2018Naar een 360\u00b0 arbeidsmarkt\u2019 - Ondernemend Venlo","isPartOf":{"@id":"https:\/\/www.ondernemendvenlo.nl\/#website"},"primaryImageOfPage":{"@id":"https:\/\/www.ondernemendvenlo.nl\/kick-off-event-naar-een-360-arbeidsmarkt\/#primaryimage"},"image":{"@id":"https:\/\/www.ondernemendvenlo.nl\/kick-off-event-naar-een-360-arbeidsmarkt\/#primaryimage"},"thumbnailUrl":"https:\/\/www.ondernemendvenlo.nl\/wp-content\/uploads\/2025\/04\/Invite_Square.jpg","datePublished":"2024-06-03T11:27:30+00:00","breadcrumb":{"@id":"https:\/\/www.ondernemendvenlo.nl\/kick-off-event-naar-een-360-arbeidsmarkt\/#breadcrumb"},"inLanguage":"de","potentialAction":[{"@type":"ReadAction","target":["https:\/\/www.ondernemendvenlo.nl\/kick-off-event-naar-een-360-arbeidsmarkt\/"]}]},{"@type":"ImageObject","inLanguage":"de","@id":"https:\/\/www.ondernemendvenlo.nl\/kick-off-event-naar-een-360-arbeidsmarkt\/#primaryimage","url":"https:\/\/www.ondernemendvenlo.nl\/wp-content\/uploads\/2025\/04\/Invite_Square.jpg","contentUrl":"https:\/\/www.ondernemendvenlo.nl\/wp-content\/uploads\/2025\/04\/Invite_Square.jpg","width":1920,"height":1080},{"@type":"BreadcrumbList","@id":"https:\/\/www.ondernemendvenlo.nl\/kick-off-event-naar-een-360-arbeidsmarkt\/#breadcrumb","itemListElement":[{"@type":"ListItem","position":1,"name":"Ondernemend Venlo","item":"https:\/\/www.ondernemendvenlo.nl\/"},{"@type":"ListItem","position":2,"name":"Nieuws","item":"https:\/\/www.ondernemendvenlo.nl\/categorie\/nieuws\/"},{"@type":"ListItem","position":3,"name":"Kick-off Event: \u2018Naar een 360\u00b0 arbeidsmarkt\u2019"}]},{"@type":"WebSite","@id":"https:\/\/www.ondernemendvenlo.nl\/#website","url":"https:\/\/www.ondernemendvenlo.nl\/","name":"Unternehmerisches Venlo","description":"Samen succesvol ondernemen","publisher":{"@id":"https:\/\/www.ondernemendvenlo.nl\/#organization"},"potentialAction":[{"@type":"SearchAction","target":{"@type":"EntryPoint","urlTemplate":"https:\/\/www.ondernemendvenlo.nl\/?s={search_term_string}"},"query-input":{"@type":"PropertyValueSpecification","valueRequired":true,"valueName":"search_term_string"}}],"inLanguage":"de"},{"@type":"Organization","@id":"https:\/\/www.ondernemendvenlo.nl\/#organization","name":"Unternehmerisches Venlo","url":"https:\/\/www.ondernemendvenlo.nl\/","logo":{"@type":"ImageObject","inLanguage":"de","@id":"https:\/\/www.ondernemendvenlo.nl\/#\/schema\/logo\/image\/","url":"https:\/\/www.ondernemendvenlo.nl\/wp-content\/uploads\/2025\/02\/Ondernemend-Venlo-logo-scaled.webp","contentUrl":"https:\/\/www.ondernemendvenlo.nl\/wp-content\/uploads\/2025\/02\/Ondernemend-Venlo-logo-scaled.webp","width":2560,"height":1010,"caption":"Ondernemend Venlo"},"image":{"@id":"https:\/\/www.ondernemendvenlo.nl\/#\/schema\/logo\/image\/"},"sameAs":["https:\/\/www.linkedin.com\/company\/ondernemend-venlo\/"]},{"@type":"Person","@id":"https:\/\/www.ondernemendvenlo.nl\/#\/schema\/person\/347e935f8ad4c7030608ef74bb57aa6e","name":"admin","image":{"@type":"ImageObject","inLanguage":"de","@id":"https:\/\/www.ondernemendvenlo.nl\/#\/schema\/person\/image\/","url":"https:\/\/www.ondernemendvenlo.nl\/wp-content\/litespeed\/avatar\/720af750b037aecf6e33e12833479059.jpg?ver=1777382954","contentUrl":"https:\/\/www.ondernemendvenlo.nl\/wp-content\/litespeed\/avatar\/720af750b037aecf6e33e12833479059.jpg?ver=1777382954","caption":"admin"},"sameAs":["https:\/\/www.ondernemendvenlo.nl"]}]}},"_links":{"self":[{"href":"https:\/\/www.ondernemendvenlo.nl\/de\/wp-json\/wp\/v2\/posts\/3142","targetHints":{"allow":["GET"]}}],"collection":[{"href":"https:\/\/www.ondernemendvenlo.nl\/de\/wp-json\/wp\/v2\/posts"}],"about":[{"href":"https:\/\/www.ondernemendvenlo.nl\/de\/wp-json\/wp\/v2\/types\/post"}],"author":[{"embeddable":true,"href":"https:\/\/www.ondernemendvenlo.nl\/de\/wp-json\/wp\/v2\/users\/1"}],"replies":[{"embeddable":true,"href":"https:\/\/www.ondernemendvenlo.nl\/de\/wp-json\/wp\/v2\/comments?post=3142"}],"version-history":[{"count":0,"href":"https:\/\/www.ondernemendvenlo.nl\/de\/wp-json\/wp\/v2\/posts\/3142\/revisions"}],"wp:featuredmedia":[{"embeddable":true,"href":"https:\/\/www.ondernemendvenlo.nl\/de\/wp-json\/wp\/v2\/media\/3143"}],"wp:attachment":[{"href":"https:\/\/www.ondernemendvenlo.nl\/de\/wp-json\/wp\/v2\/media?parent=3142"}],"wp:term":[{"taxonomy":"category","embeddable":true,"href":"https:\/\/www.ondernemendvenlo.nl\/de\/wp-json\/wp\/v2\/categories?post=3142"},{"taxonomy":"post_tag","embeddable":true,"href":"https:\/\/www.ondernemendvenlo.nl\/de\/wp-json\/wp\/v2\/tags?post=3142"}],"curies":[{"name":"wp","href":"https:\/\/api.w.org\/{rel}","templated":true}]}}