{"id":3144,"date":"2024-06-03T14:35:10","date_gmt":"2024-06-03T12:35:10","guid":{"rendered":"https:\/\/www.ondernemendvenlo.nl\/ledenbijeenkomst-ondernemendvenlo-afdeling-spikweien\/"},"modified":"2024-06-03T14:35:10","modified_gmt":"2024-06-03T12:35:10","slug":"ledenbijeenkomst-ondernemendvenlo-afdeling-spikweien","status":"publish","type":"post","link":"https:\/\/www.ondernemendvenlo.nl\/de\/ledenbijeenkomst-ondernemendvenlo-afdeling-spikweien\/","title":{"rendered":"Treffen der Mitglieder Abteilung Spickweed"},"content":{"rendered":"<p style=\"font-weight: 400;\"><strong>Am Freitag, den 31. Mai, fand in der Wijmarsche Watermolen in Arcen die Mitgliederversammlung von Entrepreneurial Venlo Branch Spikweien statt.<\/strong><\/p>\n<p>Die restaurierte Wasserm\u00fchle aus dem Jahr 1677 beherbergt die handwerkliche Gin- und Likordestillerie von <em>Kornkammer der Eisvogel<\/em>. Es war nicht nur ein wundersch\u00f6ner Rahmen f\u00fcr diese besondere Mitgliederversammlung, sondern auch ein unterhaltsamer und lehrreicher Ort f\u00fcr die sehr gut besuchte Sitzung mit vielen neuen Gesichtern.<\/p>\n<p>Nachdem alle eingetroffen waren, folgte eine gef\u00fchrte Besichtigung. Man konnte den Prozess vom Mahlen des Getreides bis zum Brennen des Alkohols in Aktion sehen. Die begleitenden lokalen Fakten machten diese Einf\u00fchrung in die Kornbrennerei noch bunter. Ein F\u00fchrer erz\u00e4hlte \u00fcber die Kornbrennerei und Herr Gout als Mitglied des Vereins erg\u00e4nzte dies mit einigen historischen Fakten.<\/p>\n<p>Im Verkostungsraum 'De Schenkerij' konnte man eine Auswahl der 60 verschiedenen destillierten Genever, Kr\u00e4uterbitter oder Lik\u00f6re verkosten, gefolgt von einem k\u00f6stlichen Grillabend, den der Landwirt Jan Aerdts auf der mit dem Voil\u00e0-Preis ausgezeichneten Terrasse Limburg 2024 veranstaltete.<\/p>\n<p style=\"font-weight: 400;\"><img fetchpriority=\"high\" decoding=\"async\" class=\"alignnone size-full wp-image-21678\" src=\"https:\/\/www.ondernemendvenlo.nl\/wp-content\/uploads\/2025\/04\/LedenbijeenkomstSpikweien_01.jpg\" alt=\"\" width=\"1920\" height=\"1080\" \/><\/p>\n<p><img decoding=\"async\" class=\"alignnone size-full wp-image-21685\" src=\"https:\/\/www.ondernemendvenlo.nl\/wp-content\/uploads\/2025\/04\/LedenbijeenkomstSpikweien_08.jpg\" alt=\"\" width=\"1920\" height=\"1080\" \/> \u00a0<img decoding=\"async\" class=\"alignnone size-full wp-image-21679\" src=\"https:\/\/www.ondernemendvenlo.nl\/wp-content\/uploads\/2025\/04\/LedenbijeenkomstSpikweien_02.jpg\" alt=\"\" width=\"1600\" height=\"1200\" \/><img loading=\"lazy\" decoding=\"async\" class=\"alignnone size-full wp-image-21680\" src=\"https:\/\/www.ondernemendvenlo.nl\/wp-content\/uploads\/2025\/04\/LedenbijeenkomstSpikweien_03.jpg\" alt=\"\" width=\"1920\" height=\"1080\" \/><\/p>\n<p><img loading=\"lazy\" decoding=\"async\" class=\"alignnone size-full wp-image-21683\" src=\"https:\/\/www.ondernemendvenlo.nl\/wp-content\/uploads\/2025\/04\/LedenbijeenkomstSpikweien_06.jpg\" alt=\"\" width=\"1080\" height=\"1080\" \/><\/p>\n<p><img loading=\"lazy\" decoding=\"async\" class=\"alignnone size-full wp-image-21686\" src=\"https:\/\/www.ondernemendvenlo.nl\/wp-content\/uploads\/2025\/04\/LedenbijeenkomstSpikweien_09.jpg\" alt=\"\" width=\"1920\" height=\"1080\" \/><img loading=\"lazy\" decoding=\"async\" class=\"alignnone size-full wp-image-21682\" src=\"https:\/\/www.ondernemendvenlo.nl\/wp-content\/uploads\/2025\/04\/LedenbijeenkomstSpikweien_05.jpg\" alt=\"\" width=\"1600\" height=\"1200\" \/><img loading=\"lazy\" decoding=\"async\" class=\"alignnone size-full wp-image-21687\" src=\"https:\/\/www.ondernemendvenlo.nl\/wp-content\/uploads\/2025\/04\/LedenbijeenkomstSpikweien_10.jpg\" alt=\"\" width=\"1920\" height=\"1080\" \/> <img loading=\"lazy\" decoding=\"async\" class=\"alignnone size-full wp-image-21684\" src=\"https:\/\/www.ondernemendvenlo.nl\/wp-content\/uploads\/2025\/04\/LedenbijeenkomstSpikweien_07.jpg\" alt=\"\" width=\"1920\" height=\"1080\" \/><\/p>","protected":false},"excerpt":{"rendered":"<p>Vrijdag 31 mei was de ledenbijeenkomst van Ondernemend Venlo afdeling Spikweien bij de Wijmarsche Watermolen in Arcen. In de gerestaureerde watermolen, oorspronkelijk uit 1677, is de ambachtelijke jenever- en likeurstokerij gevestigd van Graanbranderij de IJsvogel. Niet alleen een prachtig decor voor deze bijzondere ledenbijeenkomst, maar ook een vermakelijk en leerzame locatie voor de zeer goed [&hellip;]<\/p>","protected":false},"author":1,"featured_media":3145,"comment_status":"closed","ping_status":"open","sticky":false,"template":"","format":"standard","meta":{"_acf_changed":false,"footnotes":""},"categories":[8],"tags":[],"class_list":["post-3144","post","type-post","status-publish","format-standard","has-post-thumbnail","hentry","category-nieuws"],"acf":[],"yoast_head":"<!-- This site is optimized with the Yoast SEO plugin v26.3 - https:\/\/yoast.com\/wordpress\/plugins\/seo\/ -->\n<title>Ledenbijeenkomst afdeling Spikweien - Ondernemend Venlo<\/title>\n<meta name=\"robots\" content=\"index, follow, max-snippet:-1, max-image-preview:large, max-video-preview:-1\" \/>\n<link rel=\"canonical\" href=\"https:\/\/www.ondernemendvenlo.nl\/de\/ledenbijeenkomst-ondernemendvenlo-afdeling-spikweien\/\" \/>\n<meta property=\"og:locale\" content=\"de_DE\" \/>\n<meta property=\"og:type\" content=\"article\" \/>\n<meta property=\"og:title\" content=\"Ledenbijeenkomst afdeling Spikweien - Ondernemend Venlo\" \/>\n<meta property=\"og:description\" content=\"Vrijdag 31 mei was de ledenbijeenkomst van Ondernemend Venlo afdeling Spikweien bij de Wijmarsche Watermolen in Arcen. In de gerestaureerde watermolen, oorspronkelijk uit 1677, is de ambachtelijke jenever- en likeurstokerij gevestigd van Graanbranderij de IJsvogel. Niet alleen een prachtig decor voor deze bijzondere ledenbijeenkomst, maar ook een vermakelijk en leerzame locatie voor de zeer goed [&hellip;]\" \/>\n<meta property=\"og:url\" content=\"https:\/\/www.ondernemendvenlo.nl\/de\/ledenbijeenkomst-ondernemendvenlo-afdeling-spikweien\/\" \/>\n<meta property=\"og:site_name\" content=\"Ondernemend Venlo\" \/>\n<meta property=\"article:published_time\" content=\"2024-06-03T12:35:10+00:00\" \/>\n<meta property=\"og:image\" content=\"https:\/\/www.ondernemendvenlo.nl\/wp-content\/uploads\/2025\/04\/LedenbijeenkomstSpikweien_01.jpg\" \/>\n\t<meta property=\"og:image:width\" content=\"1920\" \/>\n\t<meta property=\"og:image:height\" content=\"1080\" \/>\n\t<meta property=\"og:image:type\" content=\"image\/jpeg\" \/>\n<meta name=\"author\" content=\"admin\" \/>\n<meta name=\"twitter:card\" content=\"summary_large_image\" \/>\n<meta name=\"twitter:label1\" content=\"Verfasst von\" \/>\n\t<meta name=\"twitter:data1\" content=\"admin\" \/>\n\t<meta name=\"twitter:label2\" content=\"Gesch\u00e4tzte Lesezeit\" \/>\n\t<meta name=\"twitter:data2\" content=\"1\u00a0Minute\" \/>\n<script type=\"application\/ld+json\" class=\"yoast-schema-graph\">{\"@context\":\"https:\/\/schema.org\",\"@graph\":[{\"@type\":\"Article\",\"@id\":\"https:\/\/www.ondernemendvenlo.nl\/ledenbijeenkomst-ondernemendvenlo-afdeling-spikweien\/#article\",\"isPartOf\":{\"@id\":\"https:\/\/www.ondernemendvenlo.nl\/ledenbijeenkomst-ondernemendvenlo-afdeling-spikweien\/\"},\"author\":{\"name\":\"admin\",\"@id\":\"https:\/\/www.ondernemendvenlo.nl\/#\/schema\/person\/347e935f8ad4c7030608ef74bb57aa6e\"},\"headline\":\"Ledenbijeenkomst afdeling Spikweien\",\"datePublished\":\"2024-06-03T12:35:10+00:00\",\"mainEntityOfPage\":{\"@id\":\"https:\/\/www.ondernemendvenlo.nl\/ledenbijeenkomst-ondernemendvenlo-afdeling-spikweien\/\"},\"wordCount\":152,\"publisher\":{\"@id\":\"https:\/\/www.ondernemendvenlo.nl\/#organization\"},\"image\":{\"@id\":\"https:\/\/www.ondernemendvenlo.nl\/ledenbijeenkomst-ondernemendvenlo-afdeling-spikweien\/#primaryimage\"},\"thumbnailUrl\":\"https:\/\/www.ondernemendvenlo.nl\/wp-content\/uploads\/2025\/04\/LedenbijeenkomstSpikweien_01.jpg\",\"articleSection\":[\"Nieuws\"],\"inLanguage\":\"de\"},{\"@type\":\"WebPage\",\"@id\":\"https:\/\/www.ondernemendvenlo.nl\/ledenbijeenkomst-ondernemendvenlo-afdeling-spikweien\/\",\"url\":\"https:\/\/www.ondernemendvenlo.nl\/ledenbijeenkomst-ondernemendvenlo-afdeling-spikweien\/\",\"name\":\"Ledenbijeenkomst afdeling Spikweien - Ondernemend Venlo\",\"isPartOf\":{\"@id\":\"https:\/\/www.ondernemendvenlo.nl\/#website\"},\"primaryImageOfPage\":{\"@id\":\"https:\/\/www.ondernemendvenlo.nl\/ledenbijeenkomst-ondernemendvenlo-afdeling-spikweien\/#primaryimage\"},\"image\":{\"@id\":\"https:\/\/www.ondernemendvenlo.nl\/ledenbijeenkomst-ondernemendvenlo-afdeling-spikweien\/#primaryimage\"},\"thumbnailUrl\":\"https:\/\/www.ondernemendvenlo.nl\/wp-content\/uploads\/2025\/04\/LedenbijeenkomstSpikweien_01.jpg\",\"datePublished\":\"2024-06-03T12:35:10+00:00\",\"breadcrumb\":{\"@id\":\"https:\/\/www.ondernemendvenlo.nl\/ledenbijeenkomst-ondernemendvenlo-afdeling-spikweien\/#breadcrumb\"},\"inLanguage\":\"de\",\"potentialAction\":[{\"@type\":\"ReadAction\",\"target\":[\"https:\/\/www.ondernemendvenlo.nl\/ledenbijeenkomst-ondernemendvenlo-afdeling-spikweien\/\"]}]},{\"@type\":\"ImageObject\",\"inLanguage\":\"de\",\"@id\":\"https:\/\/www.ondernemendvenlo.nl\/ledenbijeenkomst-ondernemendvenlo-afdeling-spikweien\/#primaryimage\",\"url\":\"https:\/\/www.ondernemendvenlo.nl\/wp-content\/uploads\/2025\/04\/LedenbijeenkomstSpikweien_01.jpg\",\"contentUrl\":\"https:\/\/www.ondernemendvenlo.nl\/wp-content\/uploads\/2025\/04\/LedenbijeenkomstSpikweien_01.jpg\",\"width\":1920,\"height\":1080},{\"@type\":\"BreadcrumbList\",\"@id\":\"https:\/\/www.ondernemendvenlo.nl\/ledenbijeenkomst-ondernemendvenlo-afdeling-spikweien\/#breadcrumb\",\"itemListElement\":[{\"@type\":\"ListItem\",\"position\":1,\"name\":\"Ondernemend Venlo\",\"item\":\"https:\/\/www.ondernemendvenlo.nl\/\"},{\"@type\":\"ListItem\",\"position\":2,\"name\":\"Nieuws\",\"item\":\"https:\/\/www.ondernemendvenlo.nl\/categorie\/nieuws\/\"},{\"@type\":\"ListItem\",\"position\":3,\"name\":\"Ledenbijeenkomst afdeling Spikweien\"}]},{\"@type\":\"WebSite\",\"@id\":\"https:\/\/www.ondernemendvenlo.nl\/#website\",\"url\":\"https:\/\/www.ondernemendvenlo.nl\/\",\"name\":\"Ondernemend Venlo\",\"description\":\"Samen succesvol ondernemen\",\"publisher\":{\"@id\":\"https:\/\/www.ondernemendvenlo.nl\/#organization\"},\"potentialAction\":[{\"@type\":\"SearchAction\",\"target\":{\"@type\":\"EntryPoint\",\"urlTemplate\":\"https:\/\/www.ondernemendvenlo.nl\/?s={search_term_string}\"},\"query-input\":{\"@type\":\"PropertyValueSpecification\",\"valueRequired\":true,\"valueName\":\"search_term_string\"}}],\"inLanguage\":\"de\"},{\"@type\":\"Organization\",\"@id\":\"https:\/\/www.ondernemendvenlo.nl\/#organization\",\"name\":\"Ondernemend Venlo\",\"url\":\"https:\/\/www.ondernemendvenlo.nl\/\",\"logo\":{\"@type\":\"ImageObject\",\"inLanguage\":\"de\",\"@id\":\"https:\/\/www.ondernemendvenlo.nl\/#\/schema\/logo\/image\/\",\"url\":\"https:\/\/www.ondernemendvenlo.nl\/wp-content\/uploads\/2025\/02\/Ondernemend-Venlo-logo-scaled.webp\",\"contentUrl\":\"https:\/\/www.ondernemendvenlo.nl\/wp-content\/uploads\/2025\/02\/Ondernemend-Venlo-logo-scaled.webp\",\"width\":2560,\"height\":1010,\"caption\":\"Ondernemend Venlo\"},\"image\":{\"@id\":\"https:\/\/www.ondernemendvenlo.nl\/#\/schema\/logo\/image\/\"},\"sameAs\":[\"https:\/\/www.linkedin.com\/company\/ondernemend-venlo\/\"]},{\"@type\":\"Person\",\"@id\":\"https:\/\/www.ondernemendvenlo.nl\/#\/schema\/person\/347e935f8ad4c7030608ef74bb57aa6e\",\"name\":\"admin\",\"image\":{\"@type\":\"ImageObject\",\"inLanguage\":\"de\",\"@id\":\"https:\/\/www.ondernemendvenlo.nl\/#\/schema\/person\/image\/\",\"url\":\"https:\/\/www.ondernemendvenlo.nl\/wp-content\/litespeed\/avatar\/720af750b037aecf6e33e12833479059.jpg?ver=1777382954\",\"contentUrl\":\"https:\/\/www.ondernemendvenlo.nl\/wp-content\/litespeed\/avatar\/720af750b037aecf6e33e12833479059.jpg?ver=1777382954\",\"caption\":\"admin\"},\"sameAs\":[\"https:\/\/www.ondernemendvenlo.nl\"]}]}<\/script>\n<!-- \/ Yoast SEO plugin. -->","yoast_head_json":{"title":"Ledenbijeenkomst afdeling Spikweien - Ondernemend Venlo","robots":{"index":"index","follow":"follow","max-snippet":"max-snippet:-1","max-image-preview":"max-image-preview:large","max-video-preview":"max-video-preview:-1"},"canonical":"https:\/\/www.ondernemendvenlo.nl\/de\/ledenbijeenkomst-ondernemendvenlo-afdeling-spikweien\/","og_locale":"de_DE","og_type":"article","og_title":"Ledenbijeenkomst afdeling Spikweien - Ondernemend Venlo","og_description":"Vrijdag 31 mei was de ledenbijeenkomst van Ondernemend Venlo afdeling Spikweien bij de Wijmarsche Watermolen in Arcen. In de gerestaureerde watermolen, oorspronkelijk uit 1677, is de ambachtelijke jenever- en likeurstokerij gevestigd van Graanbranderij de IJsvogel. Niet alleen een prachtig decor voor deze bijzondere ledenbijeenkomst, maar ook een vermakelijk en leerzame locatie voor de zeer goed [&hellip;]","og_url":"https:\/\/www.ondernemendvenlo.nl\/de\/ledenbijeenkomst-ondernemendvenlo-afdeling-spikweien\/","og_site_name":"Ondernemend Venlo","article_published_time":"2024-06-03T12:35:10+00:00","og_image":[{"width":1920,"height":1080,"url":"https:\/\/www.ondernemendvenlo.nl\/wp-content\/uploads\/2025\/04\/LedenbijeenkomstSpikweien_01.jpg","type":"image\/jpeg"}],"author":"admin","twitter_card":"summary_large_image","twitter_misc":{"Verfasst von":"admin","Gesch\u00e4tzte Lesezeit":"1\u00a0Minute"},"schema":{"@context":"https:\/\/schema.org","@graph":[{"@type":"Article","@id":"https:\/\/www.ondernemendvenlo.nl\/ledenbijeenkomst-ondernemendvenlo-afdeling-spikweien\/#article","isPartOf":{"@id":"https:\/\/www.ondernemendvenlo.nl\/ledenbijeenkomst-ondernemendvenlo-afdeling-spikweien\/"},"author":{"name":"admin","@id":"https:\/\/www.ondernemendvenlo.nl\/#\/schema\/person\/347e935f8ad4c7030608ef74bb57aa6e"},"headline":"Ledenbijeenkomst afdeling Spikweien","datePublished":"2024-06-03T12:35:10+00:00","mainEntityOfPage":{"@id":"https:\/\/www.ondernemendvenlo.nl\/ledenbijeenkomst-ondernemendvenlo-afdeling-spikweien\/"},"wordCount":152,"publisher":{"@id":"https:\/\/www.ondernemendvenlo.nl\/#organization"},"image":{"@id":"https:\/\/www.ondernemendvenlo.nl\/ledenbijeenkomst-ondernemendvenlo-afdeling-spikweien\/#primaryimage"},"thumbnailUrl":"https:\/\/www.ondernemendvenlo.nl\/wp-content\/uploads\/2025\/04\/LedenbijeenkomstSpikweien_01.jpg","articleSection":["Nieuws"],"inLanguage":"de"},{"@type":"WebPage","@id":"https:\/\/www.ondernemendvenlo.nl\/ledenbijeenkomst-ondernemendvenlo-afdeling-spikweien\/","url":"https:\/\/www.ondernemendvenlo.nl\/ledenbijeenkomst-ondernemendvenlo-afdeling-spikweien\/","name":"Ledenbijeenkomst afdeling Spikweien - Ondernemend Venlo","isPartOf":{"@id":"https:\/\/www.ondernemendvenlo.nl\/#website"},"primaryImageOfPage":{"@id":"https:\/\/www.ondernemendvenlo.nl\/ledenbijeenkomst-ondernemendvenlo-afdeling-spikweien\/#primaryimage"},"image":{"@id":"https:\/\/www.ondernemendvenlo.nl\/ledenbijeenkomst-ondernemendvenlo-afdeling-spikweien\/#primaryimage"},"thumbnailUrl":"https:\/\/www.ondernemendvenlo.nl\/wp-content\/uploads\/2025\/04\/LedenbijeenkomstSpikweien_01.jpg","datePublished":"2024-06-03T12:35:10+00:00","breadcrumb":{"@id":"https:\/\/www.ondernemendvenlo.nl\/ledenbijeenkomst-ondernemendvenlo-afdeling-spikweien\/#breadcrumb"},"inLanguage":"de","potentialAction":[{"@type":"ReadAction","target":["https:\/\/www.ondernemendvenlo.nl\/ledenbijeenkomst-ondernemendvenlo-afdeling-spikweien\/"]}]},{"@type":"ImageObject","inLanguage":"de","@id":"https:\/\/www.ondernemendvenlo.nl\/ledenbijeenkomst-ondernemendvenlo-afdeling-spikweien\/#primaryimage","url":"https:\/\/www.ondernemendvenlo.nl\/wp-content\/uploads\/2025\/04\/LedenbijeenkomstSpikweien_01.jpg","contentUrl":"https:\/\/www.ondernemendvenlo.nl\/wp-content\/uploads\/2025\/04\/LedenbijeenkomstSpikweien_01.jpg","width":1920,"height":1080},{"@type":"BreadcrumbList","@id":"https:\/\/www.ondernemendvenlo.nl\/ledenbijeenkomst-ondernemendvenlo-afdeling-spikweien\/#breadcrumb","itemListElement":[{"@type":"ListItem","position":1,"name":"Ondernemend Venlo","item":"https:\/\/www.ondernemendvenlo.nl\/"},{"@type":"ListItem","position":2,"name":"Nieuws","item":"https:\/\/www.ondernemendvenlo.nl\/categorie\/nieuws\/"},{"@type":"ListItem","position":3,"name":"Ledenbijeenkomst afdeling Spikweien"}]},{"@type":"WebSite","@id":"https:\/\/www.ondernemendvenlo.nl\/#website","url":"https:\/\/www.ondernemendvenlo.nl\/","name":"Unternehmerisches Venlo","description":"Samen succesvol ondernemen","publisher":{"@id":"https:\/\/www.ondernemendvenlo.nl\/#organization"},"potentialAction":[{"@type":"SearchAction","target":{"@type":"EntryPoint","urlTemplate":"https:\/\/www.ondernemendvenlo.nl\/?s={search_term_string}"},"query-input":{"@type":"PropertyValueSpecification","valueRequired":true,"valueName":"search_term_string"}}],"inLanguage":"de"},{"@type":"Organization","@id":"https:\/\/www.ondernemendvenlo.nl\/#organization","name":"Unternehmerisches Venlo","url":"https:\/\/www.ondernemendvenlo.nl\/","logo":{"@type":"ImageObject","inLanguage":"de","@id":"https:\/\/www.ondernemendvenlo.nl\/#\/schema\/logo\/image\/","url":"https:\/\/www.ondernemendvenlo.nl\/wp-content\/uploads\/2025\/02\/Ondernemend-Venlo-logo-scaled.webp","contentUrl":"https:\/\/www.ondernemendvenlo.nl\/wp-content\/uploads\/2025\/02\/Ondernemend-Venlo-logo-scaled.webp","width":2560,"height":1010,"caption":"Ondernemend Venlo"},"image":{"@id":"https:\/\/www.ondernemendvenlo.nl\/#\/schema\/logo\/image\/"},"sameAs":["https:\/\/www.linkedin.com\/company\/ondernemend-venlo\/"]},{"@type":"Person","@id":"https:\/\/www.ondernemendvenlo.nl\/#\/schema\/person\/347e935f8ad4c7030608ef74bb57aa6e","name":"admin","image":{"@type":"ImageObject","inLanguage":"de","@id":"https:\/\/www.ondernemendvenlo.nl\/#\/schema\/person\/image\/","url":"https:\/\/www.ondernemendvenlo.nl\/wp-content\/litespeed\/avatar\/720af750b037aecf6e33e12833479059.jpg?ver=1777382954","contentUrl":"https:\/\/www.ondernemendvenlo.nl\/wp-content\/litespeed\/avatar\/720af750b037aecf6e33e12833479059.jpg?ver=1777382954","caption":"admin"},"sameAs":["https:\/\/www.ondernemendvenlo.nl"]}]}},"_links":{"self":[{"href":"https:\/\/www.ondernemendvenlo.nl\/de\/wp-json\/wp\/v2\/posts\/3144","targetHints":{"allow":["GET"]}}],"collection":[{"href":"https:\/\/www.ondernemendvenlo.nl\/de\/wp-json\/wp\/v2\/posts"}],"about":[{"href":"https:\/\/www.ondernemendvenlo.nl\/de\/wp-json\/wp\/v2\/types\/post"}],"author":[{"embeddable":true,"href":"https:\/\/www.ondernemendvenlo.nl\/de\/wp-json\/wp\/v2\/users\/1"}],"replies":[{"embeddable":true,"href":"https:\/\/www.ondernemendvenlo.nl\/de\/wp-json\/wp\/v2\/comments?post=3144"}],"version-history":[{"count":0,"href":"https:\/\/www.ondernemendvenlo.nl\/de\/wp-json\/wp\/v2\/posts\/3144\/revisions"}],"wp:featuredmedia":[{"embeddable":true,"href":"https:\/\/www.ondernemendvenlo.nl\/de\/wp-json\/wp\/v2\/media\/3145"}],"wp:attachment":[{"href":"https:\/\/www.ondernemendvenlo.nl\/de\/wp-json\/wp\/v2\/media?parent=3144"}],"wp:term":[{"taxonomy":"category","embeddable":true,"href":"https:\/\/www.ondernemendvenlo.nl\/de\/wp-json\/wp\/v2\/categories?post=3144"},{"taxonomy":"post_tag","embeddable":true,"href":"https:\/\/www.ondernemendvenlo.nl\/de\/wp-json\/wp\/v2\/tags?post=3144"}],"curies":[{"name":"wp","href":"https:\/\/api.w.org\/{rel}","templated":true}]}}