{"id":3172,"date":"2024-07-24T12:19:50","date_gmt":"2024-07-24T10:19:50","guid":{"rendered":"https:\/\/www.ondernemendvenlo.nl\/start-landelijke-campagne-mijn-leercultuur\/"},"modified":"2024-07-24T12:19:50","modified_gmt":"2024-07-24T10:19:50","slug":"start-landelijke-campagne-mijn-leercultuur","status":"publish","type":"post","link":"https:\/\/www.ondernemendvenlo.nl\/de\/start-landelijke-campagne-mijn-leercultuur\/","title":{"rendered":"Nationale Kampagne \"Meine Lernkultur\" gestartet"},"content":{"rendered":"<p class=\"xxmsonormal\"><strong>Sind Sie neugierig, was Lernen am Arbeitsplatz f\u00fcr Ihr Unternehmen bedeuten kann? Mit einer starken Lernkultur steigern Sie die Produktivit\u00e4t und Zufriedenheit Ihres Teams. Au\u00dferdem k\u00f6nnen Sie schneller auf Ver\u00e4nderungen reagieren und die Innovationskraft des Unternehmens steigern. Durch die F\u00f6rderung des Lernens am Arbeitsplatz wird die Arbeit fortgesetzt, w\u00e4hrend sich Ihre Mitarbeiter weiterentwickeln. Dies f\u00fchrt zu mehr Arbeitszufriedenheit und ist gut f\u00fcr das Unternehmen.<\/strong><\/p>\n<p class=\"xxmsonormal\">Die Kampagne \"Meine Lernkultur\" wurde vom SZW-Ministerium, aber in Zusammenarbeit mit den O&amp;O-Fonds verschiedener Sektoren ins Leben gerufen. Neben Informationen zu lebenslanger Entwicklung, informellem Lernen, Beispielen, Finanzen usw. ist auch ein Quickscan f\u00fcr Unternehmen verf\u00fcgbar. Dieser Quickscan hilft Unternehmen, ihre Lernkultur weiterzuentwickeln.<\/p>\n<p class=\"xxmsonormal\">Weitere Informationen finden Sie auf den nachstehenden Websites:<br \/>\n<em><strong><a title=\"http:\/\/www.mijnleercultuur.nl\/\" href=\"http:\/\/www.mijnleercultuur.nl\/\" data-outlook-id=\"4649edcf-5cc7-41b4-a192-83c88a2415e7\">www.mijnleercultuur.nl<\/a><br \/>\n<\/strong><\/em><em><strong><a title=\"http:\/\/www.mijnleercultuur.wijzijnkatapult.nl\/\" href=\"http:\/\/www.mijnleercultuur.wijzijnkatapult.nl\/\" data-outlook-id=\"2c0aa8ce-576f-41f1-8c2e-de87982eb40e\">www.mijnleercultuur.wijzijnkatapult.nl<\/a><\/strong><\/em><\/p>","protected":false},"excerpt":{"rendered":"<p>Ben jij benieuwd wat leren op de werkvloer voor jouw bedrijf kan betekenen? Met een sterke leercultuur verhoog je de productiviteit en de tevredenheid van je team. Ook kun je sneller inspelen op veranderingen en vergroot je de innovatiekracht van het bedrijf. Door leren op de werkvloer aan te moedigen, gaat het werk door terwijl [&hellip;]<\/p>","protected":false},"author":1,"featured_media":3173,"comment_status":"closed","ping_status":"open","sticky":false,"template":"","format":"standard","meta":{"_acf_changed":false,"footnotes":""},"categories":[8],"tags":[],"class_list":["post-3172","post","type-post","status-publish","format-standard","has-post-thumbnail","hentry","category-nieuws"],"acf":[],"yoast_head":"<!-- This site is optimized with the Yoast SEO plugin v26.3 - https:\/\/yoast.com\/wordpress\/plugins\/seo\/ -->\n<title>Start landelijke campagne \u2018Mijn Leercultuur\u2019 - Ondernemend Venlo<\/title>\n<meta name=\"robots\" content=\"index, follow, max-snippet:-1, max-image-preview:large, max-video-preview:-1\" \/>\n<link rel=\"canonical\" href=\"https:\/\/www.ondernemendvenlo.nl\/de\/start-landelijke-campagne-mijn-leercultuur\/\" \/>\n<meta property=\"og:locale\" content=\"de_DE\" \/>\n<meta property=\"og:type\" content=\"article\" \/>\n<meta property=\"og:title\" content=\"Start landelijke campagne \u2018Mijn Leercultuur\u2019 - Ondernemend Venlo\" \/>\n<meta property=\"og:description\" content=\"Ben jij benieuwd wat leren op de werkvloer voor jouw bedrijf kan betekenen? Met een sterke leercultuur verhoog je de productiviteit en de tevredenheid van je team. Ook kun je sneller inspelen op veranderingen en vergroot je de innovatiekracht van het bedrijf. Door leren op de werkvloer aan te moedigen, gaat het werk door terwijl [&hellip;]\" \/>\n<meta property=\"og:url\" content=\"https:\/\/www.ondernemendvenlo.nl\/de\/start-landelijke-campagne-mijn-leercultuur\/\" \/>\n<meta property=\"og:site_name\" content=\"Ondernemend Venlo\" \/>\n<meta property=\"article:published_time\" content=\"2024-07-24T10:19:50+00:00\" \/>\n<meta property=\"og:image\" content=\"https:\/\/www.ondernemendvenlo.nl\/wp-content\/uploads\/2025\/04\/OVERHEID_mlc_1920x1080.jpg\" \/>\n\t<meta property=\"og:image:width\" content=\"1920\" \/>\n\t<meta property=\"og:image:height\" content=\"1080\" \/>\n\t<meta property=\"og:image:type\" content=\"image\/jpeg\" \/>\n<meta name=\"author\" content=\"admin\" \/>\n<meta name=\"twitter:card\" content=\"summary_large_image\" \/>\n<meta name=\"twitter:label1\" content=\"Verfasst von\" \/>\n\t<meta name=\"twitter:data1\" content=\"admin\" \/>\n\t<meta name=\"twitter:label2\" content=\"Gesch\u00e4tzte Lesezeit\" \/>\n\t<meta name=\"twitter:data2\" content=\"1\u00a0Minute\" \/>\n<script type=\"application\/ld+json\" class=\"yoast-schema-graph\">{\"@context\":\"https:\/\/schema.org\",\"@graph\":[{\"@type\":\"Article\",\"@id\":\"https:\/\/www.ondernemendvenlo.nl\/start-landelijke-campagne-mijn-leercultuur\/#article\",\"isPartOf\":{\"@id\":\"https:\/\/www.ondernemendvenlo.nl\/start-landelijke-campagne-mijn-leercultuur\/\"},\"author\":{\"name\":\"admin\",\"@id\":\"https:\/\/www.ondernemendvenlo.nl\/#\/schema\/person\/347e935f8ad4c7030608ef74bb57aa6e\"},\"headline\":\"Start landelijke campagne \u2018Mijn Leercultuur\u2019\",\"datePublished\":\"2024-07-24T10:19:50+00:00\",\"mainEntityOfPage\":{\"@id\":\"https:\/\/www.ondernemendvenlo.nl\/start-landelijke-campagne-mijn-leercultuur\/\"},\"wordCount\":138,\"publisher\":{\"@id\":\"https:\/\/www.ondernemendvenlo.nl\/#organization\"},\"image\":{\"@id\":\"https:\/\/www.ondernemendvenlo.nl\/start-landelijke-campagne-mijn-leercultuur\/#primaryimage\"},\"thumbnailUrl\":\"https:\/\/www.ondernemendvenlo.nl\/wp-content\/uploads\/2025\/04\/OVERHEID_mlc_1920x1080.jpg\",\"articleSection\":[\"Nieuws\"],\"inLanguage\":\"de\"},{\"@type\":\"WebPage\",\"@id\":\"https:\/\/www.ondernemendvenlo.nl\/start-landelijke-campagne-mijn-leercultuur\/\",\"url\":\"https:\/\/www.ondernemendvenlo.nl\/start-landelijke-campagne-mijn-leercultuur\/\",\"name\":\"Start landelijke campagne \u2018Mijn Leercultuur\u2019 - Ondernemend Venlo\",\"isPartOf\":{\"@id\":\"https:\/\/www.ondernemendvenlo.nl\/#website\"},\"primaryImageOfPage\":{\"@id\":\"https:\/\/www.ondernemendvenlo.nl\/start-landelijke-campagne-mijn-leercultuur\/#primaryimage\"},\"image\":{\"@id\":\"https:\/\/www.ondernemendvenlo.nl\/start-landelijke-campagne-mijn-leercultuur\/#primaryimage\"},\"thumbnailUrl\":\"https:\/\/www.ondernemendvenlo.nl\/wp-content\/uploads\/2025\/04\/OVERHEID_mlc_1920x1080.jpg\",\"datePublished\":\"2024-07-24T10:19:50+00:00\",\"breadcrumb\":{\"@id\":\"https:\/\/www.ondernemendvenlo.nl\/start-landelijke-campagne-mijn-leercultuur\/#breadcrumb\"},\"inLanguage\":\"de\",\"potentialAction\":[{\"@type\":\"ReadAction\",\"target\":[\"https:\/\/www.ondernemendvenlo.nl\/start-landelijke-campagne-mijn-leercultuur\/\"]}]},{\"@type\":\"ImageObject\",\"inLanguage\":\"de\",\"@id\":\"https:\/\/www.ondernemendvenlo.nl\/start-landelijke-campagne-mijn-leercultuur\/#primaryimage\",\"url\":\"https:\/\/www.ondernemendvenlo.nl\/wp-content\/uploads\/2025\/04\/OVERHEID_mlc_1920x1080.jpg\",\"contentUrl\":\"https:\/\/www.ondernemendvenlo.nl\/wp-content\/uploads\/2025\/04\/OVERHEID_mlc_1920x1080.jpg\",\"width\":1920,\"height\":1080},{\"@type\":\"BreadcrumbList\",\"@id\":\"https:\/\/www.ondernemendvenlo.nl\/start-landelijke-campagne-mijn-leercultuur\/#breadcrumb\",\"itemListElement\":[{\"@type\":\"ListItem\",\"position\":1,\"name\":\"Ondernemend Venlo\",\"item\":\"https:\/\/www.ondernemendvenlo.nl\/\"},{\"@type\":\"ListItem\",\"position\":2,\"name\":\"Nieuws\",\"item\":\"https:\/\/www.ondernemendvenlo.nl\/categorie\/nieuws\/\"},{\"@type\":\"ListItem\",\"position\":3,\"name\":\"Start landelijke campagne \u2018Mijn Leercultuur\u2019\"}]},{\"@type\":\"WebSite\",\"@id\":\"https:\/\/www.ondernemendvenlo.nl\/#website\",\"url\":\"https:\/\/www.ondernemendvenlo.nl\/\",\"name\":\"Ondernemend Venlo\",\"description\":\"Samen succesvol ondernemen\",\"publisher\":{\"@id\":\"https:\/\/www.ondernemendvenlo.nl\/#organization\"},\"potentialAction\":[{\"@type\":\"SearchAction\",\"target\":{\"@type\":\"EntryPoint\",\"urlTemplate\":\"https:\/\/www.ondernemendvenlo.nl\/?s={search_term_string}\"},\"query-input\":{\"@type\":\"PropertyValueSpecification\",\"valueRequired\":true,\"valueName\":\"search_term_string\"}}],\"inLanguage\":\"de\"},{\"@type\":\"Organization\",\"@id\":\"https:\/\/www.ondernemendvenlo.nl\/#organization\",\"name\":\"Ondernemend Venlo\",\"url\":\"https:\/\/www.ondernemendvenlo.nl\/\",\"logo\":{\"@type\":\"ImageObject\",\"inLanguage\":\"de\",\"@id\":\"https:\/\/www.ondernemendvenlo.nl\/#\/schema\/logo\/image\/\",\"url\":\"https:\/\/www.ondernemendvenlo.nl\/wp-content\/uploads\/2025\/02\/Ondernemend-Venlo-logo-scaled.webp\",\"contentUrl\":\"https:\/\/www.ondernemendvenlo.nl\/wp-content\/uploads\/2025\/02\/Ondernemend-Venlo-logo-scaled.webp\",\"width\":2560,\"height\":1010,\"caption\":\"Ondernemend Venlo\"},\"image\":{\"@id\":\"https:\/\/www.ondernemendvenlo.nl\/#\/schema\/logo\/image\/\"},\"sameAs\":[\"https:\/\/www.linkedin.com\/company\/ondernemend-venlo\/\"]},{\"@type\":\"Person\",\"@id\":\"https:\/\/www.ondernemendvenlo.nl\/#\/schema\/person\/347e935f8ad4c7030608ef74bb57aa6e\",\"name\":\"admin\",\"image\":{\"@type\":\"ImageObject\",\"inLanguage\":\"de\",\"@id\":\"https:\/\/www.ondernemendvenlo.nl\/#\/schema\/person\/image\/\",\"url\":\"https:\/\/www.ondernemendvenlo.nl\/wp-content\/litespeed\/avatar\/720af750b037aecf6e33e12833479059.jpg?ver=1777382954\",\"contentUrl\":\"https:\/\/www.ondernemendvenlo.nl\/wp-content\/litespeed\/avatar\/720af750b037aecf6e33e12833479059.jpg?ver=1777382954\",\"caption\":\"admin\"},\"sameAs\":[\"https:\/\/www.ondernemendvenlo.nl\"]}]}<\/script>\n<!-- \/ Yoast SEO plugin. -->","yoast_head_json":{"title":"Start landelijke campagne \u2018Mijn Leercultuur\u2019 - Ondernemend Venlo","robots":{"index":"index","follow":"follow","max-snippet":"max-snippet:-1","max-image-preview":"max-image-preview:large","max-video-preview":"max-video-preview:-1"},"canonical":"https:\/\/www.ondernemendvenlo.nl\/de\/start-landelijke-campagne-mijn-leercultuur\/","og_locale":"de_DE","og_type":"article","og_title":"Start landelijke campagne \u2018Mijn Leercultuur\u2019 - Ondernemend Venlo","og_description":"Ben jij benieuwd wat leren op de werkvloer voor jouw bedrijf kan betekenen? Met een sterke leercultuur verhoog je de productiviteit en de tevredenheid van je team. Ook kun je sneller inspelen op veranderingen en vergroot je de innovatiekracht van het bedrijf. Door leren op de werkvloer aan te moedigen, gaat het werk door terwijl [&hellip;]","og_url":"https:\/\/www.ondernemendvenlo.nl\/de\/start-landelijke-campagne-mijn-leercultuur\/","og_site_name":"Ondernemend Venlo","article_published_time":"2024-07-24T10:19:50+00:00","og_image":[{"width":1920,"height":1080,"url":"https:\/\/www.ondernemendvenlo.nl\/wp-content\/uploads\/2025\/04\/OVERHEID_mlc_1920x1080.jpg","type":"image\/jpeg"}],"author":"admin","twitter_card":"summary_large_image","twitter_misc":{"Verfasst von":"admin","Gesch\u00e4tzte Lesezeit":"1\u00a0Minute"},"schema":{"@context":"https:\/\/schema.org","@graph":[{"@type":"Article","@id":"https:\/\/www.ondernemendvenlo.nl\/start-landelijke-campagne-mijn-leercultuur\/#article","isPartOf":{"@id":"https:\/\/www.ondernemendvenlo.nl\/start-landelijke-campagne-mijn-leercultuur\/"},"author":{"name":"admin","@id":"https:\/\/www.ondernemendvenlo.nl\/#\/schema\/person\/347e935f8ad4c7030608ef74bb57aa6e"},"headline":"Start landelijke campagne \u2018Mijn Leercultuur\u2019","datePublished":"2024-07-24T10:19:50+00:00","mainEntityOfPage":{"@id":"https:\/\/www.ondernemendvenlo.nl\/start-landelijke-campagne-mijn-leercultuur\/"},"wordCount":138,"publisher":{"@id":"https:\/\/www.ondernemendvenlo.nl\/#organization"},"image":{"@id":"https:\/\/www.ondernemendvenlo.nl\/start-landelijke-campagne-mijn-leercultuur\/#primaryimage"},"thumbnailUrl":"https:\/\/www.ondernemendvenlo.nl\/wp-content\/uploads\/2025\/04\/OVERHEID_mlc_1920x1080.jpg","articleSection":["Nieuws"],"inLanguage":"de"},{"@type":"WebPage","@id":"https:\/\/www.ondernemendvenlo.nl\/start-landelijke-campagne-mijn-leercultuur\/","url":"https:\/\/www.ondernemendvenlo.nl\/start-landelijke-campagne-mijn-leercultuur\/","name":"Start landelijke campagne \u2018Mijn Leercultuur\u2019 - Ondernemend Venlo","isPartOf":{"@id":"https:\/\/www.ondernemendvenlo.nl\/#website"},"primaryImageOfPage":{"@id":"https:\/\/www.ondernemendvenlo.nl\/start-landelijke-campagne-mijn-leercultuur\/#primaryimage"},"image":{"@id":"https:\/\/www.ondernemendvenlo.nl\/start-landelijke-campagne-mijn-leercultuur\/#primaryimage"},"thumbnailUrl":"https:\/\/www.ondernemendvenlo.nl\/wp-content\/uploads\/2025\/04\/OVERHEID_mlc_1920x1080.jpg","datePublished":"2024-07-24T10:19:50+00:00","breadcrumb":{"@id":"https:\/\/www.ondernemendvenlo.nl\/start-landelijke-campagne-mijn-leercultuur\/#breadcrumb"},"inLanguage":"de","potentialAction":[{"@type":"ReadAction","target":["https:\/\/www.ondernemendvenlo.nl\/start-landelijke-campagne-mijn-leercultuur\/"]}]},{"@type":"ImageObject","inLanguage":"de","@id":"https:\/\/www.ondernemendvenlo.nl\/start-landelijke-campagne-mijn-leercultuur\/#primaryimage","url":"https:\/\/www.ondernemendvenlo.nl\/wp-content\/uploads\/2025\/04\/OVERHEID_mlc_1920x1080.jpg","contentUrl":"https:\/\/www.ondernemendvenlo.nl\/wp-content\/uploads\/2025\/04\/OVERHEID_mlc_1920x1080.jpg","width":1920,"height":1080},{"@type":"BreadcrumbList","@id":"https:\/\/www.ondernemendvenlo.nl\/start-landelijke-campagne-mijn-leercultuur\/#breadcrumb","itemListElement":[{"@type":"ListItem","position":1,"name":"Ondernemend Venlo","item":"https:\/\/www.ondernemendvenlo.nl\/"},{"@type":"ListItem","position":2,"name":"Nieuws","item":"https:\/\/www.ondernemendvenlo.nl\/categorie\/nieuws\/"},{"@type":"ListItem","position":3,"name":"Start landelijke campagne \u2018Mijn Leercultuur\u2019"}]},{"@type":"WebSite","@id":"https:\/\/www.ondernemendvenlo.nl\/#website","url":"https:\/\/www.ondernemendvenlo.nl\/","name":"Unternehmerisches Venlo","description":"Samen succesvol ondernemen","publisher":{"@id":"https:\/\/www.ondernemendvenlo.nl\/#organization"},"potentialAction":[{"@type":"SearchAction","target":{"@type":"EntryPoint","urlTemplate":"https:\/\/www.ondernemendvenlo.nl\/?s={search_term_string}"},"query-input":{"@type":"PropertyValueSpecification","valueRequired":true,"valueName":"search_term_string"}}],"inLanguage":"de"},{"@type":"Organization","@id":"https:\/\/www.ondernemendvenlo.nl\/#organization","name":"Unternehmerisches Venlo","url":"https:\/\/www.ondernemendvenlo.nl\/","logo":{"@type":"ImageObject","inLanguage":"de","@id":"https:\/\/www.ondernemendvenlo.nl\/#\/schema\/logo\/image\/","url":"https:\/\/www.ondernemendvenlo.nl\/wp-content\/uploads\/2025\/02\/Ondernemend-Venlo-logo-scaled.webp","contentUrl":"https:\/\/www.ondernemendvenlo.nl\/wp-content\/uploads\/2025\/02\/Ondernemend-Venlo-logo-scaled.webp","width":2560,"height":1010,"caption":"Ondernemend Venlo"},"image":{"@id":"https:\/\/www.ondernemendvenlo.nl\/#\/schema\/logo\/image\/"},"sameAs":["https:\/\/www.linkedin.com\/company\/ondernemend-venlo\/"]},{"@type":"Person","@id":"https:\/\/www.ondernemendvenlo.nl\/#\/schema\/person\/347e935f8ad4c7030608ef74bb57aa6e","name":"admin","image":{"@type":"ImageObject","inLanguage":"de","@id":"https:\/\/www.ondernemendvenlo.nl\/#\/schema\/person\/image\/","url":"https:\/\/www.ondernemendvenlo.nl\/wp-content\/litespeed\/avatar\/720af750b037aecf6e33e12833479059.jpg?ver=1777382954","contentUrl":"https:\/\/www.ondernemendvenlo.nl\/wp-content\/litespeed\/avatar\/720af750b037aecf6e33e12833479059.jpg?ver=1777382954","caption":"admin"},"sameAs":["https:\/\/www.ondernemendvenlo.nl"]}]}},"_links":{"self":[{"href":"https:\/\/www.ondernemendvenlo.nl\/de\/wp-json\/wp\/v2\/posts\/3172","targetHints":{"allow":["GET"]}}],"collection":[{"href":"https:\/\/www.ondernemendvenlo.nl\/de\/wp-json\/wp\/v2\/posts"}],"about":[{"href":"https:\/\/www.ondernemendvenlo.nl\/de\/wp-json\/wp\/v2\/types\/post"}],"author":[{"embeddable":true,"href":"https:\/\/www.ondernemendvenlo.nl\/de\/wp-json\/wp\/v2\/users\/1"}],"replies":[{"embeddable":true,"href":"https:\/\/www.ondernemendvenlo.nl\/de\/wp-json\/wp\/v2\/comments?post=3172"}],"version-history":[{"count":0,"href":"https:\/\/www.ondernemendvenlo.nl\/de\/wp-json\/wp\/v2\/posts\/3172\/revisions"}],"wp:featuredmedia":[{"embeddable":true,"href":"https:\/\/www.ondernemendvenlo.nl\/de\/wp-json\/wp\/v2\/media\/3173"}],"wp:attachment":[{"href":"https:\/\/www.ondernemendvenlo.nl\/de\/wp-json\/wp\/v2\/media?parent=3172"}],"wp:term":[{"taxonomy":"category","embeddable":true,"href":"https:\/\/www.ondernemendvenlo.nl\/de\/wp-json\/wp\/v2\/categories?post=3172"},{"taxonomy":"post_tag","embeddable":true,"href":"https:\/\/www.ondernemendvenlo.nl\/de\/wp-json\/wp\/v2\/tags?post=3172"}],"curies":[{"name":"wp","href":"https:\/\/api.w.org\/{rel}","templated":true}]}}