{"id":3181,"date":"2024-09-02T07:31:09","date_gmt":"2024-09-02T05:31:09","guid":{"rendered":"https:\/\/www.ondernemendvenlo.nl\/beleef-de-logistieke-keten\/"},"modified":"2024-09-02T07:31:09","modified_gmt":"2024-09-02T05:31:09","slug":"beleef-de-logistieke-keten","status":"publish","type":"post","link":"https:\/\/www.ondernemendvenlo.nl\/de\/beleef-de-logistieke-keten\/","title":{"rendered":"Erleben Sie die Logistikkette"},"content":{"rendered":"<h2 class=\"p2\"><i>Einmal mehr schlie\u00dfen sich die Logistikunternehmen in Venlo zusammen, um das Image ihres Sektors zu verbessern. <\/i><\/h2>\n<p class=\"p3\"><strong>Venlo - Verschiedene Logistikunternehmen, Schulgemeinschaften, Wissenseinrichtungen und der WerkgeversServicepunt Noord-Limburg organisieren zum siebten Mal in Folge gemeinsam den \"Beleef de Logistieke Keten\". Die erfolgreiche Veranstaltung, die darauf abzielt, Sch\u00fcler, Studenten und Arbeitssuchende f\u00fcr eine Ausbildung und Karriere im Logistiksektor zu begeistern, wird sein. <\/strong><\/p>\n<p class=\"p4\"><strong>Ein Sektor voller Tempo und Innovation<br \/>\n<\/strong>Der Logistiksektor entwickelt sich rasch zu einer wissensintensiven Branche. Deshalb wollen die Veranstalter bei \"Experience the logistics chain\" den Teilnehmern einen attraktiven Einblick in die Logistik geben und Vorurteile abbauen. Viele Menschen denken bei einem Job in der Logistik immer noch an Frachtbriefe und das Heben schwerer Kisten. W\u00e4hrend des Programms wird deutlich, dass die Branche heute von Schnelligkeit, technischen Spielereien und Innovation gepr\u00e4gt ist und Nachhaltigkeit eine wichtige Rolle spielt. Auch innerhalb des Logistiksektors ist die Nachfrage nach Personal in den letzten Jahren stark angestiegen. F\u00fcr die Arbeitgeber wird es immer schwieriger, offene Stellen zu besetzen. Die Nachfrage nach guten Fachkr\u00e4ften \u00fcbersteigt einfach das Angebot. Dank \"Erlebe die Logistikkette\" kann dieser vielseitige Sektor auf eine zug\u00e4ngliche Weise vorgestellt werden. Damit wird bei dieser jungen Zielgruppe der Grundstein f\u00fcr die Zukunft gelegt.<\/p>\n<p class=\"p4\"><strong>Fr\u00fchere Ausgaben sehr erfolgreich<br \/>\n<\/strong>Die Initiative hat sich in der Vergangenheit als sehr erfolgreich erwiesen. Die Veranstaltung f\u00fchrte dazu, dass mehr Praktika in der Logistik absolviert wurden und Arbeitsuchende an Schulungen teilnahmen, um sich auf einen Arbeitsplatz vorzubereiten oder sofort mit der Arbeit zu beginnen. Dank \"Beleef de Logistieke Keten\" wurden Sch\u00fcler und Studenten von mittleren und h\u00f6heren Berufsschulen sowie Arbeitsuchende des WerkgeversServicePunt Noord-Limburg auf zug\u00e4ngliche Weise mit dem vielseitigen Sektor vertraut gemacht.<\/p>\n<p class=\"p4\"><b>Die Parteien hinter dieser Logistik-Tour<br \/>\n<\/b>Mehrere Unternehmen aus der Region Venlo beteiligen sich bereits seit mehreren Jahren an diesem Projekt: Ewals Cargo Care, KLG Europe, Logic Leap, Seacon Logistics und Rhenus Road b.v.. Weitere Unternehmen, die sich in diesem Jahr an der Veranstaltung beteiligen, sind: Arvato, Canon Production Printing Netherlands B.V., DHL Supply Chain, GXO Logistics, Neptunus Structures BV und Redcare Pharmacy NV. Von den Bildungseinrichtungen sind Gilde Opleidingen, Fontys Hogescholen und die Universit\u00e4t Maastricht schon seit vielen Jahren treue Teilnehmer. In diesem Jahr ist auch das Summa College mit von der Partie. Andere Organisationen, die sich an dieser Veranstaltung beteiligen, sind Meet the Youngsters, Supply Chain Valley und UWV\/ WSP. WerkgeversServicepunt Noord-Limburg l\u00e4dt Arbeitssuchende ein, diesen dynamischen Sektor kennenzulernen. Diese Veranstaltung findet im Supply Chain Valley statt, das auch Mitveranstalter ist. Die Mission von Beleef de Logistieke Keten ist die St\u00e4rkung des Logistiksektors in Limburg.<\/p>\n<p class=\"p4\"><strong>Programm Mittwoch, 4. September<br \/>\n<\/strong>Am 4. September fand der \"Experience the Logistics Chain\"-Tag f\u00fcr wo- und hbo-Studenten statt.<\/p>\n<p><strong>Teil 2 Ende September und Teil 3 im November<br \/>\n<\/strong>Der zweite Teil von \"Experience the Logistics Chain\" findet am Mittwoch statt <strong>25. September<\/strong>. Dieser Tag ist einer (weiteren) allgemeinen Einf\u00fchrung in den Logistiksektor durch verschiedene Aktivit\u00e4ten gewidmet, einschlie\u00dflich einer VR-Sitzung. Au\u00dferdem wird es ein Meet &amp; Greet geben, bei dem Informationen \u00fcber Weiterentwicklungs-, Schulungs- und Karrierem\u00f6glichkeiten gegeben werden.<\/p>\n<p class=\"p4\">Im November findet der dritte Teil statt, der speziell f\u00fcr Sch\u00fcler der Sekundarstufe organisiert wird. Dieser Tag hat ein informelles Format mit ansprechenden Aktivit\u00e4ten, um den Sch\u00fclern einen guten Eindruck vom Logistiksektor zu vermitteln, einschlie\u00dflich Erl\u00e4uterungen zu Ausbildungsm\u00f6glichkeiten.<\/p>\n<p class=\"p4\"><strong>Zusammenarbeiten<\/strong><b><br \/>\n<\/b>Venlo ist als Logistik-Hotspot bekannt und bietet als Region viele Karrierem\u00f6glichkeiten in diesem Sektor. Indem das Image weiter verbessert und gezeigt wird, dass die Logistik tats\u00e4chlich innovativ ist, glauben die beteiligten Parteien, dass der Enthusiasmus, in der Logistik arbeiten zu wollen, weiter zunehmen wird. In einer Lieferkette ist die Zusammenarbeit und Koordination einer der wichtigsten Faktoren. \"Experience the Logistics Chain\" ist eine einzigartige Kooperation mit Blick auf die Zukunft f\u00fcr Bildungseinrichtungen, Beh\u00f6rden und Unternehmen gleicherma\u00dfen.<\/p>\n<p class=\"p4\">Weitere Informationen finden Sie auf der Website <a href=\"http:\/\/www.experiencethesupplychain.com\"><span class=\"s2\">www.experiencethesupplychain.com <\/span><\/a>oder \u00fcber die Kan\u00e4le der sozialen Medien.<\/p>","protected":false},"excerpt":{"rendered":"<p>Opnieuw slaan de logistieke spelers in Venlo de handen ineen om het imago van hun sector te versterken. Venlo &#8211; Diverse logistieke bedrijven, scholengemeenschappen, kennisinstellingen en het WerkgeversServicepunt Noord-Limburg organiseren samen voor het zevende opeenvolgende jaar \u2018Beleef de Logistieke Keten\u2019. Het succesvolle evenement wat leerlingen, studenten en werkzoekenden enthousiast moet maken voor een opleiding en [&hellip;]<\/p>","protected":false},"author":1,"featured_media":3182,"comment_status":"closed","ping_status":"open","sticky":false,"template":"","format":"standard","meta":{"_acf_changed":false,"footnotes":""},"categories":[8],"tags":[],"class_list":["post-3181","post","type-post","status-publish","format-standard","has-post-thumbnail","hentry","category-nieuws"],"acf":[],"yoast_head":"<!-- This site is optimized with the Yoast SEO plugin v26.3 - https:\/\/yoast.com\/wordpress\/plugins\/seo\/ -->\n<title>Beleef de Logistieke Keten - Ondernemend Venlo<\/title>\n<meta name=\"robots\" content=\"index, follow, max-snippet:-1, max-image-preview:large, max-video-preview:-1\" \/>\n<link rel=\"canonical\" href=\"https:\/\/www.ondernemendvenlo.nl\/de\/beleef-de-logistieke-keten\/\" \/>\n<meta property=\"og:locale\" content=\"de_DE\" \/>\n<meta property=\"og:type\" content=\"article\" \/>\n<meta property=\"og:title\" content=\"Beleef de Logistieke Keten - Ondernemend Venlo\" \/>\n<meta property=\"og:description\" content=\"Opnieuw slaan de logistieke spelers in Venlo de handen ineen om het imago van hun sector te versterken. Venlo &#8211; Diverse logistieke bedrijven, scholengemeenschappen, kennisinstellingen en het WerkgeversServicepunt Noord-Limburg organiseren samen voor het zevende opeenvolgende jaar \u2018Beleef de Logistieke Keten\u2019. Het succesvolle evenement wat leerlingen, studenten en werkzoekenden enthousiast moet maken voor een opleiding en [&hellip;]\" \/>\n<meta property=\"og:url\" content=\"https:\/\/www.ondernemendvenlo.nl\/de\/beleef-de-logistieke-keten\/\" \/>\n<meta property=\"og:site_name\" content=\"Ondernemend Venlo\" \/>\n<meta property=\"article:published_time\" content=\"2024-09-02T05:31:09+00:00\" \/>\n<meta property=\"og:image\" content=\"https:\/\/www.ondernemendvenlo.nl\/wp-content\/uploads\/2025\/04\/BDLK-2024.jpg\" \/>\n\t<meta property=\"og:image:width\" content=\"1920\" \/>\n\t<meta property=\"og:image:height\" content=\"1080\" \/>\n\t<meta property=\"og:image:type\" content=\"image\/jpeg\" \/>\n<meta name=\"author\" content=\"admin\" \/>\n<meta name=\"twitter:card\" content=\"summary_large_image\" \/>\n<meta name=\"twitter:label1\" content=\"Verfasst von\" \/>\n\t<meta name=\"twitter:data1\" content=\"admin\" \/>\n\t<meta name=\"twitter:label2\" content=\"Gesch\u00e4tzte Lesezeit\" \/>\n\t<meta name=\"twitter:data2\" content=\"3\u00a0Minuten\" \/>\n<script type=\"application\/ld+json\" class=\"yoast-schema-graph\">{\"@context\":\"https:\/\/schema.org\",\"@graph\":[{\"@type\":\"Article\",\"@id\":\"https:\/\/www.ondernemendvenlo.nl\/beleef-de-logistieke-keten\/#article\",\"isPartOf\":{\"@id\":\"https:\/\/www.ondernemendvenlo.nl\/beleef-de-logistieke-keten\/\"},\"author\":{\"name\":\"admin\",\"@id\":\"https:\/\/www.ondernemendvenlo.nl\/#\/schema\/person\/347e935f8ad4c7030608ef74bb57aa6e\"},\"headline\":\"Beleef de Logistieke Keten\",\"datePublished\":\"2024-09-02T05:31:09+00:00\",\"mainEntityOfPage\":{\"@id\":\"https:\/\/www.ondernemendvenlo.nl\/beleef-de-logistieke-keten\/\"},\"wordCount\":667,\"publisher\":{\"@id\":\"https:\/\/www.ondernemendvenlo.nl\/#organization\"},\"image\":{\"@id\":\"https:\/\/www.ondernemendvenlo.nl\/beleef-de-logistieke-keten\/#primaryimage\"},\"thumbnailUrl\":\"https:\/\/www.ondernemendvenlo.nl\/wp-content\/uploads\/2025\/04\/BDLK-2024.jpg\",\"articleSection\":[\"Nieuws\"],\"inLanguage\":\"de\"},{\"@type\":\"WebPage\",\"@id\":\"https:\/\/www.ondernemendvenlo.nl\/beleef-de-logistieke-keten\/\",\"url\":\"https:\/\/www.ondernemendvenlo.nl\/beleef-de-logistieke-keten\/\",\"name\":\"Beleef de Logistieke Keten - Ondernemend Venlo\",\"isPartOf\":{\"@id\":\"https:\/\/www.ondernemendvenlo.nl\/#website\"},\"primaryImageOfPage\":{\"@id\":\"https:\/\/www.ondernemendvenlo.nl\/beleef-de-logistieke-keten\/#primaryimage\"},\"image\":{\"@id\":\"https:\/\/www.ondernemendvenlo.nl\/beleef-de-logistieke-keten\/#primaryimage\"},\"thumbnailUrl\":\"https:\/\/www.ondernemendvenlo.nl\/wp-content\/uploads\/2025\/04\/BDLK-2024.jpg\",\"datePublished\":\"2024-09-02T05:31:09+00:00\",\"breadcrumb\":{\"@id\":\"https:\/\/www.ondernemendvenlo.nl\/beleef-de-logistieke-keten\/#breadcrumb\"},\"inLanguage\":\"de\",\"potentialAction\":[{\"@type\":\"ReadAction\",\"target\":[\"https:\/\/www.ondernemendvenlo.nl\/beleef-de-logistieke-keten\/\"]}]},{\"@type\":\"ImageObject\",\"inLanguage\":\"de\",\"@id\":\"https:\/\/www.ondernemendvenlo.nl\/beleef-de-logistieke-keten\/#primaryimage\",\"url\":\"https:\/\/www.ondernemendvenlo.nl\/wp-content\/uploads\/2025\/04\/BDLK-2024.jpg\",\"contentUrl\":\"https:\/\/www.ondernemendvenlo.nl\/wp-content\/uploads\/2025\/04\/BDLK-2024.jpg\",\"width\":1920,\"height\":1080},{\"@type\":\"BreadcrumbList\",\"@id\":\"https:\/\/www.ondernemendvenlo.nl\/beleef-de-logistieke-keten\/#breadcrumb\",\"itemListElement\":[{\"@type\":\"ListItem\",\"position\":1,\"name\":\"Ondernemend Venlo\",\"item\":\"https:\/\/www.ondernemendvenlo.nl\/\"},{\"@type\":\"ListItem\",\"position\":2,\"name\":\"Nieuws\",\"item\":\"https:\/\/www.ondernemendvenlo.nl\/categorie\/nieuws\/\"},{\"@type\":\"ListItem\",\"position\":3,\"name\":\"Beleef de Logistieke Keten\"}]},{\"@type\":\"WebSite\",\"@id\":\"https:\/\/www.ondernemendvenlo.nl\/#website\",\"url\":\"https:\/\/www.ondernemendvenlo.nl\/\",\"name\":\"Ondernemend Venlo\",\"description\":\"Samen succesvol ondernemen\",\"publisher\":{\"@id\":\"https:\/\/www.ondernemendvenlo.nl\/#organization\"},\"potentialAction\":[{\"@type\":\"SearchAction\",\"target\":{\"@type\":\"EntryPoint\",\"urlTemplate\":\"https:\/\/www.ondernemendvenlo.nl\/?s={search_term_string}\"},\"query-input\":{\"@type\":\"PropertyValueSpecification\",\"valueRequired\":true,\"valueName\":\"search_term_string\"}}],\"inLanguage\":\"de\"},{\"@type\":\"Organization\",\"@id\":\"https:\/\/www.ondernemendvenlo.nl\/#organization\",\"name\":\"Ondernemend Venlo\",\"url\":\"https:\/\/www.ondernemendvenlo.nl\/\",\"logo\":{\"@type\":\"ImageObject\",\"inLanguage\":\"de\",\"@id\":\"https:\/\/www.ondernemendvenlo.nl\/#\/schema\/logo\/image\/\",\"url\":\"https:\/\/www.ondernemendvenlo.nl\/wp-content\/uploads\/2025\/02\/Ondernemend-Venlo-logo-scaled.webp\",\"contentUrl\":\"https:\/\/www.ondernemendvenlo.nl\/wp-content\/uploads\/2025\/02\/Ondernemend-Venlo-logo-scaled.webp\",\"width\":2560,\"height\":1010,\"caption\":\"Ondernemend Venlo\"},\"image\":{\"@id\":\"https:\/\/www.ondernemendvenlo.nl\/#\/schema\/logo\/image\/\"},\"sameAs\":[\"https:\/\/www.linkedin.com\/company\/ondernemend-venlo\/\"]},{\"@type\":\"Person\",\"@id\":\"https:\/\/www.ondernemendvenlo.nl\/#\/schema\/person\/347e935f8ad4c7030608ef74bb57aa6e\",\"name\":\"admin\",\"image\":{\"@type\":\"ImageObject\",\"inLanguage\":\"de\",\"@id\":\"https:\/\/www.ondernemendvenlo.nl\/#\/schema\/person\/image\/\",\"url\":\"https:\/\/www.ondernemendvenlo.nl\/wp-content\/litespeed\/avatar\/720af750b037aecf6e33e12833479059.jpg?ver=1777382954\",\"contentUrl\":\"https:\/\/www.ondernemendvenlo.nl\/wp-content\/litespeed\/avatar\/720af750b037aecf6e33e12833479059.jpg?ver=1777382954\",\"caption\":\"admin\"},\"sameAs\":[\"https:\/\/www.ondernemendvenlo.nl\"]}]}<\/script>\n<!-- \/ Yoast SEO plugin. -->","yoast_head_json":{"title":"Beleef de Logistieke Keten - Ondernemend Venlo","robots":{"index":"index","follow":"follow","max-snippet":"max-snippet:-1","max-image-preview":"max-image-preview:large","max-video-preview":"max-video-preview:-1"},"canonical":"https:\/\/www.ondernemendvenlo.nl\/de\/beleef-de-logistieke-keten\/","og_locale":"de_DE","og_type":"article","og_title":"Beleef de Logistieke Keten - Ondernemend Venlo","og_description":"Opnieuw slaan de logistieke spelers in Venlo de handen ineen om het imago van hun sector te versterken. Venlo &#8211; Diverse logistieke bedrijven, scholengemeenschappen, kennisinstellingen en het WerkgeversServicepunt Noord-Limburg organiseren samen voor het zevende opeenvolgende jaar \u2018Beleef de Logistieke Keten\u2019. Het succesvolle evenement wat leerlingen, studenten en werkzoekenden enthousiast moet maken voor een opleiding en [&hellip;]","og_url":"https:\/\/www.ondernemendvenlo.nl\/de\/beleef-de-logistieke-keten\/","og_site_name":"Ondernemend Venlo","article_published_time":"2024-09-02T05:31:09+00:00","og_image":[{"width":1920,"height":1080,"url":"https:\/\/www.ondernemendvenlo.nl\/wp-content\/uploads\/2025\/04\/BDLK-2024.jpg","type":"image\/jpeg"}],"author":"admin","twitter_card":"summary_large_image","twitter_misc":{"Verfasst von":"admin","Gesch\u00e4tzte Lesezeit":"3\u00a0Minuten"},"schema":{"@context":"https:\/\/schema.org","@graph":[{"@type":"Article","@id":"https:\/\/www.ondernemendvenlo.nl\/beleef-de-logistieke-keten\/#article","isPartOf":{"@id":"https:\/\/www.ondernemendvenlo.nl\/beleef-de-logistieke-keten\/"},"author":{"name":"admin","@id":"https:\/\/www.ondernemendvenlo.nl\/#\/schema\/person\/347e935f8ad4c7030608ef74bb57aa6e"},"headline":"Beleef de Logistieke Keten","datePublished":"2024-09-02T05:31:09+00:00","mainEntityOfPage":{"@id":"https:\/\/www.ondernemendvenlo.nl\/beleef-de-logistieke-keten\/"},"wordCount":667,"publisher":{"@id":"https:\/\/www.ondernemendvenlo.nl\/#organization"},"image":{"@id":"https:\/\/www.ondernemendvenlo.nl\/beleef-de-logistieke-keten\/#primaryimage"},"thumbnailUrl":"https:\/\/www.ondernemendvenlo.nl\/wp-content\/uploads\/2025\/04\/BDLK-2024.jpg","articleSection":["Nieuws"],"inLanguage":"de"},{"@type":"WebPage","@id":"https:\/\/www.ondernemendvenlo.nl\/beleef-de-logistieke-keten\/","url":"https:\/\/www.ondernemendvenlo.nl\/beleef-de-logistieke-keten\/","name":"Beleef de Logistieke Keten - Ondernemend Venlo","isPartOf":{"@id":"https:\/\/www.ondernemendvenlo.nl\/#website"},"primaryImageOfPage":{"@id":"https:\/\/www.ondernemendvenlo.nl\/beleef-de-logistieke-keten\/#primaryimage"},"image":{"@id":"https:\/\/www.ondernemendvenlo.nl\/beleef-de-logistieke-keten\/#primaryimage"},"thumbnailUrl":"https:\/\/www.ondernemendvenlo.nl\/wp-content\/uploads\/2025\/04\/BDLK-2024.jpg","datePublished":"2024-09-02T05:31:09+00:00","breadcrumb":{"@id":"https:\/\/www.ondernemendvenlo.nl\/beleef-de-logistieke-keten\/#breadcrumb"},"inLanguage":"de","potentialAction":[{"@type":"ReadAction","target":["https:\/\/www.ondernemendvenlo.nl\/beleef-de-logistieke-keten\/"]}]},{"@type":"ImageObject","inLanguage":"de","@id":"https:\/\/www.ondernemendvenlo.nl\/beleef-de-logistieke-keten\/#primaryimage","url":"https:\/\/www.ondernemendvenlo.nl\/wp-content\/uploads\/2025\/04\/BDLK-2024.jpg","contentUrl":"https:\/\/www.ondernemendvenlo.nl\/wp-content\/uploads\/2025\/04\/BDLK-2024.jpg","width":1920,"height":1080},{"@type":"BreadcrumbList","@id":"https:\/\/www.ondernemendvenlo.nl\/beleef-de-logistieke-keten\/#breadcrumb","itemListElement":[{"@type":"ListItem","position":1,"name":"Ondernemend Venlo","item":"https:\/\/www.ondernemendvenlo.nl\/"},{"@type":"ListItem","position":2,"name":"Nieuws","item":"https:\/\/www.ondernemendvenlo.nl\/categorie\/nieuws\/"},{"@type":"ListItem","position":3,"name":"Beleef de Logistieke Keten"}]},{"@type":"WebSite","@id":"https:\/\/www.ondernemendvenlo.nl\/#website","url":"https:\/\/www.ondernemendvenlo.nl\/","name":"Unternehmerisches Venlo","description":"Samen succesvol ondernemen","publisher":{"@id":"https:\/\/www.ondernemendvenlo.nl\/#organization"},"potentialAction":[{"@type":"SearchAction","target":{"@type":"EntryPoint","urlTemplate":"https:\/\/www.ondernemendvenlo.nl\/?s={search_term_string}"},"query-input":{"@type":"PropertyValueSpecification","valueRequired":true,"valueName":"search_term_string"}}],"inLanguage":"de"},{"@type":"Organization","@id":"https:\/\/www.ondernemendvenlo.nl\/#organization","name":"Unternehmerisches Venlo","url":"https:\/\/www.ondernemendvenlo.nl\/","logo":{"@type":"ImageObject","inLanguage":"de","@id":"https:\/\/www.ondernemendvenlo.nl\/#\/schema\/logo\/image\/","url":"https:\/\/www.ondernemendvenlo.nl\/wp-content\/uploads\/2025\/02\/Ondernemend-Venlo-logo-scaled.webp","contentUrl":"https:\/\/www.ondernemendvenlo.nl\/wp-content\/uploads\/2025\/02\/Ondernemend-Venlo-logo-scaled.webp","width":2560,"height":1010,"caption":"Ondernemend Venlo"},"image":{"@id":"https:\/\/www.ondernemendvenlo.nl\/#\/schema\/logo\/image\/"},"sameAs":["https:\/\/www.linkedin.com\/company\/ondernemend-venlo\/"]},{"@type":"Person","@id":"https:\/\/www.ondernemendvenlo.nl\/#\/schema\/person\/347e935f8ad4c7030608ef74bb57aa6e","name":"admin","image":{"@type":"ImageObject","inLanguage":"de","@id":"https:\/\/www.ondernemendvenlo.nl\/#\/schema\/person\/image\/","url":"https:\/\/www.ondernemendvenlo.nl\/wp-content\/litespeed\/avatar\/720af750b037aecf6e33e12833479059.jpg?ver=1777382954","contentUrl":"https:\/\/www.ondernemendvenlo.nl\/wp-content\/litespeed\/avatar\/720af750b037aecf6e33e12833479059.jpg?ver=1777382954","caption":"admin"},"sameAs":["https:\/\/www.ondernemendvenlo.nl"]}]}},"_links":{"self":[{"href":"https:\/\/www.ondernemendvenlo.nl\/de\/wp-json\/wp\/v2\/posts\/3181","targetHints":{"allow":["GET"]}}],"collection":[{"href":"https:\/\/www.ondernemendvenlo.nl\/de\/wp-json\/wp\/v2\/posts"}],"about":[{"href":"https:\/\/www.ondernemendvenlo.nl\/de\/wp-json\/wp\/v2\/types\/post"}],"author":[{"embeddable":true,"href":"https:\/\/www.ondernemendvenlo.nl\/de\/wp-json\/wp\/v2\/users\/1"}],"replies":[{"embeddable":true,"href":"https:\/\/www.ondernemendvenlo.nl\/de\/wp-json\/wp\/v2\/comments?post=3181"}],"version-history":[{"count":0,"href":"https:\/\/www.ondernemendvenlo.nl\/de\/wp-json\/wp\/v2\/posts\/3181\/revisions"}],"wp:featuredmedia":[{"embeddable":true,"href":"https:\/\/www.ondernemendvenlo.nl\/de\/wp-json\/wp\/v2\/media\/3182"}],"wp:attachment":[{"href":"https:\/\/www.ondernemendvenlo.nl\/de\/wp-json\/wp\/v2\/media?parent=3181"}],"wp:term":[{"taxonomy":"category","embeddable":true,"href":"https:\/\/www.ondernemendvenlo.nl\/de\/wp-json\/wp\/v2\/categories?post=3181"},{"taxonomy":"post_tag","embeddable":true,"href":"https:\/\/www.ondernemendvenlo.nl\/de\/wp-json\/wp\/v2\/tags?post=3181"}],"curies":[{"name":"wp","href":"https:\/\/api.w.org\/{rel}","templated":true}]}}