{"id":3189,"date":"2024-09-09T12:47:55","date_gmt":"2024-09-09T10:47:55","guid":{"rendered":"https:\/\/www.ondernemendvenlo.nl\/meet-greet-met-toekomstige-werknemers-19-september-2024\/"},"modified":"2024-09-09T12:47:55","modified_gmt":"2024-09-09T10:47:55","slug":"meet-greet-met-toekomstige-werknemers-19-september-2024","status":"publish","type":"post","link":"https:\/\/www.ondernemendvenlo.nl\/de\/meet-greet-met-toekomstige-werknemers-19-september-2024\/","title":{"rendered":"Meet &amp; Greet mit zuk\u00fcnftigen Mitarbeitern - 19. September 2024"},"content":{"rendered":"<h2 class=\"p1\"><b>Stellen Sie Ihr Unternehmen mit dem Mitarbeiter der Zukunft ins Rampenlicht!<\/b><\/h2>\n<p class=\"p1\">Die technische Entwicklung ist rasant und bietet unglaubliche M\u00f6glichkeiten. Mit <b>Technik w\u00e4hlen Venlo<\/b> sehen wir die Chance, Sch\u00fcler, Studenten und Quereinsteiger f\u00fcr zahlreiche Unternehmen in der Region zu begeistern und sie an inspirierende Tech-Do-Aktivit\u00e4ten heranzuf\u00fchren. Auf diese Weise bringen wir Tech(nics) mit jungen Menschen und Unternehmen in der Region zusammen.<\/p>\n<p class=\"p2\">Zum Supply Chain Valley am 19. September laden wir alle Grundschulen und, in einem separaten Programm, Sch\u00fcler der Sekundarstufe, Studenten der Hochschulen und der Universit\u00e4t ein. <strong>Das Thema von Kies Techniek Venlo 2024 lautet: Die Zukunft geh\u00f6rt dir!<\/strong> Als Unternehmen aus der Region k\u00f6nnen Sie sich der jungen Generation durch Mitmach-, Inspirations- und Erlebnisaktionen pr\u00e4sentieren und Ihre neuesten Produkte vorstellen. <strong>Technik w\u00e4hlen Venlo<\/strong> steht f\u00fcr die neuesten Innovationen im Bereich der intelligenten, wirkungsvollen Pr\u00e4sentation und des Erlebens von Tech(nik). Es wird jungen Menschen die M\u00f6glichkeit geben, Tech(nics) zu entdecken und direkt mit ihnen zu arbeiten. Es gibt Platz f\u00fcr bis zu 30 Teilnehmer und wir erwarten etwa 200 bis 300 Sch\u00fcler und Studenten aus der Region.<\/p>\n<p class=\"p1\"><strong>Schlie\u00dfen Sie sich als Unternehmen an und pr\u00e4sentieren Sie sich der neuen Tech-Generation!<\/strong><br \/>\nKlicken Sie auf <strong><a href=\"https:\/\/supplychainvalley.com\/evenementen\/kies-techniek-venlo\"><span class=\"s1\">hier<\/span><\/a><\/strong> f\u00fcr weitere Informationen, f\u00fcllen Sie das Formular aus und wir senden Ihnen die vollst\u00e4ndigen Informationen mit der entsprechenden Teilnehmergeb\u00fchr zu.<\/p>\n<p><img fetchpriority=\"high\" decoding=\"async\" class=\"alignnone size-full wp-image-21916\" src=\"https:\/\/www.ondernemendvenlo.nl\/wp-content\/uploads\/2025\/04\/MeetGreetToekomstigeWerkknemers.jpg\" alt=\"\" width=\"1920\" height=\"1080\" \/><\/p>\n<p>&nbsp;<\/p>\n<hr \/>\n<p class=\"p2\"><strong>Grundschulprogramm<\/strong><\/p>\n<p class=\"p2\">10:00h Beginn &amp; Er\u00f6ffnung<br \/>\n-Er\u00f6ffnungsakt<br \/>\n-Verteilen Sie die Aktivit\u00e4tskarte<br \/>\nF\u00fchren Sie Aufgaben mit mindestens 10 Teilnehmern durch, z. B.: Pfannkuchen- oder Schokoladendrucker, VR-Erfahrung, KI, Fu\u00dfballspielen mit Robotern, usw.<br \/>\n-Preisverleihung der Aktivit\u00e4tskarte<\/p>\n<p class=\"p2\">12:00h Ende des Programms<\/p>\n<hr \/>\n<p class=\"p2\"><strong>Programm vo, mbo, hbo, Universit\u00e4t und Quereinsteiger<\/strong><\/p>\n<p class=\"p2\">12:30h Beginn &amp; Er\u00f6ffnung<br \/>\n-Er\u00f6ffnungsakt<br \/>\n-Exklusive Teilnehmerf\u00fchrung<br \/>\n-Inspirationsveranstaltungen<br \/>\n-Netzwerk-F\u00e4higkeiten<br \/>\n-Entdecken Sie die neuesten Technologien aus der Region<\/p>\n<p class=\"p2\">16:00 Ende des Programms<\/p>\n<p class=\"p2\"><em><strong>Sie sind herzlich willkommen, im Namen von<br \/>\nTechnik w\u00e4hlen Venlo | Supply Chain Valley<\/strong><\/em><\/p>","protected":false},"excerpt":{"rendered":"<p>Zet jouw bedrijf in de spotlights bij de werknemer van de toekomst! De tech-ontwikkelingen gaan snel en bieden ongelofelijk veel kansen. Met Kies Techniek Venlo zien we een kans om leerlingen, studenten en zij- instromers te enthousiasmeren en kennis te laten maken met tal van bedrijven uit de regio die inspirerende tech-doe activiteiten kunnen inzetten. [&hellip;]<\/p>","protected":false},"author":1,"featured_media":3190,"comment_status":"closed","ping_status":"open","sticky":false,"template":"","format":"standard","meta":{"_acf_changed":false,"footnotes":""},"categories":[8],"tags":[],"class_list":["post-3189","post","type-post","status-publish","format-standard","has-post-thumbnail","hentry","category-nieuws"],"acf":[],"yoast_head":"<!-- This site is optimized with the Yoast SEO plugin v26.3 - https:\/\/yoast.com\/wordpress\/plugins\/seo\/ -->\n<title>Meet &amp; Greet met toekomstige werknemers - 19 september 2024 - Ondernemend Venlo<\/title>\n<meta name=\"robots\" content=\"index, follow, max-snippet:-1, max-image-preview:large, max-video-preview:-1\" \/>\n<link rel=\"canonical\" href=\"https:\/\/www.ondernemendvenlo.nl\/de\/meet-greet-met-toekomstige-werknemers-19-september-2024\/\" \/>\n<meta property=\"og:locale\" content=\"de_DE\" \/>\n<meta property=\"og:type\" content=\"article\" \/>\n<meta property=\"og:title\" content=\"Meet &amp; Greet met toekomstige werknemers - 19 september 2024 - Ondernemend Venlo\" \/>\n<meta property=\"og:description\" content=\"Zet jouw bedrijf in de spotlights bij de werknemer van de toekomst! De tech-ontwikkelingen gaan snel en bieden ongelofelijk veel kansen. Met Kies Techniek Venlo zien we een kans om leerlingen, studenten en zij- instromers te enthousiasmeren en kennis te laten maken met tal van bedrijven uit de regio die inspirerende tech-doe activiteiten kunnen inzetten. [&hellip;]\" \/>\n<meta property=\"og:url\" content=\"https:\/\/www.ondernemendvenlo.nl\/de\/meet-greet-met-toekomstige-werknemers-19-september-2024\/\" \/>\n<meta property=\"og:site_name\" content=\"Ondernemend Venlo\" \/>\n<meta property=\"article:published_time\" content=\"2024-09-09T10:47:55+00:00\" \/>\n<meta property=\"og:image\" content=\"https:\/\/www.ondernemendvenlo.nl\/wp-content\/uploads\/2025\/04\/MeetGreetToekomstigeWerkknemers.jpg\" \/>\n\t<meta property=\"og:image:width\" content=\"1920\" \/>\n\t<meta property=\"og:image:height\" content=\"1080\" \/>\n\t<meta property=\"og:image:type\" content=\"image\/jpeg\" \/>\n<meta name=\"author\" content=\"admin\" \/>\n<meta name=\"twitter:card\" content=\"summary_large_image\" \/>\n<meta name=\"twitter:label1\" content=\"Verfasst von\" \/>\n\t<meta name=\"twitter:data1\" content=\"admin\" \/>\n\t<meta name=\"twitter:label2\" content=\"Gesch\u00e4tzte Lesezeit\" \/>\n\t<meta name=\"twitter:data2\" content=\"1\u00a0Minute\" \/>\n<script type=\"application\/ld+json\" class=\"yoast-schema-graph\">{\"@context\":\"https:\/\/schema.org\",\"@graph\":[{\"@type\":\"Article\",\"@id\":\"https:\/\/www.ondernemendvenlo.nl\/meet-greet-met-toekomstige-werknemers-19-september-2024\/#article\",\"isPartOf\":{\"@id\":\"https:\/\/www.ondernemendvenlo.nl\/meet-greet-met-toekomstige-werknemers-19-september-2024\/\"},\"author\":{\"name\":\"admin\",\"@id\":\"https:\/\/www.ondernemendvenlo.nl\/#\/schema\/person\/347e935f8ad4c7030608ef74bb57aa6e\"},\"headline\":\"Meet &#038; Greet met toekomstige werknemers &#8211; 19 september 2024\",\"datePublished\":\"2024-09-09T10:47:55+00:00\",\"mainEntityOfPage\":{\"@id\":\"https:\/\/www.ondernemendvenlo.nl\/meet-greet-met-toekomstige-werknemers-19-september-2024\/\"},\"wordCount\":306,\"publisher\":{\"@id\":\"https:\/\/www.ondernemendvenlo.nl\/#organization\"},\"image\":{\"@id\":\"https:\/\/www.ondernemendvenlo.nl\/meet-greet-met-toekomstige-werknemers-19-september-2024\/#primaryimage\"},\"thumbnailUrl\":\"https:\/\/www.ondernemendvenlo.nl\/wp-content\/uploads\/2025\/04\/MeetGreetToekomstigeWerkknemers.jpg\",\"articleSection\":[\"Nieuws\"],\"inLanguage\":\"de\"},{\"@type\":\"WebPage\",\"@id\":\"https:\/\/www.ondernemendvenlo.nl\/meet-greet-met-toekomstige-werknemers-19-september-2024\/\",\"url\":\"https:\/\/www.ondernemendvenlo.nl\/meet-greet-met-toekomstige-werknemers-19-september-2024\/\",\"name\":\"Meet & Greet met toekomstige werknemers - 19 september 2024 - Ondernemend Venlo\",\"isPartOf\":{\"@id\":\"https:\/\/www.ondernemendvenlo.nl\/#website\"},\"primaryImageOfPage\":{\"@id\":\"https:\/\/www.ondernemendvenlo.nl\/meet-greet-met-toekomstige-werknemers-19-september-2024\/#primaryimage\"},\"image\":{\"@id\":\"https:\/\/www.ondernemendvenlo.nl\/meet-greet-met-toekomstige-werknemers-19-september-2024\/#primaryimage\"},\"thumbnailUrl\":\"https:\/\/www.ondernemendvenlo.nl\/wp-content\/uploads\/2025\/04\/MeetGreetToekomstigeWerkknemers.jpg\",\"datePublished\":\"2024-09-09T10:47:55+00:00\",\"breadcrumb\":{\"@id\":\"https:\/\/www.ondernemendvenlo.nl\/meet-greet-met-toekomstige-werknemers-19-september-2024\/#breadcrumb\"},\"inLanguage\":\"de\",\"potentialAction\":[{\"@type\":\"ReadAction\",\"target\":[\"https:\/\/www.ondernemendvenlo.nl\/meet-greet-met-toekomstige-werknemers-19-september-2024\/\"]}]},{\"@type\":\"ImageObject\",\"inLanguage\":\"de\",\"@id\":\"https:\/\/www.ondernemendvenlo.nl\/meet-greet-met-toekomstige-werknemers-19-september-2024\/#primaryimage\",\"url\":\"https:\/\/www.ondernemendvenlo.nl\/wp-content\/uploads\/2025\/04\/MeetGreetToekomstigeWerkknemers.jpg\",\"contentUrl\":\"https:\/\/www.ondernemendvenlo.nl\/wp-content\/uploads\/2025\/04\/MeetGreetToekomstigeWerkknemers.jpg\",\"width\":1920,\"height\":1080},{\"@type\":\"BreadcrumbList\",\"@id\":\"https:\/\/www.ondernemendvenlo.nl\/meet-greet-met-toekomstige-werknemers-19-september-2024\/#breadcrumb\",\"itemListElement\":[{\"@type\":\"ListItem\",\"position\":1,\"name\":\"Ondernemend Venlo\",\"item\":\"https:\/\/www.ondernemendvenlo.nl\/\"},{\"@type\":\"ListItem\",\"position\":2,\"name\":\"Nieuws\",\"item\":\"https:\/\/www.ondernemendvenlo.nl\/categorie\/nieuws\/\"},{\"@type\":\"ListItem\",\"position\":3,\"name\":\"Meet &#038; Greet met toekomstige werknemers &#8211; 19 september 2024\"}]},{\"@type\":\"WebSite\",\"@id\":\"https:\/\/www.ondernemendvenlo.nl\/#website\",\"url\":\"https:\/\/www.ondernemendvenlo.nl\/\",\"name\":\"Ondernemend Venlo\",\"description\":\"Samen succesvol ondernemen\",\"publisher\":{\"@id\":\"https:\/\/www.ondernemendvenlo.nl\/#organization\"},\"potentialAction\":[{\"@type\":\"SearchAction\",\"target\":{\"@type\":\"EntryPoint\",\"urlTemplate\":\"https:\/\/www.ondernemendvenlo.nl\/?s={search_term_string}\"},\"query-input\":{\"@type\":\"PropertyValueSpecification\",\"valueRequired\":true,\"valueName\":\"search_term_string\"}}],\"inLanguage\":\"de\"},{\"@type\":\"Organization\",\"@id\":\"https:\/\/www.ondernemendvenlo.nl\/#organization\",\"name\":\"Ondernemend Venlo\",\"url\":\"https:\/\/www.ondernemendvenlo.nl\/\",\"logo\":{\"@type\":\"ImageObject\",\"inLanguage\":\"de\",\"@id\":\"https:\/\/www.ondernemendvenlo.nl\/#\/schema\/logo\/image\/\",\"url\":\"https:\/\/www.ondernemendvenlo.nl\/wp-content\/uploads\/2025\/02\/Ondernemend-Venlo-logo-scaled.webp\",\"contentUrl\":\"https:\/\/www.ondernemendvenlo.nl\/wp-content\/uploads\/2025\/02\/Ondernemend-Venlo-logo-scaled.webp\",\"width\":2560,\"height\":1010,\"caption\":\"Ondernemend Venlo\"},\"image\":{\"@id\":\"https:\/\/www.ondernemendvenlo.nl\/#\/schema\/logo\/image\/\"},\"sameAs\":[\"https:\/\/www.linkedin.com\/company\/ondernemend-venlo\/\"]},{\"@type\":\"Person\",\"@id\":\"https:\/\/www.ondernemendvenlo.nl\/#\/schema\/person\/347e935f8ad4c7030608ef74bb57aa6e\",\"name\":\"admin\",\"image\":{\"@type\":\"ImageObject\",\"inLanguage\":\"de\",\"@id\":\"https:\/\/www.ondernemendvenlo.nl\/#\/schema\/person\/image\/\",\"url\":\"https:\/\/www.ondernemendvenlo.nl\/wp-content\/litespeed\/avatar\/720af750b037aecf6e33e12833479059.jpg?ver=1777382954\",\"contentUrl\":\"https:\/\/www.ondernemendvenlo.nl\/wp-content\/litespeed\/avatar\/720af750b037aecf6e33e12833479059.jpg?ver=1777382954\",\"caption\":\"admin\"},\"sameAs\":[\"https:\/\/www.ondernemendvenlo.nl\"]}]}<\/script>\n<!-- \/ Yoast SEO plugin. -->","yoast_head_json":{"title":"Meet & Greet met toekomstige werknemers - 19 september 2024 - Ondernemend Venlo","robots":{"index":"index","follow":"follow","max-snippet":"max-snippet:-1","max-image-preview":"max-image-preview:large","max-video-preview":"max-video-preview:-1"},"canonical":"https:\/\/www.ondernemendvenlo.nl\/de\/meet-greet-met-toekomstige-werknemers-19-september-2024\/","og_locale":"de_DE","og_type":"article","og_title":"Meet & Greet met toekomstige werknemers - 19 september 2024 - Ondernemend Venlo","og_description":"Zet jouw bedrijf in de spotlights bij de werknemer van de toekomst! De tech-ontwikkelingen gaan snel en bieden ongelofelijk veel kansen. Met Kies Techniek Venlo zien we een kans om leerlingen, studenten en zij- instromers te enthousiasmeren en kennis te laten maken met tal van bedrijven uit de regio die inspirerende tech-doe activiteiten kunnen inzetten. [&hellip;]","og_url":"https:\/\/www.ondernemendvenlo.nl\/de\/meet-greet-met-toekomstige-werknemers-19-september-2024\/","og_site_name":"Ondernemend Venlo","article_published_time":"2024-09-09T10:47:55+00:00","og_image":[{"width":1920,"height":1080,"url":"https:\/\/www.ondernemendvenlo.nl\/wp-content\/uploads\/2025\/04\/MeetGreetToekomstigeWerkknemers.jpg","type":"image\/jpeg"}],"author":"admin","twitter_card":"summary_large_image","twitter_misc":{"Verfasst von":"admin","Gesch\u00e4tzte Lesezeit":"1\u00a0Minute"},"schema":{"@context":"https:\/\/schema.org","@graph":[{"@type":"Article","@id":"https:\/\/www.ondernemendvenlo.nl\/meet-greet-met-toekomstige-werknemers-19-september-2024\/#article","isPartOf":{"@id":"https:\/\/www.ondernemendvenlo.nl\/meet-greet-met-toekomstige-werknemers-19-september-2024\/"},"author":{"name":"admin","@id":"https:\/\/www.ondernemendvenlo.nl\/#\/schema\/person\/347e935f8ad4c7030608ef74bb57aa6e"},"headline":"Meet &#038; Greet met toekomstige werknemers &#8211; 19 september 2024","datePublished":"2024-09-09T10:47:55+00:00","mainEntityOfPage":{"@id":"https:\/\/www.ondernemendvenlo.nl\/meet-greet-met-toekomstige-werknemers-19-september-2024\/"},"wordCount":306,"publisher":{"@id":"https:\/\/www.ondernemendvenlo.nl\/#organization"},"image":{"@id":"https:\/\/www.ondernemendvenlo.nl\/meet-greet-met-toekomstige-werknemers-19-september-2024\/#primaryimage"},"thumbnailUrl":"https:\/\/www.ondernemendvenlo.nl\/wp-content\/uploads\/2025\/04\/MeetGreetToekomstigeWerkknemers.jpg","articleSection":["Nieuws"],"inLanguage":"de"},{"@type":"WebPage","@id":"https:\/\/www.ondernemendvenlo.nl\/meet-greet-met-toekomstige-werknemers-19-september-2024\/","url":"https:\/\/www.ondernemendvenlo.nl\/meet-greet-met-toekomstige-werknemers-19-september-2024\/","name":"Meet & Greet met toekomstige werknemers - 19 september 2024 - Ondernemend Venlo","isPartOf":{"@id":"https:\/\/www.ondernemendvenlo.nl\/#website"},"primaryImageOfPage":{"@id":"https:\/\/www.ondernemendvenlo.nl\/meet-greet-met-toekomstige-werknemers-19-september-2024\/#primaryimage"},"image":{"@id":"https:\/\/www.ondernemendvenlo.nl\/meet-greet-met-toekomstige-werknemers-19-september-2024\/#primaryimage"},"thumbnailUrl":"https:\/\/www.ondernemendvenlo.nl\/wp-content\/uploads\/2025\/04\/MeetGreetToekomstigeWerkknemers.jpg","datePublished":"2024-09-09T10:47:55+00:00","breadcrumb":{"@id":"https:\/\/www.ondernemendvenlo.nl\/meet-greet-met-toekomstige-werknemers-19-september-2024\/#breadcrumb"},"inLanguage":"de","potentialAction":[{"@type":"ReadAction","target":["https:\/\/www.ondernemendvenlo.nl\/meet-greet-met-toekomstige-werknemers-19-september-2024\/"]}]},{"@type":"ImageObject","inLanguage":"de","@id":"https:\/\/www.ondernemendvenlo.nl\/meet-greet-met-toekomstige-werknemers-19-september-2024\/#primaryimage","url":"https:\/\/www.ondernemendvenlo.nl\/wp-content\/uploads\/2025\/04\/MeetGreetToekomstigeWerkknemers.jpg","contentUrl":"https:\/\/www.ondernemendvenlo.nl\/wp-content\/uploads\/2025\/04\/MeetGreetToekomstigeWerkknemers.jpg","width":1920,"height":1080},{"@type":"BreadcrumbList","@id":"https:\/\/www.ondernemendvenlo.nl\/meet-greet-met-toekomstige-werknemers-19-september-2024\/#breadcrumb","itemListElement":[{"@type":"ListItem","position":1,"name":"Ondernemend Venlo","item":"https:\/\/www.ondernemendvenlo.nl\/"},{"@type":"ListItem","position":2,"name":"Nieuws","item":"https:\/\/www.ondernemendvenlo.nl\/categorie\/nieuws\/"},{"@type":"ListItem","position":3,"name":"Meet &#038; Greet met toekomstige werknemers &#8211; 19 september 2024"}]},{"@type":"WebSite","@id":"https:\/\/www.ondernemendvenlo.nl\/#website","url":"https:\/\/www.ondernemendvenlo.nl\/","name":"Unternehmerisches Venlo","description":"Samen succesvol ondernemen","publisher":{"@id":"https:\/\/www.ondernemendvenlo.nl\/#organization"},"potentialAction":[{"@type":"SearchAction","target":{"@type":"EntryPoint","urlTemplate":"https:\/\/www.ondernemendvenlo.nl\/?s={search_term_string}"},"query-input":{"@type":"PropertyValueSpecification","valueRequired":true,"valueName":"search_term_string"}}],"inLanguage":"de"},{"@type":"Organization","@id":"https:\/\/www.ondernemendvenlo.nl\/#organization","name":"Unternehmerisches Venlo","url":"https:\/\/www.ondernemendvenlo.nl\/","logo":{"@type":"ImageObject","inLanguage":"de","@id":"https:\/\/www.ondernemendvenlo.nl\/#\/schema\/logo\/image\/","url":"https:\/\/www.ondernemendvenlo.nl\/wp-content\/uploads\/2025\/02\/Ondernemend-Venlo-logo-scaled.webp","contentUrl":"https:\/\/www.ondernemendvenlo.nl\/wp-content\/uploads\/2025\/02\/Ondernemend-Venlo-logo-scaled.webp","width":2560,"height":1010,"caption":"Ondernemend Venlo"},"image":{"@id":"https:\/\/www.ondernemendvenlo.nl\/#\/schema\/logo\/image\/"},"sameAs":["https:\/\/www.linkedin.com\/company\/ondernemend-venlo\/"]},{"@type":"Person","@id":"https:\/\/www.ondernemendvenlo.nl\/#\/schema\/person\/347e935f8ad4c7030608ef74bb57aa6e","name":"admin","image":{"@type":"ImageObject","inLanguage":"de","@id":"https:\/\/www.ondernemendvenlo.nl\/#\/schema\/person\/image\/","url":"https:\/\/www.ondernemendvenlo.nl\/wp-content\/litespeed\/avatar\/720af750b037aecf6e33e12833479059.jpg?ver=1777382954","contentUrl":"https:\/\/www.ondernemendvenlo.nl\/wp-content\/litespeed\/avatar\/720af750b037aecf6e33e12833479059.jpg?ver=1777382954","caption":"admin"},"sameAs":["https:\/\/www.ondernemendvenlo.nl"]}]}},"_links":{"self":[{"href":"https:\/\/www.ondernemendvenlo.nl\/de\/wp-json\/wp\/v2\/posts\/3189","targetHints":{"allow":["GET"]}}],"collection":[{"href":"https:\/\/www.ondernemendvenlo.nl\/de\/wp-json\/wp\/v2\/posts"}],"about":[{"href":"https:\/\/www.ondernemendvenlo.nl\/de\/wp-json\/wp\/v2\/types\/post"}],"author":[{"embeddable":true,"href":"https:\/\/www.ondernemendvenlo.nl\/de\/wp-json\/wp\/v2\/users\/1"}],"replies":[{"embeddable":true,"href":"https:\/\/www.ondernemendvenlo.nl\/de\/wp-json\/wp\/v2\/comments?post=3189"}],"version-history":[{"count":0,"href":"https:\/\/www.ondernemendvenlo.nl\/de\/wp-json\/wp\/v2\/posts\/3189\/revisions"}],"wp:featuredmedia":[{"embeddable":true,"href":"https:\/\/www.ondernemendvenlo.nl\/de\/wp-json\/wp\/v2\/media\/3190"}],"wp:attachment":[{"href":"https:\/\/www.ondernemendvenlo.nl\/de\/wp-json\/wp\/v2\/media?parent=3189"}],"wp:term":[{"taxonomy":"category","embeddable":true,"href":"https:\/\/www.ondernemendvenlo.nl\/de\/wp-json\/wp\/v2\/categories?post=3189"},{"taxonomy":"post_tag","embeddable":true,"href":"https:\/\/www.ondernemendvenlo.nl\/de\/wp-json\/wp\/v2\/tags?post=3189"}],"curies":[{"name":"wp","href":"https:\/\/api.w.org\/{rel}","templated":true}]}}