{"id":3191,"date":"2024-09-09T13:24:46","date_gmt":"2024-09-09T11:24:46","guid":{"rendered":"https:\/\/www.ondernemendvenlo.nl\/agenda-duurzame-events-van-esc\/"},"modified":"2024-09-09T13:24:46","modified_gmt":"2024-09-09T11:24:46","slug":"agenda-duurzame-events-van-esc","status":"publish","type":"post","link":"https:\/\/www.ondernemendvenlo.nl\/de\/agenda-duurzame-events-van-esc\/","title":{"rendered":"Der ESC-Kalender f\u00fcr nachhaltige Veranstaltungen"},"content":{"rendered":"<p class=\"p1\"><strong>Besuchen Sie online die vom WSA organisierten nachhaltigen Veranstaltungen<\/strong><\/p>\n<p class=\"p1\">Das ESC (Euregionales Nachhaltigkeitszentrum) ist eine Initiative von Fontys Venlo. Gemeinsam mit verschiedenen Wissenseinrichtungen, Unternehmen (Verb\u00e4nden) und Regierungen f\u00f6rdern wir Nachhaltigkeit, Energiewende und Kreislaufwirtschaft in der Grenzregion durch Zusammenarbeit und Wissensaustausch.<\/p>\n<p class=\"p2\">Die n\u00e4chsten Veranstaltungen sind:<\/p>\n<p><em> <span lang=\"EN-US\">&#8211;<\/span>       <\/em><br \/>\n<span lang=\"EN-US\"><em>Kostenlose Online-Veranstaltung \/ Englischsprachig<\/em><\/span><\/p>\n<p><span lang=\"EN-US\">Datum: 19. September 2024<br \/>\n<\/span><span lang=\"EN-US\">Zeit: <\/span><span lang=\"EN-US\">13:30 - 17:30<\/span><\/p>\n<p class=\"p1\">M\u00f6glichkeiten und Anreize f\u00fcr nachhaltiges und gesundes Bauen in der grenz\u00fcberschreitenden Region der Niederlande und Deutschlands<br \/>\n<span lang=\"EN-US\">Redner: <\/span><a title=\"https:\/\/www.linkedin.com\/in\/david-peck-b47ba412\/\" href=\"https:\/\/www.linkedin.com\/in\/david-peck-b47ba412\/\" target=\"_blank\" rel=\"noopener\"><span lang=\"EN-US\">David Peck<\/span><\/a><span lang=\"EN-US\">, <\/span><a title=\"https:\/\/www.linkedin.com\/in\/moritz-krogmann-0a9b35b2\/\" href=\"https:\/\/www.linkedin.com\/in\/moritz-krogmann-0a9b35b2\/\" target=\"_blank\" rel=\"noopener\"><span lang=\"EN-US\">Moritz Krogmann<\/span><\/a><span lang=\"EN-US\">, <\/span><a title=\"https:\/\/www.linkedin.com\/in\/justusschuenemann\/\" href=\"https:\/\/www.linkedin.com\/in\/justusschuenemann\/\" target=\"_blank\" rel=\"noopener\"><span lang=\"EN-US\">Justus Sch\u00fcnemann<\/span><\/a><span lang=\"EN-US\">, <\/span><a title=\"https:\/\/www.linkedin.com\/in\/janpeter-beckmann-6014371b3\/\" href=\"https:\/\/www.linkedin.com\/in\/janpeter-beckmann-6014371b3\/\" target=\"_blank\" rel=\"noopener\"><span lang=\"EN-US\">Janpeter Beckmann<\/span><\/a><span lang=\"EN-US\">, <\/span><a title=\"https:\/\/www.linkedin.com\/in\/remkozuidema\/\" href=\"https:\/\/www.linkedin.com\/in\/remkozuidema\/\" target=\"_blank\" rel=\"noopener\"><span lang=\"EN-US\">Remko Zuidema<\/span><\/a><span lang=\"EN-US\"><br \/>\n<\/span><span lang=\"EN-US\">Weitere Informationen und Anmeldung: <\/span><strong><a title=\"https:\/\/lnkd.in\/e-xZX96K\" href=\"https:\/\/lnkd.in\/e-xZX96K\" target=\"_blank\" rel=\"noopener\"><span lang=\"EN-US\">Grenz\u00fcberschreitende B\u00f6rse f\u00fcr nachhaltiges Bauen<\/span><\/a><\/strong><span lang=\"EN-US\"><br \/>\n<\/span><\/p>\n<hr \/>\n<p class=\"p1\"><span lang=\"EN-US\"><br \/>\n<\/span>         <span lang=\"EN-US\"> (<\/span><a title=\"https:\/\/www.linkedin.com\/company\/maastricht-university\/\" href=\"https:\/\/www.linkedin.com\/company\/maastricht-university\/\" target=\"_blank\" rel=\"noopener\"><span lang=\"EN-US\">Universit\u00e4t Maastricht<\/span><\/a><span lang=\"EN-US\">)<br \/>\n<\/span><span lang=\"EN-US\"><em>Kostenlose Online-Veranstaltung \/ Englischsprachig<\/em><\/span><\/p>\n<p class=\"p1\"><span lang=\"EN-US\">Datum: 30. Oktober 2024<br \/>\n<\/span><span lang=\"EN-US\">Zeit: 14:30 - 16:00<br \/>\n<\/span><\/p>\n<p class=\"p1\"><span lang=\"EN-US\">Erneuerbare Energien in Grenzregionen<br \/>\n<\/span><span lang=\"EN-US\">Abonnieren: <\/span><strong><a title=\"https:\/\/lnkd.in\/ezPAtaJN\" href=\"https:\/\/lnkd.in\/ezPAtaJN\" target=\"_blank\" rel=\"noopener\"><span lang=\"EN-US\">Inspirierende Sitzung mit Martin Unfried<\/span><\/a><\/strong><span lang=\"EN-US\"><br \/>\n<\/span><\/p>\n<hr \/>\n<p class=\"p1\"><span lang=\"EN-US\"><br \/>\n<\/span><strong>       <span lang=\"EN-US\">. <\/span> <span lang=\"EN-US\">. <\/span><a title=\"https:\/\/www.linkedin.com\/in\/martina-fromhold-eisebith-a61a847\/\" href=\"https:\/\/www.linkedin.com\/in\/martina-fromhold-eisebith-a61a847\/\" target=\"_blank\" rel=\"noopener\"><span lang=\"EN-US\">Martina Fromhold-Eisebith<\/span><\/a><br \/>\n<\/strong><span lang=\"EN-US\"><em>Kostenlose Online-Veranstaltung \/ Englischsprachig<\/em><\/span><\/p>\n<p class=\"p1\"><span lang=\"EN-US\">Datum: 6. November 2024<br \/>\n<\/span><span lang=\"EN-US\">Zeit: 14:30 - 16:00<\/span><\/p>\n<p class=\"p1\"><span lang=\"EN-US\">Nachhaltige Produkte und Kreislaufwirtschaft<br \/>\n<\/span><span lang=\"EN-US\">Abonnieren: <\/span><strong><a title=\"https:\/\/lnkd.in\/ea2qsSDx\" href=\"https:\/\/lnkd.in\/ea2qsSDx\" target=\"_blank\" rel=\"noopener\"><span lang=\"EN-US\">Inspirierende Sitzung mit Prof. Dr. Martina Fromhold-Eisebith<\/span><\/a><\/strong><\/p>\n<hr \/>\n<p>Eine gro\u00dfartige Gelegenheit, Ihr Wissen zu erweitern, Kontakte zu kn\u00fcpfen und gemeinsam an nachhaltigen L\u00f6sungen zu arbeiten!<br \/>\nWeitere Informationen: <strong><a href=\"https:\/\/sustainabilitycenter.eu\/esc-events\/\">ESC-Ereignisse<\/a><\/strong><\/p>","protected":false},"excerpt":{"rendered":"<p>Bezoek online de duurzame evenementen georganiseerd door het ESC \u200b\u200bHet ESC (Euregionaal Duurzaamheidscentrum) is een initiatief van Fontys Venlo. Samen met diverse kennisinstellingen, bedrijven (verenigingen) en overheden bevorderen wij door samenwerking en kennisuitwisseling de duurzaamheid, de energietransitie en de circulaire economie in de grensregio. Komende evwnts zijn: &#8211; Gratis online event \/ Engels gesproken Datum: [&hellip;]<\/p>","protected":false},"author":1,"featured_media":3192,"comment_status":"closed","ping_status":"open","sticky":false,"template":"","format":"standard","meta":{"_acf_changed":false,"footnotes":""},"categories":[8],"tags":[],"class_list":["post-3191","post","type-post","status-publish","format-standard","has-post-thumbnail","hentry","category-nieuws"],"acf":[],"yoast_head":"<!-- This site is optimized with the Yoast SEO plugin v26.3 - https:\/\/yoast.com\/wordpress\/plugins\/seo\/ -->\n<title>Agenda duurzame events van ESC - Ondernemend Venlo<\/title>\n<meta name=\"robots\" content=\"index, follow, max-snippet:-1, max-image-preview:large, max-video-preview:-1\" \/>\n<link rel=\"canonical\" href=\"https:\/\/www.ondernemendvenlo.nl\/de\/agenda-duurzame-events-van-esc\/\" \/>\n<meta property=\"og:locale\" content=\"de_DE\" \/>\n<meta property=\"og:type\" content=\"article\" \/>\n<meta property=\"og:title\" content=\"Agenda duurzame events van ESC - Ondernemend Venlo\" \/>\n<meta property=\"og:description\" content=\"Bezoek online de duurzame evenementen georganiseerd door het ESC \u200b\u200bHet ESC (Euregionaal Duurzaamheidscentrum) is een initiatief van Fontys Venlo. Samen met diverse kennisinstellingen, bedrijven (verenigingen) en overheden bevorderen wij door samenwerking en kennisuitwisseling de duurzaamheid, de energietransitie en de circulaire economie in de grensregio. Komende evwnts zijn: &#8211; Gratis online event \/ Engels gesproken Datum: [&hellip;]\" \/>\n<meta property=\"og:url\" content=\"https:\/\/www.ondernemendvenlo.nl\/de\/agenda-duurzame-events-van-esc\/\" \/>\n<meta property=\"og:site_name\" content=\"Ondernemend Venlo\" \/>\n<meta property=\"article:published_time\" content=\"2024-09-09T11:24:46+00:00\" \/>\n<meta property=\"og:image\" content=\"https:\/\/www.ondernemendvenlo.nl\/wp-content\/uploads\/2025\/04\/esc-ComingUpEvents.jpg\" \/>\n\t<meta property=\"og:image:width\" content=\"1920\" \/>\n\t<meta property=\"og:image:height\" content=\"1080\" \/>\n\t<meta property=\"og:image:type\" content=\"image\/jpeg\" \/>\n<meta name=\"author\" content=\"admin\" \/>\n<meta name=\"twitter:card\" content=\"summary_large_image\" \/>\n<meta name=\"twitter:label1\" content=\"Verfasst von\" \/>\n\t<meta name=\"twitter:data1\" content=\"admin\" \/>\n\t<meta name=\"twitter:label2\" content=\"Gesch\u00e4tzte Lesezeit\" \/>\n\t<meta name=\"twitter:data2\" content=\"1\u00a0Minute\" \/>\n<script type=\"application\/ld+json\" class=\"yoast-schema-graph\">{\"@context\":\"https:\/\/schema.org\",\"@graph\":[{\"@type\":\"Article\",\"@id\":\"https:\/\/www.ondernemendvenlo.nl\/agenda-duurzame-events-van-esc\/#article\",\"isPartOf\":{\"@id\":\"https:\/\/www.ondernemendvenlo.nl\/agenda-duurzame-events-van-esc\/\"},\"author\":{\"name\":\"admin\",\"@id\":\"https:\/\/www.ondernemendvenlo.nl\/#\/schema\/person\/347e935f8ad4c7030608ef74bb57aa6e\"},\"headline\":\"Agenda duurzame events van ESC\",\"datePublished\":\"2024-09-09T11:24:46+00:00\",\"mainEntityOfPage\":{\"@id\":\"https:\/\/www.ondernemendvenlo.nl\/agenda-duurzame-events-van-esc\/\"},\"wordCount\":170,\"publisher\":{\"@id\":\"https:\/\/www.ondernemendvenlo.nl\/#organization\"},\"image\":{\"@id\":\"https:\/\/www.ondernemendvenlo.nl\/agenda-duurzame-events-van-esc\/#primaryimage\"},\"thumbnailUrl\":\"https:\/\/www.ondernemendvenlo.nl\/wp-content\/uploads\/2025\/04\/esc-ComingUpEvents.jpg\",\"articleSection\":[\"Nieuws\"],\"inLanguage\":\"de\"},{\"@type\":\"WebPage\",\"@id\":\"https:\/\/www.ondernemendvenlo.nl\/agenda-duurzame-events-van-esc\/\",\"url\":\"https:\/\/www.ondernemendvenlo.nl\/agenda-duurzame-events-van-esc\/\",\"name\":\"Agenda duurzame events van ESC - Ondernemend Venlo\",\"isPartOf\":{\"@id\":\"https:\/\/www.ondernemendvenlo.nl\/#website\"},\"primaryImageOfPage\":{\"@id\":\"https:\/\/www.ondernemendvenlo.nl\/agenda-duurzame-events-van-esc\/#primaryimage\"},\"image\":{\"@id\":\"https:\/\/www.ondernemendvenlo.nl\/agenda-duurzame-events-van-esc\/#primaryimage\"},\"thumbnailUrl\":\"https:\/\/www.ondernemendvenlo.nl\/wp-content\/uploads\/2025\/04\/esc-ComingUpEvents.jpg\",\"datePublished\":\"2024-09-09T11:24:46+00:00\",\"breadcrumb\":{\"@id\":\"https:\/\/www.ondernemendvenlo.nl\/agenda-duurzame-events-van-esc\/#breadcrumb\"},\"inLanguage\":\"de\",\"potentialAction\":[{\"@type\":\"ReadAction\",\"target\":[\"https:\/\/www.ondernemendvenlo.nl\/agenda-duurzame-events-van-esc\/\"]}]},{\"@type\":\"ImageObject\",\"inLanguage\":\"de\",\"@id\":\"https:\/\/www.ondernemendvenlo.nl\/agenda-duurzame-events-van-esc\/#primaryimage\",\"url\":\"https:\/\/www.ondernemendvenlo.nl\/wp-content\/uploads\/2025\/04\/esc-ComingUpEvents.jpg\",\"contentUrl\":\"https:\/\/www.ondernemendvenlo.nl\/wp-content\/uploads\/2025\/04\/esc-ComingUpEvents.jpg\",\"width\":1920,\"height\":1080},{\"@type\":\"BreadcrumbList\",\"@id\":\"https:\/\/www.ondernemendvenlo.nl\/agenda-duurzame-events-van-esc\/#breadcrumb\",\"itemListElement\":[{\"@type\":\"ListItem\",\"position\":1,\"name\":\"Ondernemend Venlo\",\"item\":\"https:\/\/www.ondernemendvenlo.nl\/\"},{\"@type\":\"ListItem\",\"position\":2,\"name\":\"Nieuws\",\"item\":\"https:\/\/www.ondernemendvenlo.nl\/categorie\/nieuws\/\"},{\"@type\":\"ListItem\",\"position\":3,\"name\":\"Agenda duurzame events van ESC\"}]},{\"@type\":\"WebSite\",\"@id\":\"https:\/\/www.ondernemendvenlo.nl\/#website\",\"url\":\"https:\/\/www.ondernemendvenlo.nl\/\",\"name\":\"Ondernemend Venlo\",\"description\":\"Samen succesvol ondernemen\",\"publisher\":{\"@id\":\"https:\/\/www.ondernemendvenlo.nl\/#organization\"},\"potentialAction\":[{\"@type\":\"SearchAction\",\"target\":{\"@type\":\"EntryPoint\",\"urlTemplate\":\"https:\/\/www.ondernemendvenlo.nl\/?s={search_term_string}\"},\"query-input\":{\"@type\":\"PropertyValueSpecification\",\"valueRequired\":true,\"valueName\":\"search_term_string\"}}],\"inLanguage\":\"de\"},{\"@type\":\"Organization\",\"@id\":\"https:\/\/www.ondernemendvenlo.nl\/#organization\",\"name\":\"Ondernemend Venlo\",\"url\":\"https:\/\/www.ondernemendvenlo.nl\/\",\"logo\":{\"@type\":\"ImageObject\",\"inLanguage\":\"de\",\"@id\":\"https:\/\/www.ondernemendvenlo.nl\/#\/schema\/logo\/image\/\",\"url\":\"https:\/\/www.ondernemendvenlo.nl\/wp-content\/uploads\/2025\/02\/Ondernemend-Venlo-logo-scaled.webp\",\"contentUrl\":\"https:\/\/www.ondernemendvenlo.nl\/wp-content\/uploads\/2025\/02\/Ondernemend-Venlo-logo-scaled.webp\",\"width\":2560,\"height\":1010,\"caption\":\"Ondernemend Venlo\"},\"image\":{\"@id\":\"https:\/\/www.ondernemendvenlo.nl\/#\/schema\/logo\/image\/\"},\"sameAs\":[\"https:\/\/www.linkedin.com\/company\/ondernemend-venlo\/\"]},{\"@type\":\"Person\",\"@id\":\"https:\/\/www.ondernemendvenlo.nl\/#\/schema\/person\/347e935f8ad4c7030608ef74bb57aa6e\",\"name\":\"admin\",\"image\":{\"@type\":\"ImageObject\",\"inLanguage\":\"de\",\"@id\":\"https:\/\/www.ondernemendvenlo.nl\/#\/schema\/person\/image\/\",\"url\":\"https:\/\/www.ondernemendvenlo.nl\/wp-content\/litespeed\/avatar\/720af750b037aecf6e33e12833479059.jpg?ver=1777382954\",\"contentUrl\":\"https:\/\/www.ondernemendvenlo.nl\/wp-content\/litespeed\/avatar\/720af750b037aecf6e33e12833479059.jpg?ver=1777382954\",\"caption\":\"admin\"},\"sameAs\":[\"https:\/\/www.ondernemendvenlo.nl\"]}]}<\/script>\n<!-- \/ Yoast SEO plugin. -->","yoast_head_json":{"title":"Agenda duurzame events van ESC - Ondernemend Venlo","robots":{"index":"index","follow":"follow","max-snippet":"max-snippet:-1","max-image-preview":"max-image-preview:large","max-video-preview":"max-video-preview:-1"},"canonical":"https:\/\/www.ondernemendvenlo.nl\/de\/agenda-duurzame-events-van-esc\/","og_locale":"de_DE","og_type":"article","og_title":"Agenda duurzame events van ESC - Ondernemend Venlo","og_description":"Bezoek online de duurzame evenementen georganiseerd door het ESC \u200b\u200bHet ESC (Euregionaal Duurzaamheidscentrum) is een initiatief van Fontys Venlo. Samen met diverse kennisinstellingen, bedrijven (verenigingen) en overheden bevorderen wij door samenwerking en kennisuitwisseling de duurzaamheid, de energietransitie en de circulaire economie in de grensregio. Komende evwnts zijn: &#8211; Gratis online event \/ Engels gesproken Datum: [&hellip;]","og_url":"https:\/\/www.ondernemendvenlo.nl\/de\/agenda-duurzame-events-van-esc\/","og_site_name":"Ondernemend Venlo","article_published_time":"2024-09-09T11:24:46+00:00","og_image":[{"width":1920,"height":1080,"url":"https:\/\/www.ondernemendvenlo.nl\/wp-content\/uploads\/2025\/04\/esc-ComingUpEvents.jpg","type":"image\/jpeg"}],"author":"admin","twitter_card":"summary_large_image","twitter_misc":{"Verfasst von":"admin","Gesch\u00e4tzte Lesezeit":"1\u00a0Minute"},"schema":{"@context":"https:\/\/schema.org","@graph":[{"@type":"Article","@id":"https:\/\/www.ondernemendvenlo.nl\/agenda-duurzame-events-van-esc\/#article","isPartOf":{"@id":"https:\/\/www.ondernemendvenlo.nl\/agenda-duurzame-events-van-esc\/"},"author":{"name":"admin","@id":"https:\/\/www.ondernemendvenlo.nl\/#\/schema\/person\/347e935f8ad4c7030608ef74bb57aa6e"},"headline":"Agenda duurzame events van ESC","datePublished":"2024-09-09T11:24:46+00:00","mainEntityOfPage":{"@id":"https:\/\/www.ondernemendvenlo.nl\/agenda-duurzame-events-van-esc\/"},"wordCount":170,"publisher":{"@id":"https:\/\/www.ondernemendvenlo.nl\/#organization"},"image":{"@id":"https:\/\/www.ondernemendvenlo.nl\/agenda-duurzame-events-van-esc\/#primaryimage"},"thumbnailUrl":"https:\/\/www.ondernemendvenlo.nl\/wp-content\/uploads\/2025\/04\/esc-ComingUpEvents.jpg","articleSection":["Nieuws"],"inLanguage":"de"},{"@type":"WebPage","@id":"https:\/\/www.ondernemendvenlo.nl\/agenda-duurzame-events-van-esc\/","url":"https:\/\/www.ondernemendvenlo.nl\/agenda-duurzame-events-van-esc\/","name":"Agenda duurzame events van ESC - Ondernemend Venlo","isPartOf":{"@id":"https:\/\/www.ondernemendvenlo.nl\/#website"},"primaryImageOfPage":{"@id":"https:\/\/www.ondernemendvenlo.nl\/agenda-duurzame-events-van-esc\/#primaryimage"},"image":{"@id":"https:\/\/www.ondernemendvenlo.nl\/agenda-duurzame-events-van-esc\/#primaryimage"},"thumbnailUrl":"https:\/\/www.ondernemendvenlo.nl\/wp-content\/uploads\/2025\/04\/esc-ComingUpEvents.jpg","datePublished":"2024-09-09T11:24:46+00:00","breadcrumb":{"@id":"https:\/\/www.ondernemendvenlo.nl\/agenda-duurzame-events-van-esc\/#breadcrumb"},"inLanguage":"de","potentialAction":[{"@type":"ReadAction","target":["https:\/\/www.ondernemendvenlo.nl\/agenda-duurzame-events-van-esc\/"]}]},{"@type":"ImageObject","inLanguage":"de","@id":"https:\/\/www.ondernemendvenlo.nl\/agenda-duurzame-events-van-esc\/#primaryimage","url":"https:\/\/www.ondernemendvenlo.nl\/wp-content\/uploads\/2025\/04\/esc-ComingUpEvents.jpg","contentUrl":"https:\/\/www.ondernemendvenlo.nl\/wp-content\/uploads\/2025\/04\/esc-ComingUpEvents.jpg","width":1920,"height":1080},{"@type":"BreadcrumbList","@id":"https:\/\/www.ondernemendvenlo.nl\/agenda-duurzame-events-van-esc\/#breadcrumb","itemListElement":[{"@type":"ListItem","position":1,"name":"Ondernemend Venlo","item":"https:\/\/www.ondernemendvenlo.nl\/"},{"@type":"ListItem","position":2,"name":"Nieuws","item":"https:\/\/www.ondernemendvenlo.nl\/categorie\/nieuws\/"},{"@type":"ListItem","position":3,"name":"Agenda duurzame events van ESC"}]},{"@type":"WebSite","@id":"https:\/\/www.ondernemendvenlo.nl\/#website","url":"https:\/\/www.ondernemendvenlo.nl\/","name":"Unternehmerisches Venlo","description":"Samen succesvol ondernemen","publisher":{"@id":"https:\/\/www.ondernemendvenlo.nl\/#organization"},"potentialAction":[{"@type":"SearchAction","target":{"@type":"EntryPoint","urlTemplate":"https:\/\/www.ondernemendvenlo.nl\/?s={search_term_string}"},"query-input":{"@type":"PropertyValueSpecification","valueRequired":true,"valueName":"search_term_string"}}],"inLanguage":"de"},{"@type":"Organization","@id":"https:\/\/www.ondernemendvenlo.nl\/#organization","name":"Unternehmerisches Venlo","url":"https:\/\/www.ondernemendvenlo.nl\/","logo":{"@type":"ImageObject","inLanguage":"de","@id":"https:\/\/www.ondernemendvenlo.nl\/#\/schema\/logo\/image\/","url":"https:\/\/www.ondernemendvenlo.nl\/wp-content\/uploads\/2025\/02\/Ondernemend-Venlo-logo-scaled.webp","contentUrl":"https:\/\/www.ondernemendvenlo.nl\/wp-content\/uploads\/2025\/02\/Ondernemend-Venlo-logo-scaled.webp","width":2560,"height":1010,"caption":"Ondernemend Venlo"},"image":{"@id":"https:\/\/www.ondernemendvenlo.nl\/#\/schema\/logo\/image\/"},"sameAs":["https:\/\/www.linkedin.com\/company\/ondernemend-venlo\/"]},{"@type":"Person","@id":"https:\/\/www.ondernemendvenlo.nl\/#\/schema\/person\/347e935f8ad4c7030608ef74bb57aa6e","name":"admin","image":{"@type":"ImageObject","inLanguage":"de","@id":"https:\/\/www.ondernemendvenlo.nl\/#\/schema\/person\/image\/","url":"https:\/\/www.ondernemendvenlo.nl\/wp-content\/litespeed\/avatar\/720af750b037aecf6e33e12833479059.jpg?ver=1777382954","contentUrl":"https:\/\/www.ondernemendvenlo.nl\/wp-content\/litespeed\/avatar\/720af750b037aecf6e33e12833479059.jpg?ver=1777382954","caption":"admin"},"sameAs":["https:\/\/www.ondernemendvenlo.nl"]}]}},"_links":{"self":[{"href":"https:\/\/www.ondernemendvenlo.nl\/de\/wp-json\/wp\/v2\/posts\/3191","targetHints":{"allow":["GET"]}}],"collection":[{"href":"https:\/\/www.ondernemendvenlo.nl\/de\/wp-json\/wp\/v2\/posts"}],"about":[{"href":"https:\/\/www.ondernemendvenlo.nl\/de\/wp-json\/wp\/v2\/types\/post"}],"author":[{"embeddable":true,"href":"https:\/\/www.ondernemendvenlo.nl\/de\/wp-json\/wp\/v2\/users\/1"}],"replies":[{"embeddable":true,"href":"https:\/\/www.ondernemendvenlo.nl\/de\/wp-json\/wp\/v2\/comments?post=3191"}],"version-history":[{"count":0,"href":"https:\/\/www.ondernemendvenlo.nl\/de\/wp-json\/wp\/v2\/posts\/3191\/revisions"}],"wp:featuredmedia":[{"embeddable":true,"href":"https:\/\/www.ondernemendvenlo.nl\/de\/wp-json\/wp\/v2\/media\/3192"}],"wp:attachment":[{"href":"https:\/\/www.ondernemendvenlo.nl\/de\/wp-json\/wp\/v2\/media?parent=3191"}],"wp:term":[{"taxonomy":"category","embeddable":true,"href":"https:\/\/www.ondernemendvenlo.nl\/de\/wp-json\/wp\/v2\/categories?post=3191"},{"taxonomy":"post_tag","embeddable":true,"href":"https:\/\/www.ondernemendvenlo.nl\/de\/wp-json\/wp\/v2\/tags?post=3191"}],"curies":[{"name":"wp","href":"https:\/\/api.w.org\/{rel}","templated":true}]}}