{"id":3193,"date":"2024-09-10T13:16:22","date_gmt":"2024-09-10T11:16:22","guid":{"rendered":"https:\/\/www.ondernemendvenlo.nl\/genomineerden-lvdg-prijs-en-talent-award\/"},"modified":"2024-09-10T13:16:22","modified_gmt":"2024-09-10T11:16:22","slug":"genomineerden-lvdg-prijs-en-talent-award","status":"publish","type":"post","link":"https:\/\/www.ondernemendvenlo.nl\/de\/genomineerden-lvdg-prijs-en-talent-award\/","title":{"rendered":"Nominierte LvdG-Preis und Talent Award 2024"},"content":{"rendered":"<p class=\"p2\"><strong>Die Nominierten f\u00fcr den Lodewijk van der Grinten Preis und den Talent Award 2024 wurden am Dienstag, den 10. September, auf der B\u00fchne von Viva Classic Live auf dem Markt im Zentrum von Venlo offiziell bekannt gegeben. W\u00e4hrend der Nominierungsveranstaltung hielten die Kandidaten f\u00fcr den Lodewijk-van-der-Grinten-Preis einen Pitch vor allen Anwesenden. Dieser Pitch floss zusammen mit einer Reihe anderer Kriterien in die Bewertung der Fachjury ein. Das zentrale Thema in diesem Jahr ist: <i>Omdenken<\/i>. Wie verwandelt man ein Problem\/eine Herausforderung in eine Chance? Die Talente wurden heute Nachmittag von Martine van der Meijden interviewt. In den kommenden Monaten werden die Nominierten um den begehrten Preis k\u00e4mpfen.<\/strong><\/p>\n<p class=\"p2\">Die drei Nominierten f\u00fcr den Lodewijk van der Grinten-Preis sind:<br \/>\n<strong>- Fred Spijksma<\/strong><br \/>\n<strong>- Rob Beurskens<\/strong><br \/>\n<strong>- Rob Ewalds\u00a0<\/strong><\/p>\n<p class=\"p2\">Drei vielversprechende junge Talente wurden ebenfalls f\u00fcr den Talent Award nominiert:<br \/>\n<strong>- Emiel Zeevenhoven<\/strong><br \/>\n<strong>- Joni Sloesen<\/strong><br \/>\n<strong>- Saar Gansner<\/strong><\/p>\n<hr \/>\n<p class=\"p2\"><strong>Hintergrundinformationen zu den Kandidaten f\u00fcr den Lodewijk van der Grinten-Preis 2024<\/strong><\/p>\n<p class=\"p2\"><em><strong>Fred Spijksma <\/strong><\/em>(52 Jahre), der im Alter von 16 Jahren als Lagerarbeiter begann, ist heute Eigent\u00fcmer von GEBA Trans, einem der gr\u00f6\u00dften unabh\u00e4ngigen Speditionsunternehmen in den Niederlanden. Mit 30 Mitarbeitern und einer Liefertreue von 99% bietet GEBA Trans Transporte in ganz Europa an und positioniert sich als Komplettanbieter f\u00fcr seine Kunden. Bei GEBA Trans herrscht eine Kultur der Innovation. Einer der Grundwerte ist das \"Outside-the-Box\"-Denken: Die Mitarbeiter werden ermutigt, anders zu denken, und es wird ihnen zugetraut, Entscheidungen zu treffen, aber auch Fehler zu machen. Es gibt auch Raum f\u00fcr soziale Innovation, wobei Gesundheit, Entwicklung und Work-Life-Balance kontinuierlich \u00fcberwacht werden.<\/p>\n<p class=\"p2\">Zum Thema <i>Omdenken <\/i>sagt Spijksma: \"Ob privat oder gesch\u00e4ftlich, es liegt in meiner Natur, die Dinge aus verschiedenen, manchmal sogar l\u00e4cherlichen Blickwinkeln zu betrachten. Todesdrohungen wie 'das haben wir schon versucht' oder 'das funktioniert sowieso nicht' veranlassen mich, genau das zu tun.\"<\/p>\n<p class=\"p2\"><em><strong>Rob Beurskens <\/strong><\/em>(51) wuchs in einer Unternehmerfamilie auf und lie\u00df sich im Alter von 18 Jahren bei der Handelskammer eintragen. Heute ist er zusammen mit seinem Bruder Eigent\u00fcmer des Maashofs, eines vielseitigen Veranstaltungsortes mit 85 Hotelzimmern, einem Restaurant, Tagungsr\u00e4umen, Wellnesseinrichtungen, Gruppenaktivit\u00e4ten und dem Fitnessstudio Fit Focus.<\/p>\n<p class=\"p2\">Der Maashof liegt in einer ruhigen, gr\u00fcnen Umgebung, will professionelle Gastfreundschaft bieten und seine G\u00e4ste immer wieder aufs Neue \u00fcberraschen. Die 135 Mitarbeiter sind das Fundament des Unternehmens und Beurskens versucht, f\u00fcr sie etwas zu bewirken, indem es ihnen Schulungen und Weiterbildungen anbietet und sie die Einrichtungen des Maashofs nutzen l\u00e4sst.<\/p>\n<p class=\"p2\">Zum Thema <i>Omdenken <\/i>sagt Beurskens: \"Der Beginn unseres Unternehmens ist vielleicht das beste Beispiel f\u00fcr das Umdenken. Als wir f\u00fcr den Bau der A73 unser Elternhaus verlassen mussten, haben wir eine Wiese gekauft und dort Forellenteiche angelegt. Daraus ist dann der Maashof entstanden.\"<\/p>\n<p class=\"p2\"><em><strong>Rob Ewalds<\/strong> <\/em>(53 Jahre) ist Inhaber von Gaston Schul, einem Zollspezialisten. Das Ziel des Unternehmens ist es, den Kunden einen grenzenlosen Handel zu erm\u00f6glichen, wobei die Mitarbeiter von Gaston Schul die Zollabfertigung im weitesten Sinne des Wortes \u00fcbernehmen. Gaston Schul ist in 8 europ\u00e4ischen L\u00e4ndern t\u00e4tig, hat 16 B\u00fcros und 350 Angestellte, strebt aber ein ernsthaftes Wachstum an, um der f\u00fchrende <i>Zoll- und Handelspartner\". <\/i>in Europa zu sein. Im Jahr 2025 wird das Unternehmen sein 180-j\u00e4hriges Bestehen feiern.<\/p>\n<p class=\"p2\">Rob Ewalds sagt zum Thema \"Umdenken\": \"EU-Erweiterung, Covid, Brexit, die gro\u00dfen Auswirkungen von Kriegen auf den Welthandel, Digitalisierung und die Konsolidierung des Zollmarktes zwingen uns st\u00e4ndig zum Umdenken. F\u00fcr mich ist ein Problem nie etwas, worunter ich 'leide', sondern eher 'eine Chance, die mich anspornt'. Gerade in der Welt des Zolls muss man umdenken, um \"zukunftssicher\" zu sein.<\/p>\n<hr \/>\n<p class=\"p2\"><strong>Hintergrundinformationen zu den nominierten Talenten:<\/strong><\/p>\n<p class=\"p2\"><em><strong>Emiel Zeevenhoven <\/strong><\/em>(32) ist seit 13 Jahren stolzer Besitzer von IJsco Fantastico. Was mit einem kleinen Verkaufsstand begann, hat sich zu einem Unternehmen mit mehreren einzigartigen Standorten in der Gemeinde Venlo entwickelt. 2011 entschied sich Emiel, sein Studium abzubrechen und sich voll und ganz seinem unternehmerischen Traum zu widmen - eine Entscheidung, die ihm viele neue M\u00f6glichkeiten er\u00f6ffnete. Im Jahr 2019 kaufte er zusammen mit seinem damaligen Kompagnon Wim Zeevenhoven die alte Schokoladen- und S\u00fc\u00dfwarenfabrik. Nach zwei Jahren harter Arbeit ist dies nun der Ort, an dem handwerklich hergestelltes Eis und Schokolade produziert werden. Inzwischen ist das Unternehmen auf acht Vollzeitstellen und 50 Saisonarbeiter angewachsen.<\/p>\n<p class=\"p2\">Emiel beschreibt sich selbst als einen aktiven und positiven Menschen, der in allem, was er tut, nach h\u00f6chster Qualit\u00e4t strebt. Er hat keine Angst, Fehler zu machen und ergreift jede Gelegenheit mit beiden H\u00e4nden. \"Mein Unternehmen ist bereit, in unserer Branche noch weiter zu wachsen\", sagt Emiel.<\/p>\n<p class=\"p2\"><em><strong>Joni Sloesen<\/strong><\/em> (27) bildet zusammen mit Arno Janssen und Peter Bogema das Kernteam des Restaurants Sober und des Weinguts Zavel. Geboren und aufgewachsen in Tegelen, wuchs er in einer Unternehmerfamilie v\u00e4terlicherseits und einer naturverbundenen Familie m\u00fctterlicherseits auf. Mit 19 Jahren verlie\u00df er Venlo mit dem Gedanken, nie wieder zur\u00fcckzukehren. Heute ist er Winzer in unserer Gemeinde und betreibt seit M\u00e4rz 2023 mit seinen Gef\u00e4hrten das Restaurant Sober.<\/p>\n<p class=\"p2\">Joni \u00fcber sich: \"Ich bin Unternehmerin, Sommeli\u00e8re, Winzerin, G\u00e4rtnerin und Landwirtin. In meiner Arbeit kommen alle meine Leidenschaften zusammen: gutes Essen, gro\u00dfer Wein und vor allem die Natur. Ehrliches, modernes und aufrichtiges Unternehmertum, das ist machbar. Es gibt so viel f\u00fcr unsere sch\u00f6ne Region zu tun. Und das m\u00f6chte ich auch meinen Mitmenschen zeigen, dass es m\u00f6glich ist und dass es funktioniert! Gemeinsam eine gute Zukunft bauen.\"<\/p>\n<p class=\"p2\"><em><strong>Saar Gansner<\/strong><\/em> (26), engagiert sich neben ihrem Job - als Junior Consultant Food bei Green People Recruitment - f\u00fcr die Schaffung eines einzigartigen Ortes im Garten des Vaters in Steyl. Zusammen mit ihrem Vater betreibt sie die Kloosterbrouwerij Steyl, in der G\u00e4ste traditionell gebraute Bierspezialit\u00e4ten und hausgemachte regionale Gerichte probieren und genie\u00dfen k\u00f6nnen.<\/p>\n<p class=\"p2\">Mit einem Abschluss in Lebensmittelinnovation in der Tasche und der Bierlizenz in der Tasche ist es ihre Leidenschaft, ehrliche Lebensmittel- und Bierkonzepte zu entwickeln, bei denen Trends, Nachhaltigkeit und lokale Kooperationen im Mittelpunkt stehen. Saar: \"Wir sind ein soziales Unternehmen, das Entwicklungsm\u00f6glichkeiten f\u00fcr alle bietet, unabh\u00e4ngig von Herkunft und Unterst\u00fctzungsbedarf. Im Jahr 2025, dem Jahr des 150-j\u00e4hrigen Jubil\u00e4ums des Klosterdorfs, wollen wir eine Brauerei, einen Verkostungsraum und einen Mittagstisch unter einem Dach er\u00f6ffnen.\"<\/p>\n<hr \/>\n<p class=\"p2\">Die Stiftung <em><strong>Lodewijk-van-der-Grinten-Preis<\/strong><\/em> zielt darauf ab, das Unternehmertum in der Gemeinde Venlo zu f\u00f6rdern und besondere und inspirierende Unternehmer ins Rampenlicht zu stellen. Dar\u00fcber hinaus bietet die Stiftung eine B\u00fchne f\u00fcr talentierte junge Venloer Fachleute. Die Organisation arbeitet mit Ondernemend Venlo, MKB Noord-Limburg, LLTB Noord-Limburg und der Gemeinde Venlo zusammen. Die Verleihung der beiden Preise findet am Dienstag, den 10. Dezember 2024 im Theater De Maaspoort in Venlo statt.<\/p>","protected":false},"excerpt":{"rendered":"<p>De genomineerden van de Lodewijk van der Grinten Prijs en de Talent Award 2024 werden dinsdag 10 september officieel bekendgemaakt op het podium van Viva Classic Live op de Markt in het centrum van Venlo. Tijdens het nominatie-evenement gaven de kandidaten voor de Lodewijk van der Grinten Prijs een pitch ten overstaan van alle aanwezigen. [&hellip;]<\/p>","protected":false},"author":1,"featured_media":3194,"comment_status":"closed","ping_status":"open","sticky":false,"template":"","format":"standard","meta":{"_acf_changed":false,"footnotes":""},"categories":[8],"tags":[],"class_list":["post-3193","post","type-post","status-publish","format-standard","has-post-thumbnail","hentry","category-nieuws"],"acf":[],"yoast_head":"<!-- This site is optimized with the Yoast SEO plugin v26.3 - https:\/\/yoast.com\/wordpress\/plugins\/seo\/ -->\n<title>Genomineerden LvdG Prijs en Talent Award 2024 - Ondernemend Venlo<\/title>\n<meta name=\"robots\" content=\"index, follow, max-snippet:-1, max-image-preview:large, max-video-preview:-1\" \/>\n<link rel=\"canonical\" href=\"https:\/\/www.ondernemendvenlo.nl\/de\/genomineerden-lvdg-prijs-en-talent-award\/\" \/>\n<meta property=\"og:locale\" content=\"de_DE\" \/>\n<meta property=\"og:type\" content=\"article\" \/>\n<meta property=\"og:title\" content=\"Genomineerden LvdG Prijs en Talent Award 2024 - Ondernemend Venlo\" \/>\n<meta property=\"og:description\" content=\"De genomineerden van de Lodewijk van der Grinten Prijs en de Talent Award 2024 werden dinsdag 10 september officieel bekendgemaakt op het podium van Viva Classic Live op de Markt in het centrum van Venlo. Tijdens het nominatie-evenement gaven de kandidaten voor de Lodewijk van der Grinten Prijs een pitch ten overstaan van alle aanwezigen. [&hellip;]\" \/>\n<meta property=\"og:url\" content=\"https:\/\/www.ondernemendvenlo.nl\/de\/genomineerden-lvdg-prijs-en-talent-award\/\" \/>\n<meta property=\"og:site_name\" content=\"Ondernemend Venlo\" \/>\n<meta property=\"article:published_time\" content=\"2024-09-10T11:16:22+00:00\" \/>\n<meta property=\"og:image\" content=\"https:\/\/www.ondernemendvenlo.nl\/wp-content\/uploads\/2025\/04\/LvdGP_Bekendmaking2024.jpg\" \/>\n\t<meta property=\"og:image:width\" content=\"1920\" \/>\n\t<meta property=\"og:image:height\" content=\"1080\" \/>\n\t<meta property=\"og:image:type\" content=\"image\/jpeg\" \/>\n<meta name=\"author\" content=\"admin\" \/>\n<meta name=\"twitter:card\" content=\"summary_large_image\" \/>\n<meta name=\"twitter:label1\" content=\"Verfasst von\" \/>\n\t<meta name=\"twitter:data1\" content=\"admin\" \/>\n\t<meta name=\"twitter:label2\" content=\"Gesch\u00e4tzte Lesezeit\" \/>\n\t<meta name=\"twitter:data2\" content=\"5\u00a0Minuten\" \/>\n<script type=\"application\/ld+json\" class=\"yoast-schema-graph\">{\"@context\":\"https:\/\/schema.org\",\"@graph\":[{\"@type\":\"Article\",\"@id\":\"https:\/\/www.ondernemendvenlo.nl\/genomineerden-lvdg-prijs-en-talent-award\/#article\",\"isPartOf\":{\"@id\":\"https:\/\/www.ondernemendvenlo.nl\/genomineerden-lvdg-prijs-en-talent-award\/\"},\"author\":{\"name\":\"admin\",\"@id\":\"https:\/\/www.ondernemendvenlo.nl\/#\/schema\/person\/347e935f8ad4c7030608ef74bb57aa6e\"},\"headline\":\"Genomineerden LvdG Prijs en Talent Award 2024\",\"datePublished\":\"2024-09-10T11:16:22+00:00\",\"mainEntityOfPage\":{\"@id\":\"https:\/\/www.ondernemendvenlo.nl\/genomineerden-lvdg-prijs-en-talent-award\/\"},\"wordCount\":1075,\"publisher\":{\"@id\":\"https:\/\/www.ondernemendvenlo.nl\/#organization\"},\"image\":{\"@id\":\"https:\/\/www.ondernemendvenlo.nl\/genomineerden-lvdg-prijs-en-talent-award\/#primaryimage\"},\"thumbnailUrl\":\"https:\/\/www.ondernemendvenlo.nl\/wp-content\/uploads\/2025\/04\/LvdGP_Bekendmaking2024.jpg\",\"articleSection\":[\"Nieuws\"],\"inLanguage\":\"de\"},{\"@type\":\"WebPage\",\"@id\":\"https:\/\/www.ondernemendvenlo.nl\/genomineerden-lvdg-prijs-en-talent-award\/\",\"url\":\"https:\/\/www.ondernemendvenlo.nl\/genomineerden-lvdg-prijs-en-talent-award\/\",\"name\":\"Genomineerden LvdG Prijs en Talent Award 2024 - Ondernemend Venlo\",\"isPartOf\":{\"@id\":\"https:\/\/www.ondernemendvenlo.nl\/#website\"},\"primaryImageOfPage\":{\"@id\":\"https:\/\/www.ondernemendvenlo.nl\/genomineerden-lvdg-prijs-en-talent-award\/#primaryimage\"},\"image\":{\"@id\":\"https:\/\/www.ondernemendvenlo.nl\/genomineerden-lvdg-prijs-en-talent-award\/#primaryimage\"},\"thumbnailUrl\":\"https:\/\/www.ondernemendvenlo.nl\/wp-content\/uploads\/2025\/04\/LvdGP_Bekendmaking2024.jpg\",\"datePublished\":\"2024-09-10T11:16:22+00:00\",\"breadcrumb\":{\"@id\":\"https:\/\/www.ondernemendvenlo.nl\/genomineerden-lvdg-prijs-en-talent-award\/#breadcrumb\"},\"inLanguage\":\"de\",\"potentialAction\":[{\"@type\":\"ReadAction\",\"target\":[\"https:\/\/www.ondernemendvenlo.nl\/genomineerden-lvdg-prijs-en-talent-award\/\"]}]},{\"@type\":\"ImageObject\",\"inLanguage\":\"de\",\"@id\":\"https:\/\/www.ondernemendvenlo.nl\/genomineerden-lvdg-prijs-en-talent-award\/#primaryimage\",\"url\":\"https:\/\/www.ondernemendvenlo.nl\/wp-content\/uploads\/2025\/04\/LvdGP_Bekendmaking2024.jpg\",\"contentUrl\":\"https:\/\/www.ondernemendvenlo.nl\/wp-content\/uploads\/2025\/04\/LvdGP_Bekendmaking2024.jpg\",\"width\":1920,\"height\":1080},{\"@type\":\"BreadcrumbList\",\"@id\":\"https:\/\/www.ondernemendvenlo.nl\/genomineerden-lvdg-prijs-en-talent-award\/#breadcrumb\",\"itemListElement\":[{\"@type\":\"ListItem\",\"position\":1,\"name\":\"Ondernemend Venlo\",\"item\":\"https:\/\/www.ondernemendvenlo.nl\/\"},{\"@type\":\"ListItem\",\"position\":2,\"name\":\"Nieuws\",\"item\":\"https:\/\/www.ondernemendvenlo.nl\/categorie\/nieuws\/\"},{\"@type\":\"ListItem\",\"position\":3,\"name\":\"Genomineerden LvdG Prijs en Talent Award 2024\"}]},{\"@type\":\"WebSite\",\"@id\":\"https:\/\/www.ondernemendvenlo.nl\/#website\",\"url\":\"https:\/\/www.ondernemendvenlo.nl\/\",\"name\":\"Ondernemend Venlo\",\"description\":\"Samen succesvol ondernemen\",\"publisher\":{\"@id\":\"https:\/\/www.ondernemendvenlo.nl\/#organization\"},\"potentialAction\":[{\"@type\":\"SearchAction\",\"target\":{\"@type\":\"EntryPoint\",\"urlTemplate\":\"https:\/\/www.ondernemendvenlo.nl\/?s={search_term_string}\"},\"query-input\":{\"@type\":\"PropertyValueSpecification\",\"valueRequired\":true,\"valueName\":\"search_term_string\"}}],\"inLanguage\":\"de\"},{\"@type\":\"Organization\",\"@id\":\"https:\/\/www.ondernemendvenlo.nl\/#organization\",\"name\":\"Ondernemend Venlo\",\"url\":\"https:\/\/www.ondernemendvenlo.nl\/\",\"logo\":{\"@type\":\"ImageObject\",\"inLanguage\":\"de\",\"@id\":\"https:\/\/www.ondernemendvenlo.nl\/#\/schema\/logo\/image\/\",\"url\":\"https:\/\/www.ondernemendvenlo.nl\/wp-content\/uploads\/2025\/02\/Ondernemend-Venlo-logo-scaled.webp\",\"contentUrl\":\"https:\/\/www.ondernemendvenlo.nl\/wp-content\/uploads\/2025\/02\/Ondernemend-Venlo-logo-scaled.webp\",\"width\":2560,\"height\":1010,\"caption\":\"Ondernemend Venlo\"},\"image\":{\"@id\":\"https:\/\/www.ondernemendvenlo.nl\/#\/schema\/logo\/image\/\"},\"sameAs\":[\"https:\/\/www.linkedin.com\/company\/ondernemend-venlo\/\"]},{\"@type\":\"Person\",\"@id\":\"https:\/\/www.ondernemendvenlo.nl\/#\/schema\/person\/347e935f8ad4c7030608ef74bb57aa6e\",\"name\":\"admin\",\"image\":{\"@type\":\"ImageObject\",\"inLanguage\":\"de\",\"@id\":\"https:\/\/www.ondernemendvenlo.nl\/#\/schema\/person\/image\/\",\"url\":\"https:\/\/www.ondernemendvenlo.nl\/wp-content\/litespeed\/avatar\/720af750b037aecf6e33e12833479059.jpg?ver=1777382954\",\"contentUrl\":\"https:\/\/www.ondernemendvenlo.nl\/wp-content\/litespeed\/avatar\/720af750b037aecf6e33e12833479059.jpg?ver=1777382954\",\"caption\":\"admin\"},\"sameAs\":[\"https:\/\/www.ondernemendvenlo.nl\"]}]}<\/script>\n<!-- \/ Yoast SEO plugin. -->","yoast_head_json":{"title":"Genomineerden LvdG Prijs en Talent Award 2024 - Ondernemend Venlo","robots":{"index":"index","follow":"follow","max-snippet":"max-snippet:-1","max-image-preview":"max-image-preview:large","max-video-preview":"max-video-preview:-1"},"canonical":"https:\/\/www.ondernemendvenlo.nl\/de\/genomineerden-lvdg-prijs-en-talent-award\/","og_locale":"de_DE","og_type":"article","og_title":"Genomineerden LvdG Prijs en Talent Award 2024 - Ondernemend Venlo","og_description":"De genomineerden van de Lodewijk van der Grinten Prijs en de Talent Award 2024 werden dinsdag 10 september officieel bekendgemaakt op het podium van Viva Classic Live op de Markt in het centrum van Venlo. Tijdens het nominatie-evenement gaven de kandidaten voor de Lodewijk van der Grinten Prijs een pitch ten overstaan van alle aanwezigen. [&hellip;]","og_url":"https:\/\/www.ondernemendvenlo.nl\/de\/genomineerden-lvdg-prijs-en-talent-award\/","og_site_name":"Ondernemend Venlo","article_published_time":"2024-09-10T11:16:22+00:00","og_image":[{"width":1920,"height":1080,"url":"https:\/\/www.ondernemendvenlo.nl\/wp-content\/uploads\/2025\/04\/LvdGP_Bekendmaking2024.jpg","type":"image\/jpeg"}],"author":"admin","twitter_card":"summary_large_image","twitter_misc":{"Verfasst von":"admin","Gesch\u00e4tzte Lesezeit":"5\u00a0Minuten"},"schema":{"@context":"https:\/\/schema.org","@graph":[{"@type":"Article","@id":"https:\/\/www.ondernemendvenlo.nl\/genomineerden-lvdg-prijs-en-talent-award\/#article","isPartOf":{"@id":"https:\/\/www.ondernemendvenlo.nl\/genomineerden-lvdg-prijs-en-talent-award\/"},"author":{"name":"admin","@id":"https:\/\/www.ondernemendvenlo.nl\/#\/schema\/person\/347e935f8ad4c7030608ef74bb57aa6e"},"headline":"Genomineerden LvdG Prijs en Talent Award 2024","datePublished":"2024-09-10T11:16:22+00:00","mainEntityOfPage":{"@id":"https:\/\/www.ondernemendvenlo.nl\/genomineerden-lvdg-prijs-en-talent-award\/"},"wordCount":1075,"publisher":{"@id":"https:\/\/www.ondernemendvenlo.nl\/#organization"},"image":{"@id":"https:\/\/www.ondernemendvenlo.nl\/genomineerden-lvdg-prijs-en-talent-award\/#primaryimage"},"thumbnailUrl":"https:\/\/www.ondernemendvenlo.nl\/wp-content\/uploads\/2025\/04\/LvdGP_Bekendmaking2024.jpg","articleSection":["Nieuws"],"inLanguage":"de"},{"@type":"WebPage","@id":"https:\/\/www.ondernemendvenlo.nl\/genomineerden-lvdg-prijs-en-talent-award\/","url":"https:\/\/www.ondernemendvenlo.nl\/genomineerden-lvdg-prijs-en-talent-award\/","name":"Genomineerden LvdG Prijs en Talent Award 2024 - Ondernemend Venlo","isPartOf":{"@id":"https:\/\/www.ondernemendvenlo.nl\/#website"},"primaryImageOfPage":{"@id":"https:\/\/www.ondernemendvenlo.nl\/genomineerden-lvdg-prijs-en-talent-award\/#primaryimage"},"image":{"@id":"https:\/\/www.ondernemendvenlo.nl\/genomineerden-lvdg-prijs-en-talent-award\/#primaryimage"},"thumbnailUrl":"https:\/\/www.ondernemendvenlo.nl\/wp-content\/uploads\/2025\/04\/LvdGP_Bekendmaking2024.jpg","datePublished":"2024-09-10T11:16:22+00:00","breadcrumb":{"@id":"https:\/\/www.ondernemendvenlo.nl\/genomineerden-lvdg-prijs-en-talent-award\/#breadcrumb"},"inLanguage":"de","potentialAction":[{"@type":"ReadAction","target":["https:\/\/www.ondernemendvenlo.nl\/genomineerden-lvdg-prijs-en-talent-award\/"]}]},{"@type":"ImageObject","inLanguage":"de","@id":"https:\/\/www.ondernemendvenlo.nl\/genomineerden-lvdg-prijs-en-talent-award\/#primaryimage","url":"https:\/\/www.ondernemendvenlo.nl\/wp-content\/uploads\/2025\/04\/LvdGP_Bekendmaking2024.jpg","contentUrl":"https:\/\/www.ondernemendvenlo.nl\/wp-content\/uploads\/2025\/04\/LvdGP_Bekendmaking2024.jpg","width":1920,"height":1080},{"@type":"BreadcrumbList","@id":"https:\/\/www.ondernemendvenlo.nl\/genomineerden-lvdg-prijs-en-talent-award\/#breadcrumb","itemListElement":[{"@type":"ListItem","position":1,"name":"Ondernemend Venlo","item":"https:\/\/www.ondernemendvenlo.nl\/"},{"@type":"ListItem","position":2,"name":"Nieuws","item":"https:\/\/www.ondernemendvenlo.nl\/categorie\/nieuws\/"},{"@type":"ListItem","position":3,"name":"Genomineerden LvdG Prijs en Talent Award 2024"}]},{"@type":"WebSite","@id":"https:\/\/www.ondernemendvenlo.nl\/#website","url":"https:\/\/www.ondernemendvenlo.nl\/","name":"Unternehmerisches Venlo","description":"Samen succesvol ondernemen","publisher":{"@id":"https:\/\/www.ondernemendvenlo.nl\/#organization"},"potentialAction":[{"@type":"SearchAction","target":{"@type":"EntryPoint","urlTemplate":"https:\/\/www.ondernemendvenlo.nl\/?s={search_term_string}"},"query-input":{"@type":"PropertyValueSpecification","valueRequired":true,"valueName":"search_term_string"}}],"inLanguage":"de"},{"@type":"Organization","@id":"https:\/\/www.ondernemendvenlo.nl\/#organization","name":"Unternehmerisches Venlo","url":"https:\/\/www.ondernemendvenlo.nl\/","logo":{"@type":"ImageObject","inLanguage":"de","@id":"https:\/\/www.ondernemendvenlo.nl\/#\/schema\/logo\/image\/","url":"https:\/\/www.ondernemendvenlo.nl\/wp-content\/uploads\/2025\/02\/Ondernemend-Venlo-logo-scaled.webp","contentUrl":"https:\/\/www.ondernemendvenlo.nl\/wp-content\/uploads\/2025\/02\/Ondernemend-Venlo-logo-scaled.webp","width":2560,"height":1010,"caption":"Ondernemend Venlo"},"image":{"@id":"https:\/\/www.ondernemendvenlo.nl\/#\/schema\/logo\/image\/"},"sameAs":["https:\/\/www.linkedin.com\/company\/ondernemend-venlo\/"]},{"@type":"Person","@id":"https:\/\/www.ondernemendvenlo.nl\/#\/schema\/person\/347e935f8ad4c7030608ef74bb57aa6e","name":"admin","image":{"@type":"ImageObject","inLanguage":"de","@id":"https:\/\/www.ondernemendvenlo.nl\/#\/schema\/person\/image\/","url":"https:\/\/www.ondernemendvenlo.nl\/wp-content\/litespeed\/avatar\/720af750b037aecf6e33e12833479059.jpg?ver=1777382954","contentUrl":"https:\/\/www.ondernemendvenlo.nl\/wp-content\/litespeed\/avatar\/720af750b037aecf6e33e12833479059.jpg?ver=1777382954","caption":"admin"},"sameAs":["https:\/\/www.ondernemendvenlo.nl"]}]}},"_links":{"self":[{"href":"https:\/\/www.ondernemendvenlo.nl\/de\/wp-json\/wp\/v2\/posts\/3193","targetHints":{"allow":["GET"]}}],"collection":[{"href":"https:\/\/www.ondernemendvenlo.nl\/de\/wp-json\/wp\/v2\/posts"}],"about":[{"href":"https:\/\/www.ondernemendvenlo.nl\/de\/wp-json\/wp\/v2\/types\/post"}],"author":[{"embeddable":true,"href":"https:\/\/www.ondernemendvenlo.nl\/de\/wp-json\/wp\/v2\/users\/1"}],"replies":[{"embeddable":true,"href":"https:\/\/www.ondernemendvenlo.nl\/de\/wp-json\/wp\/v2\/comments?post=3193"}],"version-history":[{"count":0,"href":"https:\/\/www.ondernemendvenlo.nl\/de\/wp-json\/wp\/v2\/posts\/3193\/revisions"}],"wp:featuredmedia":[{"embeddable":true,"href":"https:\/\/www.ondernemendvenlo.nl\/de\/wp-json\/wp\/v2\/media\/3194"}],"wp:attachment":[{"href":"https:\/\/www.ondernemendvenlo.nl\/de\/wp-json\/wp\/v2\/media?parent=3193"}],"wp:term":[{"taxonomy":"category","embeddable":true,"href":"https:\/\/www.ondernemendvenlo.nl\/de\/wp-json\/wp\/v2\/categories?post=3193"},{"taxonomy":"post_tag","embeddable":true,"href":"https:\/\/www.ondernemendvenlo.nl\/de\/wp-json\/wp\/v2\/tags?post=3193"}],"curies":[{"name":"wp","href":"https:\/\/api.w.org\/{rel}","templated":true}]}}