{"id":3217,"date":"2024-11-01T18:36:32","date_gmt":"2024-11-01T17:36:32","guid":{"rendered":"https:\/\/www.ondernemendvenlo.nl\/nieuwe-parkmanager\/"},"modified":"2024-11-01T18:36:32","modified_gmt":"2024-11-01T17:36:32","slug":"nieuwe-parkmanager","status":"publish","type":"post","link":"https:\/\/www.ondernemendvenlo.nl\/de\/nieuwe-parkmanager\/","title":{"rendered":"Neuer Parkmanager"},"content":{"rendered":"<p>Wir freuen uns, Ihnen mitteilen zu k\u00f6nnen, dass wir ab dem 1. November eine neue Parkmanagerin bei Ondernemend Venlo begr\u00fc\u00dfen d\u00fcrfen! Ihr Name ist Nicky Verhaagh. Mit ihrer Erfahrung und ihrem frischen Blick wird sie sich daf\u00fcr einsetzen, dass unser Unternehmernetzwerk und unsere Gewerbegebiete noch weiter wachsen und gedeihen.<\/p>\n<p>Unsere neue Parkmanagerin freut sich auf die ersten Schritte und teilt bereits ihre Begeisterung:<br \/>\n<em>\"Ich freue mich darauf, einen Beitrag zum Wachstum und zur Qualit\u00e4t des unternehmerischen Klimas in Venlo zu leisten. Bei Venlo Partners habe ich mich mit Begeisterung f\u00fcr die Unternehmer im Stadtzentrum und in den Stadtteilen eingesetzt, zusammen mit der Gemeinde und anderen wichtigen Parteien. In meiner neuen Funktion als Parkmanagerin werde ich mich darauf konzentrieren, die Unternehmer in den Gewerbegebieten, die Gemeinde und andere zu vernetzen, und gemeinsam mit meinen Kollegen Projekte vorantreiben, die den Unternehmern in der Region wirklich etwas bringen. Denn allein kommt man schneller voran, aber gemeinsam kommt man weiter!\"<\/em><\/p>\n<p>Wir hoffen, dass Sie sie bald selbst bei einem der Treffen treffen k\u00f6nnen. In der Zwischenzeit sollten Sie unsere Website und LinkedIn f\u00fcr weitere Neuigkeiten im Auge behalten.<br \/>\nSie k\u00f6nnen Nicky unter nicky.verhaagh@ondernemendvenlo.nl oder unter 06 - 4672 6540 erreichen.<\/p>\n<p>Hei\u00dfen wir sie gemeinsam herzlich willkommen und w\u00fcnschen wir ihr viel Erfolg. Wir freuen uns auf eine tolle neue Zeit bei Entrepreneurial Venlo!<\/p>","protected":false},"excerpt":{"rendered":"<p>Met veel plezier laten we weten dat we per 1 november een nieuwe parkmanager verwelkomen bij Ondernemend Venlo! Haar naam is Nicky Verhaagh. Met haar ervaring en frisse blik gaat ze aan de slag om ons ondernemersnetwerk en de bedrijventerreinen nog verder te laten groeien en bloeien. Onze nieuwe parkmanager kijkt ernaar uit om aan [&hellip;]<\/p>","protected":false},"author":1,"featured_media":0,"comment_status":"closed","ping_status":"open","sticky":false,"template":"","format":"standard","meta":{"_acf_changed":false,"footnotes":""},"categories":[8],"tags":[],"class_list":["post-3217","post","type-post","status-publish","format-standard","hentry","category-nieuws"],"acf":[],"yoast_head":"<!-- This site is optimized with the Yoast SEO plugin v26.3 - https:\/\/yoast.com\/wordpress\/plugins\/seo\/ -->\n<title>Nieuwe parkmanager - Ondernemend Venlo<\/title>\n<meta name=\"robots\" content=\"index, follow, max-snippet:-1, max-image-preview:large, max-video-preview:-1\" \/>\n<link rel=\"canonical\" href=\"https:\/\/www.ondernemendvenlo.nl\/de\/nieuwe-parkmanager\/\" \/>\n<meta property=\"og:locale\" content=\"de_DE\" \/>\n<meta property=\"og:type\" content=\"article\" \/>\n<meta property=\"og:title\" content=\"Nieuwe parkmanager - Ondernemend Venlo\" \/>\n<meta property=\"og:description\" content=\"Met veel plezier laten we weten dat we per 1 november een nieuwe parkmanager verwelkomen bij Ondernemend Venlo! Haar naam is Nicky Verhaagh. Met haar ervaring en frisse blik gaat ze aan de slag om ons ondernemersnetwerk en de bedrijventerreinen nog verder te laten groeien en bloeien. Onze nieuwe parkmanager kijkt ernaar uit om aan [&hellip;]\" \/>\n<meta property=\"og:url\" content=\"https:\/\/www.ondernemendvenlo.nl\/de\/nieuwe-parkmanager\/\" \/>\n<meta property=\"og:site_name\" content=\"Ondernemend Venlo\" \/>\n<meta property=\"article:published_time\" content=\"2024-11-01T17:36:32+00:00\" \/>\n<meta name=\"author\" content=\"admin\" \/>\n<meta name=\"twitter:card\" content=\"summary_large_image\" \/>\n<meta name=\"twitter:label1\" content=\"Verfasst von\" \/>\n\t<meta name=\"twitter:data1\" content=\"admin\" \/>\n\t<meta name=\"twitter:label2\" content=\"Gesch\u00e4tzte Lesezeit\" \/>\n\t<meta name=\"twitter:data2\" content=\"1\u00a0Minute\" \/>\n<script type=\"application\/ld+json\" class=\"yoast-schema-graph\">{\"@context\":\"https:\/\/schema.org\",\"@graph\":[{\"@type\":\"Article\",\"@id\":\"https:\/\/www.ondernemendvenlo.nl\/nieuwe-parkmanager\/#article\",\"isPartOf\":{\"@id\":\"https:\/\/www.ondernemendvenlo.nl\/nieuwe-parkmanager\/\"},\"author\":{\"name\":\"admin\",\"@id\":\"https:\/\/www.ondernemendvenlo.nl\/#\/schema\/person\/347e935f8ad4c7030608ef74bb57aa6e\"},\"headline\":\"Nieuwe parkmanager\",\"datePublished\":\"2024-11-01T17:36:32+00:00\",\"mainEntityOfPage\":{\"@id\":\"https:\/\/www.ondernemendvenlo.nl\/nieuwe-parkmanager\/\"},\"wordCount\":217,\"publisher\":{\"@id\":\"https:\/\/www.ondernemendvenlo.nl\/#organization\"},\"articleSection\":[\"Nieuws\"],\"inLanguage\":\"de\"},{\"@type\":\"WebPage\",\"@id\":\"https:\/\/www.ondernemendvenlo.nl\/nieuwe-parkmanager\/\",\"url\":\"https:\/\/www.ondernemendvenlo.nl\/nieuwe-parkmanager\/\",\"name\":\"Nieuwe parkmanager - Ondernemend Venlo\",\"isPartOf\":{\"@id\":\"https:\/\/www.ondernemendvenlo.nl\/#website\"},\"datePublished\":\"2024-11-01T17:36:32+00:00\",\"breadcrumb\":{\"@id\":\"https:\/\/www.ondernemendvenlo.nl\/nieuwe-parkmanager\/#breadcrumb\"},\"inLanguage\":\"de\",\"potentialAction\":[{\"@type\":\"ReadAction\",\"target\":[\"https:\/\/www.ondernemendvenlo.nl\/nieuwe-parkmanager\/\"]}]},{\"@type\":\"BreadcrumbList\",\"@id\":\"https:\/\/www.ondernemendvenlo.nl\/nieuwe-parkmanager\/#breadcrumb\",\"itemListElement\":[{\"@type\":\"ListItem\",\"position\":1,\"name\":\"Ondernemend Venlo\",\"item\":\"https:\/\/www.ondernemendvenlo.nl\/\"},{\"@type\":\"ListItem\",\"position\":2,\"name\":\"Nieuws\",\"item\":\"https:\/\/www.ondernemendvenlo.nl\/categorie\/nieuws\/\"},{\"@type\":\"ListItem\",\"position\":3,\"name\":\"Nieuwe parkmanager\"}]},{\"@type\":\"WebSite\",\"@id\":\"https:\/\/www.ondernemendvenlo.nl\/#website\",\"url\":\"https:\/\/www.ondernemendvenlo.nl\/\",\"name\":\"Ondernemend Venlo\",\"description\":\"Samen succesvol ondernemen\",\"publisher\":{\"@id\":\"https:\/\/www.ondernemendvenlo.nl\/#organization\"},\"potentialAction\":[{\"@type\":\"SearchAction\",\"target\":{\"@type\":\"EntryPoint\",\"urlTemplate\":\"https:\/\/www.ondernemendvenlo.nl\/?s={search_term_string}\"},\"query-input\":{\"@type\":\"PropertyValueSpecification\",\"valueRequired\":true,\"valueName\":\"search_term_string\"}}],\"inLanguage\":\"de\"},{\"@type\":\"Organization\",\"@id\":\"https:\/\/www.ondernemendvenlo.nl\/#organization\",\"name\":\"Ondernemend Venlo\",\"url\":\"https:\/\/www.ondernemendvenlo.nl\/\",\"logo\":{\"@type\":\"ImageObject\",\"inLanguage\":\"de\",\"@id\":\"https:\/\/www.ondernemendvenlo.nl\/#\/schema\/logo\/image\/\",\"url\":\"https:\/\/www.ondernemendvenlo.nl\/wp-content\/uploads\/2025\/02\/Ondernemend-Venlo-logo-scaled.webp\",\"contentUrl\":\"https:\/\/www.ondernemendvenlo.nl\/wp-content\/uploads\/2025\/02\/Ondernemend-Venlo-logo-scaled.webp\",\"width\":2560,\"height\":1010,\"caption\":\"Ondernemend Venlo\"},\"image\":{\"@id\":\"https:\/\/www.ondernemendvenlo.nl\/#\/schema\/logo\/image\/\"},\"sameAs\":[\"https:\/\/www.linkedin.com\/company\/ondernemend-venlo\/\"]},{\"@type\":\"Person\",\"@id\":\"https:\/\/www.ondernemendvenlo.nl\/#\/schema\/person\/347e935f8ad4c7030608ef74bb57aa6e\",\"name\":\"admin\",\"image\":{\"@type\":\"ImageObject\",\"inLanguage\":\"de\",\"@id\":\"https:\/\/www.ondernemendvenlo.nl\/#\/schema\/person\/image\/\",\"url\":\"https:\/\/www.ondernemendvenlo.nl\/wp-content\/litespeed\/avatar\/720af750b037aecf6e33e12833479059.jpg?ver=1777382954\",\"contentUrl\":\"https:\/\/www.ondernemendvenlo.nl\/wp-content\/litespeed\/avatar\/720af750b037aecf6e33e12833479059.jpg?ver=1777382954\",\"caption\":\"admin\"},\"sameAs\":[\"https:\/\/www.ondernemendvenlo.nl\"]}]}<\/script>\n<!-- \/ Yoast SEO plugin. -->","yoast_head_json":{"title":"Nieuwe parkmanager - Ondernemend Venlo","robots":{"index":"index","follow":"follow","max-snippet":"max-snippet:-1","max-image-preview":"max-image-preview:large","max-video-preview":"max-video-preview:-1"},"canonical":"https:\/\/www.ondernemendvenlo.nl\/de\/nieuwe-parkmanager\/","og_locale":"de_DE","og_type":"article","og_title":"Nieuwe parkmanager - Ondernemend Venlo","og_description":"Met veel plezier laten we weten dat we per 1 november een nieuwe parkmanager verwelkomen bij Ondernemend Venlo! Haar naam is Nicky Verhaagh. Met haar ervaring en frisse blik gaat ze aan de slag om ons ondernemersnetwerk en de bedrijventerreinen nog verder te laten groeien en bloeien. Onze nieuwe parkmanager kijkt ernaar uit om aan [&hellip;]","og_url":"https:\/\/www.ondernemendvenlo.nl\/de\/nieuwe-parkmanager\/","og_site_name":"Ondernemend Venlo","article_published_time":"2024-11-01T17:36:32+00:00","author":"admin","twitter_card":"summary_large_image","twitter_misc":{"Verfasst von":"admin","Gesch\u00e4tzte Lesezeit":"1\u00a0Minute"},"schema":{"@context":"https:\/\/schema.org","@graph":[{"@type":"Article","@id":"https:\/\/www.ondernemendvenlo.nl\/nieuwe-parkmanager\/#article","isPartOf":{"@id":"https:\/\/www.ondernemendvenlo.nl\/nieuwe-parkmanager\/"},"author":{"name":"admin","@id":"https:\/\/www.ondernemendvenlo.nl\/#\/schema\/person\/347e935f8ad4c7030608ef74bb57aa6e"},"headline":"Nieuwe parkmanager","datePublished":"2024-11-01T17:36:32+00:00","mainEntityOfPage":{"@id":"https:\/\/www.ondernemendvenlo.nl\/nieuwe-parkmanager\/"},"wordCount":217,"publisher":{"@id":"https:\/\/www.ondernemendvenlo.nl\/#organization"},"articleSection":["Nieuws"],"inLanguage":"de"},{"@type":"WebPage","@id":"https:\/\/www.ondernemendvenlo.nl\/nieuwe-parkmanager\/","url":"https:\/\/www.ondernemendvenlo.nl\/nieuwe-parkmanager\/","name":"Nieuwe parkmanager - Ondernemend Venlo","isPartOf":{"@id":"https:\/\/www.ondernemendvenlo.nl\/#website"},"datePublished":"2024-11-01T17:36:32+00:00","breadcrumb":{"@id":"https:\/\/www.ondernemendvenlo.nl\/nieuwe-parkmanager\/#breadcrumb"},"inLanguage":"de","potentialAction":[{"@type":"ReadAction","target":["https:\/\/www.ondernemendvenlo.nl\/nieuwe-parkmanager\/"]}]},{"@type":"BreadcrumbList","@id":"https:\/\/www.ondernemendvenlo.nl\/nieuwe-parkmanager\/#breadcrumb","itemListElement":[{"@type":"ListItem","position":1,"name":"Ondernemend Venlo","item":"https:\/\/www.ondernemendvenlo.nl\/"},{"@type":"ListItem","position":2,"name":"Nieuws","item":"https:\/\/www.ondernemendvenlo.nl\/categorie\/nieuws\/"},{"@type":"ListItem","position":3,"name":"Nieuwe parkmanager"}]},{"@type":"WebSite","@id":"https:\/\/www.ondernemendvenlo.nl\/#website","url":"https:\/\/www.ondernemendvenlo.nl\/","name":"Unternehmerisches Venlo","description":"Samen succesvol ondernemen","publisher":{"@id":"https:\/\/www.ondernemendvenlo.nl\/#organization"},"potentialAction":[{"@type":"SearchAction","target":{"@type":"EntryPoint","urlTemplate":"https:\/\/www.ondernemendvenlo.nl\/?s={search_term_string}"},"query-input":{"@type":"PropertyValueSpecification","valueRequired":true,"valueName":"search_term_string"}}],"inLanguage":"de"},{"@type":"Organization","@id":"https:\/\/www.ondernemendvenlo.nl\/#organization","name":"Unternehmerisches Venlo","url":"https:\/\/www.ondernemendvenlo.nl\/","logo":{"@type":"ImageObject","inLanguage":"de","@id":"https:\/\/www.ondernemendvenlo.nl\/#\/schema\/logo\/image\/","url":"https:\/\/www.ondernemendvenlo.nl\/wp-content\/uploads\/2025\/02\/Ondernemend-Venlo-logo-scaled.webp","contentUrl":"https:\/\/www.ondernemendvenlo.nl\/wp-content\/uploads\/2025\/02\/Ondernemend-Venlo-logo-scaled.webp","width":2560,"height":1010,"caption":"Ondernemend Venlo"},"image":{"@id":"https:\/\/www.ondernemendvenlo.nl\/#\/schema\/logo\/image\/"},"sameAs":["https:\/\/www.linkedin.com\/company\/ondernemend-venlo\/"]},{"@type":"Person","@id":"https:\/\/www.ondernemendvenlo.nl\/#\/schema\/person\/347e935f8ad4c7030608ef74bb57aa6e","name":"admin","image":{"@type":"ImageObject","inLanguage":"de","@id":"https:\/\/www.ondernemendvenlo.nl\/#\/schema\/person\/image\/","url":"https:\/\/www.ondernemendvenlo.nl\/wp-content\/litespeed\/avatar\/720af750b037aecf6e33e12833479059.jpg?ver=1777382954","contentUrl":"https:\/\/www.ondernemendvenlo.nl\/wp-content\/litespeed\/avatar\/720af750b037aecf6e33e12833479059.jpg?ver=1777382954","caption":"admin"},"sameAs":["https:\/\/www.ondernemendvenlo.nl"]}]}},"_links":{"self":[{"href":"https:\/\/www.ondernemendvenlo.nl\/de\/wp-json\/wp\/v2\/posts\/3217","targetHints":{"allow":["GET"]}}],"collection":[{"href":"https:\/\/www.ondernemendvenlo.nl\/de\/wp-json\/wp\/v2\/posts"}],"about":[{"href":"https:\/\/www.ondernemendvenlo.nl\/de\/wp-json\/wp\/v2\/types\/post"}],"author":[{"embeddable":true,"href":"https:\/\/www.ondernemendvenlo.nl\/de\/wp-json\/wp\/v2\/users\/1"}],"replies":[{"embeddable":true,"href":"https:\/\/www.ondernemendvenlo.nl\/de\/wp-json\/wp\/v2\/comments?post=3217"}],"version-history":[{"count":0,"href":"https:\/\/www.ondernemendvenlo.nl\/de\/wp-json\/wp\/v2\/posts\/3217\/revisions"}],"wp:attachment":[{"href":"https:\/\/www.ondernemendvenlo.nl\/de\/wp-json\/wp\/v2\/media?parent=3217"}],"wp:term":[{"taxonomy":"category","embeddable":true,"href":"https:\/\/www.ondernemendvenlo.nl\/de\/wp-json\/wp\/v2\/categories?post=3217"},{"taxonomy":"post_tag","embeddable":true,"href":"https:\/\/www.ondernemendvenlo.nl\/de\/wp-json\/wp\/v2\/tags?post=3217"}],"curies":[{"name":"wp","href":"https:\/\/api.w.org\/{rel}","templated":true}]}}