{"id":3218,"date":"2024-11-05T15:46:09","date_gmt":"2024-11-05T14:46:09","guid":{"rendered":"https:\/\/www.ondernemendvenlo.nl\/werkgeversperspectieven-voor-internationale-studenten\/"},"modified":"2024-11-05T15:46:09","modified_gmt":"2024-11-05T14:46:09","slug":"werkgeversperspectieven-voor-internationale-studenten","status":"publish","type":"post","link":"https:\/\/www.ondernemendvenlo.nl\/de\/werkgeversperspectieven-voor-internationale-studenten\/","title":{"rendered":"Arbeitgeberperspektiven f\u00fcr internationale Studierende"},"content":{"rendered":"<p style=\"font-weight: 400;\"><strong>Sagen Sie Ihre Meinung zu internationalen Talenten auf dem Arbeitsmarkt!<\/strong><\/p>\n<p style=\"font-weight: 400;\">Nuffic, die niederl\u00e4ndische Organisation f\u00fcr Internationalisierung im Bildungswesen, f\u00fchrt eine Umfrage \u00fcber die Einstellung internationaler Hochschulabsolventen von niederl\u00e4ndischen Universit\u00e4ten und Fachhochschulen durch. Die Umfragen von Nuffic werden von der Regierung und den Bildungseinrichtungen gelesen und ernst genommen. Wenn Sie uns Ihre Ansichten mitteilen, tragen Sie dazu bei, die Aufenthaltswahrscheinlichkeit internationaler Studierender zu erh\u00f6hen. Die Beantwortung des Fragebogens nimmt weniger als 10 Minuten Ihrer Zeit in Anspruch.<\/p>\n<p style=\"font-weight: 400;\"><strong>Ihre Meinung ist f\u00fcr uns von gro\u00dfem Wert<\/strong><br \/>\nSind Sie in Ihrer Organisation am Bewerbungsprozess beteiligt?  Wenn ja, l\u00e4dt Nuffic Sie zur Teilnahme an der <strong><em><a href=\"https:\/\/nl.research.net\/r\/NLInternationaltalent\">Fragebogen zu \"Arbeitgeberperspektiven f\u00fcr internationale Hochschulabsolventen\".<\/a><\/em><\/strong> ausf\u00fcllen.<\/p>\n<p style=\"font-weight: 400;\">Das Nuffic-Forschungsteam dankt Ihnen im Voraus f\u00fcr Ihre Zeit und Ihren Beitrag zur Studie.<\/p>","protected":false},"excerpt":{"rendered":"<p>Praat mee over internationaal talent op de arbeidsmarkt! Nuffic, de Nederlandse organisatie voor internationalisering in het onderwijs, voert een onderzoek uit naar werkgeversperspectieven over het aannemen van afgestudeerde internationale studenten van Nederlandse universiteiten en hogescholen. Nuffic\u2019s onderzoeken worden door de overheid en onderwijsinstellingen gelezen en serieus genomen. Het delen van jouw perspectieven draagt daarom bij [&hellip;]<\/p>","protected":false},"author":1,"featured_media":3219,"comment_status":"closed","ping_status":"open","sticky":false,"template":"","format":"standard","meta":{"_acf_changed":false,"footnotes":""},"categories":[8],"tags":[],"class_list":["post-3218","post","type-post","status-publish","format-standard","has-post-thumbnail","hentry","category-nieuws"],"acf":[],"yoast_head":"<!-- This site is optimized with the Yoast SEO plugin v26.3 - https:\/\/yoast.com\/wordpress\/plugins\/seo\/ -->\n<title>werkgeversperspectieven voor internationale studenten - Ondernemend Venlo<\/title>\n<meta name=\"robots\" content=\"index, follow, max-snippet:-1, max-image-preview:large, max-video-preview:-1\" \/>\n<link rel=\"canonical\" href=\"https:\/\/www.ondernemendvenlo.nl\/de\/werkgeversperspectieven-voor-internationale-studenten\/\" \/>\n<meta property=\"og:locale\" content=\"de_DE\" \/>\n<meta property=\"og:type\" content=\"article\" \/>\n<meta property=\"og:title\" content=\"werkgeversperspectieven voor internationale studenten - Ondernemend Venlo\" \/>\n<meta property=\"og:description\" content=\"Praat mee over internationaal talent op de arbeidsmarkt! Nuffic, de Nederlandse organisatie voor internationalisering in het onderwijs, voert een onderzoek uit naar werkgeversperspectieven over het aannemen van afgestudeerde internationale studenten van Nederlandse universiteiten en hogescholen. Nuffic\u2019s onderzoeken worden door de overheid en onderwijsinstellingen gelezen en serieus genomen. Het delen van jouw perspectieven draagt daarom bij [&hellip;]\" \/>\n<meta property=\"og:url\" content=\"https:\/\/www.ondernemendvenlo.nl\/de\/werkgeversperspectieven-voor-internationale-studenten\/\" \/>\n<meta property=\"og:site_name\" content=\"Ondernemend Venlo\" \/>\n<meta property=\"article:published_time\" content=\"2024-11-05T14:46:09+00:00\" \/>\n<meta property=\"og:image\" content=\"https:\/\/www.ondernemendvenlo.nl\/wp-content\/uploads\/2025\/04\/IntStudenten.jpg\" \/>\n\t<meta property=\"og:image:width\" content=\"1920\" \/>\n\t<meta property=\"og:image:height\" content=\"1080\" \/>\n\t<meta property=\"og:image:type\" content=\"image\/jpeg\" \/>\n<meta name=\"author\" content=\"admin\" \/>\n<meta name=\"twitter:card\" content=\"summary_large_image\" \/>\n<meta name=\"twitter:label1\" content=\"Verfasst von\" \/>\n\t<meta name=\"twitter:data1\" content=\"admin\" \/>\n\t<meta name=\"twitter:label2\" content=\"Gesch\u00e4tzte Lesezeit\" \/>\n\t<meta name=\"twitter:data2\" content=\"1\u00a0Minute\" \/>\n<script type=\"application\/ld+json\" class=\"yoast-schema-graph\">{\"@context\":\"https:\/\/schema.org\",\"@graph\":[{\"@type\":\"Article\",\"@id\":\"https:\/\/www.ondernemendvenlo.nl\/werkgeversperspectieven-voor-internationale-studenten\/#article\",\"isPartOf\":{\"@id\":\"https:\/\/www.ondernemendvenlo.nl\/werkgeversperspectieven-voor-internationale-studenten\/\"},\"author\":{\"name\":\"admin\",\"@id\":\"https:\/\/www.ondernemendvenlo.nl\/#\/schema\/person\/347e935f8ad4c7030608ef74bb57aa6e\"},\"headline\":\"werkgeversperspectieven voor internationale studenten\",\"datePublished\":\"2024-11-05T14:46:09+00:00\",\"mainEntityOfPage\":{\"@id\":\"https:\/\/www.ondernemendvenlo.nl\/werkgeversperspectieven-voor-internationale-studenten\/\"},\"wordCount\":127,\"publisher\":{\"@id\":\"https:\/\/www.ondernemendvenlo.nl\/#organization\"},\"image\":{\"@id\":\"https:\/\/www.ondernemendvenlo.nl\/werkgeversperspectieven-voor-internationale-studenten\/#primaryimage\"},\"thumbnailUrl\":\"https:\/\/www.ondernemendvenlo.nl\/wp-content\/uploads\/2025\/04\/IntStudenten.jpg\",\"articleSection\":[\"Nieuws\"],\"inLanguage\":\"de\"},{\"@type\":\"WebPage\",\"@id\":\"https:\/\/www.ondernemendvenlo.nl\/werkgeversperspectieven-voor-internationale-studenten\/\",\"url\":\"https:\/\/www.ondernemendvenlo.nl\/werkgeversperspectieven-voor-internationale-studenten\/\",\"name\":\"werkgeversperspectieven voor internationale studenten - Ondernemend Venlo\",\"isPartOf\":{\"@id\":\"https:\/\/www.ondernemendvenlo.nl\/#website\"},\"primaryImageOfPage\":{\"@id\":\"https:\/\/www.ondernemendvenlo.nl\/werkgeversperspectieven-voor-internationale-studenten\/#primaryimage\"},\"image\":{\"@id\":\"https:\/\/www.ondernemendvenlo.nl\/werkgeversperspectieven-voor-internationale-studenten\/#primaryimage\"},\"thumbnailUrl\":\"https:\/\/www.ondernemendvenlo.nl\/wp-content\/uploads\/2025\/04\/IntStudenten.jpg\",\"datePublished\":\"2024-11-05T14:46:09+00:00\",\"breadcrumb\":{\"@id\":\"https:\/\/www.ondernemendvenlo.nl\/werkgeversperspectieven-voor-internationale-studenten\/#breadcrumb\"},\"inLanguage\":\"de\",\"potentialAction\":[{\"@type\":\"ReadAction\",\"target\":[\"https:\/\/www.ondernemendvenlo.nl\/werkgeversperspectieven-voor-internationale-studenten\/\"]}]},{\"@type\":\"ImageObject\",\"inLanguage\":\"de\",\"@id\":\"https:\/\/www.ondernemendvenlo.nl\/werkgeversperspectieven-voor-internationale-studenten\/#primaryimage\",\"url\":\"https:\/\/www.ondernemendvenlo.nl\/wp-content\/uploads\/2025\/04\/IntStudenten.jpg\",\"contentUrl\":\"https:\/\/www.ondernemendvenlo.nl\/wp-content\/uploads\/2025\/04\/IntStudenten.jpg\",\"width\":1920,\"height\":1080},{\"@type\":\"BreadcrumbList\",\"@id\":\"https:\/\/www.ondernemendvenlo.nl\/werkgeversperspectieven-voor-internationale-studenten\/#breadcrumb\",\"itemListElement\":[{\"@type\":\"ListItem\",\"position\":1,\"name\":\"Ondernemend Venlo\",\"item\":\"https:\/\/www.ondernemendvenlo.nl\/\"},{\"@type\":\"ListItem\",\"position\":2,\"name\":\"Nieuws\",\"item\":\"https:\/\/www.ondernemendvenlo.nl\/categorie\/nieuws\/\"},{\"@type\":\"ListItem\",\"position\":3,\"name\":\"werkgeversperspectieven voor internationale studenten\"}]},{\"@type\":\"WebSite\",\"@id\":\"https:\/\/www.ondernemendvenlo.nl\/#website\",\"url\":\"https:\/\/www.ondernemendvenlo.nl\/\",\"name\":\"Ondernemend Venlo\",\"description\":\"Samen succesvol ondernemen\",\"publisher\":{\"@id\":\"https:\/\/www.ondernemendvenlo.nl\/#organization\"},\"potentialAction\":[{\"@type\":\"SearchAction\",\"target\":{\"@type\":\"EntryPoint\",\"urlTemplate\":\"https:\/\/www.ondernemendvenlo.nl\/?s={search_term_string}\"},\"query-input\":{\"@type\":\"PropertyValueSpecification\",\"valueRequired\":true,\"valueName\":\"search_term_string\"}}],\"inLanguage\":\"de\"},{\"@type\":\"Organization\",\"@id\":\"https:\/\/www.ondernemendvenlo.nl\/#organization\",\"name\":\"Ondernemend Venlo\",\"url\":\"https:\/\/www.ondernemendvenlo.nl\/\",\"logo\":{\"@type\":\"ImageObject\",\"inLanguage\":\"de\",\"@id\":\"https:\/\/www.ondernemendvenlo.nl\/#\/schema\/logo\/image\/\",\"url\":\"https:\/\/www.ondernemendvenlo.nl\/wp-content\/uploads\/2025\/02\/Ondernemend-Venlo-logo-scaled.webp\",\"contentUrl\":\"https:\/\/www.ondernemendvenlo.nl\/wp-content\/uploads\/2025\/02\/Ondernemend-Venlo-logo-scaled.webp\",\"width\":2560,\"height\":1010,\"caption\":\"Ondernemend Venlo\"},\"image\":{\"@id\":\"https:\/\/www.ondernemendvenlo.nl\/#\/schema\/logo\/image\/\"},\"sameAs\":[\"https:\/\/www.linkedin.com\/company\/ondernemend-venlo\/\"]},{\"@type\":\"Person\",\"@id\":\"https:\/\/www.ondernemendvenlo.nl\/#\/schema\/person\/347e935f8ad4c7030608ef74bb57aa6e\",\"name\":\"admin\",\"image\":{\"@type\":\"ImageObject\",\"inLanguage\":\"de\",\"@id\":\"https:\/\/www.ondernemendvenlo.nl\/#\/schema\/person\/image\/\",\"url\":\"https:\/\/www.ondernemendvenlo.nl\/wp-content\/litespeed\/avatar\/720af750b037aecf6e33e12833479059.jpg?ver=1777382954\",\"contentUrl\":\"https:\/\/www.ondernemendvenlo.nl\/wp-content\/litespeed\/avatar\/720af750b037aecf6e33e12833479059.jpg?ver=1777382954\",\"caption\":\"admin\"},\"sameAs\":[\"https:\/\/www.ondernemendvenlo.nl\"]}]}<\/script>\n<!-- \/ Yoast SEO plugin. -->","yoast_head_json":{"title":"werkgeversperspectieven voor internationale studenten - Ondernemend Venlo","robots":{"index":"index","follow":"follow","max-snippet":"max-snippet:-1","max-image-preview":"max-image-preview:large","max-video-preview":"max-video-preview:-1"},"canonical":"https:\/\/www.ondernemendvenlo.nl\/de\/werkgeversperspectieven-voor-internationale-studenten\/","og_locale":"de_DE","og_type":"article","og_title":"werkgeversperspectieven voor internationale studenten - Ondernemend Venlo","og_description":"Praat mee over internationaal talent op de arbeidsmarkt! Nuffic, de Nederlandse organisatie voor internationalisering in het onderwijs, voert een onderzoek uit naar werkgeversperspectieven over het aannemen van afgestudeerde internationale studenten van Nederlandse universiteiten en hogescholen. Nuffic\u2019s onderzoeken worden door de overheid en onderwijsinstellingen gelezen en serieus genomen. Het delen van jouw perspectieven draagt daarom bij [&hellip;]","og_url":"https:\/\/www.ondernemendvenlo.nl\/de\/werkgeversperspectieven-voor-internationale-studenten\/","og_site_name":"Ondernemend Venlo","article_published_time":"2024-11-05T14:46:09+00:00","og_image":[{"width":1920,"height":1080,"url":"https:\/\/www.ondernemendvenlo.nl\/wp-content\/uploads\/2025\/04\/IntStudenten.jpg","type":"image\/jpeg"}],"author":"admin","twitter_card":"summary_large_image","twitter_misc":{"Verfasst von":"admin","Gesch\u00e4tzte Lesezeit":"1\u00a0Minute"},"schema":{"@context":"https:\/\/schema.org","@graph":[{"@type":"Article","@id":"https:\/\/www.ondernemendvenlo.nl\/werkgeversperspectieven-voor-internationale-studenten\/#article","isPartOf":{"@id":"https:\/\/www.ondernemendvenlo.nl\/werkgeversperspectieven-voor-internationale-studenten\/"},"author":{"name":"admin","@id":"https:\/\/www.ondernemendvenlo.nl\/#\/schema\/person\/347e935f8ad4c7030608ef74bb57aa6e"},"headline":"werkgeversperspectieven voor internationale studenten","datePublished":"2024-11-05T14:46:09+00:00","mainEntityOfPage":{"@id":"https:\/\/www.ondernemendvenlo.nl\/werkgeversperspectieven-voor-internationale-studenten\/"},"wordCount":127,"publisher":{"@id":"https:\/\/www.ondernemendvenlo.nl\/#organization"},"image":{"@id":"https:\/\/www.ondernemendvenlo.nl\/werkgeversperspectieven-voor-internationale-studenten\/#primaryimage"},"thumbnailUrl":"https:\/\/www.ondernemendvenlo.nl\/wp-content\/uploads\/2025\/04\/IntStudenten.jpg","articleSection":["Nieuws"],"inLanguage":"de"},{"@type":"WebPage","@id":"https:\/\/www.ondernemendvenlo.nl\/werkgeversperspectieven-voor-internationale-studenten\/","url":"https:\/\/www.ondernemendvenlo.nl\/werkgeversperspectieven-voor-internationale-studenten\/","name":"werkgeversperspectieven voor internationale studenten - Ondernemend Venlo","isPartOf":{"@id":"https:\/\/www.ondernemendvenlo.nl\/#website"},"primaryImageOfPage":{"@id":"https:\/\/www.ondernemendvenlo.nl\/werkgeversperspectieven-voor-internationale-studenten\/#primaryimage"},"image":{"@id":"https:\/\/www.ondernemendvenlo.nl\/werkgeversperspectieven-voor-internationale-studenten\/#primaryimage"},"thumbnailUrl":"https:\/\/www.ondernemendvenlo.nl\/wp-content\/uploads\/2025\/04\/IntStudenten.jpg","datePublished":"2024-11-05T14:46:09+00:00","breadcrumb":{"@id":"https:\/\/www.ondernemendvenlo.nl\/werkgeversperspectieven-voor-internationale-studenten\/#breadcrumb"},"inLanguage":"de","potentialAction":[{"@type":"ReadAction","target":["https:\/\/www.ondernemendvenlo.nl\/werkgeversperspectieven-voor-internationale-studenten\/"]}]},{"@type":"ImageObject","inLanguage":"de","@id":"https:\/\/www.ondernemendvenlo.nl\/werkgeversperspectieven-voor-internationale-studenten\/#primaryimage","url":"https:\/\/www.ondernemendvenlo.nl\/wp-content\/uploads\/2025\/04\/IntStudenten.jpg","contentUrl":"https:\/\/www.ondernemendvenlo.nl\/wp-content\/uploads\/2025\/04\/IntStudenten.jpg","width":1920,"height":1080},{"@type":"BreadcrumbList","@id":"https:\/\/www.ondernemendvenlo.nl\/werkgeversperspectieven-voor-internationale-studenten\/#breadcrumb","itemListElement":[{"@type":"ListItem","position":1,"name":"Ondernemend Venlo","item":"https:\/\/www.ondernemendvenlo.nl\/"},{"@type":"ListItem","position":2,"name":"Nieuws","item":"https:\/\/www.ondernemendvenlo.nl\/categorie\/nieuws\/"},{"@type":"ListItem","position":3,"name":"werkgeversperspectieven voor internationale studenten"}]},{"@type":"WebSite","@id":"https:\/\/www.ondernemendvenlo.nl\/#website","url":"https:\/\/www.ondernemendvenlo.nl\/","name":"Unternehmerisches Venlo","description":"Samen succesvol ondernemen","publisher":{"@id":"https:\/\/www.ondernemendvenlo.nl\/#organization"},"potentialAction":[{"@type":"SearchAction","target":{"@type":"EntryPoint","urlTemplate":"https:\/\/www.ondernemendvenlo.nl\/?s={search_term_string}"},"query-input":{"@type":"PropertyValueSpecification","valueRequired":true,"valueName":"search_term_string"}}],"inLanguage":"de"},{"@type":"Organization","@id":"https:\/\/www.ondernemendvenlo.nl\/#organization","name":"Unternehmerisches Venlo","url":"https:\/\/www.ondernemendvenlo.nl\/","logo":{"@type":"ImageObject","inLanguage":"de","@id":"https:\/\/www.ondernemendvenlo.nl\/#\/schema\/logo\/image\/","url":"https:\/\/www.ondernemendvenlo.nl\/wp-content\/uploads\/2025\/02\/Ondernemend-Venlo-logo-scaled.webp","contentUrl":"https:\/\/www.ondernemendvenlo.nl\/wp-content\/uploads\/2025\/02\/Ondernemend-Venlo-logo-scaled.webp","width":2560,"height":1010,"caption":"Ondernemend Venlo"},"image":{"@id":"https:\/\/www.ondernemendvenlo.nl\/#\/schema\/logo\/image\/"},"sameAs":["https:\/\/www.linkedin.com\/company\/ondernemend-venlo\/"]},{"@type":"Person","@id":"https:\/\/www.ondernemendvenlo.nl\/#\/schema\/person\/347e935f8ad4c7030608ef74bb57aa6e","name":"admin","image":{"@type":"ImageObject","inLanguage":"de","@id":"https:\/\/www.ondernemendvenlo.nl\/#\/schema\/person\/image\/","url":"https:\/\/www.ondernemendvenlo.nl\/wp-content\/litespeed\/avatar\/720af750b037aecf6e33e12833479059.jpg?ver=1777382954","contentUrl":"https:\/\/www.ondernemendvenlo.nl\/wp-content\/litespeed\/avatar\/720af750b037aecf6e33e12833479059.jpg?ver=1777382954","caption":"admin"},"sameAs":["https:\/\/www.ondernemendvenlo.nl"]}]}},"_links":{"self":[{"href":"https:\/\/www.ondernemendvenlo.nl\/de\/wp-json\/wp\/v2\/posts\/3218","targetHints":{"allow":["GET"]}}],"collection":[{"href":"https:\/\/www.ondernemendvenlo.nl\/de\/wp-json\/wp\/v2\/posts"}],"about":[{"href":"https:\/\/www.ondernemendvenlo.nl\/de\/wp-json\/wp\/v2\/types\/post"}],"author":[{"embeddable":true,"href":"https:\/\/www.ondernemendvenlo.nl\/de\/wp-json\/wp\/v2\/users\/1"}],"replies":[{"embeddable":true,"href":"https:\/\/www.ondernemendvenlo.nl\/de\/wp-json\/wp\/v2\/comments?post=3218"}],"version-history":[{"count":0,"href":"https:\/\/www.ondernemendvenlo.nl\/de\/wp-json\/wp\/v2\/posts\/3218\/revisions"}],"wp:featuredmedia":[{"embeddable":true,"href":"https:\/\/www.ondernemendvenlo.nl\/de\/wp-json\/wp\/v2\/media\/3219"}],"wp:attachment":[{"href":"https:\/\/www.ondernemendvenlo.nl\/de\/wp-json\/wp\/v2\/media?parent=3218"}],"wp:term":[{"taxonomy":"category","embeddable":true,"href":"https:\/\/www.ondernemendvenlo.nl\/de\/wp-json\/wp\/v2\/categories?post=3218"},{"taxonomy":"post_tag","embeddable":true,"href":"https:\/\/www.ondernemendvenlo.nl\/de\/wp-json\/wp\/v2\/tags?post=3218"}],"curies":[{"name":"wp","href":"https:\/\/api.w.org\/{rel}","templated":true}]}}