{"id":3220,"date":"2024-11-08T10:10:55","date_gmt":"2024-11-08T09:10:55","guid":{"rendered":"https:\/\/www.ondernemendvenlo.nl\/voorzitter-ondernemend-venlo-treedt-af\/"},"modified":"2024-11-08T10:10:55","modified_gmt":"2024-11-08T09:10:55","slug":"voorzitter-ondernemend-venlo-treedt-af","status":"publish","type":"post","link":"https:\/\/www.ondernemendvenlo.nl\/de\/voorzitter-ondernemend-venlo-treedt-af\/","title":{"rendered":"Vorsitzender von Entrepreneurial Venlo tritt zur\u00fcck"},"content":{"rendered":"<p><strong>Nach einer erfolgreichen und wertvollen Zeit hat die Vorsitzende von Ondernemend Venlo, Lizbeth van den Boogaart, ihre Absicht angek\u00fcndigt, Ende 2024 zur\u00fcckzutreten. Nach jahrelanger T\u00e4tigkeit in der Organisation hat sie beschlossen, sich neuen Herausforderungen und der weiteren Entwicklung ihrer Karriere zu widmen.<\/strong><\/p>\n<p>\"Diese Entscheidung ist mir nicht leicht gefallen, aber ich glaube, es ist Zeit f\u00fcr neue Perspektiven, zumal sich meine berufliche Laufbahn zunehmend in der Region Eindhoven entwickelt\", sagt sie. Sie betont, dass ihre Verbindung zu Venlo immer sehr stark war und dass sie gerne mit den engagierten Freiwilligen und Vorstandsmitgliedern von Entrepreneurial Venlo zusammengearbeitet hat.<\/p>\n<p>Obwohl sie Ende 2024 von ihrem Amt als Vorsitzende zur\u00fccktreten wird, wird sie bis Ende 2025 aktiv im Vorstand der Organisation mitarbeiten. Sie wird sich vor allem auf Aktivit\u00e4ten rund um das Parkmanagement konzentrieren, wie Sicherheit, Zug\u00e4nglichkeit und Begr\u00fcnung der Gewerbegebiete. Dieses \u00dcbergangsjahr wird Ondernemend Venlo Zeit geben, einen Nachfolger zu finden und die Kontinuit\u00e4t der Organisation zu gew\u00e4hrleisten.<\/p>\n<p>\"Ich m\u00f6chte mich bei allen f\u00fcr die Zusammenarbeit, das Vertrauen und die sch\u00f6nen Momente bedanken, die wir gemeinsam erlebt haben. Ich blicke gerne auf meine Zeit als Pr\u00e4sidentin zur\u00fcck\", sagt Lizbeth abschlie\u00dfend.<\/p>\n<p>Entrepreneurial Venlo wird in K\u00fcrze ein Verfahren zur Ernennung eines neuen Vorsitzenden einleiten und w\u00e4hrend dieser Zeit von den verbleibenden Vorstandsmitgliedern weitergef\u00fchrt werden.<\/p>","protected":false},"excerpt":{"rendered":"<p>Na een succesvolle en waardevolle periode heeft de voorzitter van Ondernemend Venlo, Lizbeth van den Boogaart, aangekondigd per eind 2024 af te treden. Na jarenlang actief te zijn geweest binnen de organisatie, heeft zij besloten zich te richten op nieuwe uitdagingen en verdere ontwikkeling in haar carri\u00e8re. &#8220;Deze keuze is voor mij niet gemakkelijk geweest, [&hellip;]<\/p>","protected":false},"author":1,"featured_media":3221,"comment_status":"closed","ping_status":"open","sticky":false,"template":"","format":"standard","meta":{"_acf_changed":false,"footnotes":""},"categories":[8],"tags":[],"class_list":["post-3220","post","type-post","status-publish","format-standard","has-post-thumbnail","hentry","category-nieuws"],"acf":[],"yoast_head":"<!-- This site is optimized with the Yoast SEO plugin v26.3 - https:\/\/yoast.com\/wordpress\/plugins\/seo\/ -->\n<title>Voorzitter Ondernemend Venlo treedt af - Ondernemend Venlo<\/title>\n<meta name=\"robots\" content=\"index, follow, max-snippet:-1, max-image-preview:large, max-video-preview:-1\" \/>\n<link rel=\"canonical\" href=\"https:\/\/www.ondernemendvenlo.nl\/de\/voorzitter-ondernemend-venlo-treedt-af\/\" \/>\n<meta property=\"og:locale\" content=\"de_DE\" \/>\n<meta property=\"og:type\" content=\"article\" \/>\n<meta property=\"og:title\" content=\"Voorzitter Ondernemend Venlo treedt af - Ondernemend Venlo\" \/>\n<meta property=\"og:description\" content=\"Na een succesvolle en waardevolle periode heeft de voorzitter van Ondernemend Venlo, Lizbeth van den Boogaart, aangekondigd per eind 2024 af te treden. Na jarenlang actief te zijn geweest binnen de organisatie, heeft zij besloten zich te richten op nieuwe uitdagingen en verdere ontwikkeling in haar carri\u00e8re. &#8220;Deze keuze is voor mij niet gemakkelijk geweest, [&hellip;]\" \/>\n<meta property=\"og:url\" content=\"https:\/\/www.ondernemendvenlo.nl\/de\/voorzitter-ondernemend-venlo-treedt-af\/\" \/>\n<meta property=\"og:site_name\" content=\"Ondernemend Venlo\" \/>\n<meta property=\"article:published_time\" content=\"2024-11-08T09:10:55+00:00\" \/>\n<meta property=\"og:image\" content=\"https:\/\/www.ondernemendvenlo.nl\/wp-content\/uploads\/2025\/04\/ll-1.jpg\" \/>\n\t<meta property=\"og:image:width\" content=\"1024\" \/>\n\t<meta property=\"og:image:height\" content=\"576\" \/>\n\t<meta property=\"og:image:type\" content=\"image\/jpeg\" \/>\n<meta name=\"author\" content=\"admin\" \/>\n<meta name=\"twitter:card\" content=\"summary_large_image\" \/>\n<meta name=\"twitter:label1\" content=\"Verfasst von\" \/>\n\t<meta name=\"twitter:data1\" content=\"admin\" \/>\n\t<meta name=\"twitter:label2\" content=\"Gesch\u00e4tzte Lesezeit\" \/>\n\t<meta name=\"twitter:data2\" content=\"1\u00a0Minute\" \/>\n<script type=\"application\/ld+json\" class=\"yoast-schema-graph\">{\"@context\":\"https:\/\/schema.org\",\"@graph\":[{\"@type\":\"Article\",\"@id\":\"https:\/\/www.ondernemendvenlo.nl\/voorzitter-ondernemend-venlo-treedt-af\/#article\",\"isPartOf\":{\"@id\":\"https:\/\/www.ondernemendvenlo.nl\/voorzitter-ondernemend-venlo-treedt-af\/\"},\"author\":{\"name\":\"admin\",\"@id\":\"https:\/\/www.ondernemendvenlo.nl\/#\/schema\/person\/347e935f8ad4c7030608ef74bb57aa6e\"},\"headline\":\"Voorzitter Ondernemend Venlo treedt af\",\"datePublished\":\"2024-11-08T09:10:55+00:00\",\"mainEntityOfPage\":{\"@id\":\"https:\/\/www.ondernemendvenlo.nl\/voorzitter-ondernemend-venlo-treedt-af\/\"},\"wordCount\":229,\"publisher\":{\"@id\":\"https:\/\/www.ondernemendvenlo.nl\/#organization\"},\"image\":{\"@id\":\"https:\/\/www.ondernemendvenlo.nl\/voorzitter-ondernemend-venlo-treedt-af\/#primaryimage\"},\"thumbnailUrl\":\"https:\/\/www.ondernemendvenlo.nl\/wp-content\/uploads\/2025\/04\/ll-1.jpg\",\"articleSection\":[\"Nieuws\"],\"inLanguage\":\"de\"},{\"@type\":\"WebPage\",\"@id\":\"https:\/\/www.ondernemendvenlo.nl\/voorzitter-ondernemend-venlo-treedt-af\/\",\"url\":\"https:\/\/www.ondernemendvenlo.nl\/voorzitter-ondernemend-venlo-treedt-af\/\",\"name\":\"Voorzitter Ondernemend Venlo treedt af - Ondernemend Venlo\",\"isPartOf\":{\"@id\":\"https:\/\/www.ondernemendvenlo.nl\/#website\"},\"primaryImageOfPage\":{\"@id\":\"https:\/\/www.ondernemendvenlo.nl\/voorzitter-ondernemend-venlo-treedt-af\/#primaryimage\"},\"image\":{\"@id\":\"https:\/\/www.ondernemendvenlo.nl\/voorzitter-ondernemend-venlo-treedt-af\/#primaryimage\"},\"thumbnailUrl\":\"https:\/\/www.ondernemendvenlo.nl\/wp-content\/uploads\/2025\/04\/ll-1.jpg\",\"datePublished\":\"2024-11-08T09:10:55+00:00\",\"breadcrumb\":{\"@id\":\"https:\/\/www.ondernemendvenlo.nl\/voorzitter-ondernemend-venlo-treedt-af\/#breadcrumb\"},\"inLanguage\":\"de\",\"potentialAction\":[{\"@type\":\"ReadAction\",\"target\":[\"https:\/\/www.ondernemendvenlo.nl\/voorzitter-ondernemend-venlo-treedt-af\/\"]}]},{\"@type\":\"ImageObject\",\"inLanguage\":\"de\",\"@id\":\"https:\/\/www.ondernemendvenlo.nl\/voorzitter-ondernemend-venlo-treedt-af\/#primaryimage\",\"url\":\"https:\/\/www.ondernemendvenlo.nl\/wp-content\/uploads\/2025\/04\/ll-1.jpg\",\"contentUrl\":\"https:\/\/www.ondernemendvenlo.nl\/wp-content\/uploads\/2025\/04\/ll-1.jpg\",\"width\":1024,\"height\":576},{\"@type\":\"BreadcrumbList\",\"@id\":\"https:\/\/www.ondernemendvenlo.nl\/voorzitter-ondernemend-venlo-treedt-af\/#breadcrumb\",\"itemListElement\":[{\"@type\":\"ListItem\",\"position\":1,\"name\":\"Ondernemend Venlo\",\"item\":\"https:\/\/www.ondernemendvenlo.nl\/\"},{\"@type\":\"ListItem\",\"position\":2,\"name\":\"Nieuws\",\"item\":\"https:\/\/www.ondernemendvenlo.nl\/categorie\/nieuws\/\"},{\"@type\":\"ListItem\",\"position\":3,\"name\":\"Voorzitter Ondernemend Venlo treedt af\"}]},{\"@type\":\"WebSite\",\"@id\":\"https:\/\/www.ondernemendvenlo.nl\/#website\",\"url\":\"https:\/\/www.ondernemendvenlo.nl\/\",\"name\":\"Ondernemend Venlo\",\"description\":\"Samen succesvol ondernemen\",\"publisher\":{\"@id\":\"https:\/\/www.ondernemendvenlo.nl\/#organization\"},\"potentialAction\":[{\"@type\":\"SearchAction\",\"target\":{\"@type\":\"EntryPoint\",\"urlTemplate\":\"https:\/\/www.ondernemendvenlo.nl\/?s={search_term_string}\"},\"query-input\":{\"@type\":\"PropertyValueSpecification\",\"valueRequired\":true,\"valueName\":\"search_term_string\"}}],\"inLanguage\":\"de\"},{\"@type\":\"Organization\",\"@id\":\"https:\/\/www.ondernemendvenlo.nl\/#organization\",\"name\":\"Ondernemend Venlo\",\"url\":\"https:\/\/www.ondernemendvenlo.nl\/\",\"logo\":{\"@type\":\"ImageObject\",\"inLanguage\":\"de\",\"@id\":\"https:\/\/www.ondernemendvenlo.nl\/#\/schema\/logo\/image\/\",\"url\":\"https:\/\/www.ondernemendvenlo.nl\/wp-content\/uploads\/2025\/02\/Ondernemend-Venlo-logo-scaled.webp\",\"contentUrl\":\"https:\/\/www.ondernemendvenlo.nl\/wp-content\/uploads\/2025\/02\/Ondernemend-Venlo-logo-scaled.webp\",\"width\":2560,\"height\":1010,\"caption\":\"Ondernemend Venlo\"},\"image\":{\"@id\":\"https:\/\/www.ondernemendvenlo.nl\/#\/schema\/logo\/image\/\"},\"sameAs\":[\"https:\/\/www.linkedin.com\/company\/ondernemend-venlo\/\"]},{\"@type\":\"Person\",\"@id\":\"https:\/\/www.ondernemendvenlo.nl\/#\/schema\/person\/347e935f8ad4c7030608ef74bb57aa6e\",\"name\":\"admin\",\"image\":{\"@type\":\"ImageObject\",\"inLanguage\":\"de\",\"@id\":\"https:\/\/www.ondernemendvenlo.nl\/#\/schema\/person\/image\/\",\"url\":\"https:\/\/www.ondernemendvenlo.nl\/wp-content\/litespeed\/avatar\/720af750b037aecf6e33e12833479059.jpg?ver=1777382954\",\"contentUrl\":\"https:\/\/www.ondernemendvenlo.nl\/wp-content\/litespeed\/avatar\/720af750b037aecf6e33e12833479059.jpg?ver=1777382954\",\"caption\":\"admin\"},\"sameAs\":[\"https:\/\/www.ondernemendvenlo.nl\"]}]}<\/script>\n<!-- \/ Yoast SEO plugin. -->","yoast_head_json":{"title":"Voorzitter Ondernemend Venlo treedt af - Ondernemend Venlo","robots":{"index":"index","follow":"follow","max-snippet":"max-snippet:-1","max-image-preview":"max-image-preview:large","max-video-preview":"max-video-preview:-1"},"canonical":"https:\/\/www.ondernemendvenlo.nl\/de\/voorzitter-ondernemend-venlo-treedt-af\/","og_locale":"de_DE","og_type":"article","og_title":"Voorzitter Ondernemend Venlo treedt af - Ondernemend Venlo","og_description":"Na een succesvolle en waardevolle periode heeft de voorzitter van Ondernemend Venlo, Lizbeth van den Boogaart, aangekondigd per eind 2024 af te treden. Na jarenlang actief te zijn geweest binnen de organisatie, heeft zij besloten zich te richten op nieuwe uitdagingen en verdere ontwikkeling in haar carri\u00e8re. &#8220;Deze keuze is voor mij niet gemakkelijk geweest, [&hellip;]","og_url":"https:\/\/www.ondernemendvenlo.nl\/de\/voorzitter-ondernemend-venlo-treedt-af\/","og_site_name":"Ondernemend Venlo","article_published_time":"2024-11-08T09:10:55+00:00","og_image":[{"width":1024,"height":576,"url":"https:\/\/www.ondernemendvenlo.nl\/wp-content\/uploads\/2025\/04\/ll-1.jpg","type":"image\/jpeg"}],"author":"admin","twitter_card":"summary_large_image","twitter_misc":{"Verfasst von":"admin","Gesch\u00e4tzte Lesezeit":"1\u00a0Minute"},"schema":{"@context":"https:\/\/schema.org","@graph":[{"@type":"Article","@id":"https:\/\/www.ondernemendvenlo.nl\/voorzitter-ondernemend-venlo-treedt-af\/#article","isPartOf":{"@id":"https:\/\/www.ondernemendvenlo.nl\/voorzitter-ondernemend-venlo-treedt-af\/"},"author":{"name":"admin","@id":"https:\/\/www.ondernemendvenlo.nl\/#\/schema\/person\/347e935f8ad4c7030608ef74bb57aa6e"},"headline":"Voorzitter Ondernemend Venlo treedt af","datePublished":"2024-11-08T09:10:55+00:00","mainEntityOfPage":{"@id":"https:\/\/www.ondernemendvenlo.nl\/voorzitter-ondernemend-venlo-treedt-af\/"},"wordCount":229,"publisher":{"@id":"https:\/\/www.ondernemendvenlo.nl\/#organization"},"image":{"@id":"https:\/\/www.ondernemendvenlo.nl\/voorzitter-ondernemend-venlo-treedt-af\/#primaryimage"},"thumbnailUrl":"https:\/\/www.ondernemendvenlo.nl\/wp-content\/uploads\/2025\/04\/ll-1.jpg","articleSection":["Nieuws"],"inLanguage":"de"},{"@type":"WebPage","@id":"https:\/\/www.ondernemendvenlo.nl\/voorzitter-ondernemend-venlo-treedt-af\/","url":"https:\/\/www.ondernemendvenlo.nl\/voorzitter-ondernemend-venlo-treedt-af\/","name":"Voorzitter Ondernemend Venlo treedt af - Ondernemend Venlo","isPartOf":{"@id":"https:\/\/www.ondernemendvenlo.nl\/#website"},"primaryImageOfPage":{"@id":"https:\/\/www.ondernemendvenlo.nl\/voorzitter-ondernemend-venlo-treedt-af\/#primaryimage"},"image":{"@id":"https:\/\/www.ondernemendvenlo.nl\/voorzitter-ondernemend-venlo-treedt-af\/#primaryimage"},"thumbnailUrl":"https:\/\/www.ondernemendvenlo.nl\/wp-content\/uploads\/2025\/04\/ll-1.jpg","datePublished":"2024-11-08T09:10:55+00:00","breadcrumb":{"@id":"https:\/\/www.ondernemendvenlo.nl\/voorzitter-ondernemend-venlo-treedt-af\/#breadcrumb"},"inLanguage":"de","potentialAction":[{"@type":"ReadAction","target":["https:\/\/www.ondernemendvenlo.nl\/voorzitter-ondernemend-venlo-treedt-af\/"]}]},{"@type":"ImageObject","inLanguage":"de","@id":"https:\/\/www.ondernemendvenlo.nl\/voorzitter-ondernemend-venlo-treedt-af\/#primaryimage","url":"https:\/\/www.ondernemendvenlo.nl\/wp-content\/uploads\/2025\/04\/ll-1.jpg","contentUrl":"https:\/\/www.ondernemendvenlo.nl\/wp-content\/uploads\/2025\/04\/ll-1.jpg","width":1024,"height":576},{"@type":"BreadcrumbList","@id":"https:\/\/www.ondernemendvenlo.nl\/voorzitter-ondernemend-venlo-treedt-af\/#breadcrumb","itemListElement":[{"@type":"ListItem","position":1,"name":"Ondernemend Venlo","item":"https:\/\/www.ondernemendvenlo.nl\/"},{"@type":"ListItem","position":2,"name":"Nieuws","item":"https:\/\/www.ondernemendvenlo.nl\/categorie\/nieuws\/"},{"@type":"ListItem","position":3,"name":"Voorzitter Ondernemend Venlo treedt af"}]},{"@type":"WebSite","@id":"https:\/\/www.ondernemendvenlo.nl\/#website","url":"https:\/\/www.ondernemendvenlo.nl\/","name":"Unternehmerisches Venlo","description":"Samen succesvol ondernemen","publisher":{"@id":"https:\/\/www.ondernemendvenlo.nl\/#organization"},"potentialAction":[{"@type":"SearchAction","target":{"@type":"EntryPoint","urlTemplate":"https:\/\/www.ondernemendvenlo.nl\/?s={search_term_string}"},"query-input":{"@type":"PropertyValueSpecification","valueRequired":true,"valueName":"search_term_string"}}],"inLanguage":"de"},{"@type":"Organization","@id":"https:\/\/www.ondernemendvenlo.nl\/#organization","name":"Unternehmerisches Venlo","url":"https:\/\/www.ondernemendvenlo.nl\/","logo":{"@type":"ImageObject","inLanguage":"de","@id":"https:\/\/www.ondernemendvenlo.nl\/#\/schema\/logo\/image\/","url":"https:\/\/www.ondernemendvenlo.nl\/wp-content\/uploads\/2025\/02\/Ondernemend-Venlo-logo-scaled.webp","contentUrl":"https:\/\/www.ondernemendvenlo.nl\/wp-content\/uploads\/2025\/02\/Ondernemend-Venlo-logo-scaled.webp","width":2560,"height":1010,"caption":"Ondernemend Venlo"},"image":{"@id":"https:\/\/www.ondernemendvenlo.nl\/#\/schema\/logo\/image\/"},"sameAs":["https:\/\/www.linkedin.com\/company\/ondernemend-venlo\/"]},{"@type":"Person","@id":"https:\/\/www.ondernemendvenlo.nl\/#\/schema\/person\/347e935f8ad4c7030608ef74bb57aa6e","name":"admin","image":{"@type":"ImageObject","inLanguage":"de","@id":"https:\/\/www.ondernemendvenlo.nl\/#\/schema\/person\/image\/","url":"https:\/\/www.ondernemendvenlo.nl\/wp-content\/litespeed\/avatar\/720af750b037aecf6e33e12833479059.jpg?ver=1777382954","contentUrl":"https:\/\/www.ondernemendvenlo.nl\/wp-content\/litespeed\/avatar\/720af750b037aecf6e33e12833479059.jpg?ver=1777382954","caption":"admin"},"sameAs":["https:\/\/www.ondernemendvenlo.nl"]}]}},"_links":{"self":[{"href":"https:\/\/www.ondernemendvenlo.nl\/de\/wp-json\/wp\/v2\/posts\/3220","targetHints":{"allow":["GET"]}}],"collection":[{"href":"https:\/\/www.ondernemendvenlo.nl\/de\/wp-json\/wp\/v2\/posts"}],"about":[{"href":"https:\/\/www.ondernemendvenlo.nl\/de\/wp-json\/wp\/v2\/types\/post"}],"author":[{"embeddable":true,"href":"https:\/\/www.ondernemendvenlo.nl\/de\/wp-json\/wp\/v2\/users\/1"}],"replies":[{"embeddable":true,"href":"https:\/\/www.ondernemendvenlo.nl\/de\/wp-json\/wp\/v2\/comments?post=3220"}],"version-history":[{"count":0,"href":"https:\/\/www.ondernemendvenlo.nl\/de\/wp-json\/wp\/v2\/posts\/3220\/revisions"}],"wp:featuredmedia":[{"embeddable":true,"href":"https:\/\/www.ondernemendvenlo.nl\/de\/wp-json\/wp\/v2\/media\/3221"}],"wp:attachment":[{"href":"https:\/\/www.ondernemendvenlo.nl\/de\/wp-json\/wp\/v2\/media?parent=3220"}],"wp:term":[{"taxonomy":"category","embeddable":true,"href":"https:\/\/www.ondernemendvenlo.nl\/de\/wp-json\/wp\/v2\/categories?post=3220"},{"taxonomy":"post_tag","embeddable":true,"href":"https:\/\/www.ondernemendvenlo.nl\/de\/wp-json\/wp\/v2\/tags?post=3220"}],"curies":[{"name":"wp","href":"https:\/\/api.w.org\/{rel}","templated":true}]}}