{"id":3222,"date":"2024-11-11T15:39:19","date_gmt":"2024-11-11T14:39:19","guid":{"rendered":"https:\/\/www.ondernemendvenlo.nl\/dag-van-de-maakindustrie-op-23-maart-2025\/"},"modified":"2024-11-11T15:39:19","modified_gmt":"2024-11-11T14:39:19","slug":"dag-van-de-maakindustrie-op-23-maart-2025","status":"publish","type":"post","link":"https:\/\/www.ondernemendvenlo.nl\/de\/dag-van-de-maakindustrie-op-23-maart-2025\/","title":{"rendered":"Tag des verarbeitenden Gewerbes am 23. M\u00e4rz 2025"},"content":{"rendered":"<p style=\"font-weight: 400;\"><strong>Am Sonntag, dem 23. M\u00e4rz, findet wieder ein Tag der Fertigung statt. Unternehmen, die Teile oder Produkte herstellen, bearbeiten oder montieren, \u00f6ffnen an diesem Tag ihre T\u00fcren speziell f\u00fcr Unternehmen. Die Initiative bietet Ihren Unternehmen die M\u00f6glichkeit, ihren Bekanntheitsgrad und ihre Sichtbarkeit zu erh\u00f6hen und ist eine hervorragende Plattform, um sich als attraktiver Arbeitgeber zu pr\u00e4sentieren. <\/strong><\/p>\n<p style=\"font-weight: 400;\">Jedes Jahr kommen viele Tausend junge und \u00e4ltere Besucher zu den offenen Unternehmen, um einen Blick hinter die Kulissen zu werfen. Die Besucher geben den teilnehmenden Unternehmen in der Regel eine sehr gute Bewertung, und mehreren Unternehmen ist es dadurch gelungen, neue Mitarbeiter einzustellen.<\/p>\n<p style=\"font-weight: 400;\">Die n\u00e4chste Ausgabe wird noch ausf\u00fchrlicher sein, um Arbeitssuchende f\u00fcr eine T\u00e4tigkeit in der verarbeitenden Industrie zu interessieren. Sie wird auch junge Menschen ermutigen, die richtigen (technischen) Berufsausbildungen zu w\u00e4hlen.<\/p>\n<p style=\"font-weight: 400;\">M\u00f6chten Sie mit Ihrem Unternehmen daran teilnehmen? Dann schicken Sie eine E-Mail an Boy Haenen: <a href=\"mailto:info@dagvandemaakindustrie.nl\">info@dagvandemaakindustrie.nl<\/a>.<br \/>\nWeitere Informationen und ein Stimmungsvideo finden Sie auf der Website <a href=\"http:\/\/www.dagvandemaakindustrie.nl\">www.dagvandemaakindustrie.nl<\/a>.<\/p>","protected":false},"excerpt":{"rendered":"<p>Op zondag 23 maart is er weer een nieuwe Dag van de Maakindustrie. Bedrijven die onderdelen of producten maken, bewerken of in elkaar zetten openen deze dag speciaal voor bedrijven hun deuren. Het initiatief biedt jouw bedrijven de mogelijkheid om de naamsbekendheid en zichtbaarheid een impuls te geven en is een uitstekend platvorm om je [&hellip;]<\/p>","protected":false},"author":1,"featured_media":3223,"comment_status":"closed","ping_status":"open","sticky":false,"template":"","format":"standard","meta":{"_acf_changed":false,"footnotes":""},"categories":[8],"tags":[],"class_list":["post-3222","post","type-post","status-publish","format-standard","has-post-thumbnail","hentry","category-nieuws"],"acf":[],"yoast_head":"<!-- This site is optimized with the Yoast SEO plugin v26.3 - https:\/\/yoast.com\/wordpress\/plugins\/seo\/ -->\n<title>Dag van de Maakindustrie op 23 maart 2025 - Ondernemend Venlo<\/title>\n<meta name=\"robots\" content=\"index, follow, max-snippet:-1, max-image-preview:large, max-video-preview:-1\" \/>\n<link rel=\"canonical\" href=\"https:\/\/www.ondernemendvenlo.nl\/de\/dag-van-de-maakindustrie-op-23-maart-2025\/\" \/>\n<meta property=\"og:locale\" content=\"de_DE\" \/>\n<meta property=\"og:type\" content=\"article\" \/>\n<meta property=\"og:title\" content=\"Dag van de Maakindustrie op 23 maart 2025 - Ondernemend Venlo\" \/>\n<meta property=\"og:description\" content=\"Op zondag 23 maart is er weer een nieuwe Dag van de Maakindustrie. Bedrijven die onderdelen of producten maken, bewerken of in elkaar zetten openen deze dag speciaal voor bedrijven hun deuren. Het initiatief biedt jouw bedrijven de mogelijkheid om de naamsbekendheid en zichtbaarheid een impuls te geven en is een uitstekend platvorm om je [&hellip;]\" \/>\n<meta property=\"og:url\" content=\"https:\/\/www.ondernemendvenlo.nl\/de\/dag-van-de-maakindustrie-op-23-maart-2025\/\" \/>\n<meta property=\"og:site_name\" content=\"Ondernemend Venlo\" \/>\n<meta property=\"article:published_time\" content=\"2024-11-11T14:39:19+00:00\" \/>\n<meta property=\"og:image\" content=\"https:\/\/www.ondernemendvenlo.nl\/wp-content\/uploads\/2025\/04\/DVDMI_2023_095.jpg\" \/>\n\t<meta property=\"og:image:width\" content=\"1920\" \/>\n\t<meta property=\"og:image:height\" content=\"1080\" \/>\n\t<meta property=\"og:image:type\" content=\"image\/jpeg\" \/>\n<meta name=\"author\" content=\"admin\" \/>\n<meta name=\"twitter:card\" content=\"summary_large_image\" \/>\n<meta name=\"twitter:label1\" content=\"Verfasst von\" \/>\n\t<meta name=\"twitter:data1\" content=\"admin\" \/>\n\t<meta name=\"twitter:label2\" content=\"Gesch\u00e4tzte Lesezeit\" \/>\n\t<meta name=\"twitter:data2\" content=\"1\u00a0Minute\" \/>\n<script type=\"application\/ld+json\" class=\"yoast-schema-graph\">{\"@context\":\"https:\/\/schema.org\",\"@graph\":[{\"@type\":\"Article\",\"@id\":\"https:\/\/www.ondernemendvenlo.nl\/dag-van-de-maakindustrie-op-23-maart-2025\/#article\",\"isPartOf\":{\"@id\":\"https:\/\/www.ondernemendvenlo.nl\/dag-van-de-maakindustrie-op-23-maart-2025\/\"},\"author\":{\"name\":\"admin\",\"@id\":\"https:\/\/www.ondernemendvenlo.nl\/#\/schema\/person\/347e935f8ad4c7030608ef74bb57aa6e\"},\"headline\":\"Dag van de Maakindustrie op 23 maart 2025\",\"datePublished\":\"2024-11-11T14:39:19+00:00\",\"mainEntityOfPage\":{\"@id\":\"https:\/\/www.ondernemendvenlo.nl\/dag-van-de-maakindustrie-op-23-maart-2025\/\"},\"wordCount\":169,\"publisher\":{\"@id\":\"https:\/\/www.ondernemendvenlo.nl\/#organization\"},\"image\":{\"@id\":\"https:\/\/www.ondernemendvenlo.nl\/dag-van-de-maakindustrie-op-23-maart-2025\/#primaryimage\"},\"thumbnailUrl\":\"https:\/\/www.ondernemendvenlo.nl\/wp-content\/uploads\/2025\/04\/DVDMI_2023_095.jpg\",\"articleSection\":[\"Nieuws\"],\"inLanguage\":\"de\"},{\"@type\":\"WebPage\",\"@id\":\"https:\/\/www.ondernemendvenlo.nl\/dag-van-de-maakindustrie-op-23-maart-2025\/\",\"url\":\"https:\/\/www.ondernemendvenlo.nl\/dag-van-de-maakindustrie-op-23-maart-2025\/\",\"name\":\"Dag van de Maakindustrie op 23 maart 2025 - Ondernemend Venlo\",\"isPartOf\":{\"@id\":\"https:\/\/www.ondernemendvenlo.nl\/#website\"},\"primaryImageOfPage\":{\"@id\":\"https:\/\/www.ondernemendvenlo.nl\/dag-van-de-maakindustrie-op-23-maart-2025\/#primaryimage\"},\"image\":{\"@id\":\"https:\/\/www.ondernemendvenlo.nl\/dag-van-de-maakindustrie-op-23-maart-2025\/#primaryimage\"},\"thumbnailUrl\":\"https:\/\/www.ondernemendvenlo.nl\/wp-content\/uploads\/2025\/04\/DVDMI_2023_095.jpg\",\"datePublished\":\"2024-11-11T14:39:19+00:00\",\"breadcrumb\":{\"@id\":\"https:\/\/www.ondernemendvenlo.nl\/dag-van-de-maakindustrie-op-23-maart-2025\/#breadcrumb\"},\"inLanguage\":\"de\",\"potentialAction\":[{\"@type\":\"ReadAction\",\"target\":[\"https:\/\/www.ondernemendvenlo.nl\/dag-van-de-maakindustrie-op-23-maart-2025\/\"]}]},{\"@type\":\"ImageObject\",\"inLanguage\":\"de\",\"@id\":\"https:\/\/www.ondernemendvenlo.nl\/dag-van-de-maakindustrie-op-23-maart-2025\/#primaryimage\",\"url\":\"https:\/\/www.ondernemendvenlo.nl\/wp-content\/uploads\/2025\/04\/DVDMI_2023_095.jpg\",\"contentUrl\":\"https:\/\/www.ondernemendvenlo.nl\/wp-content\/uploads\/2025\/04\/DVDMI_2023_095.jpg\",\"width\":1920,\"height\":1080},{\"@type\":\"BreadcrumbList\",\"@id\":\"https:\/\/www.ondernemendvenlo.nl\/dag-van-de-maakindustrie-op-23-maart-2025\/#breadcrumb\",\"itemListElement\":[{\"@type\":\"ListItem\",\"position\":1,\"name\":\"Ondernemend Venlo\",\"item\":\"https:\/\/www.ondernemendvenlo.nl\/\"},{\"@type\":\"ListItem\",\"position\":2,\"name\":\"Nieuws\",\"item\":\"https:\/\/www.ondernemendvenlo.nl\/categorie\/nieuws\/\"},{\"@type\":\"ListItem\",\"position\":3,\"name\":\"Dag van de Maakindustrie op 23 maart 2025\"}]},{\"@type\":\"WebSite\",\"@id\":\"https:\/\/www.ondernemendvenlo.nl\/#website\",\"url\":\"https:\/\/www.ondernemendvenlo.nl\/\",\"name\":\"Ondernemend Venlo\",\"description\":\"Samen succesvol ondernemen\",\"publisher\":{\"@id\":\"https:\/\/www.ondernemendvenlo.nl\/#organization\"},\"potentialAction\":[{\"@type\":\"SearchAction\",\"target\":{\"@type\":\"EntryPoint\",\"urlTemplate\":\"https:\/\/www.ondernemendvenlo.nl\/?s={search_term_string}\"},\"query-input\":{\"@type\":\"PropertyValueSpecification\",\"valueRequired\":true,\"valueName\":\"search_term_string\"}}],\"inLanguage\":\"de\"},{\"@type\":\"Organization\",\"@id\":\"https:\/\/www.ondernemendvenlo.nl\/#organization\",\"name\":\"Ondernemend Venlo\",\"url\":\"https:\/\/www.ondernemendvenlo.nl\/\",\"logo\":{\"@type\":\"ImageObject\",\"inLanguage\":\"de\",\"@id\":\"https:\/\/www.ondernemendvenlo.nl\/#\/schema\/logo\/image\/\",\"url\":\"https:\/\/www.ondernemendvenlo.nl\/wp-content\/uploads\/2025\/02\/Ondernemend-Venlo-logo-scaled.webp\",\"contentUrl\":\"https:\/\/www.ondernemendvenlo.nl\/wp-content\/uploads\/2025\/02\/Ondernemend-Venlo-logo-scaled.webp\",\"width\":2560,\"height\":1010,\"caption\":\"Ondernemend Venlo\"},\"image\":{\"@id\":\"https:\/\/www.ondernemendvenlo.nl\/#\/schema\/logo\/image\/\"},\"sameAs\":[\"https:\/\/www.linkedin.com\/company\/ondernemend-venlo\/\"]},{\"@type\":\"Person\",\"@id\":\"https:\/\/www.ondernemendvenlo.nl\/#\/schema\/person\/347e935f8ad4c7030608ef74bb57aa6e\",\"name\":\"admin\",\"image\":{\"@type\":\"ImageObject\",\"inLanguage\":\"de\",\"@id\":\"https:\/\/www.ondernemendvenlo.nl\/#\/schema\/person\/image\/\",\"url\":\"https:\/\/www.ondernemendvenlo.nl\/wp-content\/litespeed\/avatar\/720af750b037aecf6e33e12833479059.jpg?ver=1777382954\",\"contentUrl\":\"https:\/\/www.ondernemendvenlo.nl\/wp-content\/litespeed\/avatar\/720af750b037aecf6e33e12833479059.jpg?ver=1777382954\",\"caption\":\"admin\"},\"sameAs\":[\"https:\/\/www.ondernemendvenlo.nl\"]}]}<\/script>\n<!-- \/ Yoast SEO plugin. -->","yoast_head_json":{"title":"Dag van de Maakindustrie op 23 maart 2025 - Ondernemend Venlo","robots":{"index":"index","follow":"follow","max-snippet":"max-snippet:-1","max-image-preview":"max-image-preview:large","max-video-preview":"max-video-preview:-1"},"canonical":"https:\/\/www.ondernemendvenlo.nl\/de\/dag-van-de-maakindustrie-op-23-maart-2025\/","og_locale":"de_DE","og_type":"article","og_title":"Dag van de Maakindustrie op 23 maart 2025 - Ondernemend Venlo","og_description":"Op zondag 23 maart is er weer een nieuwe Dag van de Maakindustrie. Bedrijven die onderdelen of producten maken, bewerken of in elkaar zetten openen deze dag speciaal voor bedrijven hun deuren. Het initiatief biedt jouw bedrijven de mogelijkheid om de naamsbekendheid en zichtbaarheid een impuls te geven en is een uitstekend platvorm om je [&hellip;]","og_url":"https:\/\/www.ondernemendvenlo.nl\/de\/dag-van-de-maakindustrie-op-23-maart-2025\/","og_site_name":"Ondernemend Venlo","article_published_time":"2024-11-11T14:39:19+00:00","og_image":[{"width":1920,"height":1080,"url":"https:\/\/www.ondernemendvenlo.nl\/wp-content\/uploads\/2025\/04\/DVDMI_2023_095.jpg","type":"image\/jpeg"}],"author":"admin","twitter_card":"summary_large_image","twitter_misc":{"Verfasst von":"admin","Gesch\u00e4tzte Lesezeit":"1\u00a0Minute"},"schema":{"@context":"https:\/\/schema.org","@graph":[{"@type":"Article","@id":"https:\/\/www.ondernemendvenlo.nl\/dag-van-de-maakindustrie-op-23-maart-2025\/#article","isPartOf":{"@id":"https:\/\/www.ondernemendvenlo.nl\/dag-van-de-maakindustrie-op-23-maart-2025\/"},"author":{"name":"admin","@id":"https:\/\/www.ondernemendvenlo.nl\/#\/schema\/person\/347e935f8ad4c7030608ef74bb57aa6e"},"headline":"Dag van de Maakindustrie op 23 maart 2025","datePublished":"2024-11-11T14:39:19+00:00","mainEntityOfPage":{"@id":"https:\/\/www.ondernemendvenlo.nl\/dag-van-de-maakindustrie-op-23-maart-2025\/"},"wordCount":169,"publisher":{"@id":"https:\/\/www.ondernemendvenlo.nl\/#organization"},"image":{"@id":"https:\/\/www.ondernemendvenlo.nl\/dag-van-de-maakindustrie-op-23-maart-2025\/#primaryimage"},"thumbnailUrl":"https:\/\/www.ondernemendvenlo.nl\/wp-content\/uploads\/2025\/04\/DVDMI_2023_095.jpg","articleSection":["Nieuws"],"inLanguage":"de"},{"@type":"WebPage","@id":"https:\/\/www.ondernemendvenlo.nl\/dag-van-de-maakindustrie-op-23-maart-2025\/","url":"https:\/\/www.ondernemendvenlo.nl\/dag-van-de-maakindustrie-op-23-maart-2025\/","name":"Dag van de Maakindustrie op 23 maart 2025 - Ondernemend Venlo","isPartOf":{"@id":"https:\/\/www.ondernemendvenlo.nl\/#website"},"primaryImageOfPage":{"@id":"https:\/\/www.ondernemendvenlo.nl\/dag-van-de-maakindustrie-op-23-maart-2025\/#primaryimage"},"image":{"@id":"https:\/\/www.ondernemendvenlo.nl\/dag-van-de-maakindustrie-op-23-maart-2025\/#primaryimage"},"thumbnailUrl":"https:\/\/www.ondernemendvenlo.nl\/wp-content\/uploads\/2025\/04\/DVDMI_2023_095.jpg","datePublished":"2024-11-11T14:39:19+00:00","breadcrumb":{"@id":"https:\/\/www.ondernemendvenlo.nl\/dag-van-de-maakindustrie-op-23-maart-2025\/#breadcrumb"},"inLanguage":"de","potentialAction":[{"@type":"ReadAction","target":["https:\/\/www.ondernemendvenlo.nl\/dag-van-de-maakindustrie-op-23-maart-2025\/"]}]},{"@type":"ImageObject","inLanguage":"de","@id":"https:\/\/www.ondernemendvenlo.nl\/dag-van-de-maakindustrie-op-23-maart-2025\/#primaryimage","url":"https:\/\/www.ondernemendvenlo.nl\/wp-content\/uploads\/2025\/04\/DVDMI_2023_095.jpg","contentUrl":"https:\/\/www.ondernemendvenlo.nl\/wp-content\/uploads\/2025\/04\/DVDMI_2023_095.jpg","width":1920,"height":1080},{"@type":"BreadcrumbList","@id":"https:\/\/www.ondernemendvenlo.nl\/dag-van-de-maakindustrie-op-23-maart-2025\/#breadcrumb","itemListElement":[{"@type":"ListItem","position":1,"name":"Ondernemend Venlo","item":"https:\/\/www.ondernemendvenlo.nl\/"},{"@type":"ListItem","position":2,"name":"Nieuws","item":"https:\/\/www.ondernemendvenlo.nl\/categorie\/nieuws\/"},{"@type":"ListItem","position":3,"name":"Dag van de Maakindustrie op 23 maart 2025"}]},{"@type":"WebSite","@id":"https:\/\/www.ondernemendvenlo.nl\/#website","url":"https:\/\/www.ondernemendvenlo.nl\/","name":"Unternehmerisches Venlo","description":"Samen succesvol ondernemen","publisher":{"@id":"https:\/\/www.ondernemendvenlo.nl\/#organization"},"potentialAction":[{"@type":"SearchAction","target":{"@type":"EntryPoint","urlTemplate":"https:\/\/www.ondernemendvenlo.nl\/?s={search_term_string}"},"query-input":{"@type":"PropertyValueSpecification","valueRequired":true,"valueName":"search_term_string"}}],"inLanguage":"de"},{"@type":"Organization","@id":"https:\/\/www.ondernemendvenlo.nl\/#organization","name":"Unternehmerisches Venlo","url":"https:\/\/www.ondernemendvenlo.nl\/","logo":{"@type":"ImageObject","inLanguage":"de","@id":"https:\/\/www.ondernemendvenlo.nl\/#\/schema\/logo\/image\/","url":"https:\/\/www.ondernemendvenlo.nl\/wp-content\/uploads\/2025\/02\/Ondernemend-Venlo-logo-scaled.webp","contentUrl":"https:\/\/www.ondernemendvenlo.nl\/wp-content\/uploads\/2025\/02\/Ondernemend-Venlo-logo-scaled.webp","width":2560,"height":1010,"caption":"Ondernemend Venlo"},"image":{"@id":"https:\/\/www.ondernemendvenlo.nl\/#\/schema\/logo\/image\/"},"sameAs":["https:\/\/www.linkedin.com\/company\/ondernemend-venlo\/"]},{"@type":"Person","@id":"https:\/\/www.ondernemendvenlo.nl\/#\/schema\/person\/347e935f8ad4c7030608ef74bb57aa6e","name":"admin","image":{"@type":"ImageObject","inLanguage":"de","@id":"https:\/\/www.ondernemendvenlo.nl\/#\/schema\/person\/image\/","url":"https:\/\/www.ondernemendvenlo.nl\/wp-content\/litespeed\/avatar\/720af750b037aecf6e33e12833479059.jpg?ver=1777382954","contentUrl":"https:\/\/www.ondernemendvenlo.nl\/wp-content\/litespeed\/avatar\/720af750b037aecf6e33e12833479059.jpg?ver=1777382954","caption":"admin"},"sameAs":["https:\/\/www.ondernemendvenlo.nl"]}]}},"_links":{"self":[{"href":"https:\/\/www.ondernemendvenlo.nl\/de\/wp-json\/wp\/v2\/posts\/3222","targetHints":{"allow":["GET"]}}],"collection":[{"href":"https:\/\/www.ondernemendvenlo.nl\/de\/wp-json\/wp\/v2\/posts"}],"about":[{"href":"https:\/\/www.ondernemendvenlo.nl\/de\/wp-json\/wp\/v2\/types\/post"}],"author":[{"embeddable":true,"href":"https:\/\/www.ondernemendvenlo.nl\/de\/wp-json\/wp\/v2\/users\/1"}],"replies":[{"embeddable":true,"href":"https:\/\/www.ondernemendvenlo.nl\/de\/wp-json\/wp\/v2\/comments?post=3222"}],"version-history":[{"count":0,"href":"https:\/\/www.ondernemendvenlo.nl\/de\/wp-json\/wp\/v2\/posts\/3222\/revisions"}],"wp:featuredmedia":[{"embeddable":true,"href":"https:\/\/www.ondernemendvenlo.nl\/de\/wp-json\/wp\/v2\/media\/3223"}],"wp:attachment":[{"href":"https:\/\/www.ondernemendvenlo.nl\/de\/wp-json\/wp\/v2\/media?parent=3222"}],"wp:term":[{"taxonomy":"category","embeddable":true,"href":"https:\/\/www.ondernemendvenlo.nl\/de\/wp-json\/wp\/v2\/categories?post=3222"},{"taxonomy":"post_tag","embeddable":true,"href":"https:\/\/www.ondernemendvenlo.nl\/de\/wp-json\/wp\/v2\/tags?post=3222"}],"curies":[{"name":"wp","href":"https:\/\/api.w.org\/{rel}","templated":true}]}}