{"id":3230,"date":"2024-11-20T11:23:18","date_gmt":"2024-11-20T10:23:18","guid":{"rendered":"https:\/\/www.ondernemendvenlo.nl\/sessie-trends-en-toekomst-17-december-2024\/"},"modified":"2024-11-20T11:23:18","modified_gmt":"2024-11-20T10:23:18","slug":"sessie-trends-en-toekomst-17-december-2024","status":"publish","type":"post","link":"https:\/\/www.ondernemendvenlo.nl\/de\/sessie-trends-en-toekomst-17-december-2024\/","title":{"rendered":"Sitzung \"Trends und Zukunft\": 17. Dezember 2024"},"content":{"rendered":"<p style=\"font-weight: 400;\"><strong>Der BL.INC-Experte EY ist Gastgeber der Sitzung am 17. Dezember:<em>Trends und Zukunft: Steuern, Rechnungslegung und Arbeitsrecht\".<\/em> zu den wichtigsten aktuellen Entwicklungen in den Bereichen Steuern, Rechnungswesen und Arbeitsrecht f\u00fcr Start-ups, Scale-ups, KMU und Gro\u00dfunternehmen innerhalb des Brightlands-\u00d6kosystems.<\/strong><\/p>\n<p>Es ist die Gelegenheit, sich aktuelles Wissen \u00fcber steuerliche und rechtliche Themen anzueignen, die Ihrer Organisation helfen, sich auf das Jahr 2025 vorzubereiten. Bei diesem Treffen werden praktische Tipps und Erkenntnisse er\u00f6rtert, wie z. B. die Auswirkungen des j\u00fcngsten Haushaltstages, und Sie erhalten wertvolle Tipps zum Jahresende.<\/p>\n<p style=\"font-weight: 400;\"><em><strong>Sitzung: Trends und Zukunft: Steuern, Jahresabschl\u00fcsse und Arbeitsrecht<br \/>\n<\/strong>Datum : 17. Dezember 2024<\/em><br \/>\n<em>Zeit: 15.30 - 18.00 Uhr<\/em><br \/>\n<em>Veranstaltungsort : Villa Flora, Villafloraweg 1, 5928 SZ VENLO<\/em><\/p>\n<p style=\"font-weight: 400;\">Die EY-Experten beantworten Fragen wie diese:<\/p>\n<ul style=\"font-weight: 400;\">\n<li><strong>Investitionsabzug:<\/strong>\u00a0Sch\u00f6pft Ihre Organisation den Investitionsabzug optimal aus?<\/li>\n<li><strong>Zinsabzug:<\/strong>\u00a0Wie k\u00f6nnen Sie weiterhin von abzugsf\u00e4higen Zinsaufwendungen profitieren?<\/li>\n<li><strong>BUA-Berechnung:<\/strong>\u00a0Wurde Ihre Entscheidung Ausschluss des Vorsteuerabzugs korrekt berechnet?<\/li>\n<li><strong>ZZP'er:<\/strong>\u00a0Was wird sich ab dem 1. Januar 2025 \u00e4ndern?<\/li>\n<li><strong>Regelung der Arbeitskosten:<\/strong>\u00a0Wie kann man sie effektiv einrichten?<\/li>\n<li><strong>Arbeiten \u00fcber Grenzen hinweg:<\/strong>\u00a0Was sind die Bedenken und Fallstricke?<\/li>\n<\/ul>\n<p style=\"font-weight: 400;\">Es handelt sich um eine interaktive Sitzung, in der Sie Raum haben, zus\u00e4tzliche Fragen zu stellen. Wenn die Fragen sehr spezifisch sind, werden Sie anschlie\u00dfend zur weiteren Kl\u00e4rung kontaktiert.<\/p>\n<p style=\"font-weight: 400;\">Kommen Sie zum Brightlands Campus Greenport Venlo und bereiten Sie Ihr Unternehmen - ob klein, mittel oder gro\u00df - auf ein erfolgreiches und finanziell effizientes Jahr 2025 vor!<\/p>\n<p><u><strong><a href=\"https:\/\/www.brightlands.com\/campus-greenport-venlo\/evenement\/trends-en-toekomst-fiscaliteit-jaarrekeningen-en-arbeidsrecht\">Melden Sie sich \u00fcber diesen Link an<\/a><\/strong><\/u><\/p>","protected":false},"excerpt":{"rendered":"<p>BL.INC Expert EY verzorgt op 17 december de sessie:&#8216;Trends en Toekomst: Fiscaliteit, jaarrekeningen- en arbeidsrecht&#8217; over de belangrijkste actuele ontwikkelingen op fiscaal gebied, jaarrekeningenrecht en arbeidsrecht voor startups, scale-ups, MKB \u00e9n grootbedrijf binnen het Brightlands-ecosysteem. Het is d\u00e9 gelegenheid om up-to-date kennis op te doen over fiscale en juridische thema\u2019s die jou organisatie helpt zich [&hellip;]<\/p>","protected":false},"author":1,"featured_media":3231,"comment_status":"closed","ping_status":"open","sticky":false,"template":"","format":"standard","meta":{"_acf_changed":false,"footnotes":""},"categories":[8],"tags":[],"class_list":["post-3230","post","type-post","status-publish","format-standard","has-post-thumbnail","hentry","category-nieuws"],"acf":[],"yoast_head":"<!-- This site is optimized with the Yoast SEO plugin v26.3 - https:\/\/yoast.com\/wordpress\/plugins\/seo\/ -->\n<title>Sessie &#039;Trends en Toekomst&#039;: 17 december 2024 - Ondernemend Venlo<\/title>\n<meta name=\"robots\" content=\"index, follow, max-snippet:-1, max-image-preview:large, max-video-preview:-1\" \/>\n<link rel=\"canonical\" href=\"https:\/\/www.ondernemendvenlo.nl\/de\/sessie-trends-en-toekomst-17-december-2024\/\" \/>\n<meta property=\"og:locale\" content=\"de_DE\" \/>\n<meta property=\"og:type\" content=\"article\" \/>\n<meta property=\"og:title\" content=\"Sessie &#039;Trends en Toekomst&#039;: 17 december 2024 - Ondernemend Venlo\" \/>\n<meta property=\"og:description\" content=\"BL.INC Expert EY verzorgt op 17 december de sessie:&#8216;Trends en Toekomst: Fiscaliteit, jaarrekeningen- en arbeidsrecht&#8217; over de belangrijkste actuele ontwikkelingen op fiscaal gebied, jaarrekeningenrecht en arbeidsrecht voor startups, scale-ups, MKB \u00e9n grootbedrijf binnen het Brightlands-ecosysteem. Het is d\u00e9 gelegenheid om up-to-date kennis op te doen over fiscale en juridische thema\u2019s die jou organisatie helpt zich [&hellip;]\" \/>\n<meta property=\"og:url\" content=\"https:\/\/www.ondernemendvenlo.nl\/de\/sessie-trends-en-toekomst-17-december-2024\/\" \/>\n<meta property=\"og:site_name\" content=\"Ondernemend Venlo\" \/>\n<meta property=\"article:published_time\" content=\"2024-11-20T10:23:18+00:00\" \/>\n<meta property=\"og:image\" content=\"https:\/\/www.ondernemendvenlo.nl\/wp-content\/uploads\/2025\/04\/Sessie17dec.jpg\" \/>\n\t<meta property=\"og:image:width\" content=\"1920\" \/>\n\t<meta property=\"og:image:height\" content=\"1080\" \/>\n\t<meta property=\"og:image:type\" content=\"image\/jpeg\" \/>\n<meta name=\"author\" content=\"admin\" \/>\n<meta name=\"twitter:card\" content=\"summary_large_image\" \/>\n<meta name=\"twitter:label1\" content=\"Verfasst von\" \/>\n\t<meta name=\"twitter:data1\" content=\"admin\" \/>\n\t<meta name=\"twitter:label2\" content=\"Gesch\u00e4tzte Lesezeit\" \/>\n\t<meta name=\"twitter:data2\" content=\"1\u00a0Minute\" \/>\n<script type=\"application\/ld+json\" class=\"yoast-schema-graph\">{\"@context\":\"https:\/\/schema.org\",\"@graph\":[{\"@type\":\"Article\",\"@id\":\"https:\/\/www.ondernemendvenlo.nl\/sessie-trends-en-toekomst-17-december-2024\/#article\",\"isPartOf\":{\"@id\":\"https:\/\/www.ondernemendvenlo.nl\/sessie-trends-en-toekomst-17-december-2024\/\"},\"author\":{\"name\":\"admin\",\"@id\":\"https:\/\/www.ondernemendvenlo.nl\/#\/schema\/person\/347e935f8ad4c7030608ef74bb57aa6e\"},\"headline\":\"Sessie &#8216;Trends en Toekomst&#8217;: 17 december 2024\",\"datePublished\":\"2024-11-20T10:23:18+00:00\",\"mainEntityOfPage\":{\"@id\":\"https:\/\/www.ondernemendvenlo.nl\/sessie-trends-en-toekomst-17-december-2024\/\"},\"wordCount\":227,\"publisher\":{\"@id\":\"https:\/\/www.ondernemendvenlo.nl\/#organization\"},\"image\":{\"@id\":\"https:\/\/www.ondernemendvenlo.nl\/sessie-trends-en-toekomst-17-december-2024\/#primaryimage\"},\"thumbnailUrl\":\"https:\/\/www.ondernemendvenlo.nl\/wp-content\/uploads\/2025\/04\/Sessie17dec.jpg\",\"articleSection\":[\"Nieuws\"],\"inLanguage\":\"de\"},{\"@type\":\"WebPage\",\"@id\":\"https:\/\/www.ondernemendvenlo.nl\/sessie-trends-en-toekomst-17-december-2024\/\",\"url\":\"https:\/\/www.ondernemendvenlo.nl\/sessie-trends-en-toekomst-17-december-2024\/\",\"name\":\"Sessie 'Trends en Toekomst': 17 december 2024 - Ondernemend Venlo\",\"isPartOf\":{\"@id\":\"https:\/\/www.ondernemendvenlo.nl\/#website\"},\"primaryImageOfPage\":{\"@id\":\"https:\/\/www.ondernemendvenlo.nl\/sessie-trends-en-toekomst-17-december-2024\/#primaryimage\"},\"image\":{\"@id\":\"https:\/\/www.ondernemendvenlo.nl\/sessie-trends-en-toekomst-17-december-2024\/#primaryimage\"},\"thumbnailUrl\":\"https:\/\/www.ondernemendvenlo.nl\/wp-content\/uploads\/2025\/04\/Sessie17dec.jpg\",\"datePublished\":\"2024-11-20T10:23:18+00:00\",\"breadcrumb\":{\"@id\":\"https:\/\/www.ondernemendvenlo.nl\/sessie-trends-en-toekomst-17-december-2024\/#breadcrumb\"},\"inLanguage\":\"de\",\"potentialAction\":[{\"@type\":\"ReadAction\",\"target\":[\"https:\/\/www.ondernemendvenlo.nl\/sessie-trends-en-toekomst-17-december-2024\/\"]}]},{\"@type\":\"ImageObject\",\"inLanguage\":\"de\",\"@id\":\"https:\/\/www.ondernemendvenlo.nl\/sessie-trends-en-toekomst-17-december-2024\/#primaryimage\",\"url\":\"https:\/\/www.ondernemendvenlo.nl\/wp-content\/uploads\/2025\/04\/Sessie17dec.jpg\",\"contentUrl\":\"https:\/\/www.ondernemendvenlo.nl\/wp-content\/uploads\/2025\/04\/Sessie17dec.jpg\",\"width\":1920,\"height\":1080},{\"@type\":\"BreadcrumbList\",\"@id\":\"https:\/\/www.ondernemendvenlo.nl\/sessie-trends-en-toekomst-17-december-2024\/#breadcrumb\",\"itemListElement\":[{\"@type\":\"ListItem\",\"position\":1,\"name\":\"Ondernemend Venlo\",\"item\":\"https:\/\/www.ondernemendvenlo.nl\/\"},{\"@type\":\"ListItem\",\"position\":2,\"name\":\"Nieuws\",\"item\":\"https:\/\/www.ondernemendvenlo.nl\/categorie\/nieuws\/\"},{\"@type\":\"ListItem\",\"position\":3,\"name\":\"Sessie &#8216;Trends en Toekomst&#8217;: 17 december 2024\"}]},{\"@type\":\"WebSite\",\"@id\":\"https:\/\/www.ondernemendvenlo.nl\/#website\",\"url\":\"https:\/\/www.ondernemendvenlo.nl\/\",\"name\":\"Ondernemend Venlo\",\"description\":\"Samen succesvol ondernemen\",\"publisher\":{\"@id\":\"https:\/\/www.ondernemendvenlo.nl\/#organization\"},\"potentialAction\":[{\"@type\":\"SearchAction\",\"target\":{\"@type\":\"EntryPoint\",\"urlTemplate\":\"https:\/\/www.ondernemendvenlo.nl\/?s={search_term_string}\"},\"query-input\":{\"@type\":\"PropertyValueSpecification\",\"valueRequired\":true,\"valueName\":\"search_term_string\"}}],\"inLanguage\":\"de\"},{\"@type\":\"Organization\",\"@id\":\"https:\/\/www.ondernemendvenlo.nl\/#organization\",\"name\":\"Ondernemend Venlo\",\"url\":\"https:\/\/www.ondernemendvenlo.nl\/\",\"logo\":{\"@type\":\"ImageObject\",\"inLanguage\":\"de\",\"@id\":\"https:\/\/www.ondernemendvenlo.nl\/#\/schema\/logo\/image\/\",\"url\":\"https:\/\/www.ondernemendvenlo.nl\/wp-content\/uploads\/2025\/02\/Ondernemend-Venlo-logo-scaled.webp\",\"contentUrl\":\"https:\/\/www.ondernemendvenlo.nl\/wp-content\/uploads\/2025\/02\/Ondernemend-Venlo-logo-scaled.webp\",\"width\":2560,\"height\":1010,\"caption\":\"Ondernemend Venlo\"},\"image\":{\"@id\":\"https:\/\/www.ondernemendvenlo.nl\/#\/schema\/logo\/image\/\"},\"sameAs\":[\"https:\/\/www.linkedin.com\/company\/ondernemend-venlo\/\"]},{\"@type\":\"Person\",\"@id\":\"https:\/\/www.ondernemendvenlo.nl\/#\/schema\/person\/347e935f8ad4c7030608ef74bb57aa6e\",\"name\":\"admin\",\"image\":{\"@type\":\"ImageObject\",\"inLanguage\":\"de\",\"@id\":\"https:\/\/www.ondernemendvenlo.nl\/#\/schema\/person\/image\/\",\"url\":\"https:\/\/www.ondernemendvenlo.nl\/wp-content\/litespeed\/avatar\/720af750b037aecf6e33e12833479059.jpg?ver=1777382954\",\"contentUrl\":\"https:\/\/www.ondernemendvenlo.nl\/wp-content\/litespeed\/avatar\/720af750b037aecf6e33e12833479059.jpg?ver=1777382954\",\"caption\":\"admin\"},\"sameAs\":[\"https:\/\/www.ondernemendvenlo.nl\"]}]}<\/script>\n<!-- \/ Yoast SEO plugin. -->","yoast_head_json":{"title":"Sessie 'Trends en Toekomst': 17 december 2024 - Ondernemend Venlo","robots":{"index":"index","follow":"follow","max-snippet":"max-snippet:-1","max-image-preview":"max-image-preview:large","max-video-preview":"max-video-preview:-1"},"canonical":"https:\/\/www.ondernemendvenlo.nl\/de\/sessie-trends-en-toekomst-17-december-2024\/","og_locale":"de_DE","og_type":"article","og_title":"Sessie 'Trends en Toekomst': 17 december 2024 - Ondernemend Venlo","og_description":"BL.INC Expert EY verzorgt op 17 december de sessie:&#8216;Trends en Toekomst: Fiscaliteit, jaarrekeningen- en arbeidsrecht&#8217; over de belangrijkste actuele ontwikkelingen op fiscaal gebied, jaarrekeningenrecht en arbeidsrecht voor startups, scale-ups, MKB \u00e9n grootbedrijf binnen het Brightlands-ecosysteem. Het is d\u00e9 gelegenheid om up-to-date kennis op te doen over fiscale en juridische thema\u2019s die jou organisatie helpt zich [&hellip;]","og_url":"https:\/\/www.ondernemendvenlo.nl\/de\/sessie-trends-en-toekomst-17-december-2024\/","og_site_name":"Ondernemend Venlo","article_published_time":"2024-11-20T10:23:18+00:00","og_image":[{"width":1920,"height":1080,"url":"https:\/\/www.ondernemendvenlo.nl\/wp-content\/uploads\/2025\/04\/Sessie17dec.jpg","type":"image\/jpeg"}],"author":"admin","twitter_card":"summary_large_image","twitter_misc":{"Verfasst von":"admin","Gesch\u00e4tzte Lesezeit":"1\u00a0Minute"},"schema":{"@context":"https:\/\/schema.org","@graph":[{"@type":"Article","@id":"https:\/\/www.ondernemendvenlo.nl\/sessie-trends-en-toekomst-17-december-2024\/#article","isPartOf":{"@id":"https:\/\/www.ondernemendvenlo.nl\/sessie-trends-en-toekomst-17-december-2024\/"},"author":{"name":"admin","@id":"https:\/\/www.ondernemendvenlo.nl\/#\/schema\/person\/347e935f8ad4c7030608ef74bb57aa6e"},"headline":"Sessie &#8216;Trends en Toekomst&#8217;: 17 december 2024","datePublished":"2024-11-20T10:23:18+00:00","mainEntityOfPage":{"@id":"https:\/\/www.ondernemendvenlo.nl\/sessie-trends-en-toekomst-17-december-2024\/"},"wordCount":227,"publisher":{"@id":"https:\/\/www.ondernemendvenlo.nl\/#organization"},"image":{"@id":"https:\/\/www.ondernemendvenlo.nl\/sessie-trends-en-toekomst-17-december-2024\/#primaryimage"},"thumbnailUrl":"https:\/\/www.ondernemendvenlo.nl\/wp-content\/uploads\/2025\/04\/Sessie17dec.jpg","articleSection":["Nieuws"],"inLanguage":"de"},{"@type":"WebPage","@id":"https:\/\/www.ondernemendvenlo.nl\/sessie-trends-en-toekomst-17-december-2024\/","url":"https:\/\/www.ondernemendvenlo.nl\/sessie-trends-en-toekomst-17-december-2024\/","name":"Sessie 'Trends en Toekomst': 17 december 2024 - Ondernemend Venlo","isPartOf":{"@id":"https:\/\/www.ondernemendvenlo.nl\/#website"},"primaryImageOfPage":{"@id":"https:\/\/www.ondernemendvenlo.nl\/sessie-trends-en-toekomst-17-december-2024\/#primaryimage"},"image":{"@id":"https:\/\/www.ondernemendvenlo.nl\/sessie-trends-en-toekomst-17-december-2024\/#primaryimage"},"thumbnailUrl":"https:\/\/www.ondernemendvenlo.nl\/wp-content\/uploads\/2025\/04\/Sessie17dec.jpg","datePublished":"2024-11-20T10:23:18+00:00","breadcrumb":{"@id":"https:\/\/www.ondernemendvenlo.nl\/sessie-trends-en-toekomst-17-december-2024\/#breadcrumb"},"inLanguage":"de","potentialAction":[{"@type":"ReadAction","target":["https:\/\/www.ondernemendvenlo.nl\/sessie-trends-en-toekomst-17-december-2024\/"]}]},{"@type":"ImageObject","inLanguage":"de","@id":"https:\/\/www.ondernemendvenlo.nl\/sessie-trends-en-toekomst-17-december-2024\/#primaryimage","url":"https:\/\/www.ondernemendvenlo.nl\/wp-content\/uploads\/2025\/04\/Sessie17dec.jpg","contentUrl":"https:\/\/www.ondernemendvenlo.nl\/wp-content\/uploads\/2025\/04\/Sessie17dec.jpg","width":1920,"height":1080},{"@type":"BreadcrumbList","@id":"https:\/\/www.ondernemendvenlo.nl\/sessie-trends-en-toekomst-17-december-2024\/#breadcrumb","itemListElement":[{"@type":"ListItem","position":1,"name":"Ondernemend Venlo","item":"https:\/\/www.ondernemendvenlo.nl\/"},{"@type":"ListItem","position":2,"name":"Nieuws","item":"https:\/\/www.ondernemendvenlo.nl\/categorie\/nieuws\/"},{"@type":"ListItem","position":3,"name":"Sessie &#8216;Trends en Toekomst&#8217;: 17 december 2024"}]},{"@type":"WebSite","@id":"https:\/\/www.ondernemendvenlo.nl\/#website","url":"https:\/\/www.ondernemendvenlo.nl\/","name":"Unternehmerisches Venlo","description":"Samen succesvol ondernemen","publisher":{"@id":"https:\/\/www.ondernemendvenlo.nl\/#organization"},"potentialAction":[{"@type":"SearchAction","target":{"@type":"EntryPoint","urlTemplate":"https:\/\/www.ondernemendvenlo.nl\/?s={search_term_string}"},"query-input":{"@type":"PropertyValueSpecification","valueRequired":true,"valueName":"search_term_string"}}],"inLanguage":"de"},{"@type":"Organization","@id":"https:\/\/www.ondernemendvenlo.nl\/#organization","name":"Unternehmerisches Venlo","url":"https:\/\/www.ondernemendvenlo.nl\/","logo":{"@type":"ImageObject","inLanguage":"de","@id":"https:\/\/www.ondernemendvenlo.nl\/#\/schema\/logo\/image\/","url":"https:\/\/www.ondernemendvenlo.nl\/wp-content\/uploads\/2025\/02\/Ondernemend-Venlo-logo-scaled.webp","contentUrl":"https:\/\/www.ondernemendvenlo.nl\/wp-content\/uploads\/2025\/02\/Ondernemend-Venlo-logo-scaled.webp","width":2560,"height":1010,"caption":"Ondernemend Venlo"},"image":{"@id":"https:\/\/www.ondernemendvenlo.nl\/#\/schema\/logo\/image\/"},"sameAs":["https:\/\/www.linkedin.com\/company\/ondernemend-venlo\/"]},{"@type":"Person","@id":"https:\/\/www.ondernemendvenlo.nl\/#\/schema\/person\/347e935f8ad4c7030608ef74bb57aa6e","name":"admin","image":{"@type":"ImageObject","inLanguage":"de","@id":"https:\/\/www.ondernemendvenlo.nl\/#\/schema\/person\/image\/","url":"https:\/\/www.ondernemendvenlo.nl\/wp-content\/litespeed\/avatar\/720af750b037aecf6e33e12833479059.jpg?ver=1777382954","contentUrl":"https:\/\/www.ondernemendvenlo.nl\/wp-content\/litespeed\/avatar\/720af750b037aecf6e33e12833479059.jpg?ver=1777382954","caption":"admin"},"sameAs":["https:\/\/www.ondernemendvenlo.nl"]}]}},"_links":{"self":[{"href":"https:\/\/www.ondernemendvenlo.nl\/de\/wp-json\/wp\/v2\/posts\/3230","targetHints":{"allow":["GET"]}}],"collection":[{"href":"https:\/\/www.ondernemendvenlo.nl\/de\/wp-json\/wp\/v2\/posts"}],"about":[{"href":"https:\/\/www.ondernemendvenlo.nl\/de\/wp-json\/wp\/v2\/types\/post"}],"author":[{"embeddable":true,"href":"https:\/\/www.ondernemendvenlo.nl\/de\/wp-json\/wp\/v2\/users\/1"}],"replies":[{"embeddable":true,"href":"https:\/\/www.ondernemendvenlo.nl\/de\/wp-json\/wp\/v2\/comments?post=3230"}],"version-history":[{"count":0,"href":"https:\/\/www.ondernemendvenlo.nl\/de\/wp-json\/wp\/v2\/posts\/3230\/revisions"}],"wp:featuredmedia":[{"embeddable":true,"href":"https:\/\/www.ondernemendvenlo.nl\/de\/wp-json\/wp\/v2\/media\/3231"}],"wp:attachment":[{"href":"https:\/\/www.ondernemendvenlo.nl\/de\/wp-json\/wp\/v2\/media?parent=3230"}],"wp:term":[{"taxonomy":"category","embeddable":true,"href":"https:\/\/www.ondernemendvenlo.nl\/de\/wp-json\/wp\/v2\/categories?post=3230"},{"taxonomy":"post_tag","embeddable":true,"href":"https:\/\/www.ondernemendvenlo.nl\/de\/wp-json\/wp\/v2\/tags?post=3230"}],"curies":[{"name":"wp","href":"https:\/\/api.w.org\/{rel}","templated":true}]}}