{"id":3232,"date":"2024-11-22T08:34:41","date_gmt":"2024-11-22T07:34:41","guid":{"rendered":"https:\/\/www.ondernemendvenlo.nl\/expeditie-circulariteit-duurzaamheid\/"},"modified":"2024-11-22T08:34:41","modified_gmt":"2024-11-22T07:34:41","slug":"expeditie-circulariteit-duurzaamheid","status":"publish","type":"post","link":"https:\/\/www.ondernemendvenlo.nl\/de\/expeditie-circulariteit-duurzaamheid\/","title":{"rendered":"Expedition 'Kreislaufwirtschaft und Nachhaltigkeit'"},"content":{"rendered":"<p class=\"p1\"><strong>Immer mehr Kunden und Verbraucher verlangen nachhaltige Produkte und Dienstleistungen, und auch die Interessengruppen wollen, dass dies beachtet wird. Daher wird Nachhaltigkeit und damit auch die Kreislaufwirtschaft zu einem immer wichtigeren Thema f\u00fcr Unternehmer. Aber wie bringen Sie dies in die Strategie Ihres Unternehmens ein? Und wie k\u00f6nnen Sie es in der Praxis umsetzen? Gibt es vielleicht auch M\u00f6glichkeiten, Ihre Produktion zirkul\u00e4r zu gestalten? Wie entwickeln Sie ein zirkul\u00e4res Lebensmittelsystem oder schaffen Sie einen Mehrwert f\u00fcr Rest- und Abfallstr\u00f6me? Wollen auch Sie verschiedene Nachhaltigkeitsaspekte in praktische (innovative) Verbesserungen in Ihrem Unternehmen (Betrieb) im Bereich der Kreislaufwirtschaft umsetzen? Dann nehmen Sie an der Circularity &amp; Sustainability Expedition teil. Ihre gemeinsam erarbeitete Innovation <\/strong><strong>mit HAS green academy.<\/strong><\/p>\n<p>Mit einem HAS-Experten als Projektleiter und einem Team von Studierenden des vierten Studienjahres werden Sie Ihre Herausforderung oder Idee erforschen und ausarbeiten. W\u00e4hrend der Expedition gibt es vier Momente, in denen Sie sich mit diesem Team, aber auch mit anderen Expeditionsteilnehmern treffen, um Feedback zu Ihrem Projekt zu erhalten und Wissen zu erwerben. Diese Expedition richtet sich an alle KMU, die in der Lebensmittel-, Agrar- und Lebensmittelbranche t\u00e4tig sind. Sie tun dies in Form von Entwicklungssitzungen. Die Expedition kann teilweise durch das LIOF-Kollektivprojekt LimburgToekomstbestendig subventioniert werden. Arbeiten Sie f\u00fcr ein KMU in Limburg? Dann k\u00f6nnen Sie \u00fcber das LIOF-Kollektivprojekt LimburgToekomstbestendig eine 75%-Befreiung beantragen.<\/p>\n<p><strong>Die Macht des Kollektivs<\/strong><\/p>\n<p>W\u00e4hrend des Projekts gibt es vier Entwicklungssitzungen, die der jeweiligen Phase des Projekts entsprechen. Die Sitzungen sind wie folgt:<br \/>\n- Entwicklungssitzung 1: In der Start-up-Phase treffen Sie die anderen Teilnehmer der Expedition und stellen Ihr Thema vor, um Feedback einzuholen, bevor Sie in die Forschungsphase eintreten.<br \/>\n- Entwicklungssitzung 2: Die restlichen Sitzungen finden w\u00e4hrend der Forschungsphase (18 Wochen) statt. Ziel von Sitzung 2 ist es, dass Sie als Unternehmer den anderen Teilnehmern der Expedition Ihr Thema und den Aktionsplan, den die Sch\u00fcler erarbeitet haben, vorstellen.<br \/>\n- Entwicklungssitzung 3: Informative Sitzung, angepasst an die teilnehmenden Themen. Hier erhalten Sie auch wieder Feedback von den anderen Teilnehmern der Expedition.<br \/>\n- Entwicklungssitzung 4: In der letzten Sitzung findet die Abschlusspr\u00e4sentation der Sch\u00fcler statt und Sie entscheiden, wie die n\u00e4chsten Schritte aussehen sollen.<\/p>\n<p>Jede Sitzung ist auf die aktuell teilnehmenden Projekte abgestimmt. Dazu geh\u00f6ren Vortr\u00e4ge, Studentenpr\u00e4sentationen und Workshops. Die Entwicklungssitzungen dauern 3 Stunden. Je nach Zeitplan finden die Sitzungen von 14.00 bis 17.00 Uhr statt.<\/p>\n<p><strong>Sitzungen zur Datenentwicklung<\/strong><br \/>\n- 28. Januar 2025<br \/>\n- 18. M\u00e4rz 2025<br \/>\n- 13. Mai 2025<br \/>\n- 24. Juni 2025<\/p>\n<p>Mit dem kollektiven Projekt m\u00f6chte LIOF durch ein Wissensprojekt die Limburger KMU dazu ermutigen, Produkte, Dienstleistungen, Prozesse und\/oder Gesch\u00e4ftsmodelle im Rahmen der gesellschaftlichen Aufgaben \"intelligent, nachhaltig und gesund\" zu innovieren. Nehmen Sie Kontakt mit uns auf, um die M\u00f6glichkeiten zu besprechen. M\u00f6chten Sie verschiedene Nachhaltigkeitsaspekte in praktische (innovative) Verbesserungen in Ihrem Unternehmen (Betrieb) im Bereich der Kreislaufwirtschaft umsetzen? Dann nehmen Sie an der Circularity &amp; Sustainability Expedition teil.<\/p>\n<p>Sind Sie aufgeregt, nachdem Sie all diese Informationen gelesen haben?<br \/>\nWenn ja, wenden Sie sich bitte an Agnes Vries: <em><a href=\"mailto:A.Vries@has.nl\">A.Vries@has.nl<\/a><\/em> +31 (0) 88 89 03 771<br \/>\nF\u00fcr weitere Informationen \u00fcber die Veranstaltung und die Kosten \u00f6ffnen Sie <a href=\"https:\/\/www.has.nl\/samenwerken\/liof-expeditie-circulariteit-duurzaamheid\/\"><em><strong>dieser Link<\/strong><\/em><\/a>.<\/p>\n<p>Die Frist f\u00fcr die Einreichung der beruflichen Aufgaben endet am 4. Dezember 2024.<\/p>\n<p>&nbsp;<\/p>","protected":false},"excerpt":{"rendered":"<p>Steeds meer opdrachtgevers en consumenten vragen om duurzame producten en diensten en ook stakeholders willen dat hier aandacht voor is. Daarom wordt duurzaamheid en daar binnen circulariteit een steeds belangrijker thema voor ondernemers. Maar hoe breng je dit in de strategie van je organisatie? En hoe kun je dit implementeren in de praktijk? Zijn er [&hellip;]<\/p>","protected":false},"author":1,"featured_media":3233,"comment_status":"closed","ping_status":"open","sticky":false,"template":"","format":"standard","meta":{"_acf_changed":false,"footnotes":""},"categories":[8],"tags":[],"class_list":["post-3232","post","type-post","status-publish","format-standard","has-post-thumbnail","hentry","category-nieuws"],"acf":[],"yoast_head":"<!-- This site is optimized with the Yoast SEO plugin v26.3 - https:\/\/yoast.com\/wordpress\/plugins\/seo\/ -->\n<title>Expeditie &#039;Circulariteit &amp; duurzaamheid&#039; - Ondernemend Venlo<\/title>\n<meta name=\"robots\" content=\"index, follow, max-snippet:-1, max-image-preview:large, max-video-preview:-1\" \/>\n<link rel=\"canonical\" href=\"https:\/\/www.ondernemendvenlo.nl\/de\/expeditie-circulariteit-duurzaamheid\/\" \/>\n<meta property=\"og:locale\" content=\"de_DE\" \/>\n<meta property=\"og:type\" content=\"article\" \/>\n<meta property=\"og:title\" content=\"Expeditie &#039;Circulariteit &amp; duurzaamheid&#039; - Ondernemend Venlo\" \/>\n<meta property=\"og:description\" content=\"Steeds meer opdrachtgevers en consumenten vragen om duurzame producten en diensten en ook stakeholders willen dat hier aandacht voor is. Daarom wordt duurzaamheid en daar binnen circulariteit een steeds belangrijker thema voor ondernemers. Maar hoe breng je dit in de strategie van je organisatie? En hoe kun je dit implementeren in de praktijk? Zijn er [&hellip;]\" \/>\n<meta property=\"og:url\" content=\"https:\/\/www.ondernemendvenlo.nl\/de\/expeditie-circulariteit-duurzaamheid\/\" \/>\n<meta property=\"og:site_name\" content=\"Ondernemend Venlo\" \/>\n<meta property=\"article:published_time\" content=\"2024-11-22T07:34:41+00:00\" \/>\n<meta property=\"og:image\" content=\"https:\/\/www.ondernemendvenlo.nl\/wp-content\/uploads\/2025\/04\/ExpeditieCirculariteitDuurzaamheid2025.jpg\" \/>\n\t<meta property=\"og:image:width\" content=\"1920\" \/>\n\t<meta property=\"og:image:height\" content=\"1080\" \/>\n\t<meta property=\"og:image:type\" content=\"image\/jpeg\" \/>\n<meta name=\"author\" content=\"admin\" \/>\n<meta name=\"twitter:card\" content=\"summary_large_image\" \/>\n<meta name=\"twitter:label1\" content=\"Verfasst von\" \/>\n\t<meta name=\"twitter:data1\" content=\"admin\" \/>\n\t<meta name=\"twitter:label2\" content=\"Gesch\u00e4tzte Lesezeit\" \/>\n\t<meta name=\"twitter:data2\" content=\"3\u00a0Minuten\" \/>\n<script type=\"application\/ld+json\" class=\"yoast-schema-graph\">{\"@context\":\"https:\/\/schema.org\",\"@graph\":[{\"@type\":\"Article\",\"@id\":\"https:\/\/www.ondernemendvenlo.nl\/expeditie-circulariteit-duurzaamheid\/#article\",\"isPartOf\":{\"@id\":\"https:\/\/www.ondernemendvenlo.nl\/expeditie-circulariteit-duurzaamheid\/\"},\"author\":{\"name\":\"admin\",\"@id\":\"https:\/\/www.ondernemendvenlo.nl\/#\/schema\/person\/347e935f8ad4c7030608ef74bb57aa6e\"},\"headline\":\"Expeditie &#8216;Circulariteit &#038; duurzaamheid&#8217;\",\"datePublished\":\"2024-11-22T07:34:41+00:00\",\"mainEntityOfPage\":{\"@id\":\"https:\/\/www.ondernemendvenlo.nl\/expeditie-circulariteit-duurzaamheid\/\"},\"wordCount\":530,\"publisher\":{\"@id\":\"https:\/\/www.ondernemendvenlo.nl\/#organization\"},\"image\":{\"@id\":\"https:\/\/www.ondernemendvenlo.nl\/expeditie-circulariteit-duurzaamheid\/#primaryimage\"},\"thumbnailUrl\":\"https:\/\/www.ondernemendvenlo.nl\/wp-content\/uploads\/2025\/04\/ExpeditieCirculariteitDuurzaamheid2025.jpg\",\"articleSection\":[\"Nieuws\"],\"inLanguage\":\"de\"},{\"@type\":\"WebPage\",\"@id\":\"https:\/\/www.ondernemendvenlo.nl\/expeditie-circulariteit-duurzaamheid\/\",\"url\":\"https:\/\/www.ondernemendvenlo.nl\/expeditie-circulariteit-duurzaamheid\/\",\"name\":\"Expeditie 'Circulariteit & duurzaamheid' - Ondernemend Venlo\",\"isPartOf\":{\"@id\":\"https:\/\/www.ondernemendvenlo.nl\/#website\"},\"primaryImageOfPage\":{\"@id\":\"https:\/\/www.ondernemendvenlo.nl\/expeditie-circulariteit-duurzaamheid\/#primaryimage\"},\"image\":{\"@id\":\"https:\/\/www.ondernemendvenlo.nl\/expeditie-circulariteit-duurzaamheid\/#primaryimage\"},\"thumbnailUrl\":\"https:\/\/www.ondernemendvenlo.nl\/wp-content\/uploads\/2025\/04\/ExpeditieCirculariteitDuurzaamheid2025.jpg\",\"datePublished\":\"2024-11-22T07:34:41+00:00\",\"breadcrumb\":{\"@id\":\"https:\/\/www.ondernemendvenlo.nl\/expeditie-circulariteit-duurzaamheid\/#breadcrumb\"},\"inLanguage\":\"de\",\"potentialAction\":[{\"@type\":\"ReadAction\",\"target\":[\"https:\/\/www.ondernemendvenlo.nl\/expeditie-circulariteit-duurzaamheid\/\"]}]},{\"@type\":\"ImageObject\",\"inLanguage\":\"de\",\"@id\":\"https:\/\/www.ondernemendvenlo.nl\/expeditie-circulariteit-duurzaamheid\/#primaryimage\",\"url\":\"https:\/\/www.ondernemendvenlo.nl\/wp-content\/uploads\/2025\/04\/ExpeditieCirculariteitDuurzaamheid2025.jpg\",\"contentUrl\":\"https:\/\/www.ondernemendvenlo.nl\/wp-content\/uploads\/2025\/04\/ExpeditieCirculariteitDuurzaamheid2025.jpg\",\"width\":1920,\"height\":1080},{\"@type\":\"BreadcrumbList\",\"@id\":\"https:\/\/www.ondernemendvenlo.nl\/expeditie-circulariteit-duurzaamheid\/#breadcrumb\",\"itemListElement\":[{\"@type\":\"ListItem\",\"position\":1,\"name\":\"Ondernemend Venlo\",\"item\":\"https:\/\/www.ondernemendvenlo.nl\/\"},{\"@type\":\"ListItem\",\"position\":2,\"name\":\"Nieuws\",\"item\":\"https:\/\/www.ondernemendvenlo.nl\/categorie\/nieuws\/\"},{\"@type\":\"ListItem\",\"position\":3,\"name\":\"Expeditie &#8216;Circulariteit &#038; duurzaamheid&#8217;\"}]},{\"@type\":\"WebSite\",\"@id\":\"https:\/\/www.ondernemendvenlo.nl\/#website\",\"url\":\"https:\/\/www.ondernemendvenlo.nl\/\",\"name\":\"Ondernemend Venlo\",\"description\":\"Samen succesvol ondernemen\",\"publisher\":{\"@id\":\"https:\/\/www.ondernemendvenlo.nl\/#organization\"},\"potentialAction\":[{\"@type\":\"SearchAction\",\"target\":{\"@type\":\"EntryPoint\",\"urlTemplate\":\"https:\/\/www.ondernemendvenlo.nl\/?s={search_term_string}\"},\"query-input\":{\"@type\":\"PropertyValueSpecification\",\"valueRequired\":true,\"valueName\":\"search_term_string\"}}],\"inLanguage\":\"de\"},{\"@type\":\"Organization\",\"@id\":\"https:\/\/www.ondernemendvenlo.nl\/#organization\",\"name\":\"Ondernemend Venlo\",\"url\":\"https:\/\/www.ondernemendvenlo.nl\/\",\"logo\":{\"@type\":\"ImageObject\",\"inLanguage\":\"de\",\"@id\":\"https:\/\/www.ondernemendvenlo.nl\/#\/schema\/logo\/image\/\",\"url\":\"https:\/\/www.ondernemendvenlo.nl\/wp-content\/uploads\/2025\/02\/Ondernemend-Venlo-logo-scaled.webp\",\"contentUrl\":\"https:\/\/www.ondernemendvenlo.nl\/wp-content\/uploads\/2025\/02\/Ondernemend-Venlo-logo-scaled.webp\",\"width\":2560,\"height\":1010,\"caption\":\"Ondernemend Venlo\"},\"image\":{\"@id\":\"https:\/\/www.ondernemendvenlo.nl\/#\/schema\/logo\/image\/\"},\"sameAs\":[\"https:\/\/www.linkedin.com\/company\/ondernemend-venlo\/\"]},{\"@type\":\"Person\",\"@id\":\"https:\/\/www.ondernemendvenlo.nl\/#\/schema\/person\/347e935f8ad4c7030608ef74bb57aa6e\",\"name\":\"admin\",\"image\":{\"@type\":\"ImageObject\",\"inLanguage\":\"de\",\"@id\":\"https:\/\/www.ondernemendvenlo.nl\/#\/schema\/person\/image\/\",\"url\":\"https:\/\/www.ondernemendvenlo.nl\/wp-content\/litespeed\/avatar\/720af750b037aecf6e33e12833479059.jpg?ver=1777382954\",\"contentUrl\":\"https:\/\/www.ondernemendvenlo.nl\/wp-content\/litespeed\/avatar\/720af750b037aecf6e33e12833479059.jpg?ver=1777382954\",\"caption\":\"admin\"},\"sameAs\":[\"https:\/\/www.ondernemendvenlo.nl\"]}]}<\/script>\n<!-- \/ Yoast SEO plugin. -->","yoast_head_json":{"title":"Expeditie 'Circulariteit & duurzaamheid' - Ondernemend Venlo","robots":{"index":"index","follow":"follow","max-snippet":"max-snippet:-1","max-image-preview":"max-image-preview:large","max-video-preview":"max-video-preview:-1"},"canonical":"https:\/\/www.ondernemendvenlo.nl\/de\/expeditie-circulariteit-duurzaamheid\/","og_locale":"de_DE","og_type":"article","og_title":"Expeditie 'Circulariteit & duurzaamheid' - Ondernemend Venlo","og_description":"Steeds meer opdrachtgevers en consumenten vragen om duurzame producten en diensten en ook stakeholders willen dat hier aandacht voor is. Daarom wordt duurzaamheid en daar binnen circulariteit een steeds belangrijker thema voor ondernemers. Maar hoe breng je dit in de strategie van je organisatie? En hoe kun je dit implementeren in de praktijk? Zijn er [&hellip;]","og_url":"https:\/\/www.ondernemendvenlo.nl\/de\/expeditie-circulariteit-duurzaamheid\/","og_site_name":"Ondernemend Venlo","article_published_time":"2024-11-22T07:34:41+00:00","og_image":[{"width":1920,"height":1080,"url":"https:\/\/www.ondernemendvenlo.nl\/wp-content\/uploads\/2025\/04\/ExpeditieCirculariteitDuurzaamheid2025.jpg","type":"image\/jpeg"}],"author":"admin","twitter_card":"summary_large_image","twitter_misc":{"Verfasst von":"admin","Gesch\u00e4tzte Lesezeit":"3\u00a0Minuten"},"schema":{"@context":"https:\/\/schema.org","@graph":[{"@type":"Article","@id":"https:\/\/www.ondernemendvenlo.nl\/expeditie-circulariteit-duurzaamheid\/#article","isPartOf":{"@id":"https:\/\/www.ondernemendvenlo.nl\/expeditie-circulariteit-duurzaamheid\/"},"author":{"name":"admin","@id":"https:\/\/www.ondernemendvenlo.nl\/#\/schema\/person\/347e935f8ad4c7030608ef74bb57aa6e"},"headline":"Expeditie &#8216;Circulariteit &#038; duurzaamheid&#8217;","datePublished":"2024-11-22T07:34:41+00:00","mainEntityOfPage":{"@id":"https:\/\/www.ondernemendvenlo.nl\/expeditie-circulariteit-duurzaamheid\/"},"wordCount":530,"publisher":{"@id":"https:\/\/www.ondernemendvenlo.nl\/#organization"},"image":{"@id":"https:\/\/www.ondernemendvenlo.nl\/expeditie-circulariteit-duurzaamheid\/#primaryimage"},"thumbnailUrl":"https:\/\/www.ondernemendvenlo.nl\/wp-content\/uploads\/2025\/04\/ExpeditieCirculariteitDuurzaamheid2025.jpg","articleSection":["Nieuws"],"inLanguage":"de"},{"@type":"WebPage","@id":"https:\/\/www.ondernemendvenlo.nl\/expeditie-circulariteit-duurzaamheid\/","url":"https:\/\/www.ondernemendvenlo.nl\/expeditie-circulariteit-duurzaamheid\/","name":"Expeditie 'Circulariteit & duurzaamheid' - Ondernemend Venlo","isPartOf":{"@id":"https:\/\/www.ondernemendvenlo.nl\/#website"},"primaryImageOfPage":{"@id":"https:\/\/www.ondernemendvenlo.nl\/expeditie-circulariteit-duurzaamheid\/#primaryimage"},"image":{"@id":"https:\/\/www.ondernemendvenlo.nl\/expeditie-circulariteit-duurzaamheid\/#primaryimage"},"thumbnailUrl":"https:\/\/www.ondernemendvenlo.nl\/wp-content\/uploads\/2025\/04\/ExpeditieCirculariteitDuurzaamheid2025.jpg","datePublished":"2024-11-22T07:34:41+00:00","breadcrumb":{"@id":"https:\/\/www.ondernemendvenlo.nl\/expeditie-circulariteit-duurzaamheid\/#breadcrumb"},"inLanguage":"de","potentialAction":[{"@type":"ReadAction","target":["https:\/\/www.ondernemendvenlo.nl\/expeditie-circulariteit-duurzaamheid\/"]}]},{"@type":"ImageObject","inLanguage":"de","@id":"https:\/\/www.ondernemendvenlo.nl\/expeditie-circulariteit-duurzaamheid\/#primaryimage","url":"https:\/\/www.ondernemendvenlo.nl\/wp-content\/uploads\/2025\/04\/ExpeditieCirculariteitDuurzaamheid2025.jpg","contentUrl":"https:\/\/www.ondernemendvenlo.nl\/wp-content\/uploads\/2025\/04\/ExpeditieCirculariteitDuurzaamheid2025.jpg","width":1920,"height":1080},{"@type":"BreadcrumbList","@id":"https:\/\/www.ondernemendvenlo.nl\/expeditie-circulariteit-duurzaamheid\/#breadcrumb","itemListElement":[{"@type":"ListItem","position":1,"name":"Ondernemend Venlo","item":"https:\/\/www.ondernemendvenlo.nl\/"},{"@type":"ListItem","position":2,"name":"Nieuws","item":"https:\/\/www.ondernemendvenlo.nl\/categorie\/nieuws\/"},{"@type":"ListItem","position":3,"name":"Expeditie &#8216;Circulariteit &#038; duurzaamheid&#8217;"}]},{"@type":"WebSite","@id":"https:\/\/www.ondernemendvenlo.nl\/#website","url":"https:\/\/www.ondernemendvenlo.nl\/","name":"Unternehmerisches Venlo","description":"Samen succesvol ondernemen","publisher":{"@id":"https:\/\/www.ondernemendvenlo.nl\/#organization"},"potentialAction":[{"@type":"SearchAction","target":{"@type":"EntryPoint","urlTemplate":"https:\/\/www.ondernemendvenlo.nl\/?s={search_term_string}"},"query-input":{"@type":"PropertyValueSpecification","valueRequired":true,"valueName":"search_term_string"}}],"inLanguage":"de"},{"@type":"Organization","@id":"https:\/\/www.ondernemendvenlo.nl\/#organization","name":"Unternehmerisches Venlo","url":"https:\/\/www.ondernemendvenlo.nl\/","logo":{"@type":"ImageObject","inLanguage":"de","@id":"https:\/\/www.ondernemendvenlo.nl\/#\/schema\/logo\/image\/","url":"https:\/\/www.ondernemendvenlo.nl\/wp-content\/uploads\/2025\/02\/Ondernemend-Venlo-logo-scaled.webp","contentUrl":"https:\/\/www.ondernemendvenlo.nl\/wp-content\/uploads\/2025\/02\/Ondernemend-Venlo-logo-scaled.webp","width":2560,"height":1010,"caption":"Ondernemend Venlo"},"image":{"@id":"https:\/\/www.ondernemendvenlo.nl\/#\/schema\/logo\/image\/"},"sameAs":["https:\/\/www.linkedin.com\/company\/ondernemend-venlo\/"]},{"@type":"Person","@id":"https:\/\/www.ondernemendvenlo.nl\/#\/schema\/person\/347e935f8ad4c7030608ef74bb57aa6e","name":"admin","image":{"@type":"ImageObject","inLanguage":"de","@id":"https:\/\/www.ondernemendvenlo.nl\/#\/schema\/person\/image\/","url":"https:\/\/www.ondernemendvenlo.nl\/wp-content\/litespeed\/avatar\/720af750b037aecf6e33e12833479059.jpg?ver=1777382954","contentUrl":"https:\/\/www.ondernemendvenlo.nl\/wp-content\/litespeed\/avatar\/720af750b037aecf6e33e12833479059.jpg?ver=1777382954","caption":"admin"},"sameAs":["https:\/\/www.ondernemendvenlo.nl"]}]}},"_links":{"self":[{"href":"https:\/\/www.ondernemendvenlo.nl\/de\/wp-json\/wp\/v2\/posts\/3232","targetHints":{"allow":["GET"]}}],"collection":[{"href":"https:\/\/www.ondernemendvenlo.nl\/de\/wp-json\/wp\/v2\/posts"}],"about":[{"href":"https:\/\/www.ondernemendvenlo.nl\/de\/wp-json\/wp\/v2\/types\/post"}],"author":[{"embeddable":true,"href":"https:\/\/www.ondernemendvenlo.nl\/de\/wp-json\/wp\/v2\/users\/1"}],"replies":[{"embeddable":true,"href":"https:\/\/www.ondernemendvenlo.nl\/de\/wp-json\/wp\/v2\/comments?post=3232"}],"version-history":[{"count":0,"href":"https:\/\/www.ondernemendvenlo.nl\/de\/wp-json\/wp\/v2\/posts\/3232\/revisions"}],"wp:featuredmedia":[{"embeddable":true,"href":"https:\/\/www.ondernemendvenlo.nl\/de\/wp-json\/wp\/v2\/media\/3233"}],"wp:attachment":[{"href":"https:\/\/www.ondernemendvenlo.nl\/de\/wp-json\/wp\/v2\/media?parent=3232"}],"wp:term":[{"taxonomy":"category","embeddable":true,"href":"https:\/\/www.ondernemendvenlo.nl\/de\/wp-json\/wp\/v2\/categories?post=3232"},{"taxonomy":"post_tag","embeddable":true,"href":"https:\/\/www.ondernemendvenlo.nl\/de\/wp-json\/wp\/v2\/tags?post=3232"}],"curies":[{"name":"wp","href":"https:\/\/api.w.org\/{rel}","templated":true}]}}