{"id":3252,"date":"2024-12-23T10:53:26","date_gmt":"2024-12-23T09:53:26","guid":{"rendered":"https:\/\/www.ondernemendvenlo.nl\/piet-peters-ontvangt-koninklijke-onderscheiding\/"},"modified":"2024-12-23T10:53:26","modified_gmt":"2024-12-23T09:53:26","slug":"piet-peters-ontvangt-koninklijke-onderscheiding","status":"publish","type":"post","link":"https:\/\/www.ondernemendvenlo.nl\/de\/piet-peters-ontvangt-koninklijke-onderscheiding\/","title":{"rendered":"Piet Peters erh\u00e4lt k\u00f6nigliche Auszeichnung"},"content":{"rendered":"<p>Am Donnerstag, den 19. Dezember 2024, wurde der 79-j\u00e4hrige Piet Peters aus Lomm bei einem Treffen im Museum vanBommelvanDam mit einem k\u00f6niglichen Orden geehrt. Er wurde zum Ritter des Ordens von Oranien-Nassau ernannt f\u00fcr sein langj\u00e4hriges, unerm\u00fcdliches Engagement f\u00fcr Unternehmer, technologische Ausbildung und soziale Projekte in der Region Venlo.<\/p>\n<p><strong>25 Jahre Engagement f\u00fcr Technik und Unternehmertum<\/strong><\/p>\n<p>Piet Peters setzt sich seit 1996 mit viel Herzblut als Vorsitzender des Gewerbeparks Spikweien f\u00fcr die Interessen von Unternehmern ein. Seit 2014 hat er seinen Einfluss erh\u00f6ht, indem er die gleiche Rolle bei Ondernemend Venlo \u00fcbernommen hat. Bis 2023 war er auch im Ausschuss f\u00fcr Wissen, Bildung und Arbeitsmarkt aktiv, wo er sich f\u00fcr eine bessere Zusammenarbeit zwischen Unternehmen und Bildungseinrichtungen einsetzte.<\/p>\n<p><strong>Cartwright f\u00fcr Technologief\u00f6rderung<\/strong><\/p>\n<p>Einer der bemerkenswertesten Beitr\u00e4ge von Piet Peters ist sein Engagement f\u00fcr die Technodome and Business Foundation, deren Vorsitzender er 25 Jahre lang war. Er war die treibende Kraft hinter der j\u00e4hrlichen\u00a0<strong>W\u00e4hlen Sie den Engineering Business Day<\/strong>eine Veranstaltung, die Tausende von Grund- und Sekundarsch\u00fclern dazu inspirierte, sich f\u00fcr eine Karriere in den Bereichen Technik und Technologie zu entscheiden.<\/p>\n<p>Er realisierte auch das Erlebniszentrum im Technodome, in dem junge Menschen die Welt der Technik auf eine zug\u00e4ngliche Weise entdecken k\u00f6nnen. Seine Bem\u00fchungen haben dazu beigetragen, den Mangel an technisch qualifiziertem Personal zu verringern und den regionalen Arbeitsmarkt zu st\u00e4rken.<\/p>\n<p><strong>Ein unerm\u00fcdlicher Verbindungsmann<\/strong><\/p>\n<p>Bei Spikweien war er ma\u00dfgeblich an der Realisierung von Schl\u00fcsselprojekten im Gewerbegebiet beteiligt. So initiierte er unter anderem die Kamera\u00fcberwachung, den Bau von Glasfasernetzen, die Abkopplung von Regenwasser und nachhaltige L\u00f6sungen wie begr\u00fcnte Eing\u00e4nge und Gemeinschaftswerbeanlagen. Seine F\u00e4higkeit, Unternehmer f\u00fcr Nachhaltigkeit zu begeistern, hat nachhaltig gewirkt.<\/p>\n<p><strong>\u00a0<\/strong>Mit seinem bevorstehenden R\u00fccktritt als Vorstandsmitglied von Entrepreneurial Venlo und als Vorsitzender von Spikweien zum Ende dieses Jahres hinterl\u00e4sst er ein beeindruckendes Erbe.<\/p>\n<p>Die k\u00f6nigliche Auszeichnung ist eine wohlverdiente Anerkennung f\u00fcr seinen enormen Beitrag zur Gesellschaft und zur Wirtschaft der Region Venlo.<\/p>\n<p><strong>\u00a0<\/strong><\/p>","protected":false},"excerpt":{"rendered":"<p>Op donderdag 19 december 2024 is de 79-jarige Piet Peters uit Lomm tijdens een bijeenkomst in Museum vanBommelvanDam ge\u00eberd met een Koninklijke Onderscheiding. Hij is benoemd tot Ridder in de Orde van Oranje Nassau vanwege zijn jarenlange en tomeloze inzet voor ondernemers, techniekonderwijs en maatschappelijke projecten in de regio Venlo. 25 jaar toewijding aan techniek [&hellip;]<\/p>","protected":false},"author":1,"featured_media":3253,"comment_status":"closed","ping_status":"open","sticky":false,"template":"","format":"standard","meta":{"_acf_changed":false,"footnotes":""},"categories":[8],"tags":[],"class_list":["post-3252","post","type-post","status-publish","format-standard","has-post-thumbnail","hentry","category-nieuws"],"acf":[],"yoast_head":"<!-- This site is optimized with the Yoast SEO plugin v26.3 - https:\/\/yoast.com\/wordpress\/plugins\/seo\/ -->\n<title>Piet Peters ontvangt Koninklijke Onderscheiding - Ondernemend Venlo<\/title>\n<meta name=\"robots\" content=\"index, follow, max-snippet:-1, max-image-preview:large, max-video-preview:-1\" \/>\n<link rel=\"canonical\" href=\"https:\/\/www.ondernemendvenlo.nl\/de\/piet-peters-ontvangt-koninklijke-onderscheiding\/\" \/>\n<meta property=\"og:locale\" content=\"de_DE\" \/>\n<meta property=\"og:type\" content=\"article\" \/>\n<meta property=\"og:title\" content=\"Piet Peters ontvangt Koninklijke Onderscheiding - Ondernemend Venlo\" \/>\n<meta property=\"og:description\" content=\"Op donderdag 19 december 2024 is de 79-jarige Piet Peters uit Lomm tijdens een bijeenkomst in Museum vanBommelvanDam ge\u00eberd met een Koninklijke Onderscheiding. Hij is benoemd tot Ridder in de Orde van Oranje Nassau vanwege zijn jarenlange en tomeloze inzet voor ondernemers, techniekonderwijs en maatschappelijke projecten in de regio Venlo. 25 jaar toewijding aan techniek [&hellip;]\" \/>\n<meta property=\"og:url\" content=\"https:\/\/www.ondernemendvenlo.nl\/de\/piet-peters-ontvangt-koninklijke-onderscheiding\/\" \/>\n<meta property=\"og:site_name\" content=\"Ondernemend Venlo\" \/>\n<meta property=\"article:published_time\" content=\"2024-12-23T09:53:26+00:00\" \/>\n<meta property=\"og:image\" content=\"https:\/\/www.ondernemendvenlo.nl\/wp-content\/uploads\/2025\/04\/PPeters-koninklijk-onderscheiden.jpg\" \/>\n\t<meta property=\"og:image:width\" content=\"850\" \/>\n\t<meta property=\"og:image:height\" content=\"566\" \/>\n\t<meta property=\"og:image:type\" content=\"image\/jpeg\" \/>\n<meta name=\"author\" content=\"admin\" \/>\n<meta name=\"twitter:card\" content=\"summary_large_image\" \/>\n<meta name=\"twitter:label1\" content=\"Verfasst von\" \/>\n\t<meta name=\"twitter:data1\" content=\"admin\" \/>\n\t<meta name=\"twitter:label2\" content=\"Gesch\u00e4tzte Lesezeit\" \/>\n\t<meta name=\"twitter:data2\" content=\"2\u00a0Minuten\" \/>\n<script type=\"application\/ld+json\" class=\"yoast-schema-graph\">{\"@context\":\"https:\/\/schema.org\",\"@graph\":[{\"@type\":\"Article\",\"@id\":\"https:\/\/www.ondernemendvenlo.nl\/piet-peters-ontvangt-koninklijke-onderscheiding\/#article\",\"isPartOf\":{\"@id\":\"https:\/\/www.ondernemendvenlo.nl\/piet-peters-ontvangt-koninklijke-onderscheiding\/\"},\"author\":{\"name\":\"admin\",\"@id\":\"https:\/\/www.ondernemendvenlo.nl\/#\/schema\/person\/347e935f8ad4c7030608ef74bb57aa6e\"},\"headline\":\"Piet Peters ontvangt Koninklijke Onderscheiding\",\"datePublished\":\"2024-12-23T09:53:26+00:00\",\"mainEntityOfPage\":{\"@id\":\"https:\/\/www.ondernemendvenlo.nl\/piet-peters-ontvangt-koninklijke-onderscheiding\/\"},\"wordCount\":316,\"publisher\":{\"@id\":\"https:\/\/www.ondernemendvenlo.nl\/#organization\"},\"image\":{\"@id\":\"https:\/\/www.ondernemendvenlo.nl\/piet-peters-ontvangt-koninklijke-onderscheiding\/#primaryimage\"},\"thumbnailUrl\":\"https:\/\/www.ondernemendvenlo.nl\/wp-content\/uploads\/2025\/04\/PPeters-koninklijk-onderscheiden.jpg\",\"articleSection\":[\"Nieuws\"],\"inLanguage\":\"de\"},{\"@type\":\"WebPage\",\"@id\":\"https:\/\/www.ondernemendvenlo.nl\/piet-peters-ontvangt-koninklijke-onderscheiding\/\",\"url\":\"https:\/\/www.ondernemendvenlo.nl\/piet-peters-ontvangt-koninklijke-onderscheiding\/\",\"name\":\"Piet Peters ontvangt Koninklijke Onderscheiding - Ondernemend Venlo\",\"isPartOf\":{\"@id\":\"https:\/\/www.ondernemendvenlo.nl\/#website\"},\"primaryImageOfPage\":{\"@id\":\"https:\/\/www.ondernemendvenlo.nl\/piet-peters-ontvangt-koninklijke-onderscheiding\/#primaryimage\"},\"image\":{\"@id\":\"https:\/\/www.ondernemendvenlo.nl\/piet-peters-ontvangt-koninklijke-onderscheiding\/#primaryimage\"},\"thumbnailUrl\":\"https:\/\/www.ondernemendvenlo.nl\/wp-content\/uploads\/2025\/04\/PPeters-koninklijk-onderscheiden.jpg\",\"datePublished\":\"2024-12-23T09:53:26+00:00\",\"breadcrumb\":{\"@id\":\"https:\/\/www.ondernemendvenlo.nl\/piet-peters-ontvangt-koninklijke-onderscheiding\/#breadcrumb\"},\"inLanguage\":\"de\",\"potentialAction\":[{\"@type\":\"ReadAction\",\"target\":[\"https:\/\/www.ondernemendvenlo.nl\/piet-peters-ontvangt-koninklijke-onderscheiding\/\"]}]},{\"@type\":\"ImageObject\",\"inLanguage\":\"de\",\"@id\":\"https:\/\/www.ondernemendvenlo.nl\/piet-peters-ontvangt-koninklijke-onderscheiding\/#primaryimage\",\"url\":\"https:\/\/www.ondernemendvenlo.nl\/wp-content\/uploads\/2025\/04\/PPeters-koninklijk-onderscheiden.jpg\",\"contentUrl\":\"https:\/\/www.ondernemendvenlo.nl\/wp-content\/uploads\/2025\/04\/PPeters-koninklijk-onderscheiden.jpg\",\"width\":850,\"height\":566},{\"@type\":\"BreadcrumbList\",\"@id\":\"https:\/\/www.ondernemendvenlo.nl\/piet-peters-ontvangt-koninklijke-onderscheiding\/#breadcrumb\",\"itemListElement\":[{\"@type\":\"ListItem\",\"position\":1,\"name\":\"Ondernemend Venlo\",\"item\":\"https:\/\/www.ondernemendvenlo.nl\/\"},{\"@type\":\"ListItem\",\"position\":2,\"name\":\"Nieuws\",\"item\":\"https:\/\/www.ondernemendvenlo.nl\/categorie\/nieuws\/\"},{\"@type\":\"ListItem\",\"position\":3,\"name\":\"Piet Peters ontvangt Koninklijke Onderscheiding\"}]},{\"@type\":\"WebSite\",\"@id\":\"https:\/\/www.ondernemendvenlo.nl\/#website\",\"url\":\"https:\/\/www.ondernemendvenlo.nl\/\",\"name\":\"Ondernemend Venlo\",\"description\":\"Samen succesvol ondernemen\",\"publisher\":{\"@id\":\"https:\/\/www.ondernemendvenlo.nl\/#organization\"},\"potentialAction\":[{\"@type\":\"SearchAction\",\"target\":{\"@type\":\"EntryPoint\",\"urlTemplate\":\"https:\/\/www.ondernemendvenlo.nl\/?s={search_term_string}\"},\"query-input\":{\"@type\":\"PropertyValueSpecification\",\"valueRequired\":true,\"valueName\":\"search_term_string\"}}],\"inLanguage\":\"de\"},{\"@type\":\"Organization\",\"@id\":\"https:\/\/www.ondernemendvenlo.nl\/#organization\",\"name\":\"Ondernemend Venlo\",\"url\":\"https:\/\/www.ondernemendvenlo.nl\/\",\"logo\":{\"@type\":\"ImageObject\",\"inLanguage\":\"de\",\"@id\":\"https:\/\/www.ondernemendvenlo.nl\/#\/schema\/logo\/image\/\",\"url\":\"https:\/\/www.ondernemendvenlo.nl\/wp-content\/uploads\/2025\/02\/Ondernemend-Venlo-logo-scaled.webp\",\"contentUrl\":\"https:\/\/www.ondernemendvenlo.nl\/wp-content\/uploads\/2025\/02\/Ondernemend-Venlo-logo-scaled.webp\",\"width\":2560,\"height\":1010,\"caption\":\"Ondernemend Venlo\"},\"image\":{\"@id\":\"https:\/\/www.ondernemendvenlo.nl\/#\/schema\/logo\/image\/\"},\"sameAs\":[\"https:\/\/www.linkedin.com\/company\/ondernemend-venlo\/\"]},{\"@type\":\"Person\",\"@id\":\"https:\/\/www.ondernemendvenlo.nl\/#\/schema\/person\/347e935f8ad4c7030608ef74bb57aa6e\",\"name\":\"admin\",\"image\":{\"@type\":\"ImageObject\",\"inLanguage\":\"de\",\"@id\":\"https:\/\/www.ondernemendvenlo.nl\/#\/schema\/person\/image\/\",\"url\":\"https:\/\/www.ondernemendvenlo.nl\/wp-content\/litespeed\/avatar\/720af750b037aecf6e33e12833479059.jpg?ver=1777382954\",\"contentUrl\":\"https:\/\/www.ondernemendvenlo.nl\/wp-content\/litespeed\/avatar\/720af750b037aecf6e33e12833479059.jpg?ver=1777382954\",\"caption\":\"admin\"},\"sameAs\":[\"https:\/\/www.ondernemendvenlo.nl\"]}]}<\/script>\n<!-- \/ Yoast SEO plugin. -->","yoast_head_json":{"title":"Piet Peters ontvangt Koninklijke Onderscheiding - Ondernemend Venlo","robots":{"index":"index","follow":"follow","max-snippet":"max-snippet:-1","max-image-preview":"max-image-preview:large","max-video-preview":"max-video-preview:-1"},"canonical":"https:\/\/www.ondernemendvenlo.nl\/de\/piet-peters-ontvangt-koninklijke-onderscheiding\/","og_locale":"de_DE","og_type":"article","og_title":"Piet Peters ontvangt Koninklijke Onderscheiding - Ondernemend Venlo","og_description":"Op donderdag 19 december 2024 is de 79-jarige Piet Peters uit Lomm tijdens een bijeenkomst in Museum vanBommelvanDam ge\u00eberd met een Koninklijke Onderscheiding. Hij is benoemd tot Ridder in de Orde van Oranje Nassau vanwege zijn jarenlange en tomeloze inzet voor ondernemers, techniekonderwijs en maatschappelijke projecten in de regio Venlo. 25 jaar toewijding aan techniek [&hellip;]","og_url":"https:\/\/www.ondernemendvenlo.nl\/de\/piet-peters-ontvangt-koninklijke-onderscheiding\/","og_site_name":"Ondernemend Venlo","article_published_time":"2024-12-23T09:53:26+00:00","og_image":[{"width":850,"height":566,"url":"https:\/\/www.ondernemendvenlo.nl\/wp-content\/uploads\/2025\/04\/PPeters-koninklijk-onderscheiden.jpg","type":"image\/jpeg"}],"author":"admin","twitter_card":"summary_large_image","twitter_misc":{"Verfasst von":"admin","Gesch\u00e4tzte Lesezeit":"2\u00a0Minuten"},"schema":{"@context":"https:\/\/schema.org","@graph":[{"@type":"Article","@id":"https:\/\/www.ondernemendvenlo.nl\/piet-peters-ontvangt-koninklijke-onderscheiding\/#article","isPartOf":{"@id":"https:\/\/www.ondernemendvenlo.nl\/piet-peters-ontvangt-koninklijke-onderscheiding\/"},"author":{"name":"admin","@id":"https:\/\/www.ondernemendvenlo.nl\/#\/schema\/person\/347e935f8ad4c7030608ef74bb57aa6e"},"headline":"Piet Peters ontvangt Koninklijke Onderscheiding","datePublished":"2024-12-23T09:53:26+00:00","mainEntityOfPage":{"@id":"https:\/\/www.ondernemendvenlo.nl\/piet-peters-ontvangt-koninklijke-onderscheiding\/"},"wordCount":316,"publisher":{"@id":"https:\/\/www.ondernemendvenlo.nl\/#organization"},"image":{"@id":"https:\/\/www.ondernemendvenlo.nl\/piet-peters-ontvangt-koninklijke-onderscheiding\/#primaryimage"},"thumbnailUrl":"https:\/\/www.ondernemendvenlo.nl\/wp-content\/uploads\/2025\/04\/PPeters-koninklijk-onderscheiden.jpg","articleSection":["Nieuws"],"inLanguage":"de"},{"@type":"WebPage","@id":"https:\/\/www.ondernemendvenlo.nl\/piet-peters-ontvangt-koninklijke-onderscheiding\/","url":"https:\/\/www.ondernemendvenlo.nl\/piet-peters-ontvangt-koninklijke-onderscheiding\/","name":"Piet Peters ontvangt Koninklijke Onderscheiding - Ondernemend Venlo","isPartOf":{"@id":"https:\/\/www.ondernemendvenlo.nl\/#website"},"primaryImageOfPage":{"@id":"https:\/\/www.ondernemendvenlo.nl\/piet-peters-ontvangt-koninklijke-onderscheiding\/#primaryimage"},"image":{"@id":"https:\/\/www.ondernemendvenlo.nl\/piet-peters-ontvangt-koninklijke-onderscheiding\/#primaryimage"},"thumbnailUrl":"https:\/\/www.ondernemendvenlo.nl\/wp-content\/uploads\/2025\/04\/PPeters-koninklijk-onderscheiden.jpg","datePublished":"2024-12-23T09:53:26+00:00","breadcrumb":{"@id":"https:\/\/www.ondernemendvenlo.nl\/piet-peters-ontvangt-koninklijke-onderscheiding\/#breadcrumb"},"inLanguage":"de","potentialAction":[{"@type":"ReadAction","target":["https:\/\/www.ondernemendvenlo.nl\/piet-peters-ontvangt-koninklijke-onderscheiding\/"]}]},{"@type":"ImageObject","inLanguage":"de","@id":"https:\/\/www.ondernemendvenlo.nl\/piet-peters-ontvangt-koninklijke-onderscheiding\/#primaryimage","url":"https:\/\/www.ondernemendvenlo.nl\/wp-content\/uploads\/2025\/04\/PPeters-koninklijk-onderscheiden.jpg","contentUrl":"https:\/\/www.ondernemendvenlo.nl\/wp-content\/uploads\/2025\/04\/PPeters-koninklijk-onderscheiden.jpg","width":850,"height":566},{"@type":"BreadcrumbList","@id":"https:\/\/www.ondernemendvenlo.nl\/piet-peters-ontvangt-koninklijke-onderscheiding\/#breadcrumb","itemListElement":[{"@type":"ListItem","position":1,"name":"Ondernemend Venlo","item":"https:\/\/www.ondernemendvenlo.nl\/"},{"@type":"ListItem","position":2,"name":"Nieuws","item":"https:\/\/www.ondernemendvenlo.nl\/categorie\/nieuws\/"},{"@type":"ListItem","position":3,"name":"Piet Peters ontvangt Koninklijke Onderscheiding"}]},{"@type":"WebSite","@id":"https:\/\/www.ondernemendvenlo.nl\/#website","url":"https:\/\/www.ondernemendvenlo.nl\/","name":"Unternehmerisches Venlo","description":"Samen succesvol ondernemen","publisher":{"@id":"https:\/\/www.ondernemendvenlo.nl\/#organization"},"potentialAction":[{"@type":"SearchAction","target":{"@type":"EntryPoint","urlTemplate":"https:\/\/www.ondernemendvenlo.nl\/?s={search_term_string}"},"query-input":{"@type":"PropertyValueSpecification","valueRequired":true,"valueName":"search_term_string"}}],"inLanguage":"de"},{"@type":"Organization","@id":"https:\/\/www.ondernemendvenlo.nl\/#organization","name":"Unternehmerisches Venlo","url":"https:\/\/www.ondernemendvenlo.nl\/","logo":{"@type":"ImageObject","inLanguage":"de","@id":"https:\/\/www.ondernemendvenlo.nl\/#\/schema\/logo\/image\/","url":"https:\/\/www.ondernemendvenlo.nl\/wp-content\/uploads\/2025\/02\/Ondernemend-Venlo-logo-scaled.webp","contentUrl":"https:\/\/www.ondernemendvenlo.nl\/wp-content\/uploads\/2025\/02\/Ondernemend-Venlo-logo-scaled.webp","width":2560,"height":1010,"caption":"Ondernemend Venlo"},"image":{"@id":"https:\/\/www.ondernemendvenlo.nl\/#\/schema\/logo\/image\/"},"sameAs":["https:\/\/www.linkedin.com\/company\/ondernemend-venlo\/"]},{"@type":"Person","@id":"https:\/\/www.ondernemendvenlo.nl\/#\/schema\/person\/347e935f8ad4c7030608ef74bb57aa6e","name":"admin","image":{"@type":"ImageObject","inLanguage":"de","@id":"https:\/\/www.ondernemendvenlo.nl\/#\/schema\/person\/image\/","url":"https:\/\/www.ondernemendvenlo.nl\/wp-content\/litespeed\/avatar\/720af750b037aecf6e33e12833479059.jpg?ver=1777382954","contentUrl":"https:\/\/www.ondernemendvenlo.nl\/wp-content\/litespeed\/avatar\/720af750b037aecf6e33e12833479059.jpg?ver=1777382954","caption":"admin"},"sameAs":["https:\/\/www.ondernemendvenlo.nl"]}]}},"_links":{"self":[{"href":"https:\/\/www.ondernemendvenlo.nl\/de\/wp-json\/wp\/v2\/posts\/3252","targetHints":{"allow":["GET"]}}],"collection":[{"href":"https:\/\/www.ondernemendvenlo.nl\/de\/wp-json\/wp\/v2\/posts"}],"about":[{"href":"https:\/\/www.ondernemendvenlo.nl\/de\/wp-json\/wp\/v2\/types\/post"}],"author":[{"embeddable":true,"href":"https:\/\/www.ondernemendvenlo.nl\/de\/wp-json\/wp\/v2\/users\/1"}],"replies":[{"embeddable":true,"href":"https:\/\/www.ondernemendvenlo.nl\/de\/wp-json\/wp\/v2\/comments?post=3252"}],"version-history":[{"count":0,"href":"https:\/\/www.ondernemendvenlo.nl\/de\/wp-json\/wp\/v2\/posts\/3252\/revisions"}],"wp:featuredmedia":[{"embeddable":true,"href":"https:\/\/www.ondernemendvenlo.nl\/de\/wp-json\/wp\/v2\/media\/3253"}],"wp:attachment":[{"href":"https:\/\/www.ondernemendvenlo.nl\/de\/wp-json\/wp\/v2\/media?parent=3252"}],"wp:term":[{"taxonomy":"category","embeddable":true,"href":"https:\/\/www.ondernemendvenlo.nl\/de\/wp-json\/wp\/v2\/categories?post=3252"},{"taxonomy":"post_tag","embeddable":true,"href":"https:\/\/www.ondernemendvenlo.nl\/de\/wp-json\/wp\/v2\/tags?post=3252"}],"curies":[{"name":"wp","href":"https:\/\/api.w.org\/{rel}","templated":true}]}}