{"id":3276,"date":"2025-03-31T15:09:39","date_gmt":"2025-03-31T13:09:39","guid":{"rendered":"https:\/\/www.ondernemendvenlo.nl\/25-juni-aussenwirtschaftstag-in-monchengladbach\/"},"modified":"2025-04-08T18:15:24","modified_gmt":"2025-04-08T16:15:24","slug":"25-juni-aussenwirtschaftstag-in-monchengladbach","status":"publish","type":"post","link":"https:\/\/www.ondernemendvenlo.nl\/de\/25-juni-aussenwirtschaftstag-in-monchengladbach\/","title":{"rendered":"25. Juni: Au\u00dfenwirtschaftstag in M\u00f6nchengladbach"},"content":{"rendered":"<p><strong>Am 25. Juni veranstaltet die IHK den Au\u00dfenwirtschaftstag mit dem Thema <em>Niederlande\".<\/em> im Borussia-Park M\u00f6nchengladbach. Die Veranstaltung richtet sich vor allem an deutsche Unternehmer, die in den Niederlanden Gesch\u00e4fte machen wollen, aber auch an niederl\u00e4ndische Unternehmer, die in Deutschland Gesch\u00e4fte machen wollen.\u00a0<\/strong><\/p>\n<p>Die<em><strong> IHK Au\u00dfenwirtschaftstag 2025 <\/strong>(Au\u00dfenhandelstag) <\/em>ist die gr\u00f6\u00dfte Konferenz in Nordrhein-Westfalen f\u00fcr Unternehmen im internationalen Gesch\u00e4ft. Am 25. Juni 2025 laden die nordrhein-westf\u00e4lischen Industrie- und Handelskammern in den Borussia Park in M\u00f6nchengladbach ein. Die <em>Au\u00dfenwirtschaftstag<\/em> besteht aus einem abwechslungsreichen Programm mit hochkar\u00e4tigen Keynote-Speakern, praxisnahen Themenpanels, einer Fachmesse und individueller L\u00e4nderberatung durch die deutschen Auslandshandelskammern. Nutzen Sie die zahlreichen Networking-M\u00f6glichkeiten. Eine deutsch-niederl\u00e4ndische Kooperationsb\u00f6rse bietet eine hervorragende Gelegenheit, Gesch\u00e4ftskontakte zwischen deutschen und niederl\u00e4ndischen Unternehmern zu kn\u00fcpfen. Sie k\u00f6nnen auf hochkar\u00e4tige Experten als Top-Referenten z\u00e4hlen. Eine \u00dcbersicht \u00fcber alle Referenten und Moderatoren finden Sie auf der Website: <a href=\"https:\/\/www.awt.nrw\/\"><strong>Au\u00dfenwirtschaftstag<\/strong> NRW<\/a>.<br \/>\nEs besteht auch die M\u00f6glichkeit, w\u00e4hrend der AWT 2025 an einem B2B-Matchmaking teilzunehmen.<\/p>\n<p><strong>Plattform f\u00fcr Kontakte und Zusammenarbeit<br \/>\n<\/strong>Seit der ersten Veranstaltung im Jahr 1999 hat der AWT hunderte von Ausstellern und Partnern aus der Beratungs- und Dienstleistungsbranche mit Entscheidern aus international agierenden Unternehmen zusammengebracht. Der IHK-Au\u00dfenwirtschaftstag NRW wird alle zwei Jahre von der IHK NRW, im Jahr 2025 unter Federf\u00fchrung der IHK Mittlerer Niederrhein, veranstaltet. Profitieren Sie von der zahlreichen Pr\u00e4senz der Experten der deutschen Auslandshandelskammern (AHKs) und buchen Sie bis zu f\u00fcnf individuelle L\u00e4nderberatungen. Die AHKs sind an mehr als 150 Standorten weltweit vertreten.<br \/>\nRechtzeitig eingelegte Pausen im Programm geben Ihnen die M\u00f6glichkeit, ausgiebig zu netzwerken. Interessiert an deutsch-niederl\u00e4ndischen Gesch\u00e4ftskontakten?<\/p>\n<p>Weitere Informationen finden Sie unter: <a href=\"https:\/\/www.awt.nrw\/\"><strong>A<em>ussenwirtschaftstag NRW<\/em><\/strong><\/a><\/p>\n<p><strong>Deutsch-niederl\u00e4ndisches Matchmaking auf der AWT 2025<br \/>\n<\/strong>Nachdem Sie sich f\u00fcr die AWT angemeldet haben, erhalten Sie einen Link, \u00fcber den Sie sich f\u00fcr das Networking registrieren k\u00f6nnen, indem Sie Ihr Unternehmensprofil und die Art der Kontakte angeben, die Sie kn\u00fcpfen m\u00f6chten. Nach der Registrierung k\u00f6nnen Sie aus den registrierten Unternehmen die gew\u00fcnschten Partner f\u00fcr die Vernetzung ausw\u00e4hlen. Gleichzeitig k\u00f6nnen Sie von anderen Unternehmen als Gespr\u00e4chspartner ausgew\u00e4hlt werden. Um am Matchmaking teilzunehmen, m\u00fcssen Sie sich vorab registrieren und ein Ticket f\u00fcr die AWT kaufen. Die Netzwerksprache ist Englisch.<\/p>\n<p>Weitere Informationen \u00fcber die B2B-Vermittlung finden Sie unter: <em><strong><a href=\"https:\/\/www.b2match.com\/e\/awt-matchmaking-2025\/components\/49562\/info\">Deutsch-Niederl\u00e4ndische Partnervermittlung<\/a><\/strong><\/em><\/p>","protected":false},"excerpt":{"rendered":"<p>Die Veranstaltung richtet sich vor allem an deutsche Unternehmer, die in den Niederlanden Gesch\u00e4fte machen wollen, aber auch an niederl\u00e4ndische Unternehmer, die in Deutschland Gesch\u00e4fte machen wollen.\u00a0<\/p>","protected":false},"author":1,"featured_media":3277,"comment_status":"closed","ping_status":"open","sticky":false,"template":"","format":"standard","meta":{"_acf_changed":false,"footnotes":""},"categories":[8],"tags":[],"class_list":["post-3276","post","type-post","status-publish","format-standard","has-post-thumbnail","hentry","category-nieuws"],"acf":[],"yoast_head":"<!-- This site is optimized with the Yoast SEO plugin v26.3 - https:\/\/yoast.com\/wordpress\/plugins\/seo\/ -->\n<title>25 juni: Aussenwirtschaftstag in M\u00f6nchengladbach - Ondernemend Venlo<\/title>\n<meta name=\"robots\" content=\"index, follow, max-snippet:-1, max-image-preview:large, max-video-preview:-1\" \/>\n<link rel=\"canonical\" href=\"https:\/\/www.ondernemendvenlo.nl\/de\/25-juni-aussenwirtschaftstag-in-monchengladbach\/\" \/>\n<meta property=\"og:locale\" content=\"de_DE\" \/>\n<meta property=\"og:type\" content=\"article\" \/>\n<meta property=\"og:title\" content=\"25 juni: Aussenwirtschaftstag in M\u00f6nchengladbach - Ondernemend Venlo\" \/>\n<meta property=\"og:description\" content=\"Het event is voornamelijk gericht op Duitse ondernemers die in Nederland willen ondernemen, maar er is ook aandacht voor de Nederlandse ondernemers die in Duitsland zaken willen doen.\u00a0\" \/>\n<meta property=\"og:url\" content=\"https:\/\/www.ondernemendvenlo.nl\/de\/25-juni-aussenwirtschaftstag-in-monchengladbach\/\" \/>\n<meta property=\"og:site_name\" content=\"Ondernemend Venlo\" \/>\n<meta property=\"article:published_time\" content=\"2025-03-31T13:09:39+00:00\" \/>\n<meta property=\"article:modified_time\" content=\"2025-04-08T16:15:24+00:00\" \/>\n<meta property=\"og:image\" content=\"https:\/\/www.ondernemendvenlo.nl\/wp-content\/uploads\/2025\/04\/logo-aussenwirtschaftstag-2025-data.jpg\" \/>\n\t<meta property=\"og:image:width\" content=\"1920\" \/>\n\t<meta property=\"og:image:height\" content=\"1080\" \/>\n\t<meta property=\"og:image:type\" content=\"image\/jpeg\" \/>\n<meta name=\"author\" content=\"admin\" \/>\n<meta name=\"twitter:card\" content=\"summary_large_image\" \/>\n<meta name=\"twitter:label1\" content=\"Verfasst von\" \/>\n\t<meta name=\"twitter:data1\" content=\"admin\" \/>\n\t<meta name=\"twitter:label2\" content=\"Gesch\u00e4tzte Lesezeit\" \/>\n\t<meta name=\"twitter:data2\" content=\"3\u00a0Minuten\" \/>\n<script type=\"application\/ld+json\" class=\"yoast-schema-graph\">{\"@context\":\"https:\/\/schema.org\",\"@graph\":[{\"@type\":\"Article\",\"@id\":\"https:\/\/www.ondernemendvenlo.nl\/25-juni-aussenwirtschaftstag-in-monchengladbach\/#article\",\"isPartOf\":{\"@id\":\"https:\/\/www.ondernemendvenlo.nl\/25-juni-aussenwirtschaftstag-in-monchengladbach\/\"},\"author\":{\"name\":\"admin\",\"@id\":\"https:\/\/www.ondernemendvenlo.nl\/#\/schema\/person\/347e935f8ad4c7030608ef74bb57aa6e\"},\"headline\":\"25 juni: Aussenwirtschaftstag in M\u00f6nchengladbach\",\"datePublished\":\"2025-03-31T13:09:39+00:00\",\"dateModified\":\"2025-04-08T16:15:24+00:00\",\"mainEntityOfPage\":{\"@id\":\"https:\/\/www.ondernemendvenlo.nl\/25-juni-aussenwirtschaftstag-in-monchengladbach\/\"},\"wordCount\":386,\"publisher\":{\"@id\":\"https:\/\/www.ondernemendvenlo.nl\/#organization\"},\"image\":{\"@id\":\"https:\/\/www.ondernemendvenlo.nl\/25-juni-aussenwirtschaftstag-in-monchengladbach\/#primaryimage\"},\"thumbnailUrl\":\"https:\/\/www.ondernemendvenlo.nl\/wp-content\/uploads\/2025\/04\/logo-aussenwirtschaftstag-2025-data.jpg\",\"articleSection\":[\"Nieuws\"],\"inLanguage\":\"de\"},{\"@type\":\"WebPage\",\"@id\":\"https:\/\/www.ondernemendvenlo.nl\/25-juni-aussenwirtschaftstag-in-monchengladbach\/\",\"url\":\"https:\/\/www.ondernemendvenlo.nl\/25-juni-aussenwirtschaftstag-in-monchengladbach\/\",\"name\":\"25 juni: Aussenwirtschaftstag in M\u00f6nchengladbach - Ondernemend Venlo\",\"isPartOf\":{\"@id\":\"https:\/\/www.ondernemendvenlo.nl\/#website\"},\"primaryImageOfPage\":{\"@id\":\"https:\/\/www.ondernemendvenlo.nl\/25-juni-aussenwirtschaftstag-in-monchengladbach\/#primaryimage\"},\"image\":{\"@id\":\"https:\/\/www.ondernemendvenlo.nl\/25-juni-aussenwirtschaftstag-in-monchengladbach\/#primaryimage\"},\"thumbnailUrl\":\"https:\/\/www.ondernemendvenlo.nl\/wp-content\/uploads\/2025\/04\/logo-aussenwirtschaftstag-2025-data.jpg\",\"datePublished\":\"2025-03-31T13:09:39+00:00\",\"dateModified\":\"2025-04-08T16:15:24+00:00\",\"breadcrumb\":{\"@id\":\"https:\/\/www.ondernemendvenlo.nl\/25-juni-aussenwirtschaftstag-in-monchengladbach\/#breadcrumb\"},\"inLanguage\":\"de\",\"potentialAction\":[{\"@type\":\"ReadAction\",\"target\":[\"https:\/\/www.ondernemendvenlo.nl\/25-juni-aussenwirtschaftstag-in-monchengladbach\/\"]}]},{\"@type\":\"ImageObject\",\"inLanguage\":\"de\",\"@id\":\"https:\/\/www.ondernemendvenlo.nl\/25-juni-aussenwirtschaftstag-in-monchengladbach\/#primaryimage\",\"url\":\"https:\/\/www.ondernemendvenlo.nl\/wp-content\/uploads\/2025\/04\/logo-aussenwirtschaftstag-2025-data.jpg\",\"contentUrl\":\"https:\/\/www.ondernemendvenlo.nl\/wp-content\/uploads\/2025\/04\/logo-aussenwirtschaftstag-2025-data.jpg\",\"width\":1920,\"height\":1080},{\"@type\":\"BreadcrumbList\",\"@id\":\"https:\/\/www.ondernemendvenlo.nl\/25-juni-aussenwirtschaftstag-in-monchengladbach\/#breadcrumb\",\"itemListElement\":[{\"@type\":\"ListItem\",\"position\":1,\"name\":\"Ondernemend Venlo\",\"item\":\"https:\/\/www.ondernemendvenlo.nl\/\"},{\"@type\":\"ListItem\",\"position\":2,\"name\":\"Nieuws\",\"item\":\"https:\/\/www.ondernemendvenlo.nl\/categorie\/nieuws\/\"},{\"@type\":\"ListItem\",\"position\":3,\"name\":\"25 juni: Aussenwirtschaftstag in M\u00f6nchengladbach\"}]},{\"@type\":\"WebSite\",\"@id\":\"https:\/\/www.ondernemendvenlo.nl\/#website\",\"url\":\"https:\/\/www.ondernemendvenlo.nl\/\",\"name\":\"Ondernemend Venlo\",\"description\":\"Samen succesvol ondernemen\",\"publisher\":{\"@id\":\"https:\/\/www.ondernemendvenlo.nl\/#organization\"},\"potentialAction\":[{\"@type\":\"SearchAction\",\"target\":{\"@type\":\"EntryPoint\",\"urlTemplate\":\"https:\/\/www.ondernemendvenlo.nl\/?s={search_term_string}\"},\"query-input\":{\"@type\":\"PropertyValueSpecification\",\"valueRequired\":true,\"valueName\":\"search_term_string\"}}],\"inLanguage\":\"de\"},{\"@type\":\"Organization\",\"@id\":\"https:\/\/www.ondernemendvenlo.nl\/#organization\",\"name\":\"Ondernemend Venlo\",\"url\":\"https:\/\/www.ondernemendvenlo.nl\/\",\"logo\":{\"@type\":\"ImageObject\",\"inLanguage\":\"de\",\"@id\":\"https:\/\/www.ondernemendvenlo.nl\/#\/schema\/logo\/image\/\",\"url\":\"https:\/\/www.ondernemendvenlo.nl\/wp-content\/uploads\/2025\/02\/Ondernemend-Venlo-logo-scaled.webp\",\"contentUrl\":\"https:\/\/www.ondernemendvenlo.nl\/wp-content\/uploads\/2025\/02\/Ondernemend-Venlo-logo-scaled.webp\",\"width\":2560,\"height\":1010,\"caption\":\"Ondernemend Venlo\"},\"image\":{\"@id\":\"https:\/\/www.ondernemendvenlo.nl\/#\/schema\/logo\/image\/\"},\"sameAs\":[\"https:\/\/www.linkedin.com\/company\/ondernemend-venlo\/\"]},{\"@type\":\"Person\",\"@id\":\"https:\/\/www.ondernemendvenlo.nl\/#\/schema\/person\/347e935f8ad4c7030608ef74bb57aa6e\",\"name\":\"admin\",\"image\":{\"@type\":\"ImageObject\",\"inLanguage\":\"de\",\"@id\":\"https:\/\/www.ondernemendvenlo.nl\/#\/schema\/person\/image\/\",\"url\":\"https:\/\/www.ondernemendvenlo.nl\/wp-content\/litespeed\/avatar\/720af750b037aecf6e33e12833479059.jpg?ver=1777382954\",\"contentUrl\":\"https:\/\/www.ondernemendvenlo.nl\/wp-content\/litespeed\/avatar\/720af750b037aecf6e33e12833479059.jpg?ver=1777382954\",\"caption\":\"admin\"},\"sameAs\":[\"https:\/\/www.ondernemendvenlo.nl\"]}]}<\/script>\n<!-- \/ Yoast SEO plugin. -->","yoast_head_json":{"title":"25 juni: Aussenwirtschaftstag in M\u00f6nchengladbach - Ondernemend Venlo","robots":{"index":"index","follow":"follow","max-snippet":"max-snippet:-1","max-image-preview":"max-image-preview:large","max-video-preview":"max-video-preview:-1"},"canonical":"https:\/\/www.ondernemendvenlo.nl\/de\/25-juni-aussenwirtschaftstag-in-monchengladbach\/","og_locale":"de_DE","og_type":"article","og_title":"25 juni: Aussenwirtschaftstag in M\u00f6nchengladbach - Ondernemend Venlo","og_description":"Het event is voornamelijk gericht op Duitse ondernemers die in Nederland willen ondernemen, maar er is ook aandacht voor de Nederlandse ondernemers die in Duitsland zaken willen doen.\u00a0","og_url":"https:\/\/www.ondernemendvenlo.nl\/de\/25-juni-aussenwirtschaftstag-in-monchengladbach\/","og_site_name":"Ondernemend Venlo","article_published_time":"2025-03-31T13:09:39+00:00","article_modified_time":"2025-04-08T16:15:24+00:00","og_image":[{"width":1920,"height":1080,"url":"https:\/\/www.ondernemendvenlo.nl\/wp-content\/uploads\/2025\/04\/logo-aussenwirtschaftstag-2025-data.jpg","type":"image\/jpeg"}],"author":"admin","twitter_card":"summary_large_image","twitter_misc":{"Verfasst von":"admin","Gesch\u00e4tzte Lesezeit":"3\u00a0Minuten"},"schema":{"@context":"https:\/\/schema.org","@graph":[{"@type":"Article","@id":"https:\/\/www.ondernemendvenlo.nl\/25-juni-aussenwirtschaftstag-in-monchengladbach\/#article","isPartOf":{"@id":"https:\/\/www.ondernemendvenlo.nl\/25-juni-aussenwirtschaftstag-in-monchengladbach\/"},"author":{"name":"admin","@id":"https:\/\/www.ondernemendvenlo.nl\/#\/schema\/person\/347e935f8ad4c7030608ef74bb57aa6e"},"headline":"25 juni: Aussenwirtschaftstag in M\u00f6nchengladbach","datePublished":"2025-03-31T13:09:39+00:00","dateModified":"2025-04-08T16:15:24+00:00","mainEntityOfPage":{"@id":"https:\/\/www.ondernemendvenlo.nl\/25-juni-aussenwirtschaftstag-in-monchengladbach\/"},"wordCount":386,"publisher":{"@id":"https:\/\/www.ondernemendvenlo.nl\/#organization"},"image":{"@id":"https:\/\/www.ondernemendvenlo.nl\/25-juni-aussenwirtschaftstag-in-monchengladbach\/#primaryimage"},"thumbnailUrl":"https:\/\/www.ondernemendvenlo.nl\/wp-content\/uploads\/2025\/04\/logo-aussenwirtschaftstag-2025-data.jpg","articleSection":["Nieuws"],"inLanguage":"de"},{"@type":"WebPage","@id":"https:\/\/www.ondernemendvenlo.nl\/25-juni-aussenwirtschaftstag-in-monchengladbach\/","url":"https:\/\/www.ondernemendvenlo.nl\/25-juni-aussenwirtschaftstag-in-monchengladbach\/","name":"25 juni: Aussenwirtschaftstag in M\u00f6nchengladbach - Ondernemend Venlo","isPartOf":{"@id":"https:\/\/www.ondernemendvenlo.nl\/#website"},"primaryImageOfPage":{"@id":"https:\/\/www.ondernemendvenlo.nl\/25-juni-aussenwirtschaftstag-in-monchengladbach\/#primaryimage"},"image":{"@id":"https:\/\/www.ondernemendvenlo.nl\/25-juni-aussenwirtschaftstag-in-monchengladbach\/#primaryimage"},"thumbnailUrl":"https:\/\/www.ondernemendvenlo.nl\/wp-content\/uploads\/2025\/04\/logo-aussenwirtschaftstag-2025-data.jpg","datePublished":"2025-03-31T13:09:39+00:00","dateModified":"2025-04-08T16:15:24+00:00","breadcrumb":{"@id":"https:\/\/www.ondernemendvenlo.nl\/25-juni-aussenwirtschaftstag-in-monchengladbach\/#breadcrumb"},"inLanguage":"de","potentialAction":[{"@type":"ReadAction","target":["https:\/\/www.ondernemendvenlo.nl\/25-juni-aussenwirtschaftstag-in-monchengladbach\/"]}]},{"@type":"ImageObject","inLanguage":"de","@id":"https:\/\/www.ondernemendvenlo.nl\/25-juni-aussenwirtschaftstag-in-monchengladbach\/#primaryimage","url":"https:\/\/www.ondernemendvenlo.nl\/wp-content\/uploads\/2025\/04\/logo-aussenwirtschaftstag-2025-data.jpg","contentUrl":"https:\/\/www.ondernemendvenlo.nl\/wp-content\/uploads\/2025\/04\/logo-aussenwirtschaftstag-2025-data.jpg","width":1920,"height":1080},{"@type":"BreadcrumbList","@id":"https:\/\/www.ondernemendvenlo.nl\/25-juni-aussenwirtschaftstag-in-monchengladbach\/#breadcrumb","itemListElement":[{"@type":"ListItem","position":1,"name":"Ondernemend Venlo","item":"https:\/\/www.ondernemendvenlo.nl\/"},{"@type":"ListItem","position":2,"name":"Nieuws","item":"https:\/\/www.ondernemendvenlo.nl\/categorie\/nieuws\/"},{"@type":"ListItem","position":3,"name":"25 juni: Aussenwirtschaftstag in M\u00f6nchengladbach"}]},{"@type":"WebSite","@id":"https:\/\/www.ondernemendvenlo.nl\/#website","url":"https:\/\/www.ondernemendvenlo.nl\/","name":"Unternehmerisches Venlo","description":"Samen succesvol ondernemen","publisher":{"@id":"https:\/\/www.ondernemendvenlo.nl\/#organization"},"potentialAction":[{"@type":"SearchAction","target":{"@type":"EntryPoint","urlTemplate":"https:\/\/www.ondernemendvenlo.nl\/?s={search_term_string}"},"query-input":{"@type":"PropertyValueSpecification","valueRequired":true,"valueName":"search_term_string"}}],"inLanguage":"de"},{"@type":"Organization","@id":"https:\/\/www.ondernemendvenlo.nl\/#organization","name":"Unternehmerisches Venlo","url":"https:\/\/www.ondernemendvenlo.nl\/","logo":{"@type":"ImageObject","inLanguage":"de","@id":"https:\/\/www.ondernemendvenlo.nl\/#\/schema\/logo\/image\/","url":"https:\/\/www.ondernemendvenlo.nl\/wp-content\/uploads\/2025\/02\/Ondernemend-Venlo-logo-scaled.webp","contentUrl":"https:\/\/www.ondernemendvenlo.nl\/wp-content\/uploads\/2025\/02\/Ondernemend-Venlo-logo-scaled.webp","width":2560,"height":1010,"caption":"Ondernemend Venlo"},"image":{"@id":"https:\/\/www.ondernemendvenlo.nl\/#\/schema\/logo\/image\/"},"sameAs":["https:\/\/www.linkedin.com\/company\/ondernemend-venlo\/"]},{"@type":"Person","@id":"https:\/\/www.ondernemendvenlo.nl\/#\/schema\/person\/347e935f8ad4c7030608ef74bb57aa6e","name":"admin","image":{"@type":"ImageObject","inLanguage":"de","@id":"https:\/\/www.ondernemendvenlo.nl\/#\/schema\/person\/image\/","url":"https:\/\/www.ondernemendvenlo.nl\/wp-content\/litespeed\/avatar\/720af750b037aecf6e33e12833479059.jpg?ver=1777382954","contentUrl":"https:\/\/www.ondernemendvenlo.nl\/wp-content\/litespeed\/avatar\/720af750b037aecf6e33e12833479059.jpg?ver=1777382954","caption":"admin"},"sameAs":["https:\/\/www.ondernemendvenlo.nl"]}]}},"_links":{"self":[{"href":"https:\/\/www.ondernemendvenlo.nl\/de\/wp-json\/wp\/v2\/posts\/3276","targetHints":{"allow":["GET"]}}],"collection":[{"href":"https:\/\/www.ondernemendvenlo.nl\/de\/wp-json\/wp\/v2\/posts"}],"about":[{"href":"https:\/\/www.ondernemendvenlo.nl\/de\/wp-json\/wp\/v2\/types\/post"}],"author":[{"embeddable":true,"href":"https:\/\/www.ondernemendvenlo.nl\/de\/wp-json\/wp\/v2\/users\/1"}],"replies":[{"embeddable":true,"href":"https:\/\/www.ondernemendvenlo.nl\/de\/wp-json\/wp\/v2\/comments?post=3276"}],"version-history":[{"count":0,"href":"https:\/\/www.ondernemendvenlo.nl\/de\/wp-json\/wp\/v2\/posts\/3276\/revisions"}],"wp:featuredmedia":[{"embeddable":true,"href":"https:\/\/www.ondernemendvenlo.nl\/de\/wp-json\/wp\/v2\/media\/3277"}],"wp:attachment":[{"href":"https:\/\/www.ondernemendvenlo.nl\/de\/wp-json\/wp\/v2\/media?parent=3276"}],"wp:term":[{"taxonomy":"category","embeddable":true,"href":"https:\/\/www.ondernemendvenlo.nl\/de\/wp-json\/wp\/v2\/categories?post=3276"},{"taxonomy":"post_tag","embeddable":true,"href":"https:\/\/www.ondernemendvenlo.nl\/de\/wp-json\/wp\/v2\/tags?post=3276"}],"curies":[{"name":"wp","href":"https:\/\/api.w.org\/{rel}","templated":true}]}}