{"id":3401,"date":"2024-04-07T19:14:07","date_gmt":"2024-04-07T17:14:07","guid":{"rendered":"https:\/\/www.ondernemendvenlo.nl\/uitstekende-samenwerking-met-ondernemend-venlo\/"},"modified":"2025-04-07T19:24:48","modified_gmt":"2025-04-07T17:24:48","slug":"uitstekende-samenwerking-met-ondernemend-venlo","status":"publish","type":"post","link":"https:\/\/www.ondernemendvenlo.nl\/de\/uitstekende-samenwerking-met-ondernemend-venlo\/","title":{"rendered":"Ausgezeichnete Zusammenarbeit mit Entrepreneurial Venlo"},"content":{"rendered":"<div id=\"_idContainer227\" class=\"Basistekstkader\"><strong>Hochwasser im Sommer 2021, der Voltastraat-Brand vom 6. Mai 2023, die zunehmende Zahl von Veranstaltungen in der Gemeinde, eine Corona-Pandemie, die illegale Veranstaltung von Autotreffen in und um Gewerbegebiete. <span class=\"afbreken-einde-zin\">Die <\/span>Die Mitgliedsunternehmen von Ondernemend Venlo stehen immer h\u00e4ufiger vor gro\u00dfen Herausforderungen oder Zwischenf\u00e4llen. Eine gute Beratung und eine optimale Zusammenarbeit mit der Gemeinde und den Rettungsdiensten sind dabei unerl\u00e4sslich.<\/strong><\/div>\n<div><\/div>\n<div id=\"_idContainer231\" class=\"Basistekstkader\">Antoin Scholten ist nicht nur als B\u00fcrgermeister f\u00fcr die Situation in der Gemeinde Venlo verantwortlich, sondern muss sich als Vorsitzender der Sicherheitsregion Limburg Nord auch um das Katastrophen- und Krisenmanagement in der gesamten Region k\u00fcmmern. <span class=\"afbreken-einde-zin\">\"Es <\/span>Es mag plump klingen, aber wir lernen am meisten, wenn etwas tats\u00e4chlich passiert\", sagte der Venloer B\u00fcrgermeister. <span class=\"afbreken-einde-zin\">\"Jede <\/span>Jeder Zwischenfall oder jedes Gro\u00dfereignis macht die Unternehmer wachsamer. Jede Katastrophe erh\u00f6ht die Akzeptanz der von uns durchgef\u00fchrten Arbeiten und Anpassungen bei Unternehmern und B\u00fcrgern. <span class=\"afbreken-einde-zin\">Die <\/span>Die Zusammenarbeit mit Entrepreneurial Venlo kann ich nur als hervorragend bezeichnen.\"<\/div>\n<div id=\"_idContainer233\" class=\"Basistekstkader\">\n<div id=\"_idContainer227\" class=\"Basistekstkader\">\n<blockquote>\n<p class=\"Kop ParaOverride-3\"><span class=\"CharOverride-15\">Jeder Vorfall f\u00fchrt zu <\/span><span class=\"CharOverride-15\">mehr Verst\u00e4ndnis unter den Unternehmern <\/span><span class=\"CharOverride-15\">f\u00fcr unsere Arbeit\".<\/span><\/p>\n<\/blockquote>\n<\/div>\n<p class=\"Tussenkopje ParaOverride-2\"><strong>Gr\u00f6\u00dfere Risiken und Zwischenf\u00e4lle<br \/>\n<\/strong>In dieser sich schnell ver\u00e4ndernden Welt sehen sich Unternehmer und Regierungen zunehmend mit gr\u00f6\u00dferen Risiken und Zwischenf\u00e4llen konfrontiert. <span class=\"afbreken-einde-zin\">Das <\/span>hat zum Teil mit dem Klima zu tun, aber auch mit neuen Gesetzen und Vorschriften, die notwendig sind, um innovative Produktionsprozesse in Unternehmen sicher zu machen. <span class=\"afbreken-einde-zin\">Also <\/span>Die Unternehmen in den 20 Gewerbegebieten von Venlo m\u00fcssen alle drei Jahre das KVO-Zertifikat (Qualit\u00e4tszeichen f\u00fcr sicheres Unternehmertum) erwerben. <span class=\"afbreken-einde-zin\">Diese <\/span>ist ein Beweis f\u00fcr die nachhaltige Zusammenarbeit zwischen allen Beteiligten: Unternehmern, Stadtverwaltung und Rettungsdiensten. Er enth\u00e4lt Vereinbarungen zur Bek\u00e4mpfung von Bel\u00e4stigung und Kriminalit\u00e4t. <span class=\"afbreken-einde-zin\">Auch <\/span>Brandschutz ist hier wichtig. Nehmen wir als Beispiel den Brand in der Voltastraat im Mai letzten Jahres. Dabei gingen f\u00fcnf Gesch\u00e4fte vollst\u00e4ndig in Flammen auf.<\/p>\n<p class=\"Tussenkopje ParaOverride-2\"><strong>Orangefarbene S\u00e4ule<br \/>\n<\/strong>Was geschieht, wenn ein Feuer ausbricht? Ab dem Zeitpunkt der Ausdehnung des Feuers werden die Rettungsdienste (Polizei, Feuerwehr und Medizin) hinzugezogen. <span class=\"afbreken-einde-zin\">Einfach <\/span>wie z. B. das Bevolkingszorg-Team, auch bekannt als die orangefarbene S\u00e4ule. In diesem Team sind Beamte des Krisenmanagements, Kommunikationsberater und der Gemeindesekret\u00e4r vertreten, um die Zusammenarbeit im Katastrophenfall zu erleichtern.<\/p>\n<p class=\"Platte-tekst\">Kampf und Krisenbew\u00e4ltigung auf die bestm\u00f6gliche Art und Weise. <span class=\"afbreken-einde-zin\">Die <\/span>Das Team der Stadtverwaltung verwendet ein vorprotokolliertes Skript. <span class=\"afbreken-einde-zin\">Also <\/span>musste im Falle des Brandes in der Voltastraat die Eigent\u00fcmer von 15 Adressen warnen. <span class=\"afbreken-einde-zin\">Von <\/span>Die Bewertung ergab, dass die Zusammenarbeit zwischen den verschiedenen Rettungsdiensten, Gemeinden und Unternehmen w\u00e4hrend des Ereignisses vom 6. Mai zufriedenstellend war.<\/p>\n<p class=\"Tussenkopje ParaOverride-2\"><strong>N\u00e4herung<\/strong><br \/>\nScholten erl\u00e4utert den Ansatz: \"Eine vorher festgelegte Person hat Pager-Dienst und sucht den Ort des Geschehens auf. <span class=\"afbreken-einde-zin\">Unter <\/span>Bei Hochwasser oder einem Gro\u00dfbrand trifft sich dann ein Team im Stadtb\u00fcro. <span class=\"afbreken-einde-zin\">Von <\/span>Von dort aus wird der Kontakt zu Parkmanagerin Lidy Rutten und den Unternehmern hergestellt. Denn dieses Team ist f\u00fcr die Krisenkommunikation, die Umweltaspekte und die Betreuung eventueller Evakuierungen und des Empfangs zust\u00e4ndig. Aber auch die Schaffung einer sicheren Situation auf dem Gel\u00e4nde und in dessen Umgebung f\u00e4llt in ihren Zust\u00e4ndigkeitsbereich. Denken Sie an die Erreichbarkeit der beteiligten Unternehmen, die Festlegung von Routen und so weiter. Dies geschieht oft \u00fcber App-Gruppen oder E-Mails.<\/p>\n<p class=\"Platte-tekst\">Laut Scholten gab es keine gro\u00dfen Lernmomente. <span class=\"afbreken-einde-zin\">\"Diese <\/span>Die Zusammenarbeit zeigte, dass alles gut organisiert war. <span class=\"afbreken-einde-zin\">A <\/span>Beispiel: Die Feuerwehr hatte dank des Videosystems im Fahrzeug einen guten \u00dcberblick \u00fcber die Geb\u00e4ude und die verschiedenen Abteilungen, bevor sie in der Voltastra\u00dfe eintraf. <span class=\"afbreken-einde-zin\">Die <\/span>Das waren alte Gesch\u00e4ftsr\u00e4ume, die unter anderen Gesetzen und Richtlinien gebaut wurden. Heute haben wir es mit ganz anderen Genehmigungsanforderungen zu tun.<\/p>\n<p class=\"Tussenkopje ParaOverride-2\"><strong>Hochwasser<br \/>\n<\/strong>Ein weiteres Beispiel ist die Situation rund um das Hochwasser im Juli 2021. Als Vorsitzender der Sicherheitsregion Nord war Scholten f\u00fcr Nord- und Mittellimburg zust\u00e4ndig. <span class=\"afbreken-einde-zin\">Er <\/span>schnell beschlossen, zur Stufe GRIP-4 (Coordinated Regional Incident Response Procedure) zu wechseln. <span class=\"afbreken-einde-zin\">Diese <\/span>ist die Methode, mit der die Einsatzkr\u00e4fte festlegen, wie ihre Arbeit bei Zwischenf\u00e4llen koordiniert werden soll. <span class=\"afbreken-einde-zin\">Die <\/span>Die h\u00f6chste Stufe ist 5. Sowohl Venlo als auch die Region wurden mehrfach alarmiert. <span class=\"afbreken-einde-zin\">\"Wir <\/span>durch das Nadel\u00f6hr gekrochen sein\", gibt Scholten heute zu. <span class=\"afbreken-einde-zin\">\"A <\/span>Ein Mitarbeiter der Sicherheitsregion rief an und sagte: \"Die Wasserst\u00e4nde der Roer sind so hoch, dass sie nicht einmal in unserem Notfallplan stehen. Es gab also keinen Notfallplan f\u00fcr eine solche Situation. Daher meine Entscheidung, auf GRIP-4 aufzustocken.\"<\/p>\n<blockquote><p><span class=\"CharOverride-36\">Es mag plump klingen, aber wir <\/span><span class=\"CharOverride-36\">man lernt am meisten, wenn etwas tats\u00e4chlich passiert\".<\/span><\/p><\/blockquote>\n<p class=\"Tussenkopje ParaOverride-2\"><strong>Beispiele<\/strong><br \/>\nEin gutes Beispiel, das Scholten ernst nahm, war die Situation des VieCuri Medical Centre. <span class=\"afbreken-einde-zin\">\"In <\/span>Urspr\u00fcnglich wollte ich nicht evakuiert werden. <span class=\"afbreken-einde-zin\">Al <\/span>stellten bald fest, dass ein Deich nicht sehr stark war. Dieser Deich war sowohl f\u00fcr die Innenstadt als auch f\u00fcr das Krankenhaus entscheidend. <span class=\"afbreken-einde-zin\">Mit <\/span>dass beschlossen wurde, trotzdem zu evakuieren. <span class=\"afbreken-einde-zin\">Das <\/span>nicht tun wollen, wenn das Wasser bereits in VieCuri flie\u00dft. Auch wenn dies nicht geschehen ist, bereue ich diese Entscheidung nicht.<\/p>\n<p class=\"Platte-tekst\">Mehrmals im Jahr treffen sich verschiedene Gruppen, z. B. Mitarbeiter der Stadtverwaltung und Mitglieder von Entrepreneurial Venlo, zu Beratungen und um neue Entwicklungen zu besprechen. <span class=\"afbreken-einde-zin\">\"Es <\/span>Der Vorteil dieser Treffen ist, dass sich alle Beteiligten besser kennenlernen und auch leichter miteinander in Kontakt treten k\u00f6nnen.<\/p>\n<p class=\"Tussenkopje ParaOverride-2\"><strong>Autotreffen<\/strong><br \/>\nScholten sieht auch die gute Zusammenarbeit zwischen der Gemeinde und den Unternehmen bei den Ma\u00dfnahmen gegen illegale Autotreffen in und um die Gewerbegebiete. <span class=\"afbreken-einde-zin\">\"Diese <\/span>f\u00fchrt nicht nur zu unsicheren Verkehrssituationen, sondern auch zu verschiedenen anderen Bel\u00e4stigungen (wie L\u00e4rm und Abfall). Au\u00dferdem gef\u00e4hrdet der Massenbesuch die Erreichbarkeit der Gewerbegebiete. <span class=\"afbreken-einde-zin\">Die <\/span>sind letztlich die Unternehmer selbst, die Ma\u00dfnahmen wie die Installation von Z\u00e4unen und Kameras ergriffen haben. Das zeigt, wie wichtig eine Partnerschaft wie Entrepreneurial Venlo ist\".<\/p>\n<p class=\"Platte-tekst\">Ob Hochwasser, Feuer oder Situationen wie diese Autokonferenzen: Jedes Gewerbegebiet erfordert Anpassungen. Scholten: \"\u00dcberall ist die Situation aufgrund der Infrastruktur, der vorhandenen Unternehmen und der Geb\u00e4ude anders. <span class=\"afbreken-einde-zin\">Die <\/span>Am wichtigsten ist jedoch, dass die Unternehmen wissen, dass sie angeh\u00f6rt werden und bei Entscheidungen ein Mitspracherecht haben. <span class=\"afbreken-einde-zin\">Das <\/span>gew\u00e4hrleistet die beste Zusammenarbeit und die besten Ergebnisse\".<\/p>\n<p class=\"Tussenkopje ParaOverride-2\"><a href=\"http:\/\/www.venlo.nl\"><em><strong>venlo.de<\/strong><\/em><\/a><\/p>\n<\/div>\n<p><em>Text: Rob Buchholz - Fotografie: Bram Becks<\/em><\/p>","protected":false},"excerpt":{"rendered":"<p>Hoog water in de zomer van 2021, de brand op de Voltastraat van 6 mei 2023, het toenemend aantal evenementen binnen de gemeente, een coronapandemie, het illegaal organiseren van carmeetings op en rondom bedrijventerreinen. De aangesloten bedrijven bij Ondernemend Venlo hebben steeds vaker met grote uitdagingen of incidenten te maken. Goed overleg en een optimale [&hellip;]<\/p>","protected":false},"author":1,"featured_media":3402,"comment_status":"closed","ping_status":"closed","sticky":false,"template":"","format":"standard","meta":{"_acf_changed":false,"footnotes":""},"categories":[21],"tags":[],"class_list":["post-3401","post","type-post","status-publish","format-standard","has-post-thumbnail","hentry","category-magazine"],"acf":[],"yoast_head":"<!-- This site is optimized with the Yoast SEO plugin v26.3 - https:\/\/yoast.com\/wordpress\/plugins\/seo\/ -->\n<title>Uitstekende samenwerking met Ondernemend Venlo - Ondernemend Venlo<\/title>\n<meta name=\"robots\" content=\"index, follow, max-snippet:-1, max-image-preview:large, max-video-preview:-1\" \/>\n<link rel=\"canonical\" href=\"https:\/\/www.ondernemendvenlo.nl\/de\/uitstekende-samenwerking-met-ondernemend-venlo\/\" \/>\n<meta property=\"og:locale\" content=\"de_DE\" \/>\n<meta property=\"og:type\" content=\"article\" \/>\n<meta property=\"og:title\" content=\"Uitstekende samenwerking met Ondernemend Venlo - Ondernemend Venlo\" \/>\n<meta property=\"og:description\" content=\"Hoog water in de zomer van 2021, de brand op de Voltastraat van 6 mei 2023, het toenemend aantal evenementen binnen de gemeente, een coronapandemie, het illegaal organiseren van carmeetings op en rondom bedrijventerreinen. De aangesloten bedrijven bij Ondernemend Venlo hebben steeds vaker met grote uitdagingen of incidenten te maken. Goed overleg en een optimale [&hellip;]\" \/>\n<meta property=\"og:url\" content=\"https:\/\/www.ondernemendvenlo.nl\/de\/uitstekende-samenwerking-met-ondernemend-venlo\/\" \/>\n<meta property=\"og:site_name\" content=\"Ondernemend Venlo\" \/>\n<meta property=\"article:published_time\" content=\"2024-04-07T17:14:07+00:00\" \/>\n<meta property=\"article:modified_time\" content=\"2025-04-07T17:24:48+00:00\" \/>\n<meta property=\"og:image\" content=\"https:\/\/www.ondernemendvenlo.nl\/wp-content\/uploads\/2025\/04\/Antoine-Scholten_1920x1080.jpg\" \/>\n\t<meta property=\"og:image:width\" content=\"1920\" \/>\n\t<meta property=\"og:image:height\" content=\"1080\" \/>\n\t<meta property=\"og:image:type\" content=\"image\/jpeg\" \/>\n<meta name=\"author\" content=\"admin\" \/>\n<meta name=\"twitter:card\" content=\"summary_large_image\" \/>\n<meta name=\"twitter:label1\" content=\"Verfasst von\" \/>\n\t<meta name=\"twitter:data1\" content=\"admin\" \/>\n\t<meta name=\"twitter:label2\" content=\"Gesch\u00e4tzte Lesezeit\" \/>\n\t<meta name=\"twitter:data2\" content=\"5\u00a0Minuten\" \/>\n<script type=\"application\/ld+json\" class=\"yoast-schema-graph\">{\"@context\":\"https:\/\/schema.org\",\"@graph\":[{\"@type\":\"Article\",\"@id\":\"https:\/\/www.ondernemendvenlo.nl\/uitstekende-samenwerking-met-ondernemend-venlo\/#article\",\"isPartOf\":{\"@id\":\"https:\/\/www.ondernemendvenlo.nl\/uitstekende-samenwerking-met-ondernemend-venlo\/\"},\"author\":{\"name\":\"admin\",\"@id\":\"https:\/\/www.ondernemendvenlo.nl\/#\/schema\/person\/347e935f8ad4c7030608ef74bb57aa6e\"},\"headline\":\"Uitstekende samenwerking met Ondernemend Venlo\",\"datePublished\":\"2024-04-07T17:14:07+00:00\",\"dateModified\":\"2025-04-07T17:24:48+00:00\",\"mainEntityOfPage\":{\"@id\":\"https:\/\/www.ondernemendvenlo.nl\/uitstekende-samenwerking-met-ondernemend-venlo\/\"},\"wordCount\":993,\"publisher\":{\"@id\":\"https:\/\/www.ondernemendvenlo.nl\/#organization\"},\"image\":{\"@id\":\"https:\/\/www.ondernemendvenlo.nl\/uitstekende-samenwerking-met-ondernemend-venlo\/#primaryimage\"},\"thumbnailUrl\":\"https:\/\/www.ondernemendvenlo.nl\/wp-content\/uploads\/2025\/04\/Antoine-Scholten_1920x1080.jpg\",\"articleSection\":[\"Magazine Ondernemend Venlo\"],\"inLanguage\":\"de\"},{\"@type\":\"WebPage\",\"@id\":\"https:\/\/www.ondernemendvenlo.nl\/uitstekende-samenwerking-met-ondernemend-venlo\/\",\"url\":\"https:\/\/www.ondernemendvenlo.nl\/uitstekende-samenwerking-met-ondernemend-venlo\/\",\"name\":\"Uitstekende samenwerking met Ondernemend Venlo - Ondernemend Venlo\",\"isPartOf\":{\"@id\":\"https:\/\/www.ondernemendvenlo.nl\/#website\"},\"primaryImageOfPage\":{\"@id\":\"https:\/\/www.ondernemendvenlo.nl\/uitstekende-samenwerking-met-ondernemend-venlo\/#primaryimage\"},\"image\":{\"@id\":\"https:\/\/www.ondernemendvenlo.nl\/uitstekende-samenwerking-met-ondernemend-venlo\/#primaryimage\"},\"thumbnailUrl\":\"https:\/\/www.ondernemendvenlo.nl\/wp-content\/uploads\/2025\/04\/Antoine-Scholten_1920x1080.jpg\",\"datePublished\":\"2024-04-07T17:14:07+00:00\",\"dateModified\":\"2025-04-07T17:24:48+00:00\",\"breadcrumb\":{\"@id\":\"https:\/\/www.ondernemendvenlo.nl\/uitstekende-samenwerking-met-ondernemend-venlo\/#breadcrumb\"},\"inLanguage\":\"de\",\"potentialAction\":[{\"@type\":\"ReadAction\",\"target\":[\"https:\/\/www.ondernemendvenlo.nl\/uitstekende-samenwerking-met-ondernemend-venlo\/\"]}]},{\"@type\":\"ImageObject\",\"inLanguage\":\"de\",\"@id\":\"https:\/\/www.ondernemendvenlo.nl\/uitstekende-samenwerking-met-ondernemend-venlo\/#primaryimage\",\"url\":\"https:\/\/www.ondernemendvenlo.nl\/wp-content\/uploads\/2025\/04\/Antoine-Scholten_1920x1080.jpg\",\"contentUrl\":\"https:\/\/www.ondernemendvenlo.nl\/wp-content\/uploads\/2025\/04\/Antoine-Scholten_1920x1080.jpg\",\"width\":1920,\"height\":1080},{\"@type\":\"BreadcrumbList\",\"@id\":\"https:\/\/www.ondernemendvenlo.nl\/uitstekende-samenwerking-met-ondernemend-venlo\/#breadcrumb\",\"itemListElement\":[{\"@type\":\"ListItem\",\"position\":1,\"name\":\"Ondernemend Venlo\",\"item\":\"https:\/\/www.ondernemendvenlo.nl\/\"},{\"@type\":\"ListItem\",\"position\":2,\"name\":\"Magazine Ondernemend Venlo\",\"item\":\"https:\/\/www.ondernemendvenlo.nl\/categorie\/magazine\/\"},{\"@type\":\"ListItem\",\"position\":3,\"name\":\"Uitstekende samenwerking met Ondernemend Venlo\"}]},{\"@type\":\"WebSite\",\"@id\":\"https:\/\/www.ondernemendvenlo.nl\/#website\",\"url\":\"https:\/\/www.ondernemendvenlo.nl\/\",\"name\":\"Ondernemend Venlo\",\"description\":\"Samen succesvol ondernemen\",\"publisher\":{\"@id\":\"https:\/\/www.ondernemendvenlo.nl\/#organization\"},\"potentialAction\":[{\"@type\":\"SearchAction\",\"target\":{\"@type\":\"EntryPoint\",\"urlTemplate\":\"https:\/\/www.ondernemendvenlo.nl\/?s={search_term_string}\"},\"query-input\":{\"@type\":\"PropertyValueSpecification\",\"valueRequired\":true,\"valueName\":\"search_term_string\"}}],\"inLanguage\":\"de\"},{\"@type\":\"Organization\",\"@id\":\"https:\/\/www.ondernemendvenlo.nl\/#organization\",\"name\":\"Ondernemend Venlo\",\"url\":\"https:\/\/www.ondernemendvenlo.nl\/\",\"logo\":{\"@type\":\"ImageObject\",\"inLanguage\":\"de\",\"@id\":\"https:\/\/www.ondernemendvenlo.nl\/#\/schema\/logo\/image\/\",\"url\":\"https:\/\/www.ondernemendvenlo.nl\/wp-content\/uploads\/2025\/02\/Ondernemend-Venlo-logo-scaled.webp\",\"contentUrl\":\"https:\/\/www.ondernemendvenlo.nl\/wp-content\/uploads\/2025\/02\/Ondernemend-Venlo-logo-scaled.webp\",\"width\":2560,\"height\":1010,\"caption\":\"Ondernemend Venlo\"},\"image\":{\"@id\":\"https:\/\/www.ondernemendvenlo.nl\/#\/schema\/logo\/image\/\"},\"sameAs\":[\"https:\/\/www.linkedin.com\/company\/ondernemend-venlo\/\"]},{\"@type\":\"Person\",\"@id\":\"https:\/\/www.ondernemendvenlo.nl\/#\/schema\/person\/347e935f8ad4c7030608ef74bb57aa6e\",\"name\":\"admin\",\"image\":{\"@type\":\"ImageObject\",\"inLanguage\":\"de\",\"@id\":\"https:\/\/www.ondernemendvenlo.nl\/#\/schema\/person\/image\/\",\"url\":\"https:\/\/www.ondernemendvenlo.nl\/wp-content\/litespeed\/avatar\/720af750b037aecf6e33e12833479059.jpg?ver=1777382954\",\"contentUrl\":\"https:\/\/www.ondernemendvenlo.nl\/wp-content\/litespeed\/avatar\/720af750b037aecf6e33e12833479059.jpg?ver=1777382954\",\"caption\":\"admin\"},\"sameAs\":[\"https:\/\/www.ondernemendvenlo.nl\"]}]}<\/script>\n<!-- \/ Yoast SEO plugin. -->","yoast_head_json":{"title":"Uitstekende samenwerking met Ondernemend Venlo - Ondernemend Venlo","robots":{"index":"index","follow":"follow","max-snippet":"max-snippet:-1","max-image-preview":"max-image-preview:large","max-video-preview":"max-video-preview:-1"},"canonical":"https:\/\/www.ondernemendvenlo.nl\/de\/uitstekende-samenwerking-met-ondernemend-venlo\/","og_locale":"de_DE","og_type":"article","og_title":"Uitstekende samenwerking met Ondernemend Venlo - Ondernemend Venlo","og_description":"Hoog water in de zomer van 2021, de brand op de Voltastraat van 6 mei 2023, het toenemend aantal evenementen binnen de gemeente, een coronapandemie, het illegaal organiseren van carmeetings op en rondom bedrijventerreinen. De aangesloten bedrijven bij Ondernemend Venlo hebben steeds vaker met grote uitdagingen of incidenten te maken. Goed overleg en een optimale [&hellip;]","og_url":"https:\/\/www.ondernemendvenlo.nl\/de\/uitstekende-samenwerking-met-ondernemend-venlo\/","og_site_name":"Ondernemend Venlo","article_published_time":"2024-04-07T17:14:07+00:00","article_modified_time":"2025-04-07T17:24:48+00:00","og_image":[{"width":1920,"height":1080,"url":"https:\/\/www.ondernemendvenlo.nl\/wp-content\/uploads\/2025\/04\/Antoine-Scholten_1920x1080.jpg","type":"image\/jpeg"}],"author":"admin","twitter_card":"summary_large_image","twitter_misc":{"Verfasst von":"admin","Gesch\u00e4tzte Lesezeit":"5\u00a0Minuten"},"schema":{"@context":"https:\/\/schema.org","@graph":[{"@type":"Article","@id":"https:\/\/www.ondernemendvenlo.nl\/uitstekende-samenwerking-met-ondernemend-venlo\/#article","isPartOf":{"@id":"https:\/\/www.ondernemendvenlo.nl\/uitstekende-samenwerking-met-ondernemend-venlo\/"},"author":{"name":"admin","@id":"https:\/\/www.ondernemendvenlo.nl\/#\/schema\/person\/347e935f8ad4c7030608ef74bb57aa6e"},"headline":"Uitstekende samenwerking met Ondernemend Venlo","datePublished":"2024-04-07T17:14:07+00:00","dateModified":"2025-04-07T17:24:48+00:00","mainEntityOfPage":{"@id":"https:\/\/www.ondernemendvenlo.nl\/uitstekende-samenwerking-met-ondernemend-venlo\/"},"wordCount":993,"publisher":{"@id":"https:\/\/www.ondernemendvenlo.nl\/#organization"},"image":{"@id":"https:\/\/www.ondernemendvenlo.nl\/uitstekende-samenwerking-met-ondernemend-venlo\/#primaryimage"},"thumbnailUrl":"https:\/\/www.ondernemendvenlo.nl\/wp-content\/uploads\/2025\/04\/Antoine-Scholten_1920x1080.jpg","articleSection":["Magazine Ondernemend Venlo"],"inLanguage":"de"},{"@type":"WebPage","@id":"https:\/\/www.ondernemendvenlo.nl\/uitstekende-samenwerking-met-ondernemend-venlo\/","url":"https:\/\/www.ondernemendvenlo.nl\/uitstekende-samenwerking-met-ondernemend-venlo\/","name":"Uitstekende samenwerking met Ondernemend Venlo - Ondernemend Venlo","isPartOf":{"@id":"https:\/\/www.ondernemendvenlo.nl\/#website"},"primaryImageOfPage":{"@id":"https:\/\/www.ondernemendvenlo.nl\/uitstekende-samenwerking-met-ondernemend-venlo\/#primaryimage"},"image":{"@id":"https:\/\/www.ondernemendvenlo.nl\/uitstekende-samenwerking-met-ondernemend-venlo\/#primaryimage"},"thumbnailUrl":"https:\/\/www.ondernemendvenlo.nl\/wp-content\/uploads\/2025\/04\/Antoine-Scholten_1920x1080.jpg","datePublished":"2024-04-07T17:14:07+00:00","dateModified":"2025-04-07T17:24:48+00:00","breadcrumb":{"@id":"https:\/\/www.ondernemendvenlo.nl\/uitstekende-samenwerking-met-ondernemend-venlo\/#breadcrumb"},"inLanguage":"de","potentialAction":[{"@type":"ReadAction","target":["https:\/\/www.ondernemendvenlo.nl\/uitstekende-samenwerking-met-ondernemend-venlo\/"]}]},{"@type":"ImageObject","inLanguage":"de","@id":"https:\/\/www.ondernemendvenlo.nl\/uitstekende-samenwerking-met-ondernemend-venlo\/#primaryimage","url":"https:\/\/www.ondernemendvenlo.nl\/wp-content\/uploads\/2025\/04\/Antoine-Scholten_1920x1080.jpg","contentUrl":"https:\/\/www.ondernemendvenlo.nl\/wp-content\/uploads\/2025\/04\/Antoine-Scholten_1920x1080.jpg","width":1920,"height":1080},{"@type":"BreadcrumbList","@id":"https:\/\/www.ondernemendvenlo.nl\/uitstekende-samenwerking-met-ondernemend-venlo\/#breadcrumb","itemListElement":[{"@type":"ListItem","position":1,"name":"Ondernemend Venlo","item":"https:\/\/www.ondernemendvenlo.nl\/"},{"@type":"ListItem","position":2,"name":"Magazine Ondernemend Venlo","item":"https:\/\/www.ondernemendvenlo.nl\/categorie\/magazine\/"},{"@type":"ListItem","position":3,"name":"Uitstekende samenwerking met Ondernemend Venlo"}]},{"@type":"WebSite","@id":"https:\/\/www.ondernemendvenlo.nl\/#website","url":"https:\/\/www.ondernemendvenlo.nl\/","name":"Unternehmerisches Venlo","description":"Samen succesvol ondernemen","publisher":{"@id":"https:\/\/www.ondernemendvenlo.nl\/#organization"},"potentialAction":[{"@type":"SearchAction","target":{"@type":"EntryPoint","urlTemplate":"https:\/\/www.ondernemendvenlo.nl\/?s={search_term_string}"},"query-input":{"@type":"PropertyValueSpecification","valueRequired":true,"valueName":"search_term_string"}}],"inLanguage":"de"},{"@type":"Organization","@id":"https:\/\/www.ondernemendvenlo.nl\/#organization","name":"Unternehmerisches Venlo","url":"https:\/\/www.ondernemendvenlo.nl\/","logo":{"@type":"ImageObject","inLanguage":"de","@id":"https:\/\/www.ondernemendvenlo.nl\/#\/schema\/logo\/image\/","url":"https:\/\/www.ondernemendvenlo.nl\/wp-content\/uploads\/2025\/02\/Ondernemend-Venlo-logo-scaled.webp","contentUrl":"https:\/\/www.ondernemendvenlo.nl\/wp-content\/uploads\/2025\/02\/Ondernemend-Venlo-logo-scaled.webp","width":2560,"height":1010,"caption":"Ondernemend Venlo"},"image":{"@id":"https:\/\/www.ondernemendvenlo.nl\/#\/schema\/logo\/image\/"},"sameAs":["https:\/\/www.linkedin.com\/company\/ondernemend-venlo\/"]},{"@type":"Person","@id":"https:\/\/www.ondernemendvenlo.nl\/#\/schema\/person\/347e935f8ad4c7030608ef74bb57aa6e","name":"admin","image":{"@type":"ImageObject","inLanguage":"de","@id":"https:\/\/www.ondernemendvenlo.nl\/#\/schema\/person\/image\/","url":"https:\/\/www.ondernemendvenlo.nl\/wp-content\/litespeed\/avatar\/720af750b037aecf6e33e12833479059.jpg?ver=1777382954","contentUrl":"https:\/\/www.ondernemendvenlo.nl\/wp-content\/litespeed\/avatar\/720af750b037aecf6e33e12833479059.jpg?ver=1777382954","caption":"admin"},"sameAs":["https:\/\/www.ondernemendvenlo.nl"]}]}},"_links":{"self":[{"href":"https:\/\/www.ondernemendvenlo.nl\/de\/wp-json\/wp\/v2\/posts\/3401","targetHints":{"allow":["GET"]}}],"collection":[{"href":"https:\/\/www.ondernemendvenlo.nl\/de\/wp-json\/wp\/v2\/posts"}],"about":[{"href":"https:\/\/www.ondernemendvenlo.nl\/de\/wp-json\/wp\/v2\/types\/post"}],"author":[{"embeddable":true,"href":"https:\/\/www.ondernemendvenlo.nl\/de\/wp-json\/wp\/v2\/users\/1"}],"replies":[{"embeddable":true,"href":"https:\/\/www.ondernemendvenlo.nl\/de\/wp-json\/wp\/v2\/comments?post=3401"}],"version-history":[{"count":0,"href":"https:\/\/www.ondernemendvenlo.nl\/de\/wp-json\/wp\/v2\/posts\/3401\/revisions"}],"wp:featuredmedia":[{"embeddable":true,"href":"https:\/\/www.ondernemendvenlo.nl\/de\/wp-json\/wp\/v2\/media\/3402"}],"wp:attachment":[{"href":"https:\/\/www.ondernemendvenlo.nl\/de\/wp-json\/wp\/v2\/media?parent=3401"}],"wp:term":[{"taxonomy":"category","embeddable":true,"href":"https:\/\/www.ondernemendvenlo.nl\/de\/wp-json\/wp\/v2\/categories?post=3401"},{"taxonomy":"post_tag","embeddable":true,"href":"https:\/\/www.ondernemendvenlo.nl\/de\/wp-json\/wp\/v2\/tags?post=3401"}],"curies":[{"name":"wp","href":"https:\/\/api.w.org\/{rel}","templated":true}]}}